{"id":6106,"date":"2022-03-26T13:18:46","date_gmt":"2022-03-26T12:18:46","guid":{"rendered":"https:\/\/sndll.info\/?p=6106"},"modified":"2022-03-26T13:18:46","modified_gmt":"2022-03-26T12:18:46","slug":"aides-des-15-jours-de-fermeture-de-fevrier-larlesienne","status":"publish","type":"post","link":"https:\/\/sndll.info\/?p=6106","title":{"rendered":"AIDES DES 15 JOURS DE FERMETURE DE F\u00c9VRIER : \u00a0L\u2019ARLESIENNE\u00a0?"},"content":{"rendered":"<h1 style=\"font-weight: 400; text-align: center;\"><strong>AIDES DES 15 JOURS DE FERMETURE DE F\u00c9VRIER<\/strong><\/h1>\n<h1 style=\"font-weight: 400; text-align: center;\"><strong>L\u2019ARLESIENNE\u00a0?<\/strong><\/h1>\n<p style=\"font-weight: 400;\"><strong>\u00a0<\/strong><\/p>\n<p style=\"font-weight: 400;\"><strong>\u00a0<\/strong><\/p>\n<p style=\"font-weight: 400;\"><strong>Cher(e)s exploitant(e)s, c<\/strong><strong>her(e)s ami(e)s,<\/strong><\/p>\n<p style=\"font-weight: 400;\"><strong>\u00a0<\/strong><\/p>\n<p style=\"font-weight: 400;\">Respectueux des r\u00e8gles depuis le d\u00e9but de cette crise, nous nous refusons de faire des proc\u00e8s d\u2019intentions \u00e0 quiquonque, <strong>mais les choses tardent et ce n\u2019est pas habituel.<\/strong><\/p>\n<p style=\"font-weight: 400;\"><strong>\u00a0<\/strong><\/p>\n<p style=\"font-weight: 400;\">Chaque jour, et \u00e0 juste raison, beaucoup d\u2019entre vous nous interrogent sur les aides du mois de f\u00e9vrier 2022.<\/p>\n<p style=\"font-weight: 400;\">\n<p style=\"font-weight: 400;\">Lundi 6 mars dernier, <strong><u>il y a donc 20 jours,<\/u><\/strong> nous avons \u00e9t\u00e9 inform\u00e9s de l\u2019arbitrage ayant eu lieu concernant l\u2019indemnisation des 15 jours de fermeture du mois de f\u00e9vrier.<\/p>\n<p style=\"font-weight: 400;\">\n<p style=\"font-weight: 400;\">Depuis cette date, nous avons sollicit\u00e9 le cabinet du Ministre en charge de notre secteur pour connaitre d\u2019une part, les conditions techniques de mise en \u0153uvre de ce dispositif et d\u2019autre part la date \u00e0 laquelle cette indemnisation sera applicable.<\/p>\n<p style=\"font-weight: 400;\">Le 6 mars, le 17 mars, le 21 mars, et encore ce lundi, nous sommes r\u00e9-intervenus.<\/p>\n<p style=\"font-weight: 400;\">\n<p style=\"font-weight: 400;\">Oui nous sommes bien dans une situation paradoxale :\u00a0<strong>le Gouvernement nous explique avoir arbitr\u00e9 en faveur d\u2019une indemnisation des 15 jours de fermeture de f\u00e9vrier en d\u00e9cidant de nous accorder 50% de la somme aide renfort per\u00e7ue au mois de d\u00e9cembre.\u00a0<\/strong><\/p>\n<p style=\"font-weight: 400;\"><strong>\u00a0<\/strong><\/p>\n<p style=\"font-weight: 400;\"><strong>Pour ceux qui \u00e9taient exclus du b\u00e9n\u00e9fice du dispositif en raison d\u2019une perte de chiffre d\u2019affaires insuffisante,<\/strong> Il ajoute que le seuil de d\u00e9clenchement de l\u2019indemnisation pour d\u00e9cembre et janvier sera bien modifi\u00e9 comme nous lui avions demand\u00e9 \u00e0 savoir :<strong>\u00a0<\/strong><strong>Seulement 30% de perte de chiffre d\u2019affaires permettra d\u2019obtenir \u00a0l\u2019aide renfort au lieu de 50% pr\u00e9c\u00e9demment.<\/strong><\/p>\n<p style=\"font-weight: 400;\">\n<p style=\"font-weight: 400;\">Pour s\u2019appliquer, ces deux dispositions doivent \u00eatre l\u2019objet de la parution d\u2019un d\u00e9cret au journal officiel.<\/p>\n<p style=\"font-weight: 400;\">Apr\u00e8s avoir sollicit\u00e9 Bercy \u00e0 quatre reprises, chaque fois on nous r\u00e9pond &#8220;<strong><em>faire au plus vite&#8221;.<\/em><\/strong><\/p>\n<p style=\"font-weight: 400;\">La derni\u00e8re r\u00e9ponse date de cette semaine, &#8220;<strong><em><u>les d\u00e9crets sont en cours de finalisation<\/u>. Nous faisons au mieux, mais nous avons beaucoup d\u2019urgences li\u00e9es \u00e0 la situation actuelle&#8221;.<\/em><\/strong><\/p>\n<p style=\"font-weight: 400;\">\n<p style=\"font-weight: 400;\">Nous n\u2019en doutons pas un seul instant, <strong>toutefois, dans l\u2019int\u00e9r\u00eat de tous, il serait pr\u00e9f\u00e9rable que cette derni\u00e8re phase de prise en compte sociale de l\u2019\u00c9tat pour notre secteur se concr\u00e9tise au plus vite,<\/strong> cela permettrait de clore ce chapitre dont chacun d\u2019entre nous se serait bien pass\u00e9.<\/p>\n<p style=\"font-weight: 400;\"><strong><em>\u00a0<\/em><\/strong><\/p>\n<p style=\"font-weight: 400;\">\n<p style=\"font-weight: 400;\"><strong>D\u00e8s que nous aurons des informations\u00a0compl\u00e9mentaires nous vous les feront partager sur notre site SNDLL.<\/strong><\/p>\n<p style=\"font-weight: 400;\">\n<p style=\"font-weight: 400;\">Tr\u00e8s bon\u00a0week-end\u00a0\u00e0 tous et courage dans ce contexte \u00e9conomique cette fois plus difficile que notre derni\u00e8re reprise.<\/p>\n<p style=\"font-weight: 400;\">\n<p style=\"font-weight: 400;\">A tr\u00e8s bient\u00f4t<\/p>\n<p style=\"font-weight: 400;\">\n<p style=\"font-weight: 400;\">\n<p style=\"font-weight: 400; text-align: center;\">Christian JOUNY\u00a0\u00a0\u00a0\u00a0\u00a0\u00a0\u00a0\u00a0\u00a0\u00a0\u00a0\u00a0\u00a0\u00a0\u00a0\u00a0\u00a0\u00a0\u00a0\u00a0\u00a0\u00a0\u00a0\u00a0\u00a0\u00a0\u00a0\u00a0\u00a0\u00a0\u00a0\u00a0\u00a0\u00a0\u00a0\u00a0\u00a0\u00a0\u00a0\u00a0\u00a0\u00a0\u00a0\u00a0\u00a0\u00a0\u00a0\u00a0\u00a0\u00a0\u00a0\u00a0\u00a0\u00a0\u00a0\u00a0\u00a0\u00a0\u00a0\u00a0\u00a0 \u00a0\u00a0\u00a0\u00a0\u00a0\u00a0 Patrick MALVA\u00cbS<\/p>\n<p style=\"font-weight: 400;\">\n<p style=\"font-weight: 400;\">\n<p style=\"font-weight: 400;\">\n<p style=\"font-weight: 400;\">\n<p style=\"font-weight: 400;\"><strong>\u00a0<\/strong><\/p>\n","protected":false},"excerpt":{"rendered":"<p>AIDES DES 15 JOURS DE FERMETURE DE F\u00c9VRIER L\u2019ARLESIENNE\u00a0? \u00a0 \u00a0 Cher(e)s exploitant(e)s, cher(e)s ami(e)s, \u00a0 Respectueux des r\u00e8gles depuis le d\u00e9but de cette crise, nous nous refusons de faire des proc\u00e8s d\u2019intentions \u00e0&#8230;<\/p>\n","protected":false},"author":1,"featured_media":0,"comment_status":"closed","ping_status":"closed","sticky":false,"template":"","format":"standard","meta":{"_mi_skip_tracking":false,"_monsterinsights_sitenote_active":false,"_monsterinsights_sitenote_note":"","_monsterinsights_sitenote_category":0},"categories":[1],"tags":[],"_links":{"self":[{"href":"https:\/\/sndll.info\/index.php?rest_route=\/wp\/v2\/posts\/6106"}],"collection":[{"href":"https:\/\/sndll.info\/index.php?rest_route=\/wp\/v2\/posts"}],"about":[{"href":"https:\/\/sndll.info\/index.php?rest_route=\/wp\/v2\/types\/post"}],"author":[{"embeddable":true,"href":"https:\/\/sndll.info\/index.php?rest_route=\/wp\/v2\/users\/1"}],"replies":[{"embeddable":true,"href":"https:\/\/sndll.info\/index.php?rest_route=%2Fwp%2Fv2%2Fcomments&post=6106"}],"version-history":[{"count":1,"href":"https:\/\/sndll.info\/index.php?rest_route=\/wp\/v2\/posts\/6106\/revisions"}],"predecessor-version":[{"id":6108,"href":"https:\/\/sndll.info\/index.php?rest_route=\/wp\/v2\/posts\/6106\/revisions\/6108"}],"wp:attachment":[{"href":"https:\/\/sndll.info\/index.php?rest_route=%2Fwp%2Fv2%2Fmedia&parent=6106"}],"wp:term":[{"taxonomy":"category","embeddable":true,"href":"https:\/\/sndll.info\/index.php?rest_route=%2Fwp%2Fv2%2Fcategories&post=6106"},{"taxonomy":"post_tag","embeddable":true,"href":"https:\/\/sndll.info\/index.php?rest_route=%2Fwp%2Fv2%2Ftags&post=6106"}],"curies":[{"name":"wp","href":"https:\/\/api.w.org\/{rel}","templated":true}]}}