{"id":6110,"date":"2024-03-20T08:00:21","date_gmt":"2024-03-20T07:00:21","guid":{"rendered":"https:\/\/sndll.info\/?p=6110"},"modified":"2024-03-20T08:11:06","modified_gmt":"2024-03-20T07:11:06","slug":"avoir-un-site-internet","status":"publish","type":"post","link":"https:\/\/sndll.info\/?p=6110","title":{"rendered":"AVOIR UN SITE INTERNET"},"content":{"rendered":"<p>Chers amis,<\/p>\n<p>La reprise a \u00e9t\u00e9 l&#8217;occasion\u00a0 de constater que certains de vos sites n&#8217;\u00e9taient pas &#8220;dans les clous&#8221; !<\/p>\n<p>De plus une nouvelle l\u00e9gislation, d&#8217;inspiration europ\u00e9enne, vient de sortir: le D.S.A. On la trouvera en toute fin d&#8217;article.<\/p>\n<p>M\u00eame si elle n&#8217;est que rarement applicable dans nos entreprises, il convient de lire cette r\u00e9glementation europ\u00e9enne pour \u00e9ventuellement &#8220;corriger le tir&#8221; de vos interventions sur les r\u00e9seaux sociaux, notamment.<\/p>\n<p>Aussi voici une petite mise au point.<\/p>\n<p>Cordialement<\/p>\n<p>Patrick MALVA\u00cbS<\/p>\n<div id=\"m_-7441947410414697320gmail-block-economie-page-title\">\n<h1>site internet : les obligations \u00e0 respecter<\/h1>\n<\/div>\n<div id=\"m_-7441947410414697320gmail-block-economie-content\">\n<div>\n<div>\n<div>\n<div>\n<h2>quelles sont les mentions obligatoires ?<\/h2>\n<p>La\u00a0<strong><a title=\"\u00ab legifrance.gouv.fr \u00bb dans une nouvelle fen\u00eatre\" href=\"https:\/\/www.legifrance.gouv.fr\/affichTexte.do?cidTexte=JORFTEXT000000801164\" target=\"_blank\" rel=\"noopener\" data-saferedirecturl=\"https:\/\/www.google.com\/url?q=https:\/\/www.legifrance.gouv.fr\/affichTexte.do?cidTexte%3DJORFTEXT000000801164&amp;source=gmail&amp;ust=1648899852142000&amp;usg=AOvVaw31X3ZzG3CkJzGJvf0tC1bM\">loi pour la confiance dans l\u2019\u00e9conomie num\u00e9rique<\/a><\/strong>\u00a0pr\u00e9cise les informations que vous devez faire appara\u00eetre sur votre site internet.<\/p>\n<table>\n<caption><strong>Les mentions obligatoires sur votre site internet<\/strong><\/caption>\n<tbody>\n<tr>\n<th scope=\"row\"><\/th>\n<th scope=\"col\">Pour une personne physique (micro-entreprise ou entreprise individuelle)<\/th>\n<th scope=\"col\">Pour une personne morale (soci\u00e9t\u00e9)<\/th>\n<\/tr>\n<\/tbody>\n<tbody>\n<tr>\n<th scope=\"row\">Votre identit\u00e9<\/th>\n<td>nom et pr\u00e9nom<\/td>\n<td>\n<ul>\n<li>raison sociale<\/li>\n<li><a href=\"https:\/\/www.economie.gouv.fr\/entreprises\/entreprise-choisir-statut-juridique\" target=\"_blank\" rel=\"noopener\" data-saferedirecturl=\"https:\/\/www.google.com\/url?q=https:\/\/www.economie.gouv.fr\/entreprises\/entreprise-choisir-statut-juridique&amp;source=gmail&amp;ust=1648899852142000&amp;usg=AOvVaw3ERt7B0V_TNkxjw20y_4fE\">forme juridique<\/a><\/li>\n<li>montant du\u00a0<a href=\"https:\/\/www.economie.gouv.fr\/entreprises\/depot-capital-social-entreprise\" target=\"_blank\" rel=\"noopener\" data-saferedirecturl=\"https:\/\/www.google.com\/url?q=https:\/\/www.economie.gouv.fr\/entreprises\/depot-capital-social-entreprise&amp;source=gmail&amp;ust=1648899852142000&amp;usg=AOvVaw0paFU_7ylXA1nzgvVK31t4\">capital social<\/a><\/li>\n<\/ul>\n<\/td>\n<\/tr>\n<tr>\n<th rowspan=\"1\" scope=\"row\">Vos coordonn\u00e9es<\/th>\n<td>\n<ul>\n<li>adresse du domicile<\/li>\n<li>adresse de courrier \u00e9lectronique ou num\u00e9ro de t\u00e9l\u00e9phone pour contacter votre entreprise<\/li>\n<\/ul>\n<\/td>\n<td>\n<ul>\n<li>adresse du si\u00e8ge social<\/li>\n<li>adresse de courrier \u00e9lectronique ou num\u00e9ro de t\u00e9l\u00e9phone pour contacter votre entreprise<\/li>\n<\/ul>\n<\/td>\n<\/tr>\n<tr>\n<th scope=\"row\">Les mentions relatives \u00e0 la propri\u00e9t\u00e9 intellectuelle<\/th>\n<td>\n<ul>\n<li>Si vous utilisez des\u00a0<strong>images, illustrations, photographies<\/strong>\u00a0:\u00a0 vous devez faire figurer leur propri\u00e9t\u00e9 intellectuelle<\/li>\n<li>Pour les\u00a0<strong>textes<\/strong>\u00a0qui ne sont pas les v\u00f4tres vous devez recueillir l\u2019autorisation de l\u2019auteur ou tout du moins citer la source du texte<\/li>\n<\/ul>\n<\/td>\n<td>\n<ul>\n<li>Si vous utilisez des\u00a0<strong>images, illustrations, photographies<\/strong>\u00a0:\u00a0 vous devez faire figurer leur propri\u00e9t\u00e9 intellectuelle<\/li>\n<li>Pour les\u00a0<strong>textes<\/strong>\u00a0qui ne sont pas les v\u00f4tres vous devez recueillir l\u2019autorisation de l\u2019auteur ou tout du moins citer la source du texte<\/li>\n<\/ul>\n<\/td>\n<\/tr>\n<tr>\n<th scope=\"row\">Les mentions relatives \u00e0 l\u2019h\u00e9bergement du site<\/th>\n<td>Vous devez pr\u00e9voir une page relative aux mentions l\u00e9gales qui doit inclure des informations relatives \u00e0 l\u2019h\u00e9bergement du site (m\u00eame si le site est h\u00e9berg\u00e9 \u00e0 titre gratuit)<\/p>\n<p>Ces mentions portent sur :<\/p>\n<ul>\n<li>le nom de l\u2019h\u00e9bergeur<\/li>\n<li>la raison sociale<\/li>\n<li>l\u2019adresse<\/li>\n<li>le num\u00e9ro de t\u00e9l\u00e9phone.<\/li>\n<\/ul>\n<\/td>\n<td>Vous devez pr\u00e9voir une page relative aux mentions l\u00e9gales qui doit inclure des informations relatives \u00e0 l\u2019h\u00e9bergement du site (m\u00eame si le site est h\u00e9berg\u00e9 \u00e0 titre gratuit)<\/p>\n<p>Ces mentions portent sur :<\/p>\n<ul>\n<li>le nom de l\u2019h\u00e9bergeur<\/li>\n<li>la raison sociale<\/li>\n<li>l\u2019adresse<\/li>\n<li>le num\u00e9ro de t\u00e9l\u00e9phone.<\/li>\n<\/ul>\n<\/td>\n<\/tr>\n<\/tbody>\n<\/table>\n<table>\n<caption><strong>Les mentions obligatoires compl\u00e9mentaires selon votre activit\u00e9<\/strong><\/caption>\n<tbody>\n<tr>\n<th scope=\"row\">Pour les activit\u00e9s commerciales<\/th>\n<td>\n<ul>\n<li><a href=\"https:\/\/www.economie.gouv.fr\/entreprises\/registre-commerce-societes-rcs\" target=\"_blank\" rel=\"noopener\" data-saferedirecturl=\"https:\/\/www.google.com\/url?q=https:\/\/www.economie.gouv.fr\/entreprises\/registre-commerce-societes-rcs&amp;source=gmail&amp;ust=1648899852142000&amp;usg=AOvVaw15Qsbq1WSb4Vaikp6IgOuL\">num\u00e9ro d\u2019inscription au registre du commerce et des soci\u00e9t\u00e9s (RCS)<\/a><\/li>\n<li><a href=\"https:\/\/www.economie.gouv.fr\/entreprises\/activite-entreprise-numero-tva-intracommunautaire\" target=\"_blank\" rel=\"noopener\" data-saferedirecturl=\"https:\/\/www.google.com\/url?q=https:\/\/www.economie.gouv.fr\/entreprises\/activite-entreprise-numero-tva-intracommunautaire&amp;source=gmail&amp;ust=1648899852142000&amp;usg=AOvVaw33vgNfNJ09ugBEpHBuJ698\">num\u00e9ro individuel d\u2019identification (le num\u00e9ro de TVA intracommunautaire)<\/a>\u00a0le cas \u00e9ch\u00e9ant<\/li>\n<\/ul>\n<\/td>\n<\/tr>\n<tr>\n<th scope=\"row\">Pour les sites marchands<\/th>\n<td><a href=\"https:\/\/www.economie.gouv.fr\/entreprises\/conditions-generales-vente-professionnelle\" target=\"_blank\" rel=\"noopener\" data-saferedirecturl=\"https:\/\/www.google.com\/url?q=https:\/\/www.economie.gouv.fr\/entreprises\/conditions-generales-vente-professionnelle&amp;source=gmail&amp;ust=1648899852143000&amp;usg=AOvVaw125YwHIgA2ctiwGT3VREFg\">conditions g\u00e9n\u00e9rales de vente (CGV)<\/a><\/td>\n<\/tr>\n<tr>\n<th scope=\"row\">Pour les activit\u00e9s artisanales<\/th>\n<td><a href=\"https:\/\/www.economie.gouv.fr\/entreprises\/artisans-immatriculation-repertoire-metiers\" target=\"_blank\" rel=\"noopener\" data-saferedirecturl=\"https:\/\/www.google.com\/url?q=https:\/\/www.economie.gouv.fr\/entreprises\/artisans-immatriculation-repertoire-metiers&amp;source=gmail&amp;ust=1648899852143000&amp;usg=AOvVaw2gCGogusbVQ50sMSQddyYV\">num\u00e9ro d\u2019immatriculation au r\u00e9pertoire des m\u00e9tiers (RM)<\/a><\/td>\n<\/tr>\n<tr>\n<th scope=\"row\">Pour les sites d\u2019information<\/th>\n<td>\n<ul>\n<li>nom du directeur de\u00a0la publication<\/li>\n<li>nom du responsable de la r\u00e9daction le cas \u00e9ch\u00e9ant<\/li>\n<li>coordonn\u00e9es de l\u2019h\u00e9bergeur du site<\/li>\n<\/ul>\n<\/td>\n<\/tr>\n<tr>\n<th scope=\"row\">Pour les activit\u00e9s soumises \u00e0 r\u00e9gime d&#8217;autorisation<\/th>\n<td>nom et adresse de l\u2019autorit\u00e9 ayant d\u00e9livr\u00e9 votre autorisation d\u2019exercer<\/td>\n<\/tr>\n<tr>\n<th scope=\"row\">Pour les activit\u00e9s r\u00e9glement\u00e9es<\/th>\n<td>\n<ul>\n<li>r\u00e9f\u00e9rence aux r\u00e8gles professionnelles applicables pour son activit\u00e9 r\u00e9glement\u00e9e<\/li>\n<li>titre professionnel<\/li>\n<li>\u00c9tat membre dans lequel a \u00e9t\u00e9 octroy\u00e9 le titre professionnel<\/li>\n<li>nom de l&#8217;ordre ou de l&#8217;organisme professionnel aupr\u00e8s duquel elle est inscrite<\/li>\n<\/ul>\n<\/td>\n<\/tr>\n<\/tbody>\n<\/table>\n<h2>Utilisation de donn\u00e9es personnelles : quelles informations donner \u00e0 l\u2019internaute\u00a0?<\/h2>\n<p>Le\u00a0<strong><a title=\"\u00ab cnil.fr \u00bb dans une nouvelle fen\u00eatre\" href=\"https:\/\/www.cnil.fr\/fr\/rgpd-de-quoi-parle-t-on\" target=\"_blank\" rel=\"noopener\" data-saferedirecturl=\"https:\/\/www.google.com\/url?q=https:\/\/www.cnil.fr\/fr\/rgpd-de-quoi-parle-t-on&amp;source=gmail&amp;ust=1648899852143000&amp;usg=AOvVaw36G731ySvwW3L8ejpgLn91\">R\u00e8glement g\u00e9n\u00e9ral sur la protection des donn\u00e9es (RGPD)<\/a><\/strong>\u00a0pr\u00e9cise les informations que vous devez rendre disponibles.<\/p>\n<p>Par exemple,\u00a0<strong>en cas de collecte de donn\u00e9es personnelles des internautes<\/strong>\u00a0(nom, pr\u00e9nom, adresse mail, photo, etc.), vous avez un\u00a0<strong>devoir de transparence<\/strong>, qui vous oblige \u00e0\u00a0<strong>obtenir le consentement de l&#8217;internaute<\/strong>\u00a0et l&#8217;<strong>informer concernant le motif et l&#8217;usage des donn\u00e9es collect\u00e9es<\/strong>.<\/p>\n<p>Afin de respecter votre devoir d&#8217;information au moment de la collecte de donn\u00e9es personnelles, vous devez donner acc\u00e8s aux informations suivantes :<\/p>\n<ul>\n<li>identit\u00e9 et coordonn\u00e9es de l\u2019organisme responsable du traitement de donn\u00e9es<\/li>\n<li>coordonn\u00e9es du\u00a0<strong><a title=\"\u00ab cnil.fr \u00bb dans une nouvelle fen\u00eatre\" href=\"http:\/\/www.cnil.fr\/fr\/le-delegue-la-protection-des-donnees-dpo\" target=\"_blank\" rel=\"noopener\" data-saferedirecturl=\"https:\/\/www.google.com\/url?q=http:\/\/www.cnil.fr\/fr\/le-delegue-la-protection-des-donnees-dpo&amp;source=gmail&amp;ust=1648899852143000&amp;usg=AOvVaw0FpnqQH3JF1h-hLfoxFmLs\">d\u00e9l\u00e9gu\u00e9 \u00e0 la protection des donn\u00e9es (DPO car Data Protection Officer !)<\/a><\/strong>, ou d\u2019un point de contact sur les questions de protection des donn\u00e9es personnelles<\/li>\n<li>base juridique du traitement de donn\u00e9es (consentement de l\u2019internaute, respect d\u2019une obligation pr\u00e9vue par un texte, ex\u00e9cution d\u2019un contrat, etc.)<\/li>\n<li>finalit\u00e9s des donn\u00e9es collect\u00e9es (pour prise de d\u00e9cisions automatis\u00e9e, pour pr\u00e9venir la fraude, parce que les informations sont requises par la r\u00e9glementation, etc.)<\/li>\n<li>caract\u00e8re obligatoire ou facultatif du recueil des donn\u00e9es et les cons\u00e9quences pour la personne en cas de non-fourniture des donn\u00e9es<\/li>\n<li>destinataires ou cat\u00e9gories de destinataires des donn\u00e9es<\/li>\n<li>dur\u00e9e de conservation des donn\u00e9es<\/li>\n<li>transferts de donn\u00e9es \u00e0 caract\u00e8re personnel envisag\u00e9s \u00e0 destination d&#8217;un \u00c9tat n&#8217;appartenant pas \u00e0 l&#8217;Union europ\u00e9enne.<\/li>\n<\/ul>\n<div>\n<p><strong>Cookies : quelles sont les r\u00e8gles ?<\/strong><\/p>\n<p>Un cookie est un\u00a0<strong>traceur<\/strong>\u00a0permettant d\u2019<strong>analyser le comportement des internautes<\/strong>, comme par exemple leurs navigations, leurs habitudes de consommation, leurs d\u00e9placements, etc.<\/p>\n<p>Si vous utilisez des cookies sur votre site internet, vous devez obligatoirement<strong>\u00a0informer les internautes de la finalit\u00e9 des cookies<\/strong>\u00a0et\u00a0<strong>obtenir leur consentement<\/strong>.<\/p>\n<p>La\u00a0<strong><a title=\"\u00ab cnil.fr \u00bb dans une nouvelle fen\u00eatre\" href=\"https:\/\/www.cnil.fr\/fr\/cookies-comment-mettre-mon-site-web-en-conformite\" target=\"_blank\" rel=\"noopener\" data-saferedirecturl=\"https:\/\/www.google.com\/url?q=https:\/\/www.cnil.fr\/fr\/cookies-comment-mettre-mon-site-web-en-conformite&amp;source=gmail&amp;ust=1648899852143000&amp;usg=AOvVaw2-InADhyt2d-8N09rA1Mrw\">Commission nationale de l&#8217;informatique et des libert\u00e9s (CNIL)<\/a><\/strong>\u00a0liste les cookies concern\u00e9s par cette obligation. Il s&#8217;agit notamment :<\/p>\n<ul>\n<li>des cookies li\u00e9s aux\u00a0<strong>op\u00e9rations de publicit\u00e9<\/strong>\u00a0personnalis\u00e9e ou non personnalis\u00e9e<\/li>\n<li>des cookies li\u00e9s \u00e0 des\u00a0<strong>fonctionnalit\u00e9s de partage sur les r\u00e9seaux sociaux<\/strong>.<\/li>\n<\/ul>\n<\/div>\n<h2>Que risquez-vous en cas de non respect de vos obligations d&#8217;information ?<\/h2>\n<p>La loi pr\u00e9voit\u00a0jusqu&#8217;\u00e0\u00a0<strong>1 an d&#8217;emprisonnement<\/strong>\u00a0en cas de manquement \u00e0 l&#8217;une des obligations concernant les mentions obligatoires et les cookies.<\/p>\n<p>Le montant des amendes diff\u00e8re selon que vous \u00eates une\u00a0<strong>personne physique<\/strong>\u00a0ou une\u00a0<strong>personne morale<\/strong>\u00a0:<\/p>\n<ul>\n<li>Pour les personnes physiques :\u00a0<strong>75\u00a0000\u00a0\u20ac<\/strong>\u00a0d&#8217;amende.<\/li>\n<li>Pour les personnes morales :\u00a0<strong>375 \u00a0000\u00a0\u20ac<\/strong>\u00a0d&#8217;amende.<\/li>\n<\/ul>\n<\/div>\n<\/div>\n<\/div>\n<\/div>\n<\/div>\n<p>&nbsp;<\/p>\n<div id=\"block-economie-page-title\" class=\"block block-core block-page-title-block\">\n<h1 class=\"page-title\"><strong><span class=\"field field--name-title field--type-string field--label-hidden\" style=\"color: #ff00ff;\">le r\u00e8glement sur les services num\u00e9riques entre en vigueur<\/span><\/strong><\/h1>\n<\/div>\n<div id=\"block-economie-content\" class=\"block block-system block-system-main-block\">\n<article class=\"node node--type-article node--view-mode-full portail\" data-history-node-id=\"3223698\">\n<div class=\"article--infos\">13\/02\/2024<\/div>\n<div class=\"node__content\">\n<p>Le\u00a0<em>Digital Services Act<\/em>, ou r\u00e8glement sur les services num\u00e9riques, est entr\u00e9 en vigueur le 25 ao\u00fbt 2023 et s\u2019appliquera \u00e0 l\u2019ensemble des plateformes ce samedi 17 f\u00e9vrier. Ce r\u00e8glement vise \u00e0 apporter une meilleure protection des internautes europ\u00e9ens contre les contenus illicites, dangereux et pr\u00e9judiciables, en encadrant les activit\u00e9s des grandes plateformes num\u00e9riques. Pr\u00e9sentation de ce nouveau r\u00e8glement.<\/p>\n<div class=\"paragraph paragraph--type--contenu-libre paragraph--view-mode--default\">\n<p>D\u00e9sinformation, p\u00e9dopornographie, vente de produits de contrefa\u00e7on\u2026 Ce qui est ill\u00e9gal hors ligne doit aussi l\u2019\u00eatre en ligne : voici le principe du\u00a0<a title=\"\u00ab eur-lex.europa.eu \u00bb dans une nouvelle fen\u00eatre\" href=\"https:\/\/eur-lex.europa.eu\/legal-content\/FR\/TXT\/?uri=uriserv%3AOJ.L_.2022.277.01.0001.01.FRA&amp;toc=OJ%3AL%3A2022%3A277%3ATOC\" target=\"_blank\" rel=\"noopener\">r\u00e8glement sur les services num\u00e9riques<\/a>.<\/p>\n<p><strong>Les obligations pr\u00e9vues par ce texte sont entr\u00e9es en application ce samedi 17 f\u00e9vrier 2024<\/strong>.<\/p>\n<p>Pour les tr\u00e8s grandes plateformes en ligne et les tr\u00e8s grands moteurs de recherche, ce r\u00e8glement s\u2019appliquait d\u00e9j\u00e0 depuis le 25 ao\u00fbt 2023.<\/p>\n<h2>En quoi consiste le\u00a0<em>Digital Services Act<\/em>\u00a0(DSA) ?<\/h2>\n<p>Ce\u00a0<a href=\"https:\/\/www.economie.gouv.fr\/bilan-pfue-des-avancees-remarquables-sur-le-volet-numerique\">r\u00e8glement a \u00e9t\u00e9 adopt\u00e9<\/a>\u00a0sous la pr\u00e9sidence fran\u00e7aise du Conseil de l&#8217;Union europ\u00e9enne.<\/p>\n<p>Avec le\u00a0<em>Digital Markets Act<\/em>\u00a0(DMA), le\u00a0<em>Digital Services Act<\/em>\u00a0(DSA) est une premi\u00e8re mondiale, en encadrant les grandes plateformes et \u00e9tablissant des r\u00e8gles du jeu \u00e9quitables au sein de l\u2019Union europ\u00e9enne.<\/p>\n<p>Le r\u00e8glement europ\u00e9en sur les services num\u00e9riques impose de\u00a0<strong>nouvelles r\u00e8gles \u00e0 respecter<\/strong>\u00a0et de\u00a0<strong>nouvelles mesures \u00e0 mettre en place<\/strong>\u00a0pour\u00a0<strong>lutter contre les contenus illicites ou pr\u00e9judiciables<\/strong>, et\u00a0<strong>permettre plus de transparence<\/strong>.<\/p>\n<p>Dans le d\u00e9tail le DSA doit permettre de :<\/p>\n<ul>\n<li>favoriser le d\u00e9veloppement des PME et des services num\u00e9riques innovants,<\/li>\n<li>lutter contre la diffusion de contenus illicites et la d\u00e9sinformation en ligne,<\/li>\n<li>pr\u00e9server le respect des droits fondamentaux garantis par Charte des droits fondamentaux de l\u2019Union europ\u00e9enne (libert\u00e9 d\u2019expression et d\u2019information, principe de non-discrimination, respect du niveau \u00e9lev\u00e9 de protection des consommateurs, etc.),<\/li>\n<li>agir contre les contenus pouvant avoir des effets n\u00e9gatifs r\u00e9els ou pr\u00e9visibles sur la s\u00e9curit\u00e9 publique et les processus d\u00e9mocratiques et \u00e9lectoraux,<\/li>\n<li>interdire la publicit\u00e9 cibl\u00e9e envers les mineurs,<\/li>\n<li>endiguer le cyberharc\u00e8lement.<\/li>\n<\/ul>\n<\/div>\n<div class=\"paragraph paragraph--type--bloc-bloc-de-texte-encadre- paragraph--view-mode--default titre-h2-like\">\n<h2 class=\"field--name-field-titre\">Quelles sont les entreprises concern\u00e9es par le DSA ?<\/h2>\n<p>L&#8217;application du DSA s&#8217;est faite en deux vagues :<\/p>\n<ul>\n<li><strong>Depuis le 25 ao\u00fbt 2023<\/strong>,\u00a0<strong>le DSA doit \u00eatre respect\u00e9 par les plateformes et les moteurs de recherche avec plus de 45 millions d&#8217;utilisateurs actifs mensuels dans l&#8217;Union europ\u00e9enne<\/strong>. Cela concerne les plateformes suivantes : AliExpress, Amazon Store, AppStore, Bing, Booking, Facebook, Google Maps, Google Play, Google Search, Google Shopping, Instagram, LinkedIn, Pinterest, Snapchat, TikTok, Wikipedia, X (anciennement Twitter), YouTube et Zalando. Celle liste a \u00e9t\u00e9\u00a0<a class=\"url-alias-convert\" title=\"\u00ab ec.europa.eu \u00bb dans une nouvelle fen\u00eatre\" href=\"https:\/\/ec.europa.eu\/commission\/presscorner\/detail\/fr\/IP_23_6763\" target=\"_blank\" rel=\"noopener\" data-tracking=\"{}\">compl\u00e9t\u00e9e le 20 d\u00e9cembre 2023<\/a>\u00a0par trois sites pornographiques.<\/li>\n<li><strong><span style=\"color: #ff00ff;\">D\u00e8s le 17 f\u00e9vrier 2024, le r\u00e8glement s\u2019applique \u00e0 toutes les plateformes et les interm\u00e9diaires en ligne qui offrent leurs services\u00a0(biens, contenus ou services)\u00a0sur le march\u00e9 europ\u00e9en\u00a0:\u00a0fournisseurs d\u2019acc\u00e8s \u00e0 Internet,\u00a0<em>marketplaces<\/em>,\u00a0<em>cloud,<\/em>\u00a0r\u00e9seaux sociaux, plateformes de voyage et d&#8217;h\u00e9bergement en ligne, etc.<\/span><\/strong><\/li>\n<\/ul>\n<p>Comme l\u2019indique le\u00a0<a class=\"url-alias-convert\" title=\"\u00ab consilium.europa.eu \u00bb dans une nouvelle fen\u00eatre\" href=\"https:\/\/www.consilium.europa.eu\/fr\/policies\/digital-services-act\/\" target=\"_blank\" rel=\"noopener\" data-tracking=\"{}\">Conseil de l\u2019Union europ\u00e9enne sur son site<\/a>, les r\u00e8gles sont proportionn\u00e9es \u00e0 la taille des entreprises et \u00e0 leur incidence sur la soci\u00e9t\u00e9.\u00a0<span style=\"color: #ff0000;\"><strong>Les tr\u00e8s petites plateformes (entreprises de moins de 50 salari\u00e9s et ayant un chiffre d&#8217;affaires annuel inf\u00e9rieur \u00e0 10 millions d&#8217;euros) sont exempt\u00e9es de la plupart des obligations<\/strong>.<\/span><\/p>\n<\/div>\n<div class=\"paragraph paragraph--type--contenu-libre paragraph--view-mode--default\">\n<h2>Quelles sont les mesures ?<\/h2>\n<p>Les plateformes concern\u00e9es doivent :<\/p>\n<ul>\n<li><strong>mettre en place un syst\u00e8me de signalement des contenus illicites<\/strong>,<\/li>\n<li><strong>coop\u00e9rer avec les autorit\u00e9s judiciaires<\/strong>,<\/li>\n<li><strong>traiter en priorit\u00e9 les signalements des organisations reconnues<\/strong>\u00a0pour leur comp\u00e9tence et leur expertise, appel\u00e9es \u00ab\u00a0<strong>signaleurs de confiance<\/strong>\u00a0\u00bb,<\/li>\n<li><strong>suspendre les comptes publiant des contenus illicites<\/strong>,<\/li>\n<li><strong>interdire le ciblage publicitaire sur les mineurs<\/strong>\u00a0ou\u00a0<strong>\u00e0 partir de donn\u00e9es sensibles<\/strong>,<\/li>\n<li>prot\u00e9ger les consommateurs en\u00a0<strong>assurant l&#8217;identit\u00e9 du vendeur dans les places de march\u00e9 en ligne\u00a0<\/strong>(<em>marketplaces<\/em>),<\/li>\n<li><strong>analyser les risques li\u00e9s \u00e0 leurs services\u00a0<\/strong>en mati\u00e8re de contenus ill\u00e9gaux, d&#8217;atteinte \u00e0 la vie priv\u00e9e ou \u00e0 la libert\u00e9 d&#8217;expression, de sant\u00e9 ou de s\u00e9curit\u00e9\u00a0<strong>et mettre en place les moyens pour les att\u00e9nuer.\u00a0<\/strong><\/li>\n<\/ul>\n<p>Pour les internautes, cela se concr\u00e9tisera par exemple par la\u00a0<strong>mise \u00e0 disposition d\u2019une solution simple leur permettant de signaler des contenus ill\u00e9gaux.<\/strong><\/p>\n<p>Des\u00a0<strong>r\u00e8gles plus strictes s\u2019appliquent aux tr\u00e8s grandes plateformes et moteurs de recherche<\/strong>, qu\u2019il s\u2019agisse de l\u2019analyse annuelle des risques ou de la transmission des algorithmes de leurs interfaces aux autorit\u00e9s comp\u00e9tentes.<\/p>\n<p>Par ailleurs un &#8220;<strong>coordinateur des services num\u00e9riques<\/strong>&#8220;, autorit\u00e9 ind\u00e9pendante d\u00e9sign\u00e9e par chaque \u00c9tat membre de l\u2019UE, est mis en place. En France, c\u2019est l\u2019<a title=\"\u00ab arcom.fr \u00bb dans une nouvelle fen\u00eatre\" href=\"https:\/\/www.arcom.fr\/actualites\/le-reglement-europeen-sur-les-services-numeriques-dsa-proteger-les-droits-des-citoyens-sur-internet\" target=\"_blank\" rel=\"noopener\">Arcom<\/a>\u00a0qui occupe cette fonction.<\/p>\n<h2>Que se passe-t-il en cas de non-respect du r\u00e8glement ?<\/h2>\n<p>La Commission europ\u00e9enne pourra infliger des\u00a0<strong>amendes pouvant aller jusqu&#8217;\u00e0 6 % du chiffre d&#8217;affaires mondial<\/strong>\u00a0de l&#8217;entreprise concern\u00e9e.<\/p>\n<p>En cas de manquements r\u00e9p\u00e9t\u00e9s, cette amende pourra \u00e9galement \u00eatre compl\u00e9t\u00e9e par une mesure temporaire de restriction de l\u2019acc\u00e8s au service.<\/p>\n<\/div>\n<\/div>\n<\/article>\n<\/div>\n<p>&nbsp;<\/p>\n<div id=\"m_-7441947410414697320gmail-block-economie-content\">\n<div>\n<div>\n<div>\n<div>\n<p><strong><span style=\"color: #0000ff;\">CELA VALAI BIEN UNE PETITE MISE AU POINT, NON ? !!!<\/span><\/strong>\ud83d\ude0a\ud83d\ude02\ud83d\ude18<\/p>\n<\/div>\n<\/div>\n<\/div>\n<\/div>\n<\/div>\n","protected":false},"excerpt":{"rendered":"<p>Chers amis, La reprise a \u00e9t\u00e9 l&#8217;occasion\u00a0 de constater que certains de vos sites n&#8217;\u00e9taient pas &#8220;dans les clous&#8221; ! De plus une nouvelle l\u00e9gislation, d&#8217;inspiration europ\u00e9enne, vient de sortir: le D.S.A. On la&#8230;<\/p>\n","protected":false},"author":2,"featured_media":0,"comment_status":"closed","ping_status":"closed","sticky":false,"template":"","format":"standard","meta":{"_mi_skip_tracking":false,"_monsterinsights_sitenote_active":false,"_monsterinsights_sitenote_note":"","_monsterinsights_sitenote_category":0},"categories":[1],"tags":[],"_links":{"self":[{"href":"https:\/\/sndll.info\/index.php?rest_route=\/wp\/v2\/posts\/6110"}],"collection":[{"href":"https:\/\/sndll.info\/index.php?rest_route=\/wp\/v2\/posts"}],"about":[{"href":"https:\/\/sndll.info\/index.php?rest_route=\/wp\/v2\/types\/post"}],"author":[{"embeddable":true,"href":"https:\/\/sndll.info\/index.php?rest_route=\/wp\/v2\/users\/2"}],"replies":[{"embeddable":true,"href":"https:\/\/sndll.info\/index.php?rest_route=%2Fwp%2Fv2%2Fcomments&post=6110"}],"version-history":[{"count":5,"href":"https:\/\/sndll.info\/index.php?rest_route=\/wp\/v2\/posts\/6110\/revisions"}],"predecessor-version":[{"id":6221,"href":"https:\/\/sndll.info\/index.php?rest_route=\/wp\/v2\/posts\/6110\/revisions\/6221"}],"wp:attachment":[{"href":"https:\/\/sndll.info\/index.php?rest_route=%2Fwp%2Fv2%2Fmedia&parent=6110"}],"wp:term":[{"taxonomy":"category","embeddable":true,"href":"https:\/\/sndll.info\/index.php?rest_route=%2Fwp%2Fv2%2Fcategories&post=6110"},{"taxonomy":"post_tag","embeddable":true,"href":"https:\/\/sndll.info\/index.php?rest_route=%2Fwp%2Fv2%2Ftags&post=6110"}],"curies":[{"name":"wp","href":"https:\/\/api.w.org\/{rel}","templated":true}]}}