{"id":6116,"date":"2022-04-12T13:06:27","date_gmt":"2022-04-12T11:06:27","guid":{"rendered":"https:\/\/sndll.info\/?p=6116"},"modified":"2022-04-12T13:06:27","modified_gmt":"2022-04-12T11:06:27","slug":"aide-des-15-jours-de-fermeture-du-mois-de-fevrier","status":"publish","type":"post","link":"https:\/\/sndll.info\/?p=6116","title":{"rendered":"AIDE DES 15 JOURS DE FERMETURE DU MOIS DE F\u00c9VRIER"},"content":{"rendered":"<h1 class=\"s3\" style=\"text-align: center;\"><strong><span class=\"s2\">AIDE DE<\/span><span class=\"s2\">S 15 JOURS DE FERMETURE <\/span><\/strong><\/h1>\n<h1 class=\"s3\" style=\"text-align: center;\"><strong><span class=\"s2\">DU MOIS DE <\/span><span class=\"s2\">F\u00c9VRIER<\/span><\/strong><\/h1>\n<h1 class=\"s3\" style=\"text-align: center;\"><\/h1>\n<p class=\"s3\"><span class=\"s2\">LE D\u00c9CRET VIENT DE PARAITRE<\/span><\/p>\n<p class=\"s3\"><span class=\"s2\">AU JOURNAL OFFICIEL<\/span><\/p>\n<p class=\"s3\">\n<p class=\"s3\">\n<p>Cher (es) Amis (es)<\/p>\n<p>Chers (es) exploitants (es)<\/p>\n<p>&nbsp;<\/p>\n<p>&nbsp;<\/p>\n<p class=\"s4\">Ce jour, le d\u00e9cret concernant les aides attribu\u00e9es par le gouvernement pour la p\u00e9riode de fermeture des quinze jours de mois de f\u00e9vrier 2022, est paru au journal officiel du 11 Avril.<\/p>\n<p class=\"s4\">\n<p class=\"s3\"><span class=\"s5\">Revenons un instant sur le cheminement de ce d\u00e9cret tant attendu.<\/span><\/p>\n<p class=\"s4\">\n<p class=\"s4\">Rappelons tout d\u2019abord que nos travaux, au cours du CALL du 10 f\u00e9vrier dernier avec <span class=\"s6\">les membres du cabinet du ministre jean Baptiste LEMOYNE<\/span> et la <span class=\"s6\">directrice adjointe du cabinet de Bruno LE MAIRE madame PIZZICARA<\/span><span class=\"s6\">,<\/span> nous avait permis d\u2019aborder la probl\u00e9matique des 50% de perte de chiffre d\u2019affaires obligatoire pour \u00eatre \u00e9ligible au dispositif d\u2019indemnisation aide renfort. Ce niveau de perte de chiffre d\u2019affaires excluait certains de nos exploitants ce qui \u00e9tait inacceptable.<\/p>\n<p class=\"s4\">\n<p class=\"s4\">Nos interlocuteurs, avaient bien compris la n\u00e9cessit\u00e9 de modifier le curseur <span class=\"s6\">et <\/span><span class=\"s6\">Madame PIZZICARA <\/span><span class=\"s6\">nous avait propos\u00e9 d\u2019abaisser <\/span><span class=\"s7\">de 50 \u00e0 30% le seuil de perte de chiffre d\u2019affaires pour b\u00e9n\u00e9ficier des aides pour d\u00e9cembre 2021 et janvier 2022. <\/span><\/p>\n<p>&nbsp;<\/p>\n<p><span class=\"s6\">Nous avions donn\u00e9 notre accord sur cette modification.<\/span><\/p>\n<p>&nbsp;<\/p>\n<p><span class=\"s6\">Ensuite nous avions sollicit\u00e9 une modification pour les quinze jours de fermeture du mois de f\u00e9vrier.<\/span><span class=\"s6\"> Il \u00e9tait \u00e9vident que si l\u2019obligation de perte de 30% persistait rien n\u2019\u00e9tait possible pour <\/span><span class=\"s6\">l\u2019indemnisation du mois de <\/span><span class=\"s6\">f\u00e9vrier.<\/span><\/p>\n<p>&nbsp;<\/p>\n<p>C\u2019est <span class=\"s8\">le<\/span><span class=\"s8\"> 7 mars<\/span><span class=\"s8\"> dernier<\/span> que nous vous informions sur le site SNDLL de l\u2019arbitrage politique d\u00e9cid\u00e9 \u00e0 savoir\u00a0:<\/p>\n<p>&nbsp;<\/p>\n<p class=\"s11\"><span class=\"s9\">INDEMNISATION DES 15 JOURS DE F\u00c9VIER\u00a0:<\/span><span class=\"s10\">\u00a0<\/span><\/p>\n<p class=\"s11\"><span class=\"s12\">La r\u00e9ponse qui nous a \u00e9t\u00e9 apport\u00e9e par Bercy <\/span><span class=\"s12\">\u00e9tait<\/span><span class=\"s12\"> la suivante<\/span><span class=\"s13\">\u00a0:\u00a0<\/span><span class=\"s14\">\u00ab\u00a0Pour les aides du mois de f\u00e9vrier, pour faciliter les choses pour les exploitants, il a \u00e9t\u00e9 d\u00e9cid\u00e9 de verser 50% de l\u2019aide re\u00e7ue pour le mois de d\u00e9cembre, comme les discoth\u00e8ques \u00e9taient ferm\u00e9es la moiti\u00e9 du mois de f\u00e9vrier\u00a0\u00bb.<\/span><span class=\"s15\">\u00a0<\/span><span class=\"s16\">C\u2019est act\u00e9.<\/span><\/p>\n<p class=\"s11\"><span class=\"s17\">Depuis cette date nous attendions avec impatience ce d\u00e9cret.<\/span><\/p>\n<p class=\"s11\"><span class=\"s17\">Nous sommes intervenus <\/span><span class=\"s17\">\u00e0<\/span><span class=\"s17\"> de nombreuses reprises <\/span><span class=\"s17\">aupr\u00e8s du cabinet du ministre pour nous \u00e9tonner de sa non-parution. Il semble que la situation internationale soit l\u2019une des causes de ce retard.<\/span><\/p>\n<p class=\"s18\">\n<p class=\"s20\"><span class=\"s19\"><span class=\"bumpedFont15\">CE MARDI 12 AVRIL 2022, D\u00c9SORMAIS LES CHOSES SONT PARFAITEMENT CLAIRES<\/span><\/span><\/p>\n<p class=\"s11\"><span class=\"s21\">Le d\u00e9cret modifie l\u2019aide renfort mise en place pour la p\u00e9riode de fermeture de nos <\/span><span class=\"s21\">discoth\u00e8ques en<\/span><span class=\"s21\"> d\u00e9cembre et janvier <\/span><span class=\"s16\">en passant le taux de perte de chiffre <\/span><span class=\"s16\">d\u2019affaires<\/span><span class=\"s16\"> de 50 \u00e0 30% pour pouvoir b\u00e9n\u00e9ficier de<\/span><span class=\"s16\"> l\u2019aide renfort.<\/span><\/p>\n<p class=\"s11\"><span class=\"s10\">A cet effet, le d\u00e9p\u00f4t des dossiers de demande d\u2019aide pour d\u00e9cembre 2021 et janvier 2022 est prolong\u00e9 jusqu\u2019au 30 Avril prochain.<\/span><\/p>\n<p class=\"s11\"><span class=\"s21\">Ne tardez pas <\/span><span class=\"s21\">\u00e0<\/span><span class=\"s21\"> faire vos demandes avec vos experts comptables.<\/span><\/p>\n<p class=\"s11\"><span class=\"s16\">INDEMNISATION DES <\/span><span class=\"s16\">15 JOURS DE FERMETURE DE F\u00c9VRIER<\/span><\/p>\n<p class=\"s11\"><span class=\"s21\">S\u2019agissant des quinze jours de fermeture du mois de f\u00e9vrier 2022, le d\u00e9cret confirme l\u2019information que nous vous avions communiqu\u00e9<\/span> <span class=\"s21\">le 7 mars dernier <\/span><span class=\"s21\">\u00e0<\/span><span class=\"s21\"> savoir\u00a0:<\/span><\/p>\n<p class=\"s11\"><span class=\"s10\">Une aide compl\u00e9mentaire prenant la forme d\u2019une subvention \u00e9gale \u00e0 50% du montant de l\u2019aide renfort per\u00e7u<\/span><span class=\"s10\">e<\/span><span class=\"s10\"> au titre du mois de d\u00e9cembre <\/span><span class=\"s10\">2021 <\/span><span class=\"s10\">sera vers\u00e9e<\/span><span class=\"s10\"> automatiquement, sans que les exploitants de discoth\u00e8ques aient \u00e0 effectuer une demande particuli\u00e8re.<\/span><\/p>\n<p class=\"s11\"><span class=\"s22\">C\u2019est la Direction g\u00e9n\u00e9rale des Finances Publiques qui effectuera directement le versement aux entreprises.<\/span><\/p>\n<p class=\"s11\"><span class=\"s21\">La parution de ce d\u00e9cret clos <\/span><span class=\"s21\">une p\u00e9riode tr\u00e8s douloureuse pour chacun d\u2019entre nous. Nous nous serions \u00e9videmment bien pass\u00e9s de cette crise qui \u00e0 l\u2019\u00e9vidence laissera des s\u00e9quelles profondes dans notre profession.<\/span><\/p>\n<p class=\"s11\"><span class=\"s22\">Si rien n\u2019est parfait, il convient de souligner le respect de l\u2019engagement pris.<\/span><span class=\"s22\"> C\u2019est fondamental\u00a0!<\/span><\/p>\n<p class=\"s11\"><span class=\"s21\">Oui nous attendions impatiemment la confirmation au travers de ce d\u00e9cret des informations qui nous avaient \u00e9t\u00e9 communiqu\u00e9es. <\/span><\/p>\n<p class=\"s11\"><span class=\"s21\">Une page se tourne, souhaitons simplement que nous n\u2019ayons plus \u00e0 renouveler ce type d\u2019exp\u00e9rience.<\/span><\/p>\n<p class=\"s11\"><span class=\"s21\">Le SNDLL restera mobilis\u00e9 avec vous tous car la profession doit d\u00e9sormais avec le futur gouvernement travailler \u00e0 la reconnaissance de <\/span><span class=\"s21\">ce m\u00e9tier. A ce jour, ce n\u2019est toujours pas le cas.<\/span><\/p>\n<p class=\"s11\"><span class=\"s22\">Beaucoup de travail reste \u00e0 r\u00e9aliser ensemble.<\/span><\/p>\n<p class=\"s11\"><span class=\"s21\">Dans cette p\u00e9riode difficile, nous vous renouvellerons nos appels au renforcement du syndicalisme sp\u00e9cifique, \u00e0 ce titre, le SNDLL restera la force incontournable de la profession puisqu\u2019il n\u2019a qu\u2019une pr\u00e9occupation d\u00e9fendre notre m\u00e9tier\u00a0<\/span><span class=\"s21\">rien que notre m\u00e9tier, avec ses sp\u00e9cificit\u00e9s !<\/span><\/p>\n<p class=\"s11\"><span class=\"s21\">\u00c0<\/span><span class=\"s21\"> tr\u00e8s bient\u00f4t,<\/span><\/p>\n<p class=\"s11\" style=\"text-align: center;\"><span class=\"s22\">Christian JOUNY<\/span>\u200b\u200b\u200b\u200b\u200b\u200b\u200b\u200b\u200b<span class=\"s22\"> \u00a0 \u00a0 \u00a0 \u00a0Patrick MALVA\u00cbS<\/span><\/p>\n<p>&nbsp;<\/p>\n<p class=\"s11\"><span class=\"s23\">Voici <\/span><span class=\"s23\">ci-dessous <\/span><span class=\"s23\">le lien pour obtenir le d\u00e9cret\u00a0:<\/span><\/p>\n<p class=\"s11\"><a href=\"https:\/\/www.legifrance.gouv.fr\/jorf\/id\/JORFTEXT000045545779?fbclid=IwAR1vpPkC1YyvYrm3wwCtx6qTfvFjwiekW1_SnFd5JanaGpS8ORQS2c_ejDk\"><span class=\"s24\">https:\/\/www.legifrance.gouv.fr\/jorf\/id\/JORFTEXT000045545779?fbclid=IwAR1vpPkC1YyvYrm3wwCtx6qTfvFjwiekW1_SnFd5JanaGpS8ORQS2c_ejDk<\/span><\/a><\/p>\n<p>&nbsp;<\/p>\n","protected":false},"excerpt":{"rendered":"<p>AIDE DES 15 JOURS DE FERMETURE DU MOIS DE F\u00c9VRIER LE D\u00c9CRET VIENT DE PARAITRE AU JOURNAL OFFICIEL Cher (es) Amis (es) Chers (es) exploitants (es) &nbsp; &nbsp; Ce jour, le d\u00e9cret concernant les&#8230;<\/p>\n","protected":false},"author":1,"featured_media":0,"comment_status":"closed","ping_status":"closed","sticky":false,"template":"","format":"standard","meta":{"_mi_skip_tracking":false,"_monsterinsights_sitenote_active":false,"_monsterinsights_sitenote_note":"","_monsterinsights_sitenote_category":0},"categories":[1],"tags":[],"_links":{"self":[{"href":"https:\/\/sndll.info\/index.php?rest_route=\/wp\/v2\/posts\/6116"}],"collection":[{"href":"https:\/\/sndll.info\/index.php?rest_route=\/wp\/v2\/posts"}],"about":[{"href":"https:\/\/sndll.info\/index.php?rest_route=\/wp\/v2\/types\/post"}],"author":[{"embeddable":true,"href":"https:\/\/sndll.info\/index.php?rest_route=\/wp\/v2\/users\/1"}],"replies":[{"embeddable":true,"href":"https:\/\/sndll.info\/index.php?rest_route=%2Fwp%2Fv2%2Fcomments&post=6116"}],"version-history":[{"count":1,"href":"https:\/\/sndll.info\/index.php?rest_route=\/wp\/v2\/posts\/6116\/revisions"}],"predecessor-version":[{"id":6118,"href":"https:\/\/sndll.info\/index.php?rest_route=\/wp\/v2\/posts\/6116\/revisions\/6118"}],"wp:attachment":[{"href":"https:\/\/sndll.info\/index.php?rest_route=%2Fwp%2Fv2%2Fmedia&parent=6116"}],"wp:term":[{"taxonomy":"category","embeddable":true,"href":"https:\/\/sndll.info\/index.php?rest_route=%2Fwp%2Fv2%2Fcategories&post=6116"},{"taxonomy":"post_tag","embeddable":true,"href":"https:\/\/sndll.info\/index.php?rest_route=%2Fwp%2Fv2%2Ftags&post=6116"}],"curies":[{"name":"wp","href":"https:\/\/api.w.org\/{rel}","templated":true}]}}