{"id":6177,"date":"2024-03-19T10:00:26","date_gmt":"2024-03-19T09:00:26","guid":{"rendered":"https:\/\/sndll.info\/?p=6177"},"modified":"2024-03-19T09:58:36","modified_gmt":"2024-03-19T08:58:36","slug":"energie-les-aides-aux-entreprises-pour-2024","status":"publish","type":"post","link":"https:\/\/sndll.info\/?p=6177","title":{"rendered":"ENERGIE: Les aides aux entreprises pour 2024"},"content":{"rendered":"<p>Bruno Le Maire, ministre de l\u2019\u00c9conomie, des Finances et de la Souverainet\u00e9 industrielle et num\u00e9rique, Agn\u00e8s Pannier-Runacher, ministre de la Transition \u00e9nerg\u00e9tique et Olivia Gr\u00e9goire, ministre d\u00e9l\u00e9gu\u00e9e charg\u00e9e des Petites et Moyennes Entreprises, du Commerce, de l\u2019Artisanat et du Tourisme ont annonc\u00e9 les modalit\u00e9s de soutien aux consommateurs d\u2019\u00e9nergie pour 2024 (<a href=\"https:\/\/www.gouvernement.fr\/upload\/media\/content\/0001\/07\/80be6e2b9350a7d96b18ec02578b587839ac4464.pdf\">Communiqu\u00e9 de presse<\/a>).<\/p>\n<p>Ainsi,<\/p>\n<p><b>1-Pour les petits consommateurs professionnels d\u2019une taille \u00e9quivalente \u00e0 une tr\u00e8s petite entreprise (TPE)<\/b>, quel que soit leur statut (y compris petites associations et collectivit\u00e9s locales),<b>\u00a0le dispositif de plafond de prix \u00e0 280\u20ac\/MWh sera prolong\u00e9 en 2024. Il sera \u00e9tendu y compris aux petits consommateurs professionnels ayant une puissance souscrite inf\u00e9rieure \u00e0 36 kVA, et ce pour tous les contrats sign\u00e9s avant le 30 juin 2023.<\/b><\/p>\n<p><b>2-Pour les consommateurs professionnels non \u00e9ligibles \u00e0 la garantie 280 \u20ac\/MWh d\u2019une taille inf\u00e9rieure ou \u00e9quivalente \u00e0 une PME, quel que soit leur statut, qui ont sign\u00e9 un contrat avant le 30 juin 2023 et encore en vigueur en 2024, l\u2019amortisseur \u00e9lectricit\u00e9 sera maintenu avec une \u00e9volution des param\u00e8tres afin qu\u2019il puisse mieux prot\u00e9ger les contrats \u00e0 prix haut\u00a0:<\/b><\/p>\n<p><b>\u00a0<\/b>&#8211; Couverture de la facture de 75\u00a0%, contre 50\u00a0%, en 2023\u00a0;<\/p>\n<p>&#8211; Le montant unitaire d\u2019amortisseur ne sera plus plafonn\u00e9 au-del\u00e0 d\u2019un prix de l\u2019\u00e9lectricit\u00e9 de 500 \u20ac\/MWh\u00a0;<\/p>\n<p>&#8211; Le seuil de d\u00e9clenchement de la part \u00e9nergie de la facture est relev\u00e9 \u00e0 250 \u20ac\/MWh, contre 180\u20ac\/MWh en 2023.<\/p>\n<p>Pour b\u00e9n\u00e9ficier de l\u2019amortisseur ou du plafond de prix en 2024, les clients qui en ont b\u00e9n\u00e9fici\u00e9 en 2023 n\u2019auront aucune d\u00e9marche \u00e0 faire, l\u2019aide sera appliqu\u00e9e automatiquement par les fournisseurs, sauf changement de situation \u00e0 leur signaler.<\/p>\n<p>Pour les entit\u00e9s qui seraient \u00e9ligibles et n\u2019auraient pas b\u00e9n\u00e9fici\u00e9 de ces dispositifs en 2023, une attestation d\u2019\u00e9ligibilit\u00e9 devra \u00eatre envoy\u00e9e au fournisseur d\u2019\u00e9lectricit\u00e9. Celle-ci sera rendue disponible sur le site internet de leur fournisseur. Pour t\u00e9l\u00e9charger le mod\u00e8le d\u2019attestation \u00e0 transmettre \u00e0 votre fournisseur\u00a0<a href=\"https:\/\/www.economie.gouv.fr\/files\/files\/2023\/Modele_attestation_aides_energie_entreprise.pdf?v=1701421100\">cliquer ici<\/a>.<\/p>\n<p><b>3-Le Gouvernement annonce \u00e9galement la prolongation en 2024 d\u2019un guichet cibl\u00e9 pour les consommateurs professionnels qui ne sont pas \u00e9ligibles \u00e0 l\u2019amortisseur et qui rel\u00e8vent de la cat\u00e9gorie des entreprises de taille interm\u00e9diaire (ETI), sous r\u00e9serve de la validation par la Commission europ\u00e9enne des conditions d\u2019\u00e9ligibilit\u00e9 de l\u2019aide.<\/b><\/p>\n<p>Pour \u00eatre \u00e9ligibles ces entreprises devront remplir les conditions suivantes\u00a0:<\/p>\n<p>-\u00catre \u00e9nergo-intensifs (c\u2019est-\u00e0-dire avoir des d\u00e9penses d\u2019\u00e9nergie en 2024 repr\u00e9sentant plus de 3% du chiffre d\u2019affaires 2021),<\/p>\n<p>-Justifier d\u2019un exc\u00e9dent brut d\u2019exploitation n\u00e9gatif ou en baisse par rapport \u00e0 2021<\/p>\n<p>-Et avoir sign\u00e9 des contrats d\u2019\u00e9lectricit\u00e9 avant le 30 juin 2023.<\/p>\n<p>L\u2019Etat prendra en charge 75\u00a0% de la facture d\u2019\u00e9lectricit\u00e9 au-del\u00e0 de 300\u20ac\/MWh (y compris acheminement et taxes hors TVA), dans la limite du plafond d\u2019aide de 2,25 M\u20ac au niveau du groupe et des autres plafonds d\u2019aide s\u2019appliquant au guichet.<\/p>\n<p>Vous pouvez retrouver toutes les informations relatives au guichet unique disponibles sur le site imp\u00f4ts.gouv\u00a0<a href=\"https:\/\/www.impots.gouv.fr\/information-simulation-depot-guichet-aide-gazelectricite\">en cliquant ici<\/a>.<\/p>\n<p>Attention, le guichet ne sera plus cumulable avec le dispositif d\u2019amortisseur.<\/p>\n<p>Les services de l\u2019Etat demeureront avec un accompagnement individuel par les conseillers d\u00e9partementaux aux entreprises en difficult\u00e9 pour les orienter et les accompagner dans leurs d\u00e9marches\u00a0:<\/p>\n<p>L\u2019annuaire des conseillers par d\u00e9partement est disponible\u00a0<a href=\"https:\/\/www.impots.gouv.fr\/node\/14176\">en cliquant ici<\/a>.<\/p>\n","protected":false},"excerpt":{"rendered":"<p>Bruno Le Maire, ministre de l\u2019\u00c9conomie, des Finances et de la Souverainet\u00e9 industrielle et num\u00e9rique, Agn\u00e8s Pannier-Runacher, ministre de la Transition \u00e9nerg\u00e9tique et Olivia Gr\u00e9goire, ministre d\u00e9l\u00e9gu\u00e9e charg\u00e9e des Petites et Moyennes Entreprises, du&#8230;<\/p>\n","protected":false},"author":2,"featured_media":0,"comment_status":"closed","ping_status":"closed","sticky":false,"template":"","format":"standard","meta":{"_mi_skip_tracking":false,"_monsterinsights_sitenote_active":false,"_monsterinsights_sitenote_note":"","_monsterinsights_sitenote_category":0},"categories":[5],"tags":[],"_links":{"self":[{"href":"https:\/\/sndll.info\/index.php?rest_route=\/wp\/v2\/posts\/6177"}],"collection":[{"href":"https:\/\/sndll.info\/index.php?rest_route=\/wp\/v2\/posts"}],"about":[{"href":"https:\/\/sndll.info\/index.php?rest_route=\/wp\/v2\/types\/post"}],"author":[{"embeddable":true,"href":"https:\/\/sndll.info\/index.php?rest_route=\/wp\/v2\/users\/2"}],"replies":[{"embeddable":true,"href":"https:\/\/sndll.info\/index.php?rest_route=%2Fwp%2Fv2%2Fcomments&post=6177"}],"version-history":[{"count":1,"href":"https:\/\/sndll.info\/index.php?rest_route=\/wp\/v2\/posts\/6177\/revisions"}],"predecessor-version":[{"id":6179,"href":"https:\/\/sndll.info\/index.php?rest_route=\/wp\/v2\/posts\/6177\/revisions\/6179"}],"wp:attachment":[{"href":"https:\/\/sndll.info\/index.php?rest_route=%2Fwp%2Fv2%2Fmedia&parent=6177"}],"wp:term":[{"taxonomy":"category","embeddable":true,"href":"https:\/\/sndll.info\/index.php?rest_route=%2Fwp%2Fv2%2Fcategories&post=6177"},{"taxonomy":"post_tag","embeddable":true,"href":"https:\/\/sndll.info\/index.php?rest_route=%2Fwp%2Fv2%2Ftags&post=6177"}],"curies":[{"name":"wp","href":"https:\/\/api.w.org\/{rel}","templated":true}]}}