{"id":6195,"date":"2024-03-25T03:19:53","date_gmt":"2024-03-25T02:19:53","guid":{"rendered":"https:\/\/sndll.info\/?p=6195"},"modified":"2024-03-25T03:16:59","modified_gmt":"2024-03-25T02:16:59","slug":"les-impots-locaux-le-point-au-15-mars-2024","status":"publish","type":"post","link":"https:\/\/sndll.info\/?p=6195","title":{"rendered":"LES IMPOTS LOCAUX: le point au 15 mars 2024"},"content":{"rendered":"<p>Dans le maquis des impositions, les imp\u00f4ts locaux ne sont pas les derniers. Faisons le point gr\u00e2ce aux services de Bercy<\/p>\n<div id=\"m_-8237233252440011809gmail-block-economie-page-title\">\n<h1>Imp\u00f4ts locaux : lesquels VOUS concernenT ?<\/h1>\n<\/div>\n<div id=\"m_-8237233252440011809gmail-block-economie-content\">\n<div>\n<p>Cotisation fonci\u00e8re des entreprises (CFE), cotisation sur la valeur ajout\u00e9e des entreprises (CVAE), taxes fonci\u00e8res&#8230; Certaines taxes et redevances instaur\u00e9es au profit des collectivit\u00e9s territoriales sont obligatoires, tandis que d\u2019autres sont facultatives. On fait le point sur les principaux imp\u00f4ts locaux qui peuvent concerner votre entreprise.<\/p>\n<div>\n<div>\n<p>Sommaire<\/p>\n<p><a href=\"https:\/\/www.economie.gouv.fr\/entreprises\/impots-locaux?eml-publisher=hubscore&amp;eml-name=Emailing-es-39-[BIE_398_20240222]-20240222&amp;eml-mediaplan=[https:\/\/www.economie.gouv.fr\/entreprises\/impots-locaux]#obligatoires\" target=\"_blank\" rel=\"noopener\" data-saferedirecturl=\"https:\/\/www.google.com\/url?q=https:\/\/www.economie.gouv.fr\/entreprises\/impots-locaux?eml-publisher%3Dhubscore%26eml-name%3DEmailing-es-39-%5BBIE_398_20240222%5D-20240222%26eml-mediaplan%3D%5Bhttps:\/\/www.economie.gouv.fr\/entreprises\/impots-locaux%5D%23obligatoires&amp;source=gmail&amp;ust=1710566365968000&amp;usg=AOvVaw0hTl3VJiSmLTHSi8Kww0hL\">Les taxes locales obligatoires<\/a><\/p>\n<ul>\n<li><a href=\"https:\/\/www.economie.gouv.fr\/entreprises\/impots-locaux?eml-publisher=hubscore&amp;eml-name=Emailing-es-39-[BIE_398_20240222]-20240222&amp;eml-mediaplan=[https:\/\/www.economie.gouv.fr\/entreprises\/impots-locaux]#cfe\" target=\"_blank\" rel=\"noopener\" data-saferedirecturl=\"https:\/\/www.google.com\/url?q=https:\/\/www.economie.gouv.fr\/entreprises\/impots-locaux?eml-publisher%3Dhubscore%26eml-name%3DEmailing-es-39-%5BBIE_398_20240222%5D-20240222%26eml-mediaplan%3D%5Bhttps:\/\/www.economie.gouv.fr\/entreprises\/impots-locaux%5D%23cfe&amp;source=gmail&amp;ust=1710566365968000&amp;usg=AOvVaw0dMCtm-UNqAR1fPtA7P0TT\">La cotisation fonci\u00e8re des entreprises (CFE)<\/a><\/li>\n<li><a href=\"https:\/\/www.economie.gouv.fr\/entreprises\/impots-locaux?eml-publisher=hubscore&amp;eml-name=Emailing-es-39-[BIE_398_20240222]-20240222&amp;eml-mediaplan=[https:\/\/www.economie.gouv.fr\/entreprises\/impots-locaux]#cvae\" target=\"_blank\" rel=\"noopener\" data-saferedirecturl=\"https:\/\/www.google.com\/url?q=https:\/\/www.economie.gouv.fr\/entreprises\/impots-locaux?eml-publisher%3Dhubscore%26eml-name%3DEmailing-es-39-%5BBIE_398_20240222%5D-20240222%26eml-mediaplan%3D%5Bhttps:\/\/www.economie.gouv.fr\/entreprises\/impots-locaux%5D%23cvae&amp;source=gmail&amp;ust=1710566365968000&amp;usg=AOvVaw0KoEA4FlcvALrXoatIDC8-\">La cotisation sur la valeur ajout\u00e9e des entreprises (CVAE)<\/a><\/li>\n<li><a href=\"https:\/\/www.economie.gouv.fr\/entreprises\/impots-locaux?eml-publisher=hubscore&amp;eml-name=Emailing-es-39-[BIE_398_20240222]-20240222&amp;eml-mediaplan=[https:\/\/www.economie.gouv.fr\/entreprises\/impots-locaux]#ifer\" target=\"_blank\" rel=\"noopener\" data-saferedirecturl=\"https:\/\/www.google.com\/url?q=https:\/\/www.economie.gouv.fr\/entreprises\/impots-locaux?eml-publisher%3Dhubscore%26eml-name%3DEmailing-es-39-%5BBIE_398_20240222%5D-20240222%26eml-mediaplan%3D%5Bhttps:\/\/www.economie.gouv.fr\/entreprises\/impots-locaux%5D%23ifer&amp;source=gmail&amp;ust=1710566365968000&amp;usg=AOvVaw3y742PNyCPus-45dQE2OKl\">L&#8217;imposition forfaitaire des entreprises de r\u00e9seaux (IFER)<\/a><\/li>\n<li><a href=\"https:\/\/www.economie.gouv.fr\/entreprises\/impots-locaux?eml-publisher=hubscore&amp;eml-name=Emailing-es-39-[BIE_398_20240222]-20240222&amp;eml-mediaplan=[https:\/\/www.economie.gouv.fr\/entreprises\/impots-locaux]#tfpb\" target=\"_blank\" rel=\"noopener\" data-saferedirecturl=\"https:\/\/www.google.com\/url?q=https:\/\/www.economie.gouv.fr\/entreprises\/impots-locaux?eml-publisher%3Dhubscore%26eml-name%3DEmailing-es-39-%5BBIE_398_20240222%5D-20240222%26eml-mediaplan%3D%5Bhttps:\/\/www.economie.gouv.fr\/entreprises\/impots-locaux%5D%23tfpb&amp;source=gmail&amp;ust=1710566365968000&amp;usg=AOvVaw2TsWdQV6mrKB6N01XN_5eu\">La taxe fonci\u00e8re sur les propri\u00e9t\u00e9s b\u00e2ties (TFPB)<\/a><\/li>\n<li><a href=\"https:\/\/www.economie.gouv.fr\/entreprises\/impots-locaux?eml-publisher=hubscore&amp;eml-name=Emailing-es-39-[BIE_398_20240222]-20240222&amp;eml-mediaplan=[https:\/\/www.economie.gouv.fr\/entreprises\/impots-locaux]#tfpbnb\" target=\"_blank\" rel=\"noopener\" data-saferedirecturl=\"https:\/\/www.google.com\/url?q=https:\/\/www.economie.gouv.fr\/entreprises\/impots-locaux?eml-publisher%3Dhubscore%26eml-name%3DEmailing-es-39-%5BBIE_398_20240222%5D-20240222%26eml-mediaplan%3D%5Bhttps:\/\/www.economie.gouv.fr\/entreprises\/impots-locaux%5D%23tfpbnb&amp;source=gmail&amp;ust=1710566365968000&amp;usg=AOvVaw0GbaNa8n2QGixSMJQqle0j\">La taxe fonci\u00e8re sur les propri\u00e9t\u00e9s non b\u00e2ties (TFPNB)<\/a><\/li>\n<li><a href=\"https:\/\/www.economie.gouv.fr\/entreprises\/impots-locaux?eml-publisher=hubscore&amp;eml-name=Emailing-es-39-[BIE_398_20240222]-20240222&amp;eml-mediaplan=[https:\/\/www.economie.gouv.fr\/entreprises\/impots-locaux]#tascom\" target=\"_blank\" rel=\"noopener\" data-saferedirecturl=\"https:\/\/www.google.com\/url?q=https:\/\/www.economie.gouv.fr\/entreprises\/impots-locaux?eml-publisher%3Dhubscore%26eml-name%3DEmailing-es-39-%5BBIE_398_20240222%5D-20240222%26eml-mediaplan%3D%5Bhttps:\/\/www.economie.gouv.fr\/entreprises\/impots-locaux%5D%23tascom&amp;source=gmail&amp;ust=1710566365968000&amp;usg=AOvVaw2DrtOW6tBU-9eTU0CUgJGQ\">La taxe sur les surfaces commerciales (TaSCom)<\/a><\/li>\n<\/ul>\n<p><a href=\"https:\/\/www.economie.gouv.fr\/entreprises\/impots-locaux?eml-publisher=hubscore&amp;eml-name=Emailing-es-39-[BIE_398_20240222]-20240222&amp;eml-mediaplan=[https:\/\/www.economie.gouv.fr\/entreprises\/impots-locaux]#facultatives\" target=\"_blank\" rel=\"noopener\" data-saferedirecturl=\"https:\/\/www.google.com\/url?q=https:\/\/www.economie.gouv.fr\/entreprises\/impots-locaux?eml-publisher%3Dhubscore%26eml-name%3DEmailing-es-39-%5BBIE_398_20240222%5D-20240222%26eml-mediaplan%3D%5Bhttps:\/\/www.economie.gouv.fr\/entreprises\/impots-locaux%5D%23facultatives&amp;source=gmail&amp;ust=1710566365968000&amp;usg=AOvVaw3kLAIHdLjrL3jF2IiUteIm\">Les taxes locales facultatives<\/a><\/p>\n<ul>\n<li><a href=\"https:\/\/www.economie.gouv.fr\/entreprises\/impots-locaux?eml-publisher=hubscore&amp;eml-name=Emailing-es-39-[BIE_398_20240222]-20240222&amp;eml-mediaplan=[https:\/\/www.economie.gouv.fr\/entreprises\/impots-locaux]#tsht\" target=\"_blank\" rel=\"noopener\" data-saferedirecturl=\"https:\/\/www.google.com\/url?q=https:\/\/www.economie.gouv.fr\/entreprises\/impots-locaux?eml-publisher%3Dhubscore%26eml-name%3DEmailing-es-39-%5BBIE_398_20240222%5D-20240222%26eml-mediaplan%3D%5Bhttps:\/\/www.economie.gouv.fr\/entreprises\/impots-locaux%5D%23tsht&amp;source=gmail&amp;ust=1710566365968000&amp;usg=AOvVaw3Wz_XPfl1LKyETXyCsnk8U\">La taxe de s\u00e9jour<\/a><\/li>\n<li><a href=\"https:\/\/www.economie.gouv.fr\/entreprises\/impots-locaux?eml-publisher=hubscore&amp;eml-name=Emailing-es-39-[BIE_398_20240222]-20240222&amp;eml-mediaplan=[https:\/\/www.economie.gouv.fr\/entreprises\/impots-locaux]#tfc\" target=\"_blank\" rel=\"noopener\" data-saferedirecturl=\"https:\/\/www.google.com\/url?q=https:\/\/www.economie.gouv.fr\/entreprises\/impots-locaux?eml-publisher%3Dhubscore%26eml-name%3DEmailing-es-39-%5BBIE_398_20240222%5D-20240222%26eml-mediaplan%3D%5Bhttps:\/\/www.economie.gouv.fr\/entreprises\/impots-locaux%5D%23tfc&amp;source=gmail&amp;ust=1710566365968000&amp;usg=AOvVaw3bclB5vOKWwiCHLkwxwOpB\">La taxe sur les friches commerciales (TFC)<\/a><\/li>\n<li><a href=\"https:\/\/www.economie.gouv.fr\/entreprises\/impots-locaux?eml-publisher=hubscore&amp;eml-name=Emailing-es-39-[BIE_398_20240222]-20240222&amp;eml-mediaplan=[https:\/\/www.economie.gouv.fr\/entreprises\/impots-locaux]#tlpe\" target=\"_blank\" rel=\"noopener\" data-saferedirecturl=\"https:\/\/www.google.com\/url?q=https:\/\/www.economie.gouv.fr\/entreprises\/impots-locaux?eml-publisher%3Dhubscore%26eml-name%3DEmailing-es-39-%5BBIE_398_20240222%5D-20240222%26eml-mediaplan%3D%5Bhttps:\/\/www.economie.gouv.fr\/entreprises\/impots-locaux%5D%23tlpe&amp;source=gmail&amp;ust=1710566365968000&amp;usg=AOvVaw3BvrRH2Iw8IYKG11Ws1z6p\">La taxe locale sur la publicit\u00e9 ext\u00e9rieure (TLPE)<\/a><\/li>\n<\/ul>\n<\/div>\n<h2><a id=\"m_-8237233252440011809gmail-obligatoires\" name=\"m_-8237233252440011809_obligatoires\"><\/a>Les taxes locales obligatoires<\/h2>\n<h3><a id=\"m_-8237233252440011809gmail-cfe\" name=\"m_-8237233252440011809_cfe\"><\/a>La cotisation fonci\u00e8re des entreprises (CFE)<\/h3>\n<p>La\u00a0cotisation fonci\u00e8re des entreprises (CFE)\u00a0est l&#8217;une des deux composantes de la\u00a0contribution \u00e9conomique territoriale (CET). La CFE est due par toutes les entreprises (personne physique ou morale) exer\u00e7ant une activit\u00e9 professionnelle non salari\u00e9e au 1er\u00a0janvier de l\u2019ann\u00e9e d\u2019imposition, quel que soit leur statut juridique, leur activit\u00e9 et leur r\u00e9gime d\u2019imposition.<\/p>\n<p>Les micro-entreprises sont donc concern\u00e9es par cette cotisation dans les conditions de droit commun.<\/p>\n<p><a href=\"https:\/\/www.economie.gouv.fr\/entreprises\/cotisation-fonciere-entreprises-cfe\" target=\"_blank\" rel=\"noopener\" data-saferedirecturl=\"https:\/\/www.google.com\/url?q=https:\/\/www.economie.gouv.fr\/entreprises\/cotisation-fonciere-entreprises-cfe&amp;source=gmail&amp;ust=1710566365968000&amp;usg=AOvVaw2UiyJ3dumyWuc7ikaYqS2j\">En savoir plus sur la cotisation fonci\u00e8re des entreprises (CFE)<\/a><\/p>\n<h3><a id=\"m_-8237233252440011809gmail-cvae\" name=\"m_-8237233252440011809_cvae\"><\/a>La cotisation sur la valeur ajout\u00e9e des entreprises (CVAE)<\/h3>\n<p>Deuxi\u00e8me composante de la\u00a0contribution \u00e9conomique territoriale (CET), la\u00a0cotisation sur la valeur ajout\u00e9e des entreprises (CVAE)\u00a0concerne les entreprises (personnes physiques ou morales) qui g\u00e9n\u00e8rent un certain montant de chiffre d\u2019affaires et qui exercent une activit\u00e9 imposable \u00e0 la cotisation fonci\u00e8re des entreprises (CFE).<\/p>\n<div>\n<p>\u00c0 savoir<\/p>\n<div>\n<p>La CVAE sera progressivement r\u00e9duite sur quatre ans par une diminution de son taux d&#8217;un quart chaque ann\u00e9e et sera d\u00e9finitivement supprim\u00e9e en 2027.<\/p>\n<\/div>\n<\/div>\n<p><a href=\"https:\/\/www.economie.gouv.fr\/entreprises\/cotisation-valeur-ajoutee-entreprise-cvae\" target=\"_blank\" rel=\"noopener\" data-saferedirecturl=\"https:\/\/www.google.com\/url?q=https:\/\/www.economie.gouv.fr\/entreprises\/cotisation-valeur-ajoutee-entreprise-cvae&amp;source=gmail&amp;ust=1710566365968000&amp;usg=AOvVaw0LtpAEo1sm3GpX9p00ZjiN\">En savoir plus sur la cotisation sur la valeur ajout\u00e9e des entreprises (CVAE)<\/a><\/p>\n<h3><a id=\"m_-8237233252440011809gmail-ifer\" name=\"m_-8237233252440011809_ifer\"><\/a><\/h3>\n<h3><a id=\"m_-8237233252440011809gmail-tfpb\" name=\"m_-8237233252440011809_tfpb\"><\/a>La taxe fonci\u00e8re sur les propri\u00e9t\u00e9s b\u00e2ties (TFPB)<\/h3>\n<p>La\u00a0taxe fonci\u00e8re sur les propri\u00e9t\u00e9s b\u00e2ties (TFPB)\u00a0est due par les entreprises propri\u00e9taires ou usufruiti\u00e8res d&#8217;un bien immobilier b\u00e2ti au 1er\u00a0janvier de l\u2019ann\u00e9e d\u2019imposition. Des exon\u00e9rations totales ou partielles peuvent \u00eatre accord\u00e9es \u00e0 certains propri\u00e9taires, sous conditions.<\/p>\n<p><a href=\"https:\/\/www.economie.gouv.fr\/entreprises\/taxe-fonciere-bati-tfpb\" target=\"_blank\" rel=\"noopener\" data-saferedirecturl=\"https:\/\/www.google.com\/url?q=https:\/\/www.economie.gouv.fr\/entreprises\/taxe-fonciere-bati-tfpb&amp;source=gmail&amp;ust=1710566365968000&amp;usg=AOvVaw2VF2wcMWurOciDuz6Pk5el\">En savoir plus sur la taxe fonci\u00e8re sur les propri\u00e9t\u00e9s b\u00e2ties (TFPB)<\/a><\/p>\n<h3><a id=\"m_-8237233252440011809gmail-tfpbnb\" name=\"m_-8237233252440011809_tfpbnb\"><\/a>La taxe fonci\u00e8re sur les propri\u00e9t\u00e9s non b\u00e2ties (TFPNB)<\/h3>\n<p>La\u00a0taxe fonci\u00e8re sur les propri\u00e9t\u00e9s non b\u00e2ties (TFPNB)\u00a0est due par les propri\u00e9taires ou usufruitiers de terrains non b\u00e2tis au 1er\u00a0janvier de l\u2019ann\u00e9e d\u2019imposition. Certaines cat\u00e9gories de propri\u00e9t\u00e9s peuvent b\u00e9n\u00e9ficier d\u2019exon\u00e9rations, sous conditions. Des d\u00e9gr\u00e8vements peuvent \u00e9galement \u00eatre accord\u00e9s.<\/p>\n<p><a href=\"https:\/\/www.economie.gouv.fr\/entreprises\/taxe-fonciere-non-bati-calcul-reductions\" target=\"_blank\" rel=\"noopener\" data-saferedirecturl=\"https:\/\/www.google.com\/url?q=https:\/\/www.economie.gouv.fr\/entreprises\/taxe-fonciere-non-bati-calcul-reductions&amp;source=gmail&amp;ust=1710566365968000&amp;usg=AOvVaw3dnBO9vmhBLYe-xeqHpZm6\">En savoir plus sur la taxe fonci\u00e8re sur les propri\u00e9t\u00e9s non b\u00e2ties (TFPNB)<\/a><\/p>\n<h3><a id=\"m_-8237233252440011809gmail-tascom\" name=\"m_-8237233252440011809_tascom\"><\/a>La taxe sur les surfaces commerciales (TaSCom)<\/h3>\n<p>La\u00a0taxe sur les surfaces commerciales (TaSCom)\u00a0s&#8217;applique \u00e0 certains \u00e9tablissements ayant une activit\u00e9 de vente au d\u00e9tail. Cette taxe est per\u00e7ue au profit des collectivit\u00e9s locales et des \u00e9tablissements publics de coop\u00e9ration intercommunale (EPCI) sur le territoire duquel est situ\u00e9 l&#8217;\u00e9tablissement imposable.<\/p>\n<p>La TaSCom est assise sur la surface de vente au d\u00e9tail existante au dernier jour de la p\u00e9riode de r\u00e9f\u00e9rence (au 31 d\u00e9cembre de l&#8217;ann\u00e9e pr\u00e9c\u00e9dant l&#8217;ann\u00e9e d&#8217;imposition) ou sur la surface de vente existante au jour de la cessation d\u00e9finitive d&#8217;exploitation. Les tarifs varient suivant le chiffre d\u2019affaires annuel au m\u00b2, la superficie et l\u2019activit\u00e9 de l\u2019\u00e9tablissement.<\/p>\n<p><a href=\"https:\/\/www.economie.gouv.fr\/entreprises\/taxe-surfaces-commerciales-tascom\" target=\"_blank\" rel=\"noopener\" data-saferedirecturl=\"https:\/\/www.google.com\/url?q=https:\/\/www.economie.gouv.fr\/entreprises\/taxe-surfaces-commerciales-tascom&amp;source=gmail&amp;ust=1710566365968000&amp;usg=AOvVaw2k69xWvIS7FeXHTgbuuzq3\">En savoir plus sur la taxe sur les surfaces commerciales (TaSCom)<\/a><\/p>\n<h2 id=\"m_-8237233252440011809gmail-\"><a id=\"m_-8237233252440011809gmail-facultatives\" name=\"m_-8237233252440011809_facultatives\"><\/a>Les taxes locales facultatives<\/h2>\n<p>Certaines taxes sont dites facultatives au sens o\u00f9 elles peuvent \u00eatre instaur\u00e9es par d\u00e9lib\u00e9ration du conseil municipal de la commune ou de l&#8217;organe d\u00e9cisionnaire de l&#8217;<a title=\"\u00ab vie-publique.fr \u00bb dans une nouvelle fen\u00eatre\" href=\"http:\/\/www.vie-publique.fr\/decouverte-institutions\/institutions\/collectivites-territoriales\/intercommunalite-cooperation-locale\/que-sont-etablissements-publics-cooperation-intercommunale-epci.html\" target=\"_blank\" rel=\"noopener\" data-saferedirecturl=\"https:\/\/www.google.com\/url?q=http:\/\/www.vie-publique.fr\/decouverte-institutions\/institutions\/collectivites-territoriales\/intercommunalite-cooperation-locale\/que-sont-etablissements-publics-cooperation-intercommunale-epci.html&amp;source=gmail&amp;ust=1710566365968000&amp;usg=AOvVaw1fNX5yPrTGIOKgj64hbY-W\">EPCI<\/a>\u00a0qui en fixe les conditions de perception. Vous trouverez ci-dessous certaines d\u2019entre elles :<\/p>\n<h3><a id=\"m_-8237233252440011809gmail-tsht\" name=\"m_-8237233252440011809_tsht\"><\/a>La taxe de s\u00e9jour<\/h3>\n<p>La\u00a0taxe de s\u00e9jour\u00a0est un imp\u00f4t susceptible d&#8217;\u00eatre\u00a0institu\u00e9 par les communes \u00e0 vocation touristique. Les communes et les EPCI ont le choix entre deux possibilit\u00e9s pour collecter la taxe de s\u00e9jour sur les h\u00e9bergements touristiques : au r\u00e9el ou de mani\u00e8re forfaitaire. Les communes et les EPCI d\u00e9terminent le tarif applicable pour chaque cat\u00e9gorie d&#8217;h\u00e9bergement dans les fourchettes d\u00e9finies par la loi.<\/p>\n<p><a href=\"https:\/\/www.economie.gouv.fr\/entreprises\/taxe-sejour-tourisme\" target=\"_blank\" rel=\"noopener\" data-saferedirecturl=\"https:\/\/www.google.com\/url?q=https:\/\/www.economie.gouv.fr\/entreprises\/taxe-sejour-tourisme&amp;source=gmail&amp;ust=1710566365968000&amp;usg=AOvVaw1kg2G9IliWf0X0J1CVas5v\">En savoir plus sur la taxe de s\u00e9jour<\/a><\/p>\n<h3 id=\"m_-8237233252440011809gmail-\"><a id=\"m_-8237233252440011809gmail-tfc\" name=\"m_-8237233252440011809_tfc\"><\/a>La taxe sur les friches commerciales (TFC)<\/h3>\n<p>La\u00a0taxe sur les friches commerciales (TFC)\u00a0s&#8217;applique \u00e0 certains locaux commerciaux\u00a0inexploit\u00e9s et inoccup\u00e9s depuis au moins deux ans au 1er\u00a0janvier de l\u2019ann\u00e9e d\u2019imposition. Elle peut \u00eatre mise en place par les collectivit\u00e9s souhaitant lutter contre la vacance commerciale.<\/p>\n<p><a href=\"https:\/\/www.economie.gouv.fr\/entreprises\/taxe-friches-commerciales-tfc\" target=\"_blank\" rel=\"noopener\" data-saferedirecturl=\"https:\/\/www.google.com\/url?q=https:\/\/www.economie.gouv.fr\/entreprises\/taxe-friches-commerciales-tfc&amp;source=gmail&amp;ust=1710566365968000&amp;usg=AOvVaw0AAch6VYykScPcM2wzMTCR\">En savoir plus sur la taxe sur les friches commerciales (TFC)<\/a><\/p>\n<h3 id=\"m_-8237233252440011809gmail-\"><a id=\"m_-8237233252440011809gmail-tlpe\" name=\"m_-8237233252440011809_tlpe\"><\/a>La taxe locale sur la publicit\u00e9 ext\u00e9rieure (TLPE)<\/h3>\n<p>La\u00a0taxe locale sur la publicit\u00e9 ext\u00e9rieure (TLPE)\u00a0peut \u00eatre instaur\u00e9e par les communes ou les EPCI sur les territoires desquels sont situ\u00e9s des dispositifs publicitaires. Cette taxe est due par toute entreprise exploitant un support publicitaire (enseigne, pr\u00e9-enseigne ou publicit\u00e9) et ce, quelle que soit la nature de son activit\u00e9. La taxe est due sur les supports publicitaires existants au 1er\u00a0janvier de l\u2019ann\u00e9e d\u2019imposition.<\/p>\n<p><a href=\"https:\/\/www.economie.gouv.fr\/entreprises\/taxe-locale-sur-publicite-exterieure-tlpe\" target=\"_blank\" rel=\"noopener\" data-saferedirecturl=\"https:\/\/www.google.com\/url?q=https:\/\/www.economie.gouv.fr\/entreprises\/taxe-locale-sur-publicite-exterieure-tlpe&amp;source=gmail&amp;ust=1710566365968000&amp;usg=AOvVaw0fp-ZklBARVH1bn_zcoqRT\">En savoir plus sur la taxe locale sur la publicit\u00e9 ext\u00e9rieure (TLPE)<\/a><\/p>\n<\/div>\n<\/div>\n<\/div>\n","protected":false},"excerpt":{"rendered":"<p>Dans le maquis des impositions, les imp\u00f4ts locaux ne sont pas les derniers. Faisons le point gr\u00e2ce aux services de Bercy Imp\u00f4ts locaux : lesquels VOUS concernenT ? Cotisation fonci\u00e8re des entreprises (CFE), cotisation&#8230;<\/p>\n","protected":false},"author":2,"featured_media":0,"comment_status":"closed","ping_status":"closed","sticky":false,"template":"","format":"standard","meta":{"_mi_skip_tracking":false,"_monsterinsights_sitenote_active":false,"_monsterinsights_sitenote_note":"","_monsterinsights_sitenote_category":0},"categories":[5],"tags":[],"_links":{"self":[{"href":"https:\/\/sndll.info\/index.php?rest_route=\/wp\/v2\/posts\/6195"}],"collection":[{"href":"https:\/\/sndll.info\/index.php?rest_route=\/wp\/v2\/posts"}],"about":[{"href":"https:\/\/sndll.info\/index.php?rest_route=\/wp\/v2\/types\/post"}],"author":[{"embeddable":true,"href":"https:\/\/sndll.info\/index.php?rest_route=\/wp\/v2\/users\/2"}],"replies":[{"embeddable":true,"href":"https:\/\/sndll.info\/index.php?rest_route=%2Fwp%2Fv2%2Fcomments&post=6195"}],"version-history":[{"count":1,"href":"https:\/\/sndll.info\/index.php?rest_route=\/wp\/v2\/posts\/6195\/revisions"}],"predecessor-version":[{"id":6197,"href":"https:\/\/sndll.info\/index.php?rest_route=\/wp\/v2\/posts\/6195\/revisions\/6197"}],"wp:attachment":[{"href":"https:\/\/sndll.info\/index.php?rest_route=%2Fwp%2Fv2%2Fmedia&parent=6195"}],"wp:term":[{"taxonomy":"category","embeddable":true,"href":"https:\/\/sndll.info\/index.php?rest_route=%2Fwp%2Fv2%2Fcategories&post=6195"},{"taxonomy":"post_tag","embeddable":true,"href":"https:\/\/sndll.info\/index.php?rest_route=%2Fwp%2Fv2%2Ftags&post=6195"}],"curies":[{"name":"wp","href":"https:\/\/api.w.org\/{rel}","templated":true}]}}