{"id":6207,"date":"2024-03-23T13:23:55","date_gmt":"2024-03-23T12:23:55","guid":{"rendered":"https:\/\/sndll.info\/?p=6207"},"modified":"2024-03-18T13:36:20","modified_gmt":"2024-03-18T12:36:20","slug":"main-doeuvre-etrangere","status":"publish","type":"post","link":"https:\/\/sndll.info\/?p=6207","title":{"rendered":"MAIN D&#8217;OEUVRE ETRANGERE"},"content":{"rendered":"<p>Plusieurs de nos adh\u00e9rents ont recours \u00e0 des salari\u00e9s \u00e9trangers. Pensez\u00a0 \u00e0 la d\u00e9claration car une taxe est exigible. On fait le point.<\/p>\n<h1 class=\"article-title\"><a href=\"https:\/\/www.ghr.fr\/social\/actualites\/taxe-due-par-les-employeurs-de-main-d-oeuvre-etrangere-pensez-a-la-declaration\">Taxe due par les employeurs de main d\u2019oeuvre \u00e9trang\u00e8re<\/a><\/h1>\n<section class=\"article-texte\">En application de <a href=\"https:\/\/www.legifrance.gouv.fr\/codes\/article_lc\/LEGIARTI000042776280\">l\u2019article L 436-10 du Code de l\u2019entr\u00e9e et du s\u00e9jour des \u00e9trangers et du droit d\u2019asile<\/a>\u00a0(Ceseda),<strong><span style=\"color: #0000ff;\">\u00a0<\/span><\/strong><b><span style=\"color: #0000ff;\">tout employeur qui embauche un <\/span><\/b><strong><span style=\"color: #0000ff;\">travailleur \u00e9tranger<\/span><\/strong> <b>ou qui accueille un salari\u00e9 d\u00e9tach\u00e9 temporairement par une entreprise non \u00e9tablie en France <\/b><strong><span style=\"color: #0000ff;\">est redevable d\u2019une taxe lors de<\/span><\/strong><b><span style=\"color: #0000ff;\"> la premi\u00e8re entr\u00e9e en France de cet \u00e9tranger ou lors de sa premi\u00e8re admission au s\u00e9jour en qualit\u00e9 de salari\u00e9.<\/span><\/b><\/p>\n<p>La gestion et le recouvrement de cette taxe pour le compte de l\u2019Etat<b> ont \u00e9t\u00e9 transf\u00e9r\u00e9es depuis le 1er janvier 2023 \u00e0 la DGFIP<\/b>.<\/p>\n<p>L<b>a taxe est d\u00e9sormais exigible \u00e0 la fin du mois au cours duquel intervient le premier jour d\u2019activit\u00e9 professionnelle en France du travailleur \u00e9tranger ou du salari\u00e9 d\u00e9tach\u00e9<\/b>. Pr\u00e9c\u00e9demment, elle devait \u00eatre acquitt\u00e9e par l\u2019employeur dans un d\u00e9lai de 3 mois \u00e0 compter de la d\u00e9livrance du titre de s\u00e9jour ou de l\u2019autorisation de travail.<\/p>\n<p>Le fait g\u00e9n\u00e9rateur de la taxe est constitu\u00e9 par le visa du contrat de travail d\u00e9livr\u00e9 par l\u2019autorit\u00e9 administrative ou l\u2019obtention de l\u2019autorisation de travail.<\/p>\n<p><strong><span style=\"color: #ff0000;\">Le changement le plus important concerne les modalit\u00e9s de recouvrement de la taxe.<\/span><\/strong><\/p>\n<p><b>La DGFiP a diffus\u00e9 sur son site internet les nouvelles modalit\u00e9s de recouvrement. <\/b>l<b>a taxe est d\u00e9clar\u00e9e et pay\u00e9e annuellement \u00e0 terme \u00e9chu et les modalit\u00e9s d\u00e9claratives de la taxe suivent les r\u00e8gles applicables en mati\u00e8re de TVA<\/b>\u00a0:<\/p>\n<ul>\n<li>les redevables relevant du r\u00e9gime r\u00e9el normal d\u2019imposition doivent t\u00e9l\u00e9d\u00e9clarer leur taxe sur l\u2019annexe n\u00b0\u00a03310 A-SD (CERFA n\u00b0\u00a010960) \u00e0 la d\u00e9claration de la TVA \u00e0 d\u00e9poser au titre du mois de janvier ou du premier trimestre de l\u2019ann\u00e9e qui suit celle au cours de laquelle la taxe est devenue exigible\u00a0;<\/li>\n<li>les redevables relevant du r\u00e9gime r\u00e9el simplifi\u00e9 d\u2019imposition en mati\u00e8re de TVA (RSI) ou du r\u00e9gime simplifi\u00e9 agricole en TVA (RSA) doivent t\u00e9l\u00e9d\u00e9clarer la taxe sur le formulaire n\u00b0\u00a03517-S-SD (CERFA n\u00b0\u00a011417) ou sur le formulaire n\u00b0\u00a03517-AGR-SD (CERFA n\u00b0\u00a010968) qui doit \u00eatre d\u00e9pos\u00e9 au titre de l\u2019exercice au cours duquel la taxe est devenue exigible\u00a0;<\/li>\n<li>les non-redevables de la TVA doivent t\u00e9l\u00e9d\u00e9clarer leur taxe sur l\u2019annexe n\u00b0\u00a03310 A-SD \u00e0 la d\u00e9claration de TVA au plus tard le 25 f\u00e9vrier de l\u2019ann\u00e9e qui suit celle au cours de laquelle la taxe est devenue exigible.<\/li>\n<\/ul>\n<p><b>Le redevable doit tenir un \u00e9tat r\u00e9capitulatif des admissions de travailleurs qui y sont soumises<\/b>.<\/p>\n<p><b>Le paiement de la taxe due par les employeurs de main d\u2019\u0153uvre \u00e9trang\u00e8re s\u2019effectue globalement avec le paiement de la TVA et des autres taxes port\u00e9es sur l\u2019annexe \u00e0 la d\u00e9claration de TVA<\/b>.<\/p>\n<p>L\u2019information du BOFIP ne concerne pas que les modalit\u00e9s de recouvrement<b>. Elle contient \u00e9galement de nombreuses autres pr\u00e9cisions utiles (champ d\u2019application, montant de la taxe, etc.), n\u2019h\u00e9sitez donc pas \u00e0 la consulter \u00e0 l\u2019aide du lien suivant\u00a0:\u00a0<\/b><a href=\"https:\/\/www.impots.gouv.fr\/taxe-due-par-les-employeurs-de-main-doeuvre-etrangere\"><b>https:\/\/www.impots.gouv.fr\/taxe-due-par-les-employeurs-de-main-doeuvre-etrangere<\/b><\/a><\/p>\n<p>Par ailleurs, l\u2019Administration communique<span style=\"color: #ff0000;\">\u00a0<\/span><b><span style=\"color: #ff0000;\">un outil d\u2019aide au calcul de la taxe due par les employeurs de main d\u2019\u0153uvre<\/span> <\/b><strong><span style=\"color: #ff0000;\">\u00e9trang\u00e8re\u00a0<\/span><\/strong>:\u00a0<a href=\"https:\/\/www.impots.gouv.fr\/formulaire\/2859-fc-sd\/fiche-daide-au-calcul-de-la-taxe-due-par-les-employeurs-de-main-doeuvre\"><b>https:\/\/www.impots.gouv.fr\/formulaire\/2859-fc-sd\/fiche-daide-au-calcul-de-la-taxe-due-par-les-employeurs-de-main-doeuvre<\/b><\/a><b><\/b><\/p>\n<p><b>Sources utiles\u00a0:<\/b><\/p>\n<ul>\n<li><a href=\"https:\/\/www.legifrance.gouv.fr\/codes\/article_lc\/LEGIARTI000042776280\"><b>https:\/\/www.legifrance.gouv.fr\/codes\/article_lc\/LEGIARTI000042776280<\/b><\/a><\/li>\n<li><a href=\"https:\/\/bofip.impots.gouv.fr\/bofip\/13996-PGP.html\/identifiant%3DBOI-TPS-EMOE-20230705\"><b>https:\/\/bofip.impots.gouv.fr\/bofip\/13996-PGP.html\/identifiant%3DBOI-TPS-EMOE-20230705<\/b><\/a><b><\/b><\/li>\n<li><a href=\"https:\/\/www.impots.gouv.fr\/taxe-due-par-les-employeurs-de-main-doeuvre-etrangere\"><b>https:\/\/www.impots.gouv.fr\/taxe-due-par-les-employeurs-de-main-doeuvre-etrangere<\/b><\/a><\/li>\n<\/ul>\n<\/section>\n","protected":false},"excerpt":{"rendered":"<p>Plusieurs de nos adh\u00e9rents ont recours \u00e0 des salari\u00e9s \u00e9trangers. Pensez\u00a0 \u00e0 la d\u00e9claration car une taxe est exigible. On fait le point. Taxe due par les employeurs de main d\u2019oeuvre \u00e9trang\u00e8re En application&#8230;<\/p>\n","protected":false},"author":2,"featured_media":0,"comment_status":"closed","ping_status":"closed","sticky":false,"template":"","format":"standard","meta":{"_mi_skip_tracking":false,"_monsterinsights_sitenote_active":false,"_monsterinsights_sitenote_note":"","_monsterinsights_sitenote_category":0},"categories":[5,9],"tags":[],"_links":{"self":[{"href":"https:\/\/sndll.info\/index.php?rest_route=\/wp\/v2\/posts\/6207"}],"collection":[{"href":"https:\/\/sndll.info\/index.php?rest_route=\/wp\/v2\/posts"}],"about":[{"href":"https:\/\/sndll.info\/index.php?rest_route=\/wp\/v2\/types\/post"}],"author":[{"embeddable":true,"href":"https:\/\/sndll.info\/index.php?rest_route=\/wp\/v2\/users\/2"}],"replies":[{"embeddable":true,"href":"https:\/\/sndll.info\/index.php?rest_route=%2Fwp%2Fv2%2Fcomments&post=6207"}],"version-history":[{"count":1,"href":"https:\/\/sndll.info\/index.php?rest_route=\/wp\/v2\/posts\/6207\/revisions"}],"predecessor-version":[{"id":6209,"href":"https:\/\/sndll.info\/index.php?rest_route=\/wp\/v2\/posts\/6207\/revisions\/6209"}],"wp:attachment":[{"href":"https:\/\/sndll.info\/index.php?rest_route=%2Fwp%2Fv2%2Fmedia&parent=6207"}],"wp:term":[{"taxonomy":"category","embeddable":true,"href":"https:\/\/sndll.info\/index.php?rest_route=%2Fwp%2Fv2%2Fcategories&post=6207"},{"taxonomy":"post_tag","embeddable":true,"href":"https:\/\/sndll.info\/index.php?rest_route=%2Fwp%2Fv2%2Ftags&post=6207"}],"curies":[{"name":"wp","href":"https:\/\/api.w.org\/{rel}","templated":true}]}}