{"id":6218,"date":"2024-04-02T06:01:38","date_gmt":"2024-04-02T04:01:38","guid":{"rendered":"https:\/\/sndll.info\/?p=6218"},"modified":"2024-03-20T08:25:35","modified_gmt":"2024-03-20T07:25:35","slug":"vehicule-dentreprise","status":"publish","type":"post","link":"https:\/\/sndll.info\/?p=6218","title":{"rendered":"VEHICULE D&#8217;ENTREPRISE"},"content":{"rendered":"<p>Il nous est apparu important de faire le point sur cette question qui concerne beaucoup d&#8217;\u00e9tablissements.<\/p>\n<div id=\"block-economie-content\" class=\"block block-system block-system-main-block\">\n<article class=\"node node--type-article node--view-mode-full entreprise\" data-history-node-id=\"3226785\">\n<div class=\"node__content\">\n<p>En France, toutes les entreprises qui poss\u00e8dent ou utilisent des voitures particuli\u00e8res ou \u00e0 usage multiple dans le cadre de leurs activit\u00e9s sont redevables de deux taxes sur l\u2019affectation des v\u00e9hicules \u00e0 des fins \u00e9conomiques. Quelles sont-elles ? Quelles sont les entreprises concern\u00e9es ? Pour quels types de v\u00e9hicules ? Explications.<\/p>\n<div class=\"paragraph paragraph--type--sommaire paragraph--view-mode--default\">\n<nav class=\"fr-summary\" role=\"navigation\" aria-labelledby=\"fr-summary-title\">\n<h2 id=\"fr-summary-title\" class=\"fr-summary__title\">SOMMAIRE<\/h2>\n<ol class=\"fr-summary__list\">\n<li><a class=\"fr-summary__link\" href=\"https:\/\/www.economie.gouv.fr\/entreprises\/taxes-affectation-des-vehicules-fins-economiques#taxes-sur-l-affectation-des-v-hi_0\">Taxes sur l&#8217;affectation des v\u00e9hicules \u00e0 des fins \u00e9conomiques : quelles sont-elles ?<\/a><\/li>\n<li><a class=\"fr-summary__link\" href=\"https:\/\/www.economie.gouv.fr\/entreprises\/taxes-affectation-des-vehicules-fins-economiques#quelles-sont-les-entreprises-con_1\">Quelles sont les entreprises concern\u00e9es\u00a0?<\/a><\/li>\n<li><a class=\"fr-summary__link\" href=\"https:\/\/www.economie.gouv.fr\/entreprises\/taxes-affectation-des-vehicules-fins-economiques#quels-sont-les-v-hicules-concern_2\">Quels sont les v\u00e9hicules concern\u00e9s\u00a0?<\/a><\/li>\n<li><a class=\"fr-summary__link\" href=\"https:\/\/www.economie.gouv.fr\/entreprises\/taxes-affectation-des-vehicules-fins-economiques#quelles-sont-les-modalit-s-d-imp_3\">Quelles sont les modalit\u00e9s d\u2019imposition ?<\/a><\/li>\n<li><a class=\"fr-summary__link\" href=\"https:\/\/www.economie.gouv.fr\/entreprises\/taxes-affectation-des-vehicules-fins-economiques#comment-d-clarer-et-payer-ces-ta_4\">Comment d\u00e9clarer et payer ces taxes ?<\/a><\/li>\n<li><a class=\"fr-summary__link\" href=\"https:\/\/www.economie.gouv.fr\/entreprises\/taxes-affectation-des-vehicules-fins-economiques#quelles-sont-les-obligations-pou_5\">Quelles sont les obligations pour les entreprises ?<\/a><\/li>\n<\/ol>\n<\/nav>\n<\/div>\n<div class=\"paragraph paragraph--type--contenu-libre paragraph--view-mode--default title-h6 title-h5\">\n<div class=\"paragraph--type--bloc-bloc-de-texte-encadre- titre--like\">\n<p class=\"field--name-field-titre\">Ce qui change en 2024<\/p>\n<div class=\"field--name-field-contenu-libre\">\n<p>Afin d&#8217;acc\u00e9l\u00e9rer la transition vers l&#8217;utilisation de v\u00e9hicules propres, les taxes sur l&#8217;affectation des v\u00e9hicules \u00e0 des fins \u00e9conomiques (ex-TVS) \u00e9voluent au 1<sup>er<\/sup>\u00a0janvier 2024 :<\/p>\n<ul>\n<li>les tarifs relatifs \u00e0 la taxe annuelle sur les \u00e9missions de CO<sub>2<\/sub>\u00a0augmentent et \u00e9voluent,<\/li>\n<li>la taxe sur les \u00e9missions de polluants atmosph\u00e9riques remplace quant \u00e0 elle la taxe annuelle sur l&#8217;anciennet\u00e9 des v\u00e9hicules, qui avait \u00e9t\u00e9 mise en place en 2023.<\/li>\n<\/ul>\n<p><a class=\"url-alias-convert\" title=\"\u00ab entreprendre.service-public.fr \u00bb dans une nouvelle fen\u00eatre\" href=\"https:\/\/entreprendre.service-public.fr\/actualites\/A17056\" target=\"_blank\" rel=\"noopener\" data-tracking=\"{}\">Retrouvez plus de d\u00e9tail sur entreprendre.service-public.fr.<\/a><\/p>\n<\/div>\n<\/div>\n<h2 id=\"taxes-sur-l-affectation-des-v-hi_0\">Taxes sur l&#8217;affectation des v\u00e9hicules \u00e0 des fins \u00e9conomiques<\/h2>\n<p>La\u00a0<strong>taxe sur les v\u00e9hicules de soci\u00e9t\u00e9<\/strong>\u00a0(TVS) a \u00e9t\u00e9\u00a0<strong>remplac\u00e9e par deux taxes sur les v\u00e9hicules de tourisme affect\u00e9s \u00e0 des fins \u00e9conomiques<\/strong>\u00a0:<\/p>\n<ul>\n<li>la<strong>\u00a0taxe annuelle sur les \u00e9missions de dioxyde de carbone<\/strong>\u00a0(ou CO<sub>2<\/sub>),<\/li>\n<li>et la taxe annuelle sur l&#8217;anciennet\u00e9 des v\u00e9hicules de tourisme, qui est devenue au 1<sup>er<\/sup>\u00a0janvier 2024 la\u00a0<strong>taxe annuelle sur les \u00e9missions de polluants atmosph\u00e9riques<\/strong>.<\/li>\n<\/ul>\n<h2 id=\"quelles-sont-les-entreprises-con_1\"><span style=\"color: #0000ff;\">\u00a0les entreprises concern\u00e9es ?<\/span><\/h2>\n<p>Ces deux taxes sont\u00a0<strong>dues par les entreprises<\/strong>\u00a0(soci\u00e9t\u00e9s ou entreprises individuelles) qui :<\/p>\n<ul>\n<li>d\u00e9tiennent des v\u00e9hicules affect\u00e9s \u00e0 des fins \u00e9conomiques,<\/li>\n<li>ou en disposent dans le cadre d&#8217;une location ou d&#8217;une mise \u00e0 disposition,<\/li>\n<li>ou encore prennent en charge les frais d&#8217;acquisition ou d&#8217;utilisation de v\u00e9hicules.<\/li>\n<\/ul>\n<h2 id=\"quels-sont-les-v-hicules-concern_2\"><span style=\"color: #0000ff;\">\u00a0les v\u00e9hicules concern\u00e9s ?<\/span><\/h2>\n<h3>\u00a0Seuls les\u00a0<strong>v\u00e9hicules disposant des caract\u00e9ristiques techniques suivantes\u00a0<\/strong>sont soumis \u00e0 ces deux taxes :<\/h3>\n<ul>\n<li>les v\u00e9hicules immatricul\u00e9s dans la cat\u00e9gorie \u00ab\u00a0<a class=\"url-alias-convert\" title=\"\u00ab legifrance.gouv.fr \u00bb dans une nouvelle fen\u00eatre\" href=\"https:\/\/www.legifrance.gouv.fr\/codes\/article_lc\/LEGIARTI000043750942\" target=\"_blank\" rel=\"noopener\" data-tracking=\"{}\">M1<\/a>\u00a0\u00bb c&#8217;est-\u00e0-dire les voitures particuli\u00e8res avec la mention \u00ab VP \u00bb inscrite sur le certificat d&#8217;immatriculation (ou carte grise),<\/li>\n<li><strong><span style=\"color: #ff0000;\">les v\u00e9hicules \u00e0 usages multiples class\u00e9s en cat\u00e9gorie \u00ab\u00a0<a class=\"url-alias-convert\" style=\"color: #ff0000;\" title=\"\u00ab legifrance.gouv.fr\/ \u00bb dans une nouvelle fen\u00eatre\" href=\"http:\/\/www.legifrance.gouv.fr\/codes\/article_lc\/LEGIARTI000043750942\" target=\"_blank\" rel=\"noopener\" data-tracking=\"{}\">N1<\/a>\u00a0\u00bb et destin\u00e9s au transport de personnes et de marchandises.<\/span> <\/strong>Dans les faits, cela correspond \u00e0 deux types de v\u00e9hicules :\n<ul>\n<li>les v\u00e9hicules dont la carte grise porte la mention camionnette ou le code BB dans la case J2,<\/li>\n<li>les camions de type pick-up\u00a0et qui comportent au moins cinq places assises portant le code BE dans la case J2.<\/li>\n<\/ul>\n<\/li>\n<\/ul>\n<h3>Usage des v\u00e9hicules<\/h3>\n<p>Il faut par ailleurs que les\u00a0<strong>v\u00e9hicules soient affect\u00e9s \u00e0 des fins \u00e9conomiques et destin\u00e9es au transport de personnes<\/strong>. Cela correspond \u00e0 l\u2019une des conditions suivantes\u00a0 :<\/p>\n<ul>\n<li>les v\u00e9hicules sont d\u00e9tenus (c&#8217;est-\u00e0-dire poss\u00e9d\u00e9s ou pris en location de longue dur\u00e9e) par une entreprise, et sont immatricul\u00e9s en France,<\/li>\n<li>les v\u00e9hicules circulent sur la voie publique et une entreprise prend \u00e0 sa charge totalement ou partiellement les frais engag\u00e9s par une personne physique pour en disposer ou les utiliser,<\/li>\n<li>dans les situations autres que les deux premi\u00e8res, <strong><span style=\"color: #ff0000;\">les v\u00e9hicules circulent sur la voie publique pour les besoins de la r\u00e9alisation d\u2019une activit\u00e9 \u00e9conomique de l\u2019entreprise<\/span><\/strong><\/li>\n<\/ul>\n<p>source :\u00a0<a class=\"url-alias-convert\" title=\"\u00ab legifrance.gouv.fr \u00bb dans une nouvelle fen\u00eatre\" href=\"https:\/\/www.legifrance.gouv.fr\/codes\/article_lc\/LEGIARTI000046196671\" target=\"_blank\" rel=\"noopener\" data-tracking=\"{}\">article L421-95<\/a>\u00a0du code des impositions sur les biens et services.<\/p>\n<h3><strong><span style=\"color: #0000ff;\">Quels sont les v\u00e9hicules exon\u00e9r\u00e9s ?<\/span><\/strong><\/h3>\n<p>Les\u00a0<strong>v\u00e9hicules destin\u00e9s exclusivement aux activit\u00e9s suivantes sont exon\u00e9r\u00e9s des deux taxes<\/strong>\u00a0:<\/p>\n<ul>\n<li>vente, par exemple les voitures des n\u00e9gociants en automobile, concessionnaires,<\/li>\n<li>location, dans le cadre d&#8217;une entreprise de location de v\u00e9hicules,<\/li>\n<li>transport de personnes en fauteuil roulant pour les v\u00e9hicules accessibles aux fauteuils roulants,<\/li>\n<li>transport \u00e0 la disposition du public tels que les taxis et les VTC,<\/li>\n<li>enseignement de la conduite automobile et de conduite de pilotage sportif,<\/li>\n<li>comp\u00e9titions sportives,<\/li>\n<li>v\u00e9hicules utilis\u00e9s par les centres de contr\u00f4les techniques,<\/li>\n<li>v\u00e9hicules utilis\u00e9s par les associations \u00e0 but non lucratif.<\/li>\n<\/ul>\n<div class=\"paragraph--type--bloc-bloc-de-texte-encadre- titre--like\">\n<p class=\"field--name-field-titre\">\u00c0 savoir<\/p>\n<div class=\"field--name-field-contenu-libre\">\n<p>La liste des v\u00e9hicules exon\u00e9r\u00e9s figure dans les notices\u00a0<a class=\"url-alias-convert\" title=\"\u00ab impots.gouv.fr \u00bb dans une nouvelle fen\u00eatre\" href=\"https:\/\/www.impots.gouv.fr\/formulaire\/2857-fc-sd\/fiche-daide-au-calcul-de-la-taxe-sur-les-emissions-de-dioxyde-de-carbone-des\" target=\"_blank\" rel=\"noopener\" data-tracking=\"{}\">2857-FC-NOT-SD<\/a>\u00a0\u00ab D\u00e9clarations de taxe annuelle sur les \u00e9missions de dioxyde de carbone des v\u00e9hicules de tourisme \u00bb et\u00a0<a class=\"url-alias-convert\" title=\"\u00ab impots.gouv.fr \u00bb dans une nouvelle fen\u00eatre\" href=\"https:\/\/www.impots.gouv.fr\/formulaire\/2858-fc-sd\/fiche-daide-au-calcul-de-la-taxe-sur-lanciennete-des-vehicules-de-tourisme\" target=\"_blank\" rel=\"noopener\" data-tracking=\"{}\">2858-FC-NOT-SD<\/a>\u00a0: \u00ab D\u00e9clarations de taxe annuelle sur l\u2019anciennet\u00e9 des v\u00e9hicules de tourisme.\u00a0\u00bb<\/p>\n<\/div>\n<\/div>\n<h2 id=\"quelles-sont-les-modalit-s-d-imp_3\"><strong><span style=\"color: #0000ff;\">les modalit\u00e9s d\u2019imposition ?<\/span><\/strong><\/h2>\n<p><strong>La p\u00e9riode d&#8217;imposition est annuelle<\/strong>. Les deux taxes sont pay\u00e9es\u00a0<strong>pour l&#8217;utilisation faite du v\u00e9hicule l&#8217;ann\u00e9e civile pr\u00e9c\u00e9dente<\/strong>, et\u00a0<strong>en fonction du tarif annuel de chaque taxe<\/strong>.<\/p>\n<h3>Taxe annuelle sur les \u00e9missions de dioxyde de carbone<\/h3>\n<p>Le calcul de cette taxe s&#8217;effectue\u00a0<strong>selon le nombre de jours d&#8217;utilisation du v\u00e9hicule dans l&#8217;ann\u00e9e et de la cat\u00e9gorie \u00e0 laquelle le v\u00e9hicule appartient<\/strong>.<\/p>\n<p class=\"text-align-center\"><a class=\"btn--primary url-alias-convert\" title=\"\u00ab entreprendre.service-public.fr \u00bb dans une nouvelle fen\u00eatre\" href=\"https:\/\/entreprendre.service-public.fr\/vosdroits\/F22203\" target=\"_blank\" rel=\"noopener\" data-tracking=\"{}\">En savoir plus sur le calcul de cette taxe<\/a><\/p>\n<h3>Taxe sur les \u00e9missions de polluants atmosph\u00e9riques<\/h3>\n<p>Le montant annuel de cette taxe varie\u00a0<strong>selon la cat\u00e9gorie d&#8217;\u00e9missions de polluants<\/strong>\u00a0\u00e0 laquelle appartient le v\u00e9hicule.<\/p>\n<p class=\"text-align-center\"><a class=\"btn--primary\" title=\"\u00ab entreprendre.service-public.fr \u00bb dans une nouvelle fen\u00eatre\" href=\"http:\/\/entreprendre.service-public.fr\/vosdroits\/F22203\" target=\"_blank\" rel=\"noopener\" data-tracking=\"{}\">En savoir plus sur le calcul de cette taxe<\/a><\/p>\n<div class=\"paragraph--type--bloc-bloc-de-texte-encadre- titre--like\">\n<p class=\"field--name-field-titre\">\u00c0 savoir<\/p>\n<div class=\"field--name-field-contenu-libre\">\n<p>Retrouvez sur le site impots.gouv.fr des fiches d\u2019aide au calcul :\u00a0<a class=\"url-alias-convert\" title=\"\u00ab impots.gouv.fr \u00bb dans une nouvelle fen\u00eatre\" href=\"https:\/\/www.impots.gouv.fr\/formulaire\/2857-fc-sd\/fiche-daide-au-calcul-de-la-taxe-sur-les-emissions-de-dioxyde-de-carbone-des\" target=\"_blank\" rel=\"noopener\" data-tracking=\"{}\">formulaire n\u00b02857-FC-SD\u00a0<\/a>et\u00a0<a class=\"url-alias-convert\" title=\"\u00ab impots.gouv.fr \u00bb dans une nouvelle fen\u00eatre\" href=\"https:\/\/www.impots.gouv.fr\/formulaire\/2858-fc-sd\/fiche-daide-au-calcul-de-la-taxe-sur-lanciennete-des-vehicules-de-tourisme\" target=\"_blank\" rel=\"noopener\" data-tracking=\"{}\">formulaire n\u00b02858-FC-SD<\/a><\/p>\n<\/div>\n<\/div>\n<h2 id=\"comment-d-clarer-et-payer-ces-ta_4\">Comment d\u00e9clarer et payer ces taxes ?<\/h2>\n<p>Les formalit\u00e9s d\u00e9claratives et de paiement de ces deux taxes annuelles\u00a0<strong>d\u00e9pendent du r\u00e9gime d&#8217;imposition de l&#8217;entreprise en mati\u00e8re de TVA<\/strong>\u00a0:<\/p>\n<ul>\n<li>pour les redevables soumis au\u00a0<strong>r\u00e9gime r\u00e9el normal d&#8217;imposition<\/strong>\u00a0ou les\u00a0<strong>non redevables de la TVA<\/strong>\u00a0: les taxes sont \u00e0 d\u00e9clarer sur l&#8217;<a class=\"url-alias-convert\" title=\"\u00ab impots.gouv.fr \u00bb dans une nouvelle fen\u00eatre\" href=\"https:\/\/www.impots.gouv.fr\/formulaire\/3310-a-sd\/tva-et-taxes-assimilees\" target=\"_blank\" rel=\"noopener\" data-tracking=\"{}\">annexe n\u00b0 3310 A \u00e0 la d\u00e9claration de la TVA<\/a>\u00a0\u00e0 d\u00e9poser au cours du mois de janvier suivant la p\u00e9riode d\u2019imposition, les personnes non redevables de la TVA ayant jusqu\u2019au 25 janvier pour d\u00e9clarer les taxes,<\/li>\n<li>pour les r<strong>edevables soumis au r\u00e9gime simplifi\u00e9 d\u2019imposition en mati\u00e8re de TVA<\/strong>, les taxes sont \u00e0 d\u00e9clarer sur le\u00a0<a class=\"url-alias-convert\" title=\"\u00ab impots.gouv.fr \u00bb dans une nouvelle fen\u00eatre\" href=\"https:\/\/www.impots.gouv.fr\/formulaire\/3517-s-sd\/tva-et-taxes-assimilees-et-regime-simplifie\" target=\"_blank\" rel=\"noopener\" data-tracking=\"{}\">formulaire n\u00b0 3517-S<\/a>\u00a0qui doit \u00eatre d\u00e9pos\u00e9 au titre de l&#8217;exercice au cours duquel la taxe est devenue exigible, selon le calendrier habituel (3 mai ou dans les trois mois de la cl\u00f4ture de l&#8217;exercice si votre exercice ne cl\u00f4ture pas au 31 d\u00e9cembre).<\/li>\n<\/ul>\n<p>La d\u00e9claration et le paiement de ces taxes se font sur le\u00a0<a class=\"url-alias-convert\" title=\"\u00ab impots.gouv.fr \u00bb dans une nouvelle fen\u00eatre\" href=\"https:\/\/www.impots.gouv.fr\/accueil\" target=\"_blank\" rel=\"noopener\" data-tracking=\"{}\">portail impots.gouv.fr<\/a>.<\/p>\n<h2 id=\"quelles-sont-les-obligations-pou_5\"><strong><span style=\"color: #0000ff;\">les obligations pour les entreprises ?<\/span><\/strong><\/h2>\n<p>Les entreprises doivent d\u00e9sormais tenir, pour chacune des taxes dont elles sont redevables,\u00a0<strong>un \u00e9tat r\u00e9capitulatif annuel des v\u00e9hicules affect\u00e9s \u00e0 leur activit\u00e9<\/strong>.<\/p>\n<p>Pour chaque v\u00e9hicule affect\u00e9,\u00a0<strong>cet \u00e9tat r\u00e9capitulatif recense les informations<\/strong>\u00a0suivantes :<\/p>\n<ul>\n<li>les param\u00e8tres techniques,<\/li>\n<li>la date de premi\u00e8re immatriculation et la date de premi\u00e8re immatriculation en France,<\/li>\n<li>les conditions de l&#8217;affectation,<\/li>\n<li>les p\u00e9riodes d&#8217;affectation.<\/li>\n<\/ul>\n<p>Source :\u00a0<a class=\"url-alias-convert\" title=\"\u00ab legifrance.gouv.fr \u00bb dans une nouvelle fen\u00eatre\" href=\"https:\/\/www.legifrance.gouv.fr\/codes\/article_lc\/LEGIARTI000044602853\" target=\"_blank\" rel=\"noopener\" data-tracking=\"{}\">article L421-164<\/a>\u00a0du code des impositions sur les biens et services<\/p>\n<div class=\"paragraph--type--bloc-bloc-de-texte-encadre- titre--like\">\n<p class=\"field--name-field-titre\"><strong><span style=\"color: #ff0000;\">\u00c0 savoir:02<\/span><\/strong><\/p>\n<div class=\"field--name-field-contenu-libre\">\n<p>L&#8217;\u00e9tat r\u00e9capitulatif annuel doit \u00eatre \u00e0 jour au plus tard \u00e0 la date de la d\u00e9claration. Il peut \u00eatre communiqu\u00e9 \u00e0 l\u2019administration fiscale \u00e0 sa demande.<\/p>\n<\/div>\n<\/div>\n<\/div>\n<\/div>\n<\/article>\n<\/div>\n","protected":false},"excerpt":{"rendered":"<p>Il nous est apparu important de faire le point sur cette question qui concerne beaucoup d&#8217;\u00e9tablissements. En France, toutes les entreprises qui poss\u00e8dent ou utilisent des voitures particuli\u00e8res ou \u00e0 usage multiple dans le&#8230;<\/p>\n","protected":false},"author":2,"featured_media":0,"comment_status":"closed","ping_status":"closed","sticky":false,"template":"","format":"standard","meta":{"_mi_skip_tracking":false,"_monsterinsights_sitenote_active":false,"_monsterinsights_sitenote_note":"","_monsterinsights_sitenote_category":0},"categories":[5],"tags":[],"_links":{"self":[{"href":"https:\/\/sndll.info\/index.php?rest_route=\/wp\/v2\/posts\/6218"}],"collection":[{"href":"https:\/\/sndll.info\/index.php?rest_route=\/wp\/v2\/posts"}],"about":[{"href":"https:\/\/sndll.info\/index.php?rest_route=\/wp\/v2\/types\/post"}],"author":[{"embeddable":true,"href":"https:\/\/sndll.info\/index.php?rest_route=\/wp\/v2\/users\/2"}],"replies":[{"embeddable":true,"href":"https:\/\/sndll.info\/index.php?rest_route=%2Fwp%2Fv2%2Fcomments&post=6218"}],"version-history":[{"count":2,"href":"https:\/\/sndll.info\/index.php?rest_route=\/wp\/v2\/posts\/6218\/revisions"}],"predecessor-version":[{"id":6239,"href":"https:\/\/sndll.info\/index.php?rest_route=\/wp\/v2\/posts\/6218\/revisions\/6239"}],"wp:attachment":[{"href":"https:\/\/sndll.info\/index.php?rest_route=%2Fwp%2Fv2%2Fmedia&parent=6218"}],"wp:term":[{"taxonomy":"category","embeddable":true,"href":"https:\/\/sndll.info\/index.php?rest_route=%2Fwp%2Fv2%2Fcategories&post=6218"},{"taxonomy":"post_tag","embeddable":true,"href":"https:\/\/sndll.info\/index.php?rest_route=%2Fwp%2Fv2%2Ftags&post=6218"}],"curies":[{"name":"wp","href":"https:\/\/api.w.org\/{rel}","templated":true}]}}