{"id":6233,"date":"2024-04-03T06:08:16","date_gmt":"2024-04-03T04:08:16","guid":{"rendered":"https:\/\/sndll.info\/?p=6233"},"modified":"2024-03-20T08:27:06","modified_gmt":"2024-03-20T07:27:06","slug":"nouvelles-obligations-employeurs-le-point","status":"publish","type":"post","link":"https:\/\/sndll.info\/?p=6233","title":{"rendered":"NOUVELLES OBLIGATIONS EMPLOYEURS: le point"},"content":{"rendered":"<p>&nbsp;<\/p>\n<p>&nbsp;<\/p>\n<h1 class=\"article-title\"><a href=\"https:\/\/www.ghr.fr\/social\/actualites\/informations-sur-la-relation-de-travail-de-nouvelles-obligations-pour-les\">Informations sur la relation de travail\u00a0: de nouvelles obligations pour les employeurs<\/a><\/h1>\n<header class=\"article-meta\">\n<div class=\"art-rub\"><a title=\"Actualit\u00e9s\" href=\"https:\/\/www.ghr.fr\/social\/actualites\/\">Actualit\u00e9s<\/a><\/div>\n<p><span class=\"art-dte\">Publi\u00e9 le\u00a0<span class=\"date\">03\/11\/2023<\/span><\/span><\/p>\n<div class=\"share-buttons\"><span class=\"btn-facebook\"><a href=\"https:\/\/www.facebook.com\/sharer\/sharer.php?u=https:\/\/www.ghr.fr\/social\/actualites\/informations-sur-la-relation-de-travail-de-nouvelles-obligations-pour-les\" target=\"_blank\" rel=\"noopener\"><i class=\"fab fa-facebook-f\" aria-hidden=\"true\"><\/i>\u00a0<\/a><\/span><span class=\"btn-twitter\"><i class=\"fab fa-twitter\" aria-hidden=\"true\"><\/i>\u00a0<\/span><a id=\"button_link\" href=\"https:\/\/www.ghr.fr\/social\/actualites\/informations-sur-la-relation-de-travail-de-nouvelles-obligations-pour-les\"><i class=\"far fa-link fa-rotate-90\" aria-hidden=\"true\"><\/i><\/a><\/div>\n<\/header>\n<section class=\"article-texte\">Par un nouveau texte (d\u00e9cret 30 octobre 2023, JO du 31 octobre), la France finalise la transposition d\u2019une directive communautaire en mati\u00e8re d\u2019information sur la relation de travail.Si la plupart de ces informations sont d\u2019ores et d\u00e9j\u00e0 communiqu\u00e9es par les employeurs lors de la conclusion du contrat de travail, il convient toutefois de s\u2019assurer de leur exhaustivit\u00e9.Les dispositions de ce d\u00e9cret sont entr\u00e9es en vigueur le 1<sup>er<\/sup>\u00a0novembre 2023.<\/p>\n<ul>\n<li><b><u>Information \u00e0 d\u00e9livrer \u00e0 tous les salari\u00e9s\u00a0:<\/u><\/b><\/li>\n<\/ul>\n<p>L\u2019employeur a pour obligation de communiquer une liste d\u2019informations de mani\u00e8re individuelle. Par principe, cette information se mat\u00e9rialise par la remise de documents. N\u00e9anmoins, le d\u00e9cret pr\u00e9cise qu\u2019un simple renvoi aux dispositions l\u00e9gislatives, r\u00e8glementaires ou aux stipulations applicables suffit \u00e0 satisfaire cette obligation.<\/p>\n<p>Depuis le 1<sup>er<\/sup>\u00a0novembre 2023, l\u2019employeur doit donc communiquer individuellement aux salari\u00e9s les informations suivantes\u00a0<i>a minima<\/i>\u00a0:<\/p>\n<ul>\n<li><u>Au plus tard le 7<sup>\u00e8me<\/sup>\u00a0jour calendaire \u00e0 compter de la date d\u2019embauche\u00a0(c. trav. art. R.1221-34)<\/u><\/li>\n<\/ul>\n<ul>\n<li>L\u2019identit\u00e9 des parties \u00e0 la relation de travail\u00a0;<\/li>\n<li>Le lieu ou les lieux de travail et, si elle est distincte, l\u2019adresse de l\u2019employeur\u00a0;<\/li>\n<li>L\u2019intitul\u00e9 du poste, les fonctions, la cat\u00e9gorie socioprofessionnelle ou la cat\u00e9gorie d\u2019emploi\u00a0;<\/li>\n<li>La date d\u2019embauche\u00a0;<\/li>\n<li>Dans le cas d\u2019une relation de travail \u00e0 dur\u00e9e d\u00e9termin\u00e9e, la date de fin ou la dur\u00e9e pr\u00e9vue de celle-ci\u00a0;<\/li>\n<li>Le cas \u00e9ch\u00e9ant, la dur\u00e9e et les conditions de la p\u00e9riode d\u2019essai\u00a0;<\/li>\n<li>Les \u00e9l\u00e9ments constitutifs de la r\u00e9mun\u00e9ration telle que d\u00e9finie par le code du travail, indiqu\u00e9s s\u00e9par\u00e9ment, y compris les majorations pour les heures suppl\u00e9mentaires, ainsi que la p\u00e9riodicit\u00e9 et les modalit\u00e9s de paiement de cette r\u00e9mun\u00e9ration\u00a0;<\/li>\n<li>La dur\u00e9e de travail quotidienne, hebdomadaire, mensuelle ou ses modalit\u00e9s d\u2019am\u00e9nagement sur une autre p\u00e9riode de r\u00e9f\u00e9rence, les conditions dans lesquelles le salari\u00e9 peut \u00eatre conduit \u00e0 effectuer des heures suppl\u00e9mentaires ou compl\u00e9mentaires, ainsi que, le cas \u00e9ch\u00e9ant, toute modalit\u00e9 concernant les changements d\u2019\u00e9quipe en cas d\u2019organisation du travail en \u00e9quipes successives alternantes.<\/li>\n<li><u>Au plus tard 1 mois \u00e0 compter de la date d\u2019embauche\u00a0:<\/u><\/li>\n<li>Dans le cas du salari\u00e9 temporaire, l\u2019identit\u00e9 de l\u2019entreprise utilisatrice, lorsqu\u2019elle est connue et aussit\u00f4t qu\u2019elle l\u2019est\u00a0;<\/li>\n<li>Le droit \u00e0 la formation assur\u00e9 par l\u2019employeur conform\u00e9ment \u00e0 ses obligations en la mati\u00e8re\u00a0;<\/li>\n<li>La dur\u00e9e du cong\u00e9 pay\u00e9 auquel le salari\u00e9 a droit, ou les modalit\u00e9s de calcul de cette dur\u00e9e\u00a0;<\/li>\n<li>La proc\u00e9dure \u00e0 observer par l\u2019employeur et le salari\u00e9 en cas de cessation de leur relation de travail\u00a0;<\/li>\n<li>Les conventions et accords collectifs applicables au salari\u00e9 dans l\u2019entreprise ou l\u2019\u00e9tablissement\u00a0;<\/li>\n<li>Les r\u00e9gimes obligatoires auxquels est affili\u00e9 le salari\u00e9, la mention des contrats de protection sociale compl\u00e9mentaire dont les salari\u00e9s b\u00e9n\u00e9ficient collectivement en application d\u2019un accord collectif ou d\u2019une d\u00e9cision unilat\u00e9rale de l\u2019employeur ainsi que, le cas \u00e9ch\u00e9ant, les conditions d\u2019anciennet\u00e9 qui y sont attach\u00e9es.<\/li>\n<\/ul>\n<p>&nbsp;<\/p>\n<ul>\n<li><b><u>Informations des salari\u00e9s recrut\u00e9s avant le 1<sup>er<\/sup>\u00a0novembre\u00a0:<\/u><\/b><\/li>\n<\/ul>\n<p>Si un salari\u00e9 n\u2019a pas obtenu les informations obligatoires, il peut en demander communication \u00e0 tout moment aupr\u00e8s de l\u2019employeur qui est tenu de r\u00e9pondre selon les modalit\u00e9s temporelles ci-avant \u00e9voqu\u00e9es selon la nature de l\u2019information demand\u00e9e.<\/p>\n<ul>\n<li><u>Informations dues aux salari\u00e9s appel\u00e9s \u00e0 travailler \u00e0 l\u2019\u00e9tranger\u00a0:<\/u><\/li>\n<\/ul>\n<p>Aux informations communiqu\u00e9es \u00e0 tous les salari\u00e9s s\u2019ajoutent des informations particuli\u00e8res si le salari\u00e9 travaille \u00e0 l\u2019\u00e9tranger.<\/p>\n<p>Les dispositions du d\u00e9cret distinguent le cas o\u00f9 le salari\u00e9 est appel\u00e9 \u00e0 travailler \u00e0 l\u2019\u00e9tranger pour une dur\u00e9e cons\u00e9cutive sup\u00e9rieure \u00e0 4 semaines du cas o\u00f9 salari\u00e9 est d\u00e9tach\u00e9 dans le cadre d\u2019une prestation de service transnationale en UE ou dans l\u2019EEE.<\/p>\n<ul>\n<li><u>Pour une dur\u00e9e sup\u00e9rieure \u00e0 4 semaines cons\u00e9cutives\u00a0:<\/u><\/li>\n<\/ul>\n<p>Les informations suppl\u00e9mentaires \u00e0 communiquer sont les suivantes\u00a0:<\/p>\n<ul>\n<li>Le ou les pays dans lesquels le travail \u00e0 l\u2019\u00e9tranger est effectu\u00e9 et la dur\u00e9e pr\u00e9vue\u00a0;<\/li>\n<li>La devise servant au paiement de la r\u00e9mun\u00e9ration (avec possibilit\u00e9 d\u2019un simple renvoi aux dispositions l\u00e9gislatives et r\u00e9glementaires ou aux stipulations conventionnelles applicables)<\/li>\n<li>Le cas \u00e9ch\u00e9ant, les avantages en esp\u00e8ces et en nature li\u00e9s aux t\u00e2ches concern\u00e9es\u00a0;<\/li>\n<li>Les renseignements indiquant si le rapatriement est organis\u00e9 et, s\u2019il l\u2019est, les conditions de rapatriement du salari\u00e9.<\/li>\n<\/ul>\n<p>Cette communication doit se faire\u00a0<b>avant la date de d\u00e9part<\/b>\u00a0du salari\u00e9.<\/p>\n<ul>\n<li><u>Dans le cadre d\u2019une prestation de service transnationale en UE ou dans l\u2019EEE pour une dur\u00e9e sup\u00e9rieure \u00e0 4 semaines cons\u00e9cutives\u00a0:<\/u><\/li>\n<\/ul>\n<p>S\u2019ajoutent aux informations pr\u00e9c\u00e9dentes, les informations suivantes\u00a0:<\/p>\n<ul>\n<li>La r\u00e9mun\u00e9ration \u00e0 laquelle il a droit en vertu du droit applicable de l\u2019\u00c9tat d\u2019accueil (avec possibilit\u00e9 d\u2019un simple renvoi aux dispositions l\u00e9gislatives et r\u00e9glementaires ou aux stipulations conventionnelles applicables)\u00a0;<\/li>\n<li>Le cas \u00e9ch\u00e9ant, des allocations propres au d\u00e9tachement et des modalit\u00e9s de remboursement des d\u00e9penses de voyage, de logement et de nourriture\u00a0;<\/li>\n<li>L\u2019adresse du site internet national mis en place par l\u2019\u00c9tat d\u2019accueil conform\u00e9ment aux dispositions de l\u2019article 5, paragraphe 2 de la directive 2014\/67\/UE du Parlement europ\u00e9en et du Conseil du 15 mai 2014 relative \u00e0 l\u2019ex\u00e9cution de la directive 96\/71\/CE.<\/li>\n<\/ul>\n<p>Cette communication doit se faire\u00a0<b>avant la date de d\u00e9part<\/b>\u00a0du salari\u00e9.<\/p>\n<ul>\n<li><b><u>Modalit\u00e9s de communication communes \u00e0 toutes les informations\u00a0:<\/u><\/b><\/li>\n<\/ul>\n<p>Le d\u00e9cret pr\u00e9cise les modalit\u00e9s de communication. Elle doit se faire soit par format papier soit par voie \u00e9lectronique, par tout moyen permettant de conf\u00e9rer une date certaine.<\/p>\n<p>Plus pr\u00e9cis\u00e9ment, pour le format papier, l\u2019employeur communique soit en envoyant les informations par lettre recommand\u00e9e avec accus\u00e9 de r\u00e9ception soit par remise en mains propres contre d\u00e9charge. Pour le format num\u00e9rique, l\u2019employeur peut envoyer les documents si les conditions suivantes sont remplies\u00a0:<\/p>\n<ul>\n<li>Si le salari\u00e9 dispose d\u2019un moyen d\u2019acc\u00e9der \u00e0 l\u2019information sous format \u00e9lectronique\u00a0;<\/li>\n<li>Si les informations peuvent \u00eatre enregistr\u00e9es et imprim\u00e9es\u00a0;<\/li>\n<li>Si un justificatif de transmission ou de r\u00e9ception de ces informations est possible.<\/li>\n<\/ul>\n<p>&nbsp;<\/p>\n<ul>\n<li><b><u>Informations sur la modification des informations communiqu\u00e9es\u00a0:<\/u><\/b><\/li>\n<\/ul>\n<p>Si une ou plusieurs informations communiqu\u00e9es viennent \u00e0 \u00eatre modifi\u00e9es, l\u2019employeur doit remettre aux salari\u00e9s un document indiquant la liste des modifications dans les plus brefs d\u00e9lais, et au plus tard, le jour de la prise d\u2019effet des modifications. Cette communication se fait selon les m\u00eames modalit\u00e9s, format papier ou \u00e9lectronique, pr\u00e9c\u00e9demment d\u00e9crites.<\/p>\n<p>Le d\u00e9cret am\u00e9nage une dispense de l\u2019obligation de l\u2019information si la modification des informations \u00e0 d\u00e9livrer \u00e0 tous les salari\u00e9s r\u00e9sulte exclusivement d\u2019un changement des dispositions l\u00e9gislatives, r\u00e8glementaires ou des stipulations conventionnelles.\u00a0<i>(c. trav. art. R. 1221-40)<\/i><\/p>\n<ul>\n<li><b><u>Sanction du d\u00e9faut d\u2019information\u00a0:<\/u><\/b><\/li>\n<\/ul>\n<p>Le salari\u00e9 n\u2019ayant pas re\u00e7u les informations obligatoires dispose d\u2019un recours devant le conseil de prud\u2019hommes.<\/p>\n<p>N\u00e9anmoins, le d\u00e9cret pr\u00e9cise que le salari\u00e9 doit avoir mis en demeure l\u2019employeur pr\u00e9alablement de lui communiquer ou de compl\u00e9ter les informations. L\u2019employeur doit r\u00e9pondre dans un d\u00e9lai de 7 jour calendaire \u00e0 compter de la r\u00e9ception de la mise en demeure.<\/p>\n<ul>\n<li><b><u>Informations sur les postes \u00e0 pourvoir en CDI dans l\u2019entreprise\u00a0:<\/u><\/b><\/li>\n<\/ul>\n<p>Par ailleurs, le d\u00e9cret d\u00e9finit les modalit\u00e9s d\u2019information des postes en CDI \u00e0 pourvoir dans l\u2019entreprise pour les salari\u00e9s en CDD et les int\u00e9rimaires qui disposent d\u2019une anciennet\u00e9 continue d\u2019au moins 6 mois.<\/p>\n<p>Le salari\u00e9 concern\u00e9 doit formuler une demande \u00e9crite par tout moyen permettant de conf\u00e9rer une date certaine \u00e0 sa r\u00e9ception.<\/p>\n<p>En r\u00e9ponse, l\u2019employeur doit fournir une liste des postes \u00e0 pourvoir en CDI correspondant aux qualifications professionnelles du salari\u00e9, dans un d\u00e9lai d\u2019un mois \u00e0 compter de la r\u00e9ception de la demande.<\/p>\n<p>Si l\u2019entreprise comporte moins de 250 salari\u00e9s, l\u2019employeur peut formuler une r\u00e9ponse orale \u00e0 compter de la deuxi\u00e8me demande si la r\u00e9ponse est inchang\u00e9e.<\/p>\n<p>Si un salari\u00e9 a d\u00e9j\u00e0 formul\u00e9 deux demandes au cours de l\u2019ann\u00e9e civile, l\u2019employeur est dispens\u00e9 de r\u00e9pondre.<\/p>\n<p>Le Cabinet Barth\u00e9l\u00e9my propose sur le sujet une infographie r\u00e9capitulative\u00a0des \u00e9l\u00e9ments du d\u00e9cret que vous trouverez ci-dessous.<\/p>\n<p>&nbsp;<\/p>\n<p>&nbsp;<\/p>\n<p>&nbsp;<\/p>\n<\/section>\n<section class=\"article-bloc bloc\">\n<header class=\"bloc-title\">\n<h4 class=\"main-title\">Documents<\/h4>\n<\/header>\n<section class=\"bloc-content\">\n<div class=\"doc-list\">\n<div class=\"doc-bloc\">\n<div class=\"doc-title\"><a class=\"spip_doc pdf\" href=\"https:\/\/www.ghr.fr\/IMG\/pdf\/info_contrat.pdf\" type=\"application\/pdf\" download=\"\"><span class=\"doc-title-text\">Fiche pratique\u00a0: Conditions de travail transparentes et pr\u00e9visibles Loi du 9 mars 2023 et d\u00e9cret du 30 octobre Audit des informations transmises \u00e0 vos salari\u00e9s &#8211; Barth\u00e9l\u00e9my avocats<\/span>\u00a0<span class=\"doc-info\">\u00a0<abbr class=\"doc-ext\" title=\"PDF\">PDF<\/abbr>\u00a0<span class=\"doc-size\">208\u00a0ko<\/span>\u00a0<\/span><\/a><\/div>\n<\/div>\n<\/div>\n<\/section>\n<\/section>\n","protected":false},"excerpt":{"rendered":"<p>&nbsp; &nbsp; Informations sur la relation de travail\u00a0: de nouvelles obligations pour les employeurs Actualit\u00e9s Publi\u00e9 le\u00a003\/11\/2023 \u00a0\u00a0 Par un nouveau texte (d\u00e9cret 30 octobre 2023, JO du 31 octobre), la France finalise la&#8230;<\/p>\n","protected":false},"author":2,"featured_media":0,"comment_status":"closed","ping_status":"closed","sticky":false,"template":"","format":"standard","meta":{"_mi_skip_tracking":false,"_monsterinsights_sitenote_active":false,"_monsterinsights_sitenote_note":"","_monsterinsights_sitenote_category":0},"categories":[9],"tags":[],"_links":{"self":[{"href":"https:\/\/sndll.info\/index.php?rest_route=\/wp\/v2\/posts\/6233"}],"collection":[{"href":"https:\/\/sndll.info\/index.php?rest_route=\/wp\/v2\/posts"}],"about":[{"href":"https:\/\/sndll.info\/index.php?rest_route=\/wp\/v2\/types\/post"}],"author":[{"embeddable":true,"href":"https:\/\/sndll.info\/index.php?rest_route=\/wp\/v2\/users\/2"}],"replies":[{"embeddable":true,"href":"https:\/\/sndll.info\/index.php?rest_route=%2Fwp%2Fv2%2Fcomments&post=6233"}],"version-history":[{"count":3,"href":"https:\/\/sndll.info\/index.php?rest_route=\/wp\/v2\/posts\/6233\/revisions"}],"predecessor-version":[{"id":6241,"href":"https:\/\/sndll.info\/index.php?rest_route=\/wp\/v2\/posts\/6233\/revisions\/6241"}],"wp:attachment":[{"href":"https:\/\/sndll.info\/index.php?rest_route=%2Fwp%2Fv2%2Fmedia&parent=6233"}],"wp:term":[{"taxonomy":"category","embeddable":true,"href":"https:\/\/sndll.info\/index.php?rest_route=%2Fwp%2Fv2%2Fcategories&post=6233"},{"taxonomy":"post_tag","embeddable":true,"href":"https:\/\/sndll.info\/index.php?rest_route=%2Fwp%2Fv2%2Ftags&post=6233"}],"curies":[{"name":"wp","href":"https:\/\/api.w.org\/{rel}","templated":true}]}}