{"id":6250,"date":"2024-04-01T06:14:25","date_gmt":"2024-04-01T04:14:25","guid":{"rendered":"https:\/\/sndll.info\/?p=6250"},"modified":"2024-03-21T06:27:37","modified_gmt":"2024-03-21T05:27:37","slug":"frais-de-carburant-et-declaration-de-revenus","status":"publish","type":"post","link":"https:\/\/sndll.info\/?p=6250","title":{"rendered":"FRAIS DE CARBURANT ET DECLARATION DE REVENUS"},"content":{"rendered":"<h1 id=\"titlePage\" data-test=\"titre-page\">Bar\u00e8me des frais de carburant applicable pour la d\u00e9claration de revenus\u00a02024<\/h1>\n<p class=\"sp-text--gray fr-text--xs\" data-test=\"date-page\">Origine : Direction de l&#8217;information l\u00e9gale et administrative (Premier ministre)<\/p>\n<div id=\"intro\" class=\"fr-mb-6w\">\n<p class=\"fr-text--lg\">Vous \u00eates chef d\u2019entreprise et vous utilisez ou vous avez achet\u00e9 un v\u00e9hicule pour les besoins de votre activit\u00e9 professionnelle ? Vous pouvez d\u00e9duire vos frais du r\u00e9sultat fiscal de votre entreprise en utilisant le bar\u00e8me des frais de carburant.<\/p>\n<p class=\"fr-text--lg\">Voici\u00a0<strong><span style=\"color: #0000ff;\">les nouveaux montants applicables aux frais de 2023 pour votre d\u00e9claration de revenus de l\u2019ann\u00e9e 2024.\u00a0<\/span><\/strong><\/p>\n<\/div>\n<div class=\"fr-my-4w\">\n<div class=\"sp-actu fr-mt-n3w fr-mb-3w\">\n<div class=\"fr-mb-4w\">\n<div class=\"sp-image-container \"><\/div>\n<\/div>\n<p data-test=\"contenu-texte\">Le\u00a0<strong>bar\u00e8me des frais de carburant<\/strong>, aussi appel\u00e9 \u00ab\u00a0bar\u00e8me BIC des frais de carburant\u00a0\u00bb, est mis \u00e0 jour chaque ann\u00e9e par l&#8217;administration fiscale. Il fixe un prix de revient kilom\u00e9trique pour l&#8217;ann\u00e9e \u00e9coul\u00e9e (kilom\u00e8tres parcourus en 2023). <span style=\"color: #0000ff;\">C&#8217;est une alternative au bar\u00e8me kilom\u00e9trique<\/span>, dont l&#8217;utilisation n&#8217;est pas obligatoire pour d\u00e9terminer les frais professionnels de d\u00e9placement.<\/p>\n<p data-test=\"contenu-texte\">Ce bar\u00e8me est applicable sous conditions aux salari\u00e9s, aux titulaires de revenus non commerciaux, aux titulaires de revenus agricoles relevant du r\u00e9gime simplifi\u00e9 et aux entreprises individuelles BIC (b\u00e9n\u00e9fices industriels et commerciaux) ayant opt\u00e9 pour la tenue d\u2019une comptabilit\u00e9 super-simplifi\u00e9e.<\/p>\n<p data-test=\"contenu-texte\">Le bar\u00e8me\u00a02023, applicable pour la d\u00e9claration de revenus\u00a02024, affiche par rapport \u00e0 l&#8217;an dernier\u00a0:<\/p>\n<ul class=\"sp-item-list\">\n<li>une hausse pour les v\u00e9hicules \u00e0 moteur essence (+\u00a04,1 \u00e0 +\u00a04,8\u00a0%) et GPL (+\u00a015,1 \u00e0 + 16,4\u00a0%) et pour les v\u00e9hicules deux-roues\u00a0;<\/li>\n<li>une baisse pour les voitures roulant au diesel (-\u00a03\u00a0%).<\/li>\n<\/ul>\n<p data-test=\"contenu-texte\">Il tient exclusivement compte des d\u00e9penses de carburant (gazole, essence, GPL), les autres frais comme l&#8217;entretien ou l&#8217;assurance du v\u00e9hicule sont d\u00e9ductibles sur justification.<\/p>\n<div class=\"fr-highlight fr-my-4w fr-ml-0\" data-test=\"citation\" data-fr-js-highlight-actionee=\"true\">\n<p class=\"fr-text--bold\"><strong><span style=\"color: #0000ff;\">Attention\u00a0 :<\/span><\/strong><\/p>\n<p><strong><span style=\"color: #0000ff;\">Le bar\u00e8me des frais de carburant ne concerne que les v\u00e9hicules qui ont un usage mixte, personnel ET professionnel. Les v\u00e9hicules utilitaires ne sont pas \u00e9ligibles.<\/span><\/strong><\/p>\n<\/div>\n<div class=\"fr-table fr-table--bordered fr-table--caption\" data-fr-js-table=\"true\" data-fr-js-table-actionee=\"true\">\n<table class=\"sp-table\" data-fr-js-table-element=\"true\">\n<caption data-fr-js-table-caption=\"true\">Tableau &#8211; Bar\u00e8me 2024 des frais de carburant par km parcouru en\u00a02023 (v\u00e9hicules de tourisme)<\/caption>\n<thead>\n<tr>\n<th colspan=\"1\" rowspan=\"1\" scope=\"col\">Puissance fiscale<\/th>\n<th colspan=\"1\" rowspan=\"1\" scope=\"col\">Gazole<\/th>\n<th colspan=\"1\" rowspan=\"1\" scope=\"col\">Super sans plomb<\/th>\n<th colspan=\"1\" rowspan=\"1\" scope=\"col\">GPL<\/th>\n<\/tr>\n<\/thead>\n<tbody>\n<tr>\n<td colspan=\"1\" rowspan=\"1\">3 \u00e0 4 CV<\/td>\n<td colspan=\"1\" rowspan=\"1\">0,099\u00a0\u20ac\/km<\/td>\n<td colspan=\"1\" rowspan=\"1\">0,123\u00a0\u20ac\/km<\/td>\n<td colspan=\"1\" rowspan=\"1\">0,073\u00a0\u20ac\/km<\/td>\n<\/tr>\n<tr>\n<td colspan=\"1\" rowspan=\"1\">5 \u00e0 7 CV<\/td>\n<td colspan=\"1\" rowspan=\"1\">0,122\u00a0\u20ac\/km<\/td>\n<td colspan=\"1\" rowspan=\"1\">0,152\u00a0\u20ac\/km<\/td>\n<td colspan=\"1\" rowspan=\"1\">0,090\u00a0\u20ac\/km<\/td>\n<\/tr>\n<tr>\n<td colspan=\"1\" rowspan=\"1\">8 et 9 CV<\/td>\n<td colspan=\"1\" rowspan=\"1\">0,145\u00a0\u20ac\/km<\/td>\n<td colspan=\"1\" rowspan=\"1\">0,181\u00a0\u20ac\/km<\/td>\n<td colspan=\"1\" rowspan=\"1\">0,107\u00a0\u20ac\/km<\/td>\n<\/tr>\n<tr>\n<td colspan=\"1\" rowspan=\"1\">10 et 11 CV<\/td>\n<td colspan=\"1\" rowspan=\"1\">0,164\u00a0\u20ac\/km<\/td>\n<td colspan=\"1\" rowspan=\"1\">0,203\u00a0\u20ac\/km<\/td>\n<td colspan=\"1\" rowspan=\"1\">0,121\u00a0\u20ac\/km<\/td>\n<\/tr>\n<tr>\n<td colspan=\"1\" rowspan=\"1\">12 CV et plus<\/td>\n<td colspan=\"1\" rowspan=\"1\">0,182\u00a0\u20ac\/km<\/td>\n<td colspan=\"1\" rowspan=\"1\">0,226\u00a0\u20ac\/km<\/td>\n<td colspan=\"1\" rowspan=\"1\">0,135\u00a0\u20ac\/km<\/td>\n<\/tr>\n<\/tbody>\n<\/table>\n<\/div>\n<div class=\"fr-table fr-table--bordered fr-table--caption\" data-fr-js-table=\"true\" data-fr-js-table-actionee=\"true\">\n<table class=\"sp-table\" data-fr-js-table-element=\"true\">\n<caption data-fr-js-table-caption=\"true\">Tableau &#8211; Bar\u00e8me 2024 des frais de carburant par km parcouru en\u00a02023 (deux-roues motoris\u00e9s)<\/caption>\n<thead>\n<tr>\n<th colspan=\"1\" rowspan=\"1\" scope=\"col\">Puissance fiscale des v\u00e9hicules deux-roues motoris\u00e9s<\/th>\n<th colspan=\"1\" rowspan=\"1\" scope=\"col\">Frais de carburant<\/th>\n<\/tr>\n<\/thead>\n<tbody>\n<tr>\n<td colspan=\"1\" rowspan=\"1\">Inf\u00e9rieure \u00e0 50\u00a0CC<\/td>\n<td colspan=\"1\" rowspan=\"1\">0,040\u00a0\u20ac\/km<\/td>\n<\/tr>\n<tr>\n<td colspan=\"1\" rowspan=\"1\">De 50\u00a0CC \u00e0 125\u00a0CC<\/td>\n<td colspan=\"1\" rowspan=\"1\">0,081\u00a0\u20ac\/km<\/td>\n<\/tr>\n<tr>\n<td colspan=\"1\" rowspan=\"1\">3, 4 et 5\u00a0CV<\/td>\n<td colspan=\"1\" rowspan=\"1\">0,102\u00a0\u20ac\/km<\/td>\n<\/tr>\n<tr>\n<td colspan=\"1\" rowspan=\"1\">Au-del\u00e0 de 5\u00a0CV<\/td>\n<td colspan=\"1\" rowspan=\"1\">0,142\u00a0\u20ac\/km<\/td>\n<\/tr>\n<\/tbody>\n<\/table>\n<\/div>\n<div class=\"fr-highlight fr-my-4w fr-ml-0\" data-test=\"citation\" data-fr-js-highlight-actionee=\"true\">\n<p>&nbsp;<\/p>\n<p class=\"fr-text--bold\"><strong><span style=\"color: #0000ff;\">\u00c0 savoir\u00a0 :<\/span><\/strong><\/p>\n<p>Vous devez pouvoir justifier le nombre de kilom\u00e8tres parcourus ainsi que l\u2019utilisation du v\u00e9hicule pour les besoins de l\u2019activit\u00e9 professionnelle. Vous ne devez pas joindre les pi\u00e8ces justificatives \u00e0 votre d\u00e9claration mais les conserver au moins pendant 3\u00a0ans pour les produire, si n\u00e9cessaire, \u00e0 votre service des imp\u00f4ts.<\/p>\n<\/div>\n<\/div>\n<\/div>\n","protected":false},"excerpt":{"rendered":"<p>Bar\u00e8me des frais de carburant applicable pour la d\u00e9claration de revenus\u00a02024 Origine : Direction de l&#8217;information l\u00e9gale et administrative (Premier ministre) Vous \u00eates chef d\u2019entreprise et vous utilisez ou vous avez achet\u00e9 un v\u00e9hicule&#8230;<\/p>\n","protected":false},"author":2,"featured_media":0,"comment_status":"closed","ping_status":"closed","sticky":false,"template":"","format":"standard","meta":{"_mi_skip_tracking":false,"_monsterinsights_sitenote_active":false,"_monsterinsights_sitenote_note":"","_monsterinsights_sitenote_category":0},"categories":[5],"tags":[],"_links":{"self":[{"href":"https:\/\/sndll.info\/index.php?rest_route=\/wp\/v2\/posts\/6250"}],"collection":[{"href":"https:\/\/sndll.info\/index.php?rest_route=\/wp\/v2\/posts"}],"about":[{"href":"https:\/\/sndll.info\/index.php?rest_route=\/wp\/v2\/types\/post"}],"author":[{"embeddable":true,"href":"https:\/\/sndll.info\/index.php?rest_route=\/wp\/v2\/users\/2"}],"replies":[{"embeddable":true,"href":"https:\/\/sndll.info\/index.php?rest_route=%2Fwp%2Fv2%2Fcomments&post=6250"}],"version-history":[{"count":2,"href":"https:\/\/sndll.info\/index.php?rest_route=\/wp\/v2\/posts\/6250\/revisions"}],"predecessor-version":[{"id":6253,"href":"https:\/\/sndll.info\/index.php?rest_route=\/wp\/v2\/posts\/6250\/revisions\/6253"}],"wp:attachment":[{"href":"https:\/\/sndll.info\/index.php?rest_route=%2Fwp%2Fv2%2Fmedia&parent=6250"}],"wp:term":[{"taxonomy":"category","embeddable":true,"href":"https:\/\/sndll.info\/index.php?rest_route=%2Fwp%2Fv2%2Fcategories&post=6250"},{"taxonomy":"post_tag","embeddable":true,"href":"https:\/\/sndll.info\/index.php?rest_route=%2Fwp%2Fv2%2Ftags&post=6250"}],"curies":[{"name":"wp","href":"https:\/\/api.w.org\/{rel}","templated":true}]}}