{"id":6305,"date":"2024-04-13T04:56:38","date_gmt":"2024-04-13T02:56:38","guid":{"rendered":"https:\/\/sndll.info\/?p=6305"},"modified":"2024-04-12T15:00:06","modified_gmt":"2024-04-12T13:00:06","slug":"definir-ce-quest-un-accident-du-travail","status":"publish","type":"post","link":"https:\/\/sndll.info\/?p=6305","title":{"rendered":"DEFINIR CE QU&#8217;EST UN ACCIDENT DU TRAVAIL"},"content":{"rendered":"<p>&nbsp;<\/p>\n<p class=\"fr-text--xs sp-text--mention\" data-test=\"date-maj\">\n<div id=\"expired\" aria-hidden=\"false\" data-test=\"div-content-fiche\">\n<p data-test=\"contenu-texte\">Pour que l&#8217;accident du travail soit\u00a0<strong>reconnu<\/strong>, le salari\u00e9 doit justifier des <strong>2 conditions<\/strong>\u00a0suivantes :<\/p>\n<ul class=\"sp-item-list\">\n<li>Avoir \u00e9t\u00e9 victime d&#8217;un <strong>fait accidentel\u00a0<\/strong>(soudain et impr\u00e9vu) dans le\u00a0<strong>cadre de son travail<\/strong><\/li>\n<li>L&#8217;accident doit avoir caus\u00e9 un <strong>dommage physique et\/ou psychologique<\/strong><\/li>\n<\/ul>\n<p data-test=\"contenu-texte\">Le fait \u00e0 l&#8217;origine de l&#8217;accident du travail doit \u00eatre\u00a0<strong>soudain<\/strong>. C&#8217;est ce qui le distingue de la\u00a0<a href=\"https:\/\/www.service-public.fr\/particuliers\/vosdroits\/F31880\">maladie professionnelle<\/a>.<\/p>\n<p data-test=\"contenu-texte\">L&#8217;accident doit pouvoir \u00eatre rattach\u00e9 \u00e0 un ou plusieurs \u00e9v\u00e9nements survenus pendant que le salari\u00e9 \u00e9tait\u00a0 <strong>sous l&#8217;autorit\u00e9 de son employeur<\/strong>.<\/p>\n<p data-test=\"contenu-texte\">Il doit \u00e9galement \u00eatre\u00a0<strong>dat\u00e9 de mani\u00e8re certaine<\/strong>.<\/p>\n<p data-test=\"contenu-texte\">L&#8217;accident est pr\u00e9sum\u00e9 d&#8217;origine professionnelle d\u00e8s lors qu&#8217;il se produit\u00a0<strong>dans les locaux de l&#8217;entreprise<\/strong>, m\u00eame pendant un temps de pause.<\/p>\n<p data-test=\"contenu-texte\">Toutefois, la qualification d&#8217;accident du travail peut \u00eatre \u00e9cart\u00e9e si le fait accidentel est la cons\u00e9quence de faits non professionnels. Par exemple, un suicide sur le lieu de travail en raison de probl\u00e8mes personnels.<\/p>\n<div class=\"fr-highlight  fr-my-4w fr-ml-0 sp-bg-white fr-py-1w\" data-test=\"citation\" data-fr-js-highlight-actionee=\"true\">\n<p class=\"fr-text--bold\">\u00c0 noter<\/p>\n<p>Un accident qui se produit pendant un\u00a0<strong>stage de formation professionnelle<\/strong>, m\u00eame en dehors du temps de travail, est consid\u00e9r\u00e9 comme un\u00a0<strong>accident du travail<\/strong>.<\/p>\n<\/div>\n<p data-test=\"contenu-texte\">Le\u00a0<strong>dommage\u00a0<\/strong>peut \u00eatre un des suivants\u00a0:<\/p>\n<ul class=\"sp-item-list\">\n<li>Coupure ou br\u00fblure<\/li>\n<li>Douleur musculaire apparue soudainement \u00e0 la suite du port d&#8217;une charge<\/li>\n<li>Fracture survenue \u00e0 occasion d&#8217;une chute ou d&#8217;un choc<\/li>\n<li>Malaise cardiaque<\/li>\n<li>Choc \u00e9motionnel cons\u00e9cutif \u00e0 une agression commise dans l&#8217;entreprise<\/li>\n<\/ul>\n<p data-test=\"contenu-texte\">La\u00a0<strong>reconnaissance<\/strong>\u00a0d&#8217;un accident comme \u00e9tant d&#8217;<strong>origine professionnelle<\/strong>\u00a0ouvre droit aux\u00a0<strong>indemnit\u00e9s<\/strong>\u00a0suivantes\u00a0:<\/p>\n<ul class=\"sp-item-list\">\n<li>En cas d&#8217;<strong>arr\u00eat de travail<\/strong>,\u00a0<a href=\"https:\/\/www.service-public.fr\/particuliers\/vosdroits\/F175\">indemnit\u00e9s vers\u00e9es par la S\u00e9curit\u00e9 sociale et indemnit\u00e9s compl\u00e9mentaires vers\u00e9es par l&#8217;employeur<\/a>\u00a0et\/ou l&#8217;assureur<\/li>\n<li>En cas d&#8217;<strong>incapacit\u00e9 permanente de travail (IPP)<\/strong>,\u00a0<a href=\"https:\/\/www.service-public.fr\/particuliers\/vosdroits\/F14840\">indemnisation<\/a> sp\u00e9cifique et indemnisation compl\u00e9mentaire si l&#8217;employeur a commis une faute importante \u00e0 l&#8217;origine du dommage<\/li>\n<\/ul>\n<div class=\"fr-highlight  fr-my-4w fr-ml-0 sp-bg-white fr-py-1w\" data-test=\"citation\" data-fr-js-highlight-actionee=\"true\">\n<p class=\"fr-text--bold\">Attention<\/p>\n<p>L&#8217;accident de travail ne doit\u00a0<strong>pas \u00eatre confondu avec\u00a0<a href=\"https:\/\/www.service-public.fr\/particuliers\/vosdroits\/F31881\">l&#8217;accident de trajet<\/a><\/strong>, dont les cons\u00e9quences sont diff\u00e9rentes.<\/p>\n<\/div>\n<\/div>\n","protected":false},"excerpt":{"rendered":"<p>&nbsp; Pour que l&#8217;accident du travail soit\u00a0reconnu, le salari\u00e9 doit justifier des 2 conditions\u00a0suivantes : Avoir \u00e9t\u00e9 victime d&#8217;un fait accidentel\u00a0(soudain et impr\u00e9vu) dans le\u00a0cadre de son travail L&#8217;accident doit avoir caus\u00e9 un dommage&#8230;<\/p>\n","protected":false},"author":2,"featured_media":0,"comment_status":"closed","ping_status":"closed","sticky":false,"template":"","format":"standard","meta":{"_mi_skip_tracking":false,"_monsterinsights_sitenote_active":false,"_monsterinsights_sitenote_note":"","_monsterinsights_sitenote_category":0},"categories":[9],"tags":[],"_links":{"self":[{"href":"https:\/\/sndll.info\/index.php?rest_route=\/wp\/v2\/posts\/6305"}],"collection":[{"href":"https:\/\/sndll.info\/index.php?rest_route=\/wp\/v2\/posts"}],"about":[{"href":"https:\/\/sndll.info\/index.php?rest_route=\/wp\/v2\/types\/post"}],"author":[{"embeddable":true,"href":"https:\/\/sndll.info\/index.php?rest_route=\/wp\/v2\/users\/2"}],"replies":[{"embeddable":true,"href":"https:\/\/sndll.info\/index.php?rest_route=%2Fwp%2Fv2%2Fcomments&post=6305"}],"version-history":[{"count":1,"href":"https:\/\/sndll.info\/index.php?rest_route=\/wp\/v2\/posts\/6305\/revisions"}],"predecessor-version":[{"id":6307,"href":"https:\/\/sndll.info\/index.php?rest_route=\/wp\/v2\/posts\/6305\/revisions\/6307"}],"wp:attachment":[{"href":"https:\/\/sndll.info\/index.php?rest_route=%2Fwp%2Fv2%2Fmedia&parent=6305"}],"wp:term":[{"taxonomy":"category","embeddable":true,"href":"https:\/\/sndll.info\/index.php?rest_route=%2Fwp%2Fv2%2Fcategories&post=6305"},{"taxonomy":"post_tag","embeddable":true,"href":"https:\/\/sndll.info\/index.php?rest_route=%2Fwp%2Fv2%2Ftags&post=6305"}],"curies":[{"name":"wp","href":"https:\/\/api.w.org\/{rel}","templated":true}]}}