{"id":6308,"date":"2024-04-15T06:02:39","date_gmt":"2024-04-15T04:02:39","guid":{"rendered":"https:\/\/sndll.info\/?p=6308"},"modified":"2024-04-12T15:07:18","modified_gmt":"2024-04-12T13:07:18","slug":"un-salarie-suspendu-et-laccident-du-travail","status":"publish","type":"post","link":"https:\/\/sndll.info\/?p=6308","title":{"rendered":"UN SALARIE SUSPENDU ET L&#8217;ACCIDENT DU TRAVAIL"},"content":{"rendered":"<p>Pour en finir (?) avec ces mises au point successives sur les accidents du travail, un r\u00e9cent arr\u00eat de la cour de Cassation donne une pr\u00e9cision int\u00e9ressante sur l&#8217;accident du travail d&#8217;une salari\u00e9e suspendue.<\/p>\n<p>On n&#8217;arr\u00eate pas le progr\u00e8s ! C\u00e0 me rend malade.<\/p>\n<p>Patrick MALVAES et le service social !<\/p>\n<h1 id=\"titlePage\" data-test=\"titre-page\">L&#8217;accident d&#8217;un salari\u00e9 suspendu peut \u00eatre un accident du travail<\/h1>\n<p class=\"sp-text--gray fr-text--xs\" data-test=\"date-page\">\n<div id=\"intro\" class=\"fr-mb-6w\">\n<p class=\"fr-text--lg\">L&#8217;accident survenu durant la suspension du salari\u00e9 est un accident du travail si le salari\u00e9 se trouve sous la d\u00e9pendance et l&#8217;autorit\u00e9 de l&#8217;employeur lors des faits. C\u2019est ce que la Cour de cassation indique dans un arr\u00eat rendu le 14\u00a0f\u00e9vrier\u00a02024.<\/p>\n<\/div>\n<div class=\"fr-my-4w\">\n<div class=\"sp-actu fr-mt-n3w fr-mb-3w\">\n<div class=\"fr-mb-4w\">\n<div class=\"sp-image-container \"><\/div>\n<\/div>\n<p data-test=\"contenu-texte\">Une salari\u00e9e, dont le contrat a \u00e9t\u00e9 suspendu en raison d\u2019une succession d\u2019arr\u00eats de travail, est victime d\u2019un malaise lors de sa venue devant la commission appel\u00e9e \u00e0 se prononcer sur la mesure de licenciement envisag\u00e9e \u00e0 son encontre. L&#8217;employeur refuse de d\u00e9clarer ce malaise comme un accident du travail en raison de la suspension de la salari\u00e9e et de l&#8217;absence du travail comme cause du malaise.<\/p>\n<p data-test=\"contenu-texte\">La salari\u00e9e, apr\u00e8s avoir \u00e9t\u00e9 licenci\u00e9e, saisit la justice et demande que son malaise soit d\u00e9clar\u00e9 comme un accident du travail.<\/p>\n<p data-test=\"contenu-texte\">La cour d\u2019appel rejette les demandes de la salari\u00e9e. Elle consid\u00e8re que le malaise n\u2019a pas \u00e9t\u00e9 caus\u00e9 par le travail et que le contrat de la salari\u00e9e \u00e9tait suspendu au moment des faits. La salari\u00e9e se pourvoit en cassation.<\/p>\n<p data-test=\"contenu-texte\">La Cour de cassation casse la d\u00e9cision de la cour d\u2019appel. Elle retient que la salari\u00e9e \u00e9tait appel\u00e9e \u00e0 compara\u00eetre devant une instance qui allait prononcer une sanction disciplinaire \u00e0 son encontre. Ainsi, elle se trouvait bien sous la\u00a0<strong>d\u00e9pendance<\/strong>\u00a0et l&#8217;<strong>autorit\u00e9<\/strong>\u00a0de son employeur lors de son malaise.<\/p>\n<p data-test=\"contenu-texte\">L&#8217;employeur devait donc d\u00e9clarer un accident du travail, ind\u00e9pendamment des causes de celui-ci.<\/p>\n<\/div>\n<div class=\"fr-mt-6w\">\n<div class=\"sp-panel\" data-test=\"textes-de-reference\">\n<h2 class=\"sp-panel-title \"><button id=\"fiche-item-annexe-ref-aria\" class=\"sp-btn sp-btn-collapse\" type=\"button\" data-toggle=\"collapse\" data-target=\"#fiche-item-annexe-ref\" data-xiti-type=\"navigation\" aria-controls=\"fiche-item-annexe-ref\" aria-expanded=\"true\" data-xiti-name=\"Professionnels::Actualite::Depliant::Textes_de_reference_A17225_L_accident_d_un_salarie_suspendu_peut_etre_un_accident_du_travail\" data-atclickmanagement=\"no\"><span class=\"fr-h6\">Textes de loi et r\u00e9f\u00e9rences<\/span><\/button><\/h2>\n<div id=\"fiche-item-annexe-ref\" class=\"sp-panel-content collapse show\" aria-hidden=\"false\">\n<ul class=\"fr-raw-list fr-ml-1v\">\n<li data-test=\"reference\">\n<div class=\"sp-link fr-mb-1w\" data-test=\"lien-reference\">\n<div class=\"sp-link--label\">\n<p class=\"fr-mb-0\"><a class=\"fr-link\" title=\"Cour de cassation, chambre sociale, 14 f\u00e9vrier 2024, n\u00b022-18.798 - legifrance.gouv.fr - Nouvelle fen\u00eatre\" href=\"https:\/\/www.legifrance.gouv.fr\/juri\/id\/JURITEXT000049198551\" target=\"_blank\" rel=\"noopener noreferrer\" data-xiti-name=\"Professionnels::Actualite::Navigation_Directe::Cour_de_cassation__chambre_sociale__14_fevrier_2024__n_22-18_798\" data-xiti-type=\"exit\" data-test=\"href-lien-reference\" data-fr-js-link-actionee=\"true\">Cour de cassation, chambre sociale, 14 f\u00e9vrier 2024, n\u00b022-18.798<\/a><\/p>\n<\/div>\n<\/div>\n<\/li>\n<\/ul>\n<\/div>\n<\/div>\n<\/div>\n<\/div>\n","protected":false},"excerpt":{"rendered":"<p>Pour en finir (?) avec ces mises au point successives sur les accidents du travail, un r\u00e9cent arr\u00eat de la cour de Cassation donne une pr\u00e9cision int\u00e9ressante sur l&#8217;accident du travail d&#8217;une salari\u00e9e suspendue&#8230;.<\/p>\n","protected":false},"author":2,"featured_media":0,"comment_status":"closed","ping_status":"closed","sticky":false,"template":"","format":"standard","meta":{"_mi_skip_tracking":false,"_monsterinsights_sitenote_active":false,"_monsterinsights_sitenote_note":"","_monsterinsights_sitenote_category":0},"categories":[9],"tags":[],"_links":{"self":[{"href":"https:\/\/sndll.info\/index.php?rest_route=\/wp\/v2\/posts\/6308"}],"collection":[{"href":"https:\/\/sndll.info\/index.php?rest_route=\/wp\/v2\/posts"}],"about":[{"href":"https:\/\/sndll.info\/index.php?rest_route=\/wp\/v2\/types\/post"}],"author":[{"embeddable":true,"href":"https:\/\/sndll.info\/index.php?rest_route=\/wp\/v2\/users\/2"}],"replies":[{"embeddable":true,"href":"https:\/\/sndll.info\/index.php?rest_route=%2Fwp%2Fv2%2Fcomments&post=6308"}],"version-history":[{"count":1,"href":"https:\/\/sndll.info\/index.php?rest_route=\/wp\/v2\/posts\/6308\/revisions"}],"predecessor-version":[{"id":6310,"href":"https:\/\/sndll.info\/index.php?rest_route=\/wp\/v2\/posts\/6308\/revisions\/6310"}],"wp:attachment":[{"href":"https:\/\/sndll.info\/index.php?rest_route=%2Fwp%2Fv2%2Fmedia&parent=6308"}],"wp:term":[{"taxonomy":"category","embeddable":true,"href":"https:\/\/sndll.info\/index.php?rest_route=%2Fwp%2Fv2%2Fcategories&post=6308"},{"taxonomy":"post_tag","embeddable":true,"href":"https:\/\/sndll.info\/index.php?rest_route=%2Fwp%2Fv2%2Ftags&post=6308"}],"curies":[{"name":"wp","href":"https:\/\/api.w.org\/{rel}","templated":true}]}}