{"id":6311,"date":"2024-04-16T05:26:18","date_gmt":"2024-04-16T03:26:18","guid":{"rendered":"https:\/\/sndll.info\/?p=6311"},"modified":"2024-04-16T05:26:18","modified_gmt":"2024-04-16T03:26:18","slug":"irpp-option-frais-reels-indemnites-kilometriques","status":"publish","type":"post","link":"https:\/\/sndll.info\/?p=6311","title":{"rendered":"IRPP: option frais r\u00e9els indemnit\u00e9s kilom\u00e9triques"},"content":{"rendered":"<p><strong><span style=\"color: #0000ff;\">Nous attirons votre attention sur le lien en fin d&#8217;article qui renvoie \u00e0 la brochure des imp\u00f4ts pour d\u00e9claration IRPP\/<\/span><\/strong><\/p>\n<p>&nbsp;<\/p>\n<div class=\"sixteen wide column ui header\">\n<h1>Indemnit\u00e9s kilom\u00e9triques : pas de revalorisation en 2024<\/h1>\n<\/div>\n<article class=\"eleven wide column\">\n<div id=\"social-rail\" class=\"ui left attached rail\">\n<div class=\"ui sticky bound bottom\"><\/div>\n<\/div>\n<header class=\"ui stackable grid \">\n<div class=\"ui sixteen wide column\">\n<div class=\"meta\"><span class=\"ui grey horizontal label\">Imp\u00f4t sur le revenu &#8211; IRPP<\/span><\/div>\n<p><img src=\"data:image\/gif;base64,R0lGODlhAQABAIAAAP\/\/\/wAAACH5BAEAAAAALAAAAAABAAEAAAICRAEAOw==\" data-pagespeed-url-hash=\"402944021\" \/><\/div>\n<\/header>\n<div class=\"ui four wide column download\"><\/div>\n<div class=\"ui divider\"><\/div>\n<div class=\"content\">\n<p>L\u2019administration fiscale a r\u00e9cemment publi\u00e9 sa brochure annuelle relative \u00e0 la d\u00e9claration des revenus de 2023. Le bar\u00e8me des indemnit\u00e9s kilom\u00e9triques utilis\u00e9 en cas d\u2019option pour les frais r\u00e9els n\u2019est pas revaloris\u00e9 par rapport \u00e0 l\u2019an dernier.<\/p>\n<h2><a id=\"toc-absence-de-revalorisation\" name=\"toc-absence-de-revalorisation\"><\/a>\u200bAbsence de revalorisation<\/h2>\n<p>Apr\u00e8s une hausse de 10 % en 2021, le bar\u00e8me des indemnit\u00e9s kilom\u00e9triques avait \u00e9t\u00e9 revaloris\u00e9 de 5,4% pour les revenus de 2022. Malgr\u00e9 la persistance de l\u2019inflation, aucune revalorisation ne semble pr\u00e9vue pour l\u2019imposition des revenus de 2023.<\/p>\n<p>La brochure relative \u00e0 la d\u00e9claration des revenus de 2023 reprend en effet les bar\u00e8mes de l\u2019an dernier, pr\u00e9vus par l\u2019arr\u00eat\u00e9 du 27 mars 2023 (Brochure pratique 2024, d\u00e9claration des revenus 2023, Traitements et salaires, page 25).<\/p>\n<h2><a id=\"toc-les-baremes-applicables-pour-les-revenus-de-2023\" name=\"toc-les-baremes-applicables-pour-les-revenus-de-2023\"><\/a>\u200bLes bar\u00e8mes applicables pour les revenus de 2023<\/h2>\n<table border=\"1\" width=\"626\">\n<tbody>\n<tr>\n<td colspan=\"4\" width=\"577\"><strong>Tarif applicable aux v\u00e9hicules thermiques, \u00e0 hydrog\u00e8ne et hybrides<\/strong><\/td>\n<\/tr>\n<tr>\n<td><strong><br \/>\nPuissance administrative<\/strong><\/td>\n<td><strong><br \/>\nJusqu&#8217;\u00e0 5 000 km<\/strong><\/td>\n<td><strong><br \/>\nDe 5 001 \u00e0 20 000 km<\/strong><\/td>\n<td colspan=\"2\"><strong><br \/>\nAu-del\u00e0 de 20 000 km<\/strong><\/td>\n<\/tr>\n<tr>\n<td><strong><br \/>\n3 CV et moins<\/strong><\/td>\n<td><strong><br \/>\nd * 0,529<\/strong><\/td>\n<td><strong><br \/>\n(d *0,316) + 1065<\/strong><\/td>\n<td colspan=\"2\"><strong><br \/>\nd * 0,370<\/strong><\/td>\n<\/tr>\n<tr>\n<td><strong><br \/>\n4 CV<\/strong><\/td>\n<td><strong><br \/>\nd * 0,606<\/strong><\/td>\n<td><strong><br \/>\n(d * 0,340) + 1330<\/strong><\/td>\n<td colspan=\"2\"><strong><br \/>\nd * 0,407<\/strong><\/td>\n<\/tr>\n<tr>\n<td><strong><br \/>\n5 CV<\/strong><\/td>\n<td><strong><br \/>\nd * 0,636<\/strong><\/td>\n<td><strong><br \/>\n(d * 0,357) + 1395<\/strong><\/td>\n<td colspan=\"2\"><strong><br \/>\nd * 0,427<\/strong><\/td>\n<\/tr>\n<tr>\n<td><strong><br \/>\n6 CV<\/strong><\/td>\n<td><strong><br \/>\nd * 0,665<\/strong><\/td>\n<td><strong><br \/>\n(d * 0,374) + 1457<\/strong><\/td>\n<td colspan=\"2\"><strong><br \/>\nd * 0,447<\/strong><\/td>\n<\/tr>\n<tr>\n<td><strong><br \/>\n7 CV et plus<\/strong><\/td>\n<td><strong><br \/>\nd * 0,697<\/strong><\/td>\n<td><strong><br \/>\n(d *0,394) + 1515<\/strong><\/td>\n<td colspan=\"2\"><strong><br \/>\nd * 0,470<\/strong><\/td>\n<\/tr>\n<tr>\n<td colspan=\"5\"><strong><br \/>\nd repr\u00e9sente la distance parcourue en kilom\u00e8tres<\/strong><\/td>\n<\/tr>\n<\/tbody>\n<\/table>\n<p>Pour rappel, en cas d\u2019utilisation d\u2019un v\u00e9hicule \u00e9lectrique, les tarifs du bar\u00e8me sont revaloris\u00e9s de 20% comme ci-dessous\u00a0:<\/p>\n<table border=\"1\" width=\"626\">\n<tbody>\n<tr>\n<td colspan=\"4\" width=\"577\"><strong>Tarif applicable aux v\u00e9hicules 100% \u00e9lectriques<\/strong><\/td>\n<\/tr>\n<tr>\n<td><strong><br \/>\nPuissance administrative<\/strong><\/td>\n<td><strong><br \/>\nJusqu&#8217;\u00e0 5 000 km<\/strong><\/td>\n<td><strong><br \/>\nDe 5 001 \u00e0 20 000 km<\/strong><\/td>\n<td colspan=\"2\"><strong><br \/>\nAu-del\u00e0 de 20 000 km<\/strong><\/td>\n<\/tr>\n<tr>\n<td><strong><br \/>\n3 CV et moins<\/strong><\/td>\n<td><strong><br \/>\nd * 0,635<\/strong><\/td>\n<td><strong><br \/>\n(d *0,379) + 1278<\/strong><\/td>\n<td colspan=\"2\"><strong><br \/>\nd * 0,444<\/strong><\/td>\n<\/tr>\n<tr>\n<td><strong><br \/>\n4 CV<\/strong><\/td>\n<td><strong><br \/>\nd * 0,727<\/strong><\/td>\n<td><strong><br \/>\n(d * 0,408) + 1596<\/strong><\/td>\n<td colspan=\"2\"><strong><br \/>\nd * 0,488<\/strong><\/td>\n<\/tr>\n<tr>\n<td><strong><br \/>\n5 CV<\/strong><\/td>\n<td><strong><br \/>\nd * 0,763<\/strong><\/td>\n<td><strong><br \/>\n(d * 0,428) + 1674<\/strong><\/td>\n<td colspan=\"2\"><strong><br \/>\nd * 0,512<\/strong><\/td>\n<\/tr>\n<tr>\n<td><strong><br \/>\n6 CV<\/strong><\/td>\n<td><strong><br \/>\nd * 0,798<\/strong><\/td>\n<td><strong><br \/>\n(d * 0,449) + 1748<\/strong><\/td>\n<td colspan=\"2\"><strong><br \/>\nd * 0,536<\/strong><\/td>\n<\/tr>\n<tr>\n<td><strong><br \/>\n7 CV et plus<\/strong><\/td>\n<td><strong><br \/>\nd * 0,836<\/strong><\/td>\n<td><strong><br \/>\n(d *0,473) + 1818<\/strong><\/td>\n<td colspan=\"2\"><strong><br \/>\nd * 0,564<\/strong><\/td>\n<\/tr>\n<tr>\n<td colspan=\"5\"><strong><br \/>\nd repr\u00e9sente la distance parcourue en kilom\u00e8tres<\/strong><\/td>\n<\/tr>\n<\/tbody>\n<\/table>\n<table border=\"1\">\n<tbody>\n<tr>\n<td colspan=\"4\"><strong>Tarif applicable aux motocyclettes<\/strong><\/td>\n<\/tr>\n<tr>\n<td><strong><br \/>\nPuissance administrative<\/strong><\/td>\n<td><strong><br \/>\nJusqu&#8217;\u00e0 3 000 km<\/strong><\/td>\n<td><strong><br \/>\nDe 3 001 \u00e0 6 000 km<\/strong><\/td>\n<td><strong><br \/>\nAu-del\u00e0 de 6 000 km<\/strong><\/td>\n<\/tr>\n<tr>\n<td><strong><br \/>\n1 ou 2 CV<\/strong><\/td>\n<td><strong><br \/>\nd * 0,395<\/strong><\/td>\n<td><strong><br \/>\n(d * 0,099) + 891<\/strong><\/td>\n<td><strong><br \/>\nd * 0,248<\/strong><\/td>\n<\/tr>\n<tr>\n<td><strong><br \/>\n3, 4 ou 5 CV<\/strong><\/td>\n<td><strong><br \/>\nd * 0,468<\/strong><\/td>\n<td><strong><br \/>\n(d * 0,082) + 1158<\/strong><\/td>\n<td><strong><br \/>\nd * 0,275<\/strong><\/td>\n<\/tr>\n<tr>\n<td><strong><br \/>\nplus de 5 CV<\/strong><\/td>\n<td><strong><br \/>\nd * 0,606<\/strong><\/td>\n<td><strong><br \/>\n(d * 0,079) + 1583<\/strong><\/td>\n<td><strong><br \/>\nd * 0,343<\/strong><\/td>\n<\/tr>\n<tr>\n<td colspan=\"4\"><strong><br \/>\nd repr\u00e9sente la distance parcourue en kilom\u00e8tres<\/strong><\/td>\n<\/tr>\n<\/tbody>\n<\/table>\n<table border=\"1\">\n<tbody>\n<tr>\n<td colspan=\"3\"><strong><br \/>\nTARIF APPLICABLE AUX CYCLOMOTEURS<\/strong><\/td>\n<\/tr>\n<tr>\n<td><strong><br \/>\nJusqu&#8217;\u00e0 3 000 km<\/strong><\/td>\n<td><strong><br \/>\nDe 3 001 km \u00e0 6 000 km<\/strong><\/td>\n<td><strong><br \/>\nAu-del\u00e0 de 6 000 km<\/strong><\/td>\n<\/tr>\n<tr>\n<td><strong><br \/>\nd * 0,315<\/strong><\/td>\n<td><strong><br \/>\n(d * 0,079) + 711<\/strong><\/td>\n<td><strong><br \/>\nd * 0,198<\/strong><\/td>\n<\/tr>\n<tr>\n<td colspan=\"3\"><strong><br \/>\nd repr\u00e9sente la distance parcourue en kilom\u00e8tres<\/strong><\/td>\n<\/tr>\n<\/tbody>\n<\/table>\n<p><ins id=\"revive-0-2\" class=\"revive\" data-revive-zoneid=\"8\" data-revive-block=\"1\" data-revive-purpose=\"advertising_personalization\" data-revive-id=\"82073693f824889de1bcd73d5b24f8ea\" data-revive-seq=\"2\" data-revive-loaded=\"1\"><\/p>\n<div id=\"sas_94906\"><ins class=\"adsbygoogle\" data-ad-format=\"auto\" data-full-width-responsive=\"true\" data-ad-client=\"ca-pub-8032206465155878\" data-ad-slot=\"8198827608\" data-adsbygoogle-status=\"done\" data-ad-status=\"unfilled\"><\/p>\n<div id=\"aswift_0_host\"><\/div>\n<p><\/ins><\/div>\n<div id=\"beacon_8e5725935a\"><img src=\"https:\/\/ad.netlegis.fr\/www\/delivery\/lg.php?bannerid=16&amp;campaignid=1&amp;zoneid=8&amp;loc=https%3A%2F%2Fwww.legifiscal.fr%2Factualites-fiscales%2F3752-indemnites-kilometriques-revalorisation-2024.html%3Futm_source%3DL%25C3%25A9giFiscal%2B-%2BNewsletter%26utm_medium%3Demail%26utm_campaign%3DL%25C3%2583%25C2%25A9giFiscal%2B-%2BNewsletter%2B-%2B%2523583%26hash%3D8b544a3b186bd130467daadc89c693df&amp;cb=8e5725935a\" alt=\"\" width=\"0\" height=\"0\" \/><\/div>\n<p><\/ins><\/p>\n<h2><a id=\"toc-utilisation-du-bareme\" name=\"toc-utilisation-du-bareme\"><\/a>\u200bUtilisation du bar\u00e8me<\/h2>\n<p>Pour rappel, ce bar\u00e8me peut \u00eatre utilis\u00e9 dans les situations suivantes\u00a0:<\/p>\n<ul>\n<li>Pour les salari\u00e9s utilisant leur v\u00e9hicule personnel pour leurs d\u00e9placements entre leur domicile et leur lieu de travail, lorsqu\u2019ils optent pour la d\u00e9duction des frais r\u00e9els pour l\u2019imp\u00f4t sur le revenu au titre des revenus de 2023<\/li>\n<li>Pour les employeurs pour indemniser en 2023 et 2024 leurs salari\u00e9s qui utilisent leur v\u00e9hicule personnel pour des d\u00e9placements professionnels. Il s\u2019agit du plafond d\u2019indemnisation permettant une exon\u00e9ration totale des cotisations sociales et d\u2019imp\u00f4t sur le revenu.<\/li>\n<li>Pour indemniser les dirigeants de soci\u00e9t\u00e9s soumises \u00e0 l\u2019IS (imp\u00f4t sur les soci\u00e9t\u00e9s) pour leurs d\u00e9placements professionnels, \u00e0 l\u2019exception des trajets domicile \u2013 lieu de travail.<\/li>\n<li>Pour les exploitants relevant de la cat\u00e9gorie b\u00e9n\u00e9fices non commerciaux (BNC) pour l\u2019\u00e9valuation des frais d\u2019utilisation professionnelle de leur v\u00e9hicule. Ces frais peuvent \u00eatre inscrits en charge d\u00e9ductible.<\/li>\n<\/ul>\n<p><span style=\"color: #0000ff;\"><strong>Source\u00a0:\u00a0<\/strong><\/span><a href=\"https:\/\/www.impots.gouv.fr\/www2\/fichiers\/documentation\/brochure\/ir_2024\/pdf_som\/06-traitements_salaires_87a116.pdf#Page=1\">Brochure pratique 2024, d\u00e9claration des revenus 2023, Traitements et salaires<\/a><\/p>\n<\/div>\n<div class=\"ui divider\"><\/div>\n<footer class=\"ui grid\">\n<div class=\"ui sixteen wide column download\"><\/div>\n<\/footer>\n<\/article>\n","protected":false},"excerpt":{"rendered":"<p>Nous attirons votre attention sur le lien en fin d&#8217;article qui renvoie \u00e0 la brochure des imp\u00f4ts pour d\u00e9claration IRPP\/ &nbsp; Indemnit\u00e9s kilom\u00e9triques : pas de revalorisation en 2024 Imp\u00f4t sur le revenu &#8211;&#8230;<\/p>\n","protected":false},"author":2,"featured_media":0,"comment_status":"closed","ping_status":"closed","sticky":false,"template":"","format":"standard","meta":{"_mi_skip_tracking":false,"_monsterinsights_sitenote_active":false,"_monsterinsights_sitenote_note":"","_monsterinsights_sitenote_category":0},"categories":[5],"tags":[],"_links":{"self":[{"href":"https:\/\/sndll.info\/index.php?rest_route=\/wp\/v2\/posts\/6311"}],"collection":[{"href":"https:\/\/sndll.info\/index.php?rest_route=\/wp\/v2\/posts"}],"about":[{"href":"https:\/\/sndll.info\/index.php?rest_route=\/wp\/v2\/types\/post"}],"author":[{"embeddable":true,"href":"https:\/\/sndll.info\/index.php?rest_route=\/wp\/v2\/users\/2"}],"replies":[{"embeddable":true,"href":"https:\/\/sndll.info\/index.php?rest_route=%2Fwp%2Fv2%2Fcomments&post=6311"}],"version-history":[{"count":1,"href":"https:\/\/sndll.info\/index.php?rest_route=\/wp\/v2\/posts\/6311\/revisions"}],"predecessor-version":[{"id":6313,"href":"https:\/\/sndll.info\/index.php?rest_route=\/wp\/v2\/posts\/6311\/revisions\/6313"}],"wp:attachment":[{"href":"https:\/\/sndll.info\/index.php?rest_route=%2Fwp%2Fv2%2Fmedia&parent=6311"}],"wp:term":[{"taxonomy":"category","embeddable":true,"href":"https:\/\/sndll.info\/index.php?rest_route=%2Fwp%2Fv2%2Fcategories&post=6311"},{"taxonomy":"post_tag","embeddable":true,"href":"https:\/\/sndll.info\/index.php?rest_route=%2Fwp%2Fv2%2Ftags&post=6311"}],"curies":[{"name":"wp","href":"https:\/\/api.w.org\/{rel}","templated":true}]}}