{"id":6326,"date":"2024-04-22T05:29:54","date_gmt":"2024-04-22T03:29:54","guid":{"rendered":"https:\/\/sndll.info\/?p=6326"},"modified":"2024-04-21T05:31:09","modified_gmt":"2024-04-21T03:31:09","slug":"revision-des-baux-commerciaux-4eme-trimestre-2023","status":"publish","type":"post","link":"https:\/\/sndll.info\/?p=6326","title":{"rendered":"REVISION DES BAUX COMMERCIAUX 4eme trimestre 2023"},"content":{"rendered":"<p>&nbsp;<\/p>\n<h1 id=\"titlePage\" data-test=\"titre-page\">R\u00e9vision des baux commerciaux et professionnels\u00a0: les indices au quatri\u00e8me trimestre 2023<\/h1>\n<p class=\"sp-text--gray fr-text--xs\" data-test=\"date-page\">Publi\u00e9 le 10 avril 2024 &#8211; Direction de l&#8217;information l\u00e9gale et administrative (Premier ministre)<\/p>\n<div id=\"intro\" class=\"fr-mb-6w\">\n<p class=\"fr-text--lg\">Les indices de r\u00e9f\u00e9rence des baux commerciaux et professionnels que sont l&#8217;indice des loyers commerciaux (ILC), l&#8217;indice du co\u00fbt de la construction (ICC) et l&#8217;indice des loyers des activit\u00e9s tertiaires (ILAT) ont \u00e9t\u00e9 r\u00e9vis\u00e9s pour le quatri\u00e8me trimestre\u00a02023.<\/p>\n<\/div>\n<div class=\"fr-my-4w\">\n<div class=\"sp-actu fr-mt-n3w fr-mb-3w\">\n<div class=\"fr-mb-4w\">\n<div class=\"sp-image-container \"><\/div>\n<\/div>\n<p data-test=\"contenu-texte\">Publi\u00e9s le 29\u00a0mars\u00a02024 par l&#8217;Institut national de la statistique et des \u00e9tudes \u00e9conomiques (Insee), de nouveaux indices pour les baux commerciaux et professionnels ont \u00e9t\u00e9 calcul\u00e9s pour le quatri\u00e8me trimestre\u00a02023\u00a0:<\/p>\n<ul class=\"sp-item-list\">\n<li>Indice des loyers commerciaux\u00a0:\u00a0<strong>132,63<\/strong>\u00a0(contre 133,66 au troisi\u00e8me trimestre\u00a02023)\u00a0;<\/li>\n<li>Indice du co\u00fbt de la construction\u00a0:\u00a0<strong>2162<\/strong>\u00a0(contre 2106 au troisi\u00e8me trimestre\u00a02023)\u00a0;<\/li>\n<li>Indice des loyers des activit\u00e9s tertiaires\u00a0:\u00a0<strong>133,69<\/strong>\u00a0(contre 132,15 au troisi\u00e8me trimestre\u00a02023).<\/li>\n<\/ul>\n<\/div>\n<div class=\"fr-mt-6w\">\n<div class=\"sp-panel\" data-test=\"textes-de-reference\">\n<h2 class=\"sp-panel-title \"><button id=\"fiche-item-annexe-ref-aria\" class=\"sp-btn sp-btn-collapse\" type=\"button\" data-toggle=\"collapse\" data-target=\"#fiche-item-annexe-ref\" data-xiti-type=\"navigation\" aria-controls=\"fiche-item-annexe-ref\" aria-expanded=\"true\" data-xiti-name=\"Professionnels::Actualite::Depliant::Textes_de_reference_A16662_Revision_des_baux_commerciaux_et_professionnels_:_les_indices_au_quatrieme_trimestre_2023\" data-atclickmanagement=\"no\"><span class=\"fr-h6\">Textes de loi et r\u00e9f\u00e9rences<\/span><\/button><\/h2>\n<div id=\"fiche-item-annexe-ref\" class=\"sp-panel-content collapse show\" aria-hidden=\"false\">\n<ul class=\"fr-raw-list fr-ml-1v\">\n<li data-test=\"reference\">\n<div class=\"sp-link fr-mb-1w\" data-test=\"lien-reference\">\n<div class=\"sp-link--label\">\n<p class=\"fr-mb-0\"><a class=\"fr-link\" title=\"Avis relatif \u00e0 l'indice des loyers commerciaux du quatri\u00e8me trimestre de 2023 (loi n\u00b0 2008-776 du 4 ao\u00fbt 2008, d\u00e9cret n\u00b0 2008-1139 du 4 novembre 2008 et d\u00e9cret n\u00b0 2022-357 du 14 mars 2022) - legifrance.gouv.fr - Nouvelle fen\u00eatre\" href=\"https:\/\/www.legifrance.gouv.fr\/jorf\/id\/JORFTEXT000049359353\" target=\"_blank\" rel=\"noopener noreferrer\" data-xiti-name=\"Professionnels::Actualite::Navigation_Directe::Avis_relatif_a_l_indice_des_loyers_commerciaux_du_quatrieme_trimestre_de_2023__loi_n__2008-776_du_4_aout_2008__decret_n__2008-1139_du_4_novembre_2008_et_decret_n__2022-357_du_14_mars_2022_\" data-xiti-type=\"exit\" data-test=\"href-lien-reference\" data-fr-js-link-actionee=\"true\">Avis relatif \u00e0 l&#8217;indice des loyers commerciaux du quatri\u00e8me trimestre de 2023 (loi n\u00b0 2008-776 du 4 ao\u00fbt 2008, d\u00e9cret n\u00b0 2008-1139 du 4 novembre 2008 et d\u00e9cret n\u00b0 2022-357 du 14 mars 2022)<\/a><\/p>\n<\/div>\n<\/div>\n<\/li>\n<li data-test=\"reference\">\n<div class=\"sp-link fr-mb-1w\" data-test=\"lien-reference\">\n<div class=\"sp-link--label\">\n<p class=\"fr-mb-0\"><a class=\"fr-link\" title=\"Avis relatif \u00e0 l'indice des loyers des activit\u00e9s tertiaires du quatri\u00e8me trimestre de 2023 (loi n\u00b0 2011-525 du 17 mai 2011 et d\u00e9cret n\u00b0 2011-2028 du 29 d\u00e9cembre 2011) - legifrance.gouv.fr - Nouvelle fen\u00eatre\" href=\"https:\/\/www.legifrance.gouv.fr\/jorf\/id\/JORFTEXT000049386866\" target=\"_blank\" rel=\"noopener noreferrer\" data-xiti-name=\"Professionnels::Actualite::Navigation_Directe::Avis_relatif_a_l_indice_des_loyers_des_activites_tertiaires_du_quatrieme_trimestre_de_2023__loi_n__2011-525_du_17_mai_2011_et_decret_n__2011-2028_du_29_decembre_2011_\" data-xiti-type=\"exit\" data-test=\"href-lien-reference\" data-fr-js-link-actionee=\"true\">Avis relatif \u00e0 l&#8217;indice des loyers des activit\u00e9s tertiaires du quatri\u00e8me trimestre de 2023 (loi n\u00b0 2011-525 du 17 mai 2011 et d\u00e9cret n\u00b0 2011-2028 du 29 d\u00e9cembre 2011)<\/a><\/p>\n<\/div>\n<\/div>\n<\/li>\n<li data-test=\"reference\">\n<div class=\"sp-link fr-mb-1w\" data-test=\"lien-reference\">\n<div class=\"sp-link--label\">\n<p class=\"fr-mb-0\"><a class=\"fr-link\" title=\"Avis relatif \u00e0 l'indice du co\u00fbt de la construction du quatri\u00e8me trimestre de 2023 (d\u00e9cret n\u00b0 2009-1568 du 15 d\u00e9cembre 2009) - legifrance.gouv.fr - Nouvelle fen\u00eatre\" href=\"https:\/\/www.legifrance.gouv.fr\/jorf\/id\/JORFTEXT000049364899\" target=\"_blank\" rel=\"noopener noreferrer\" data-xiti-name=\"Professionnels::Actualite::Navigation_Directe::Avis_relatif_a_l_indice_du_cout_de_la_construction_du_quatrieme_trimestre_de_2023__decret_n__2009-1568_du_15_decembre_2009_\" data-xiti-type=\"exit\" data-test=\"href-lien-reference\" data-fr-js-link-actionee=\"true\">Avis relatif \u00e0 l&#8217;indice du co\u00fbt de la construction du quatri\u00e8me trimestre de 2023 (d\u00e9cret n\u00b0 2009-1568 du 15 d\u00e9cembre 2009)<\/a><\/p>\n<\/div>\n<\/div>\n<\/li>\n<\/ul>\n<\/div>\n<\/div>\n<\/div>\n<\/div>\n","protected":false},"excerpt":{"rendered":"<p>&nbsp; R\u00e9vision des baux commerciaux et professionnels\u00a0: les indices au quatri\u00e8me trimestre 2023 Publi\u00e9 le 10 avril 2024 &#8211; Direction de l&#8217;information l\u00e9gale et administrative (Premier ministre) Les indices de r\u00e9f\u00e9rence des baux commerciaux&#8230;<\/p>\n","protected":false},"author":2,"featured_media":0,"comment_status":"closed","ping_status":"closed","sticky":false,"template":"","format":"standard","meta":{"_mi_skip_tracking":false,"_monsterinsights_sitenote_active":false,"_monsterinsights_sitenote_note":"","_monsterinsights_sitenote_category":0},"categories":[1],"tags":[],"_links":{"self":[{"href":"https:\/\/sndll.info\/index.php?rest_route=\/wp\/v2\/posts\/6326"}],"collection":[{"href":"https:\/\/sndll.info\/index.php?rest_route=\/wp\/v2\/posts"}],"about":[{"href":"https:\/\/sndll.info\/index.php?rest_route=\/wp\/v2\/types\/post"}],"author":[{"embeddable":true,"href":"https:\/\/sndll.info\/index.php?rest_route=\/wp\/v2\/users\/2"}],"replies":[{"embeddable":true,"href":"https:\/\/sndll.info\/index.php?rest_route=%2Fwp%2Fv2%2Fcomments&post=6326"}],"version-history":[{"count":1,"href":"https:\/\/sndll.info\/index.php?rest_route=\/wp\/v2\/posts\/6326\/revisions"}],"predecessor-version":[{"id":6328,"href":"https:\/\/sndll.info\/index.php?rest_route=\/wp\/v2\/posts\/6326\/revisions\/6328"}],"wp:attachment":[{"href":"https:\/\/sndll.info\/index.php?rest_route=%2Fwp%2Fv2%2Fmedia&parent=6326"}],"wp:term":[{"taxonomy":"category","embeddable":true,"href":"https:\/\/sndll.info\/index.php?rest_route=%2Fwp%2Fv2%2Fcategories&post=6326"},{"taxonomy":"post_tag","embeddable":true,"href":"https:\/\/sndll.info\/index.php?rest_route=%2Fwp%2Fv2%2Ftags&post=6326"}],"curies":[{"name":"wp","href":"https:\/\/api.w.org\/{rel}","templated":true}]}}