{"id":6345,"date":"2024-04-29T08:16:20","date_gmt":"2024-04-29T06:16:20","guid":{"rendered":"https:\/\/sndll.info\/?p=6345"},"modified":"2024-04-25T08:18:38","modified_gmt":"2024-04-25T06:18:38","slug":"conges-payes-et-maladie-non-professionnelle","status":"publish","type":"post","link":"https:\/\/sndll.info\/?p=6345","title":{"rendered":"conges payes et maladie non professionnelle"},"content":{"rendered":"<h1 id=\"titlePage\" data-test=\"titre-page\">Cong\u00e9s pay\u00e9s en cas de maladie non professionnelle : quels changements\u00a0?<\/h1>\n<p class=\"sp-text--gray fr-text--xs\" data-test=\"date-page\">\n<div id=\"intro\" class=\"fr-mb-6w\">\n<p class=\"fr-text--lg\">L&#8217;article 37 de la loi n\u00b0\u00a02024-364 du 22\u00a0avril\u00a02024 portant diverses dispositions d&#8217;adaptation au droit de l&#8217;Union europ\u00e9enne (DDADUE) met en conformit\u00e9 le code du travail en mati\u00e8re d\u2019acquisition de cong\u00e9s pay\u00e9s pour maladie non professionnelle. Ces nouvelles dispositions sont entr\u00e9es en vigueur le 24\u00a0avril\u00a02024.<\/p>\n<\/div>\n<div class=\"fr-my-4w\">\n<div class=\"sp-actu fr-mt-n3w fr-mb-3w\">\n<div class=\"fr-mb-4w\">\n<div class=\"sp-image-container \"><\/div>\n<\/div>\n<p data-test=\"contenu-texte\">Pour rappel, le Conseil d&#8217;\u00c9tat a prononc\u00e9 le 11\u00a0mars\u00a02024 un avis sur l\u2019acquisition de cong\u00e9s pay\u00e9s pour maladie non professionnelle et avait pos\u00e9 les bases des prochains changements l\u00e9gislatifs.<\/p>\n<p data-test=\"contenu-texte\">Cet avis faisait suite \u00e0\u00a0<a title=\"3\u00a0arr\u00eats de jurisprudence - Nouvelle fen\u00eatre\" href=\"https:\/\/entreprendre.service-public.fr\/actualites\/A16756\" target=\"_blank\" rel=\"noopener\">3\u00a0arr\u00eats de jurisprudence<\/a>\u00a0rendus par la Cour de cassation le 13\u00a0septembre\u00a02023 dans lesquels elle reconna\u00eet le droit au salari\u00e9 de pouvoir obtenir des jours de cong\u00e9s pay\u00e9s durant un arr\u00eat de travail pour maladie ou accident non professionnel.<\/p>\n<h2 id=\"titreChapitre_803220751745628693\" class=\"fr-h4 fr-mt-4w\" data-test=\"chapitre\">Acquisition de 2\u00a0jours de cong\u00e9s par mois pour les maladies non professionnelles<\/h2>\n<p data-test=\"contenu-texte\"><strong><span style=\"color: #0000ff;\">L&#8217;article\u00a037 de la loi DDADUE instaure l\u2019acquisition de\u00a02\u00a0jours ouvrables de cong\u00e9s par mois\u00a0pendant les p\u00e9riodes de maladie non professionnelle (soit 24\u00a0jours par an).<\/span><\/strong><\/p>\n<div class=\"fr-highlight  fr-my-4w fr-ml-0 sp-bg-white fr-py-1w\" data-test=\"citation\" data-fr-js-highlight-actionee=\"true\">\n<p class=\"fr-text--bold\">Rappel<\/p>\n<p>Pour les maladies professionnelles, le salari\u00e9 acquiert aujourd&#8217;hui 2,5\u00a0jours de cong\u00e9s par mois.<\/p>\n<\/div>\n<p data-test=\"contenu-texte\">Concernant l&#8217;application de cette nouvelle disposition, la loi indique que,\u00a0<strong>pour la p\u00e9riode post\u00e9rieure au 1<sup>er<\/sup>\u00a0d\u00e9cembre\u00a02009<\/strong>, le salari\u00e9 pourra invoquer le b\u00e9n\u00e9fice d&#8217;<strong>au moins 4\u00a0semaines de cong\u00e9s pay\u00e9s annuels<\/strong>\u00a0aupr\u00e8s de son employeur au titre des absences pour cause de maladie non professionnelle. Le salari\u00e9 devra\u00a0<strong>fonder son action sur le droit de l&#8217;Union europ\u00e9enne<\/strong>\u00a0devant le juge fran\u00e7ais.<\/p>\n<div class=\"fr-highlight  fr-my-4w fr-ml-0 sp-bg-white fr-py-1w\" data-test=\"citation\" data-fr-js-highlight-actionee=\"true\">\n<p class=\"fr-text--bold\">\u00c0 noter<\/p>\n<p>Un dispositif doit \u00eatre mis en place par l&#8217;employeur afin que la salari\u00e9 ne d\u00e9passe pas les 24\u00a0jours de cong\u00e9 annuel pay\u00e9 au titre de ces absences.<\/p>\n<\/div>\n<div data-content=\"sousChapitres\"><\/div>\n<h2 id=\"titreChapitre_7388817588639406856\" class=\"fr-h4 fr-mt-4w\" data-test=\"chapitre\">Arr\u00eats maladie ant\u00e9rieurs\u00a0: quel est le d\u00e9lai pour agir\u00a0?<\/h2>\n<p data-test=\"contenu-texte\">Le sujet important de la r\u00e9troactivit\u00e9 dans la reconnaissance de droits \u00e0 cong\u00e9s pay\u00e9s cons\u00e9cutifs d&#8217;une maladie non professionnelle a \u00e9galement \u00e9t\u00e9 trait\u00e9.<\/p>\n<p data-test=\"contenu-texte\">Le d\u00e9lai pour agir d\u00e9pend de la situation du salari\u00e9\u00a0:<\/p>\n<ul class=\"sp-item-list\">\n<li>le salari\u00e9 n&#8217;est plus li\u00e9 \u00e0 son employeur (en raison d&#8217;un d\u00e9part volontaire, d&#8217;un licenciement ou d&#8217;un d\u00e9part \u00e0 la retraite)\u00a0: la\u00a0<strong>prescription de 3\u00a0ans<\/strong>\u00a0pour agir en paiement d&#8217;indemnit\u00e9 compensatrice de cong\u00e9s pay\u00e9s s&#8217;appliquera. Elle fera obstacle aux actions, en cours ou \u00e0 venir, engag\u00e9es par des salari\u00e9s ayant quitt\u00e9 leur employeur plus de 3\u00a0ans avant de saisir le juge\u00a0;<\/li>\n<li>le salari\u00e9 est encore li\u00e9 \u00e0 son employeur au moment de la demande\u00a0: il disposera d&#8217;un\u00a0<strong>d\u00e9lai de 2\u00a0ans \u00e0 compter de l\u2019entr\u00e9e en vigueur de la nouvelle loi<\/strong>\u00a0pour agir en justice afin de r\u00e9clamer des cong\u00e9s pay\u00e9s au titre de p\u00e9riodes ant\u00e9rieures.<br \/>\nCe d\u00e9lai s&#8217;appliquera m\u00eame en l&#8217;absence d&#8217;information de la part de l&#8217;employeur.<\/li>\n<\/ul>\n<div data-content=\"sousChapitres\"><\/div>\n<h2 id=\"titreChapitre_5064593879748111961\" class=\"fr-h4 fr-mt-4w\" data-test=\"chapitre\">Validation d&#8217;une p\u00e9riode de report de 15 mois des cong\u00e9s acquis avant ou pendant un arr\u00eat de maladie<\/h2>\n<p data-test=\"contenu-texte\">Concernant le report des cong\u00e9s acquis avant ou pendant un arr\u00eat de maladie (professionnelle ou non), la loi dispose que la dur\u00e9e de la p\u00e9riode de report des cong\u00e9s acquis ne peut pas \u00eatre inf\u00e9rieure \u00e0 15\u00a0mois.<\/p>\n<p data-test=\"contenu-texte\">La loi r\u00e9pond \u00e0 2\u00a0situations\u00a0:<\/p>\n<ul class=\"sp-item-list\">\n<li>pour les reports de cong\u00e9s acquis non utilis\u00e9s en raison de l&#8217;expiration de la p\u00e9riode de prise de cong\u00e9s du fait d&#8217;un arr\u00eat maladie (celui-ci donnant \u00e9galement droit \u00e0 des cong\u00e9s pay\u00e9s), une\u00a0<strong>p\u00e9riode de report de 15\u00a0mois<\/strong>\u00a0d\u00e9butant \u00e0 la reprise du travail sera ouverte (\u00e0 la condition que l&#8217;employeur ait inform\u00e9 le salari\u00e9 de ses droits)\u00a0;<\/li>\n<li>pour les droits \u00e0 cong\u00e9s acquis durant les tr\u00e8s longs arr\u00eats maladie et comprenant plusieurs p\u00e9riodes d&#8217;acquisition de droits, un d\u00e9lai de report des droits acquis pendant une absence pour maladie est instaur\u00e9. Il d\u00e9bute \u00e0 la fin de la p\u00e9riode d\u2019acquisition des droits si, \u00e0 cette date, le contrat de travail est suspendu\u00a0<strong>depuis au moins un an<\/strong>\u00a0en raison de la maladie ou de l&#8217;accident.<br \/>\nAu terme d&#8217;un\u00a0<strong>d\u00e9lai de 15\u00a0mois<\/strong>, les droits \u00e0 cong\u00e9s expireront d\u00e9finitivement, m\u00eame si le salari\u00e9 est encore absent du fait de sa maladie et qu&#8217;en raison de la suspension de son contrat, il n&#8217;a pas pu \u00eatre inform\u00e9 de ses droits par son employeur.<br \/>\nLa loi pr\u00e9cise que si l&#8217;employeur a pu informer le salari\u00e9 car celui-ci est revenu avant l&#8217;expiration de la p\u00e9riode de report de 15\u00a0mois, le point de d\u00e9part de la fraction restante de la p\u00e9riode de report sera la date \u00e0 laquelle l&#8217;information a \u00e9t\u00e9 d\u00e9livr\u00e9e par l&#8217;employeur.<\/li>\n<\/ul>\n<div class=\"fr-highlight  fr-my-4w fr-ml-0 sp-bg-white fr-py-1w\" data-test=\"citation\" data-fr-js-highlight-actionee=\"true\">\n<p class=\"fr-text--bold\">\u00c0 savoir<\/p>\n<p>Il est possible de fixer une p\u00e9riode de report sup\u00e9rieure \u00e0 15\u00a0mois par accord d&#8217;entreprise ou d&#8217;\u00e9tablissement (ou, \u00e0 d\u00e9faut, par une convention ou un accord de branche).<\/p>\n<\/div>\n<div data-content=\"sousChapitres\"><\/div>\n<\/div>\n<div class=\"fr-mt-6w\">\n<div class=\"sp-panel\" data-test=\"textes-de-reference\">\n<h2 class=\"sp-panel-title \"><button id=\"fiche-item-annexe-ref-aria\" class=\"sp-btn sp-btn-collapse\" type=\"button\" data-toggle=\"collapse\" data-target=\"#fiche-item-annexe-ref\" data-xiti-type=\"navigation\" aria-controls=\"fiche-item-annexe-ref\" aria-expanded=\"true\" data-xiti-name=\"Professionnels::Actualite::Depliant::Textes_de_reference_A17308_Conges_payes_en_cas_de_maladie_non_professionnelle_:_quels_changements__\" data-atclickmanagement=\"no\"><span class=\"fr-h6\">Textes de loi et r\u00e9f\u00e9rences<\/span><\/button><\/h2>\n<div id=\"fiche-item-annexe-ref\" class=\"sp-panel-content collapse show\" aria-hidden=\"false\">\n<ul class=\"fr-raw-list fr-ml-1v\">\n<li data-test=\"reference\">\n<div class=\"sp-link fr-mb-1w\" data-test=\"lien-reference\">\n<div class=\"sp-link--label\">\n<p class=\"fr-mb-0\"><a class=\"fr-link\" title=\"LOI n\u00b0 2024-364 du 22 avril 2024 portant diverses dispositions d'adaptation au droit de l'Union europ\u00e9enne en mati\u00e8re d'\u00e9conomie, de finances, de transition \u00e9cologique, de droit p\u00e9nal, de droit social et en mati\u00e8re agricole - Article 37 - legifrance.gouv.fr - Nouvelle fen\u00eatre\" href=\"https:\/\/www.legifrance.gouv.fr\/eli\/loi\/2024\/4\/22\/ECOM2328155L\/jo\/article_37\" target=\"_blank\" rel=\"noopener noreferrer\" data-xiti-name=\"Professionnels::Actualite::Navigation_Directe::LOI_n__2024-364_du_22_avril_2024_portant_diverses_dispositions_d_adaptation_au_droit_de_l_Union_europeenne_en_matiere_d_economie__de_finances__de_transition_ecologique__de_droit_penal__de_droit_social_et_en_matiere_agricole_-_Article_37\" data-xiti-type=\"exit\" data-test=\"href-lien-reference\" data-fr-js-link-actionee=\"true\">LOI n\u00b0 2024-364 du 22 avril 2024 portant diverses dispositions d&#8217;adaptation au droit de l&#8217;Union europ\u00e9enne en mati\u00e8re d&#8217;\u00e9conomie, de finances, de transition \u00e9cologique, de droit p\u00e9nal, de droit social et en mati\u00e8re agricole &#8211; Article 37<\/a><\/p>\n<\/div>\n<\/div>\n<\/li>\n<li data-test=\"reference\">\n<div class=\"sp-link fr-mb-1w\" data-test=\"lien-reference\">\n<div class=\"sp-link--label\">\n<p class=\"fr-mb-0\"><a class=\"fr-link\" title=\"Avis du 13 mars 2024 du Conseil d'\u00c9tat portant sur la mise en conformit\u00e9 des dispositions du code du travail en mati\u00e8re d\u2019acquisition de cong\u00e9s pendant les p\u00e9riodes d\u2019arr\u00eat maladie - conseil-etat.fr - Nouvelle fen\u00eatre\" href=\"https:\/\/conseil-etat.fr\/avis-consultatifs\/derniers-avis-rendus\/au-gouvernement\/avis-portant-sur-la-mise-en-conformite-des-dispositions-du-code-du-travail-en-matiere-d-acquisition-de-conges-pendant-les-periodes-d-arret-maladie\" target=\"_blank\" rel=\"noopener noreferrer\" data-xiti-name=\"Professionnels::Actualite::Navigation_Directe::Avis_du_13_mars_2024_du_Conseil_d_Etat_portant_sur_la_mise_en_conformite_des_dispositions_du_code_du_travail_en_matiere_d_acquisition_de_conges_pendant_les_periodes_d_arret_maladie\" data-xiti-type=\"exit\" data-test=\"href-lien-reference\" data-fr-js-link-actionee=\"true\">Avis du 13 mars 2024 du Conseil d&#8217;\u00c9tat portant sur la mise en conformit\u00e9 des dispositions du code du travail en mati\u00e8re d\u2019acquisition de cong\u00e9s pendant les p\u00e9riodes d\u2019arr\u00eat maladie<\/a><\/p>\n<\/div>\n<\/div>\n<\/li>\n<\/ul>\n<\/div>\n<\/div>\n<div class=\"sp-panel sp-panel-open\" data-test=\"voir-aussi\">\n<h2 class=\"sp-panel-title\"><span class=\"fr-h6\">Voir aussi<\/span><\/h2>\n<div id=\"fiche-item-annexe-voirAussi\" class=\"sp-panel-content\">\n<ul class=\"fr-raw-list fr-ml-1v\">\n<li>\n<div class=\"sp-link fr-mb-1w\" data-test=\"lien-voir-aussi\">\n<div class=\"sp-link--label\">\n<p class=\"fr-mb-0\"><a class=\"fr-link\" href=\"https:\/\/entreprendre.service-public.fr\/actualites\/A16756\" data-xiti-name=\"Professionnels::Actualite::Navigation_Directe::La_Cour_de_cassation_ouvre_la_porte_a_l_acquisition_de_conges_payes_pendant_un_arret_maladie\" data-xiti-type=\"navigation\" data-test=\"href-lien-voir-aussi\" data-fr-js-link-actionee=\"true\">La Cour de cassation ouvre la porte \u00e0 l\u2019acquisition de cong\u00e9s pay\u00e9s pendant un arr\u00eat maladie<\/a><\/p>\n<\/div>\n<\/div>\n<\/li>\n<\/ul>\n<\/div>\n<\/div>\n<\/div>\n<\/div>\n","protected":false},"excerpt":{"rendered":"<p>Cong\u00e9s pay\u00e9s en cas de maladie non professionnelle : quels changements\u00a0? L&#8217;article 37 de la loi n\u00b0\u00a02024-364 du 22\u00a0avril\u00a02024 portant diverses dispositions d&#8217;adaptation au droit de l&#8217;Union europ\u00e9enne (DDADUE) met en conformit\u00e9 le code&#8230;<\/p>\n","protected":false},"author":2,"featured_media":0,"comment_status":"closed","ping_status":"closed","sticky":false,"template":"","format":"standard","meta":{"_mi_skip_tracking":false,"_monsterinsights_sitenote_active":false,"_monsterinsights_sitenote_note":"","_monsterinsights_sitenote_category":0},"categories":[9],"tags":[],"_links":{"self":[{"href":"https:\/\/sndll.info\/index.php?rest_route=\/wp\/v2\/posts\/6345"}],"collection":[{"href":"https:\/\/sndll.info\/index.php?rest_route=\/wp\/v2\/posts"}],"about":[{"href":"https:\/\/sndll.info\/index.php?rest_route=\/wp\/v2\/types\/post"}],"author":[{"embeddable":true,"href":"https:\/\/sndll.info\/index.php?rest_route=\/wp\/v2\/users\/2"}],"replies":[{"embeddable":true,"href":"https:\/\/sndll.info\/index.php?rest_route=%2Fwp%2Fv2%2Fcomments&post=6345"}],"version-history":[{"count":1,"href":"https:\/\/sndll.info\/index.php?rest_route=\/wp\/v2\/posts\/6345\/revisions"}],"predecessor-version":[{"id":6347,"href":"https:\/\/sndll.info\/index.php?rest_route=\/wp\/v2\/posts\/6345\/revisions\/6347"}],"wp:attachment":[{"href":"https:\/\/sndll.info\/index.php?rest_route=%2Fwp%2Fv2%2Fmedia&parent=6345"}],"wp:term":[{"taxonomy":"category","embeddable":true,"href":"https:\/\/sndll.info\/index.php?rest_route=%2Fwp%2Fv2%2Fcategories&post=6345"},{"taxonomy":"post_tag","embeddable":true,"href":"https:\/\/sndll.info\/index.php?rest_route=%2Fwp%2Fv2%2Ftags&post=6345"}],"curies":[{"name":"wp","href":"https:\/\/api.w.org\/{rel}","templated":true}]}}