{"id":6403,"date":"2024-05-30T12:55:25","date_gmt":"2024-05-30T10:55:25","guid":{"rendered":"https:\/\/sndll.info\/?p=6403"},"modified":"2024-05-31T19:24:11","modified_gmt":"2024-05-31T17:24:11","slug":"attention-a-la-lettre-de-licenciement","status":"publish","type":"post","link":"https:\/\/sndll.info\/?p=6403","title":{"rendered":"ATTENTION A LA LETTRE DE LICENCIEMENT !"},"content":{"rendered":"<p>Bonjour,<\/p>\n<p>En droit social, le danger se niche dans les d\u00e9tails.<\/p>\n<p>En voici une illustration \u00e0 laquelle on n&#8217;aurait pas pens\u00e9 mais la chambre sociale de la Cour de Cassation est l\u00e0 pour illustrer la complexit\u00e9 de la pens\u00e9e juridique fran\u00e7aise ! En clair il ne faut pas annoncer pr\u00e9alablement oralement \u00e0 un salari\u00e9 qu&#8217;on lui a envoy\u00e9 une lettre de licenciement .<\/p>\n<p>Il faut qu&#8217;il l&#8217;ait re\u00e7ue &#8230; \u00e0 lire donc !<\/p>\n<p>Cordialement<\/p>\n<p>Patrick MALVA\u00cbS<\/p>\n<p>&nbsp;<\/p>\n<div class=\"main-titles\">\n<div class=\"question-summary\"><strong><span style=\"color: #0000ff;\">Un employeur a-t-il int\u00e9r\u00eat \u00e0 annoncer verbalement l&#8217;envoi d&#8217;une lettre de licenciement?<\/span><\/strong><\/div>\n<div><\/div>\n<\/div>\n<p>La r\u00e9ponse est non.\u00a0<strong>I<span style=\"color: #0000ff;\">l est imprudent d\u2019annoncer, m\u00eame par politesse, \u00e0 un salari\u00e9 l\u2019envoi de sa lettre de licenciement<\/span><\/strong><span style=\"color: #0000ff;\">, selon un arr\u00eat de la Cour de cassation.<\/span><\/p>\n<p>Car, faute de pouvoir prouver que la lettre a \u00e9t\u00e9 exp\u00e9di\u00e9e avant cette information verbale, le patron se rend auteur d\u2019<strong>un licenciement verbal, ce qui est toujours un licenciement abusif<\/strong>.<\/p>\n<p>Un patron contestait sa condamnation \u00e0 verser des indemnit\u00e9s de licenciement, des indemnit\u00e9s de pr\u00e9avis et des dommages et int\u00e9r\u00eats pour licenciement sans cause r\u00e9elle et s\u00e9rieuse.<\/p>\n<p>Il avait au contraire envoy\u00e9 une lettre de licenciement pour faute grave, ce qui est un licenciement sans pr\u00e9avis et sans indemnit\u00e9s. Apr\u00e8s l\u2019avoir envoy\u00e9e,\u00a0 \u00a0il avait pr\u00e9venu par t\u00e9l\u00e9phone l\u2019int\u00e9ress\u00e9 afin de lui \u00e9viter de se pr\u00e9senter le lendemain et d\u2019\u00eatre cong\u00e9di\u00e9 publiquement.<\/p>\n<div id=\"ps-pave\" class=\"ad-slot-container extra-space-for-ad\">\n<div id=\"div-ps-ad-pave_article\" class=\"adm-ad-rendered\" data-google-query-id=\"CO6C24OZtYYDFfo7BgAdXbcCdw\">\n<div id=\"google_ads_iframe_\/31755961,49811762\/nicematin\/desktop\/article\/pave_article_0__container__\" class=\"ivbsFix\">\n<div id=\"invibes_groupe_nicematin\" class=\"divVideoStep\">\n<div class=\"ivContainer ivInfeed\">\n<div id=\"divMosaic+[HtmlId]\" class=\"ivbsGeneral\">\n<div class=\"ivbsAdOptions\">\n<div class=\"ivTrigger\"><\/div>\n<\/div>\n<div id=\"ivThumbContainer\" class=\"ivThumbContainer\" data-integralas-id-379cc64e-99cb-6e71-bfe6-09da7ffd6a91=\"\"><\/div>\n<div id=\"ivbsFooter\" class=\"ivbsIdentity\"><\/div>\n<\/div>\n<\/div>\n<\/div>\n<\/div>\n<\/div>\n<\/div>\n<p>Mais, selon la loi,\u00a0<strong>c\u2019est la lettre de licenciement qui notifie le licenciement et en \u00e9nonce les motifs<\/strong>, et elle doit \u00eatre envoy\u00e9e en recommand\u00e9 avec accus\u00e9 de r\u00e9ception. Il s\u2019ensuit que le licenciement verbal n\u2019est pas conforme \u00e0 cette exigence.<\/p>\n<p>De plus, relevaient les juges, comme le licenciement est prononc\u00e9 pour l\u2019employeur au moment de l\u2019envoi de la lettre, il faut alors prouver que l\u2019appel t\u00e9l\u00e9phonique a bien \u00e9t\u00e9 post\u00e9rieur \u00e0 l\u2019envoi, preuve qui n\u2019\u00e9tait pas possible d&#8217;apporter.<\/p>\n<p><strong><span style=\"color: #0000ff;\">D\u00e8s lors, les juges ont consid\u00e9r\u00e9, dans l\u2019int\u00e9r\u00eat du salari\u00e9, que l\u2019information verbale avait \u00e9t\u00e9 ant\u00e9rieure \u00e0 la notification dans les formes l\u00e9gales et que cette pratique revenait \u00e0 licencier sans motif, ce qui caract\u00e9rise le licenciement abusif.<\/span><\/strong><\/p>\n<p>(Cass. Soc, 3.4.2024, H 23-10.931).<\/p>\n<p>&nbsp;<\/p>\n<h1 id=\"titlePage\" data-test=\"titre-page\">Peut-on par correction pr\u00e9venir un salari\u00e9 de son licenciement par t\u00e9l\u00e9phone\u00a0?<\/h1>\n<p class=\"sp-text--gray fr-text--xs\" data-test=\"date-page\">Publi\u00e9 le 23 mai 2024 &#8211; Direction de l&#8217;information l\u00e9gale et administrative (Premier ministre)<\/p>\n<div id=\"intro\" class=\"fr-mb-6w\">\n<p class=\"fr-text--lg\">\u00c9ric est salari\u00e9 d\u2019une entreprise. Une proc\u00e9dure de licenciement \u00e0 son encontre est en cours. L\u2019employeur prend la d\u00e9cision de notifier \u00e0 ce salari\u00e9 un licenciement pour faute grave par courrier recommand\u00e9. Cependant, en parall\u00e8le, il pr\u00e9vient \u00c9ric le m\u00eame jour par t\u00e9l\u00e9phone afin de lui \u00e9viter de se voir cong\u00e9dier en pr\u00e9sence de coll\u00e8gues rassembl\u00e9s pour la tenue d\u2019une r\u00e9union. L\u2019employeur prend-il un risque \u00e0 agir de la sorte\u00a0?<\/p>\n<\/div>\n<div class=\"fr-my-4w\">\n<div class=\"sp-actu fr-mt-n3w fr-mb-3w\">\n<p data-test=\"contenu-texte\"><strong>Service-Public.fr vous r\u00e9pond\u00a0:\u00a0<\/strong><\/p>\n<p data-test=\"contenu-texte\">Le licenciement pour faute grave prive le salari\u00e9 de ses indemnit\u00e9s de licenciement et de l\u2019indemnit\u00e9 compensatrice de pr\u00e9avis. Ce motif entra\u00eene une rupture du contrat de travail sur le champ.\u00a0<strong>La rupture du contrat est effective \u00e0 la date d\u2019envoi du courrier.<\/strong>\u00a0Cela peut avoir pour cons\u00e9quence un d\u00e9calage entre le moment de la rupture effective du contrat et le moment de la prise de connaissance de cette rupture par le salari\u00e9.<\/p>\n<p data-test=\"contenu-texte\">Conform\u00e9ment aux termes de l&#8217;article L1232-6 du code du travail, l\u2019employeur\u00a0<strong>doit notifier sa d\u00e9cision de licencier par lettre recommand\u00e9e avec avis de r\u00e9ception<\/strong>. La lettre de licenciement doit comporter l&#8217;\u00e9nonc\u00e9 du ou des motifs invoqu\u00e9s par l&#8217;employeur.<\/p>\n<p data-test=\"contenu-texte\">Dans une affaire similaire, les juges ont suivi la voie d\u00e9j\u00e0 trac\u00e9e par les textes et la jurisprudence existante. Ils ont retenu que l\u2019appel t\u00e9l\u00e9phonique au salari\u00e9 constituait un licenciement verbal (et donc sans cause r\u00e9elle et s\u00e9rieuse), m\u00eame si un courrier de licenciement pour faute grave avait \u00e9t\u00e9 envoy\u00e9 le m\u00eame jour. En effet, la chronologie exacte des \u00e9v\u00e8nements n\u2019\u00e9tait pas \u00e9tablie.<\/p>\n<p data-test=\"contenu-texte\">Les juges n\u2019ont pas non plus retenu l\u2019intention louable de l\u2019employeur.<\/p>\n<p data-test=\"contenu-texte\">En conclusion, la notification d&#8217;un licenciement doit se faire par \u00e9crit. M\u00eame par correction ou avec une bonne intention,\u00a0<strong>il n&#8217;est pas recommand\u00e9 d&#8217;informer le salari\u00e9 de la rupture de son contrat par t\u00e9l\u00e9phone avant d&#8217;avoir envoy\u00e9 la lettre de licenciement<\/strong>.<\/p>\n<\/div>\n<div class=\"fr-mt-6w\">\n<div class=\"sp-panel\" data-test=\"textes-de-reference\">\n<h2 class=\"sp-panel-title \"><button id=\"fiche-item-annexe-ref-aria\" class=\"sp-btn sp-btn-collapse\" type=\"button\" data-toggle=\"collapse\" data-target=\"#fiche-item-annexe-ref\" data-xiti-type=\"navigation\" aria-controls=\"fiche-item-annexe-ref\" aria-expanded=\"true\" data-xiti-name=\"Professionnels::Actualite::Depliant::Textes_de_reference_A17392_Peut-on_par_correction_prevenir_un_salarie_de_son_licenciement_par_telephone__\" data-atclickmanagement=\"no\"><span class=\"fr-h6\">Textes de loi et r\u00e9f\u00e9rences<\/span><\/button><\/h2>\n<div id=\"fiche-item-annexe-ref\" class=\"sp-panel-content collapse show\" aria-hidden=\"false\">\n<ul class=\"fr-raw-list fr-ml-1v\">\n<li data-test=\"reference\">\n<div class=\"sp-link fr-mb-1w\" data-test=\"lien-reference\">\n<div class=\"sp-link--label\">\n<p class=\"fr-mb-0\"><a class=\"fr-link\" title=\"Cour de cassation, chambre sociale, 3 avril 2024, n\u00b023-10.931 - legifrance.gouv.fr - Nouvelle fen\u00eatre\" href=\"https:\/\/www.legifrance.gouv.fr\/juri\/id\/JURITEXT000049385404?init=true&amp;page=1&amp;query=23-10931&amp;searchField=ALL&amp;tab_selection=all\" target=\"_blank\" rel=\"noopener noreferrer\" data-xiti-name=\"Professionnels::Actualite::Navigation_Directe::Cour_de_cassation__chambre_sociale__3_avril_2024__n_23-10_931\" data-xiti-type=\"exit\" data-test=\"href-lien-reference\" data-fr-js-link-actionee=\"true\">Cour de cassation, chambre sociale, 3 avril 2024, n\u00b023-10.931<\/a><\/p>\n<\/div>\n<\/div>\n<\/li>\n<\/ul>\n<\/div>\n<\/div>\n<\/div>\n<\/div>\n","protected":false},"excerpt":{"rendered":"<p>Bonjour, En droit social, le danger se niche dans les d\u00e9tails. En voici une illustration \u00e0 laquelle on n&#8217;aurait pas pens\u00e9 mais la chambre sociale de la Cour de Cassation est l\u00e0 pour illustrer&#8230;<\/p>\n","protected":false},"author":2,"featured_media":0,"comment_status":"closed","ping_status":"closed","sticky":false,"template":"","format":"standard","meta":{"_mi_skip_tracking":false,"_monsterinsights_sitenote_active":false,"_monsterinsights_sitenote_note":"","_monsterinsights_sitenote_category":0},"categories":[9],"tags":[],"_links":{"self":[{"href":"https:\/\/sndll.info\/index.php?rest_route=\/wp\/v2\/posts\/6403"}],"collection":[{"href":"https:\/\/sndll.info\/index.php?rest_route=\/wp\/v2\/posts"}],"about":[{"href":"https:\/\/sndll.info\/index.php?rest_route=\/wp\/v2\/types\/post"}],"author":[{"embeddable":true,"href":"https:\/\/sndll.info\/index.php?rest_route=\/wp\/v2\/users\/2"}],"replies":[{"embeddable":true,"href":"https:\/\/sndll.info\/index.php?rest_route=%2Fwp%2Fv2%2Fcomments&post=6403"}],"version-history":[{"count":2,"href":"https:\/\/sndll.info\/index.php?rest_route=\/wp\/v2\/posts\/6403\/revisions"}],"predecessor-version":[{"id":6406,"href":"https:\/\/sndll.info\/index.php?rest_route=\/wp\/v2\/posts\/6403\/revisions\/6406"}],"wp:attachment":[{"href":"https:\/\/sndll.info\/index.php?rest_route=%2Fwp%2Fv2%2Fmedia&parent=6403"}],"wp:term":[{"taxonomy":"category","embeddable":true,"href":"https:\/\/sndll.info\/index.php?rest_route=%2Fwp%2Fv2%2Fcategories&post=6403"},{"taxonomy":"post_tag","embeddable":true,"href":"https:\/\/sndll.info\/index.php?rest_route=%2Fwp%2Fv2%2Ftags&post=6403"}],"curies":[{"name":"wp","href":"https:\/\/api.w.org\/{rel}","templated":true}]}}