{"id":6407,"date":"2024-06-01T19:26:19","date_gmt":"2024-06-01T17:26:19","guid":{"rendered":"https:\/\/sndll.info\/?p=6407"},"modified":"2024-05-31T19:28:45","modified_gmt":"2024-05-31T17:28:45","slug":"difficultes-et-tribunal-de-commerce","status":"publish","type":"post","link":"https:\/\/sndll.info\/?p=6407","title":{"rendered":"DIFFICULTES ET TRIBUNAL DE COMMERCE"},"content":{"rendered":"<p>&nbsp;<\/p>\n<h1 id=\"titlePage\" data-test=\"titre-page\">Rendez-vous \u00ab\u00a0pr\u00e9vention\u00a0\u00bb avec le pr\u00e9sident du tribunal<\/h1>\n<p class=\"fr-text--xs sp-text--mention\" data-test=\"date-maj\">V\u00e9rifi\u00e9 le 02 mai 2024 &#8211; Direction de l&#8217;information l\u00e9gale et administrative (Premier ministre)<\/p>\n<div id=\"intro\" class=\"sp-entete-etape fr-mb-6w\" aria-hidden=\"false\">\n<p class=\"fr-text--lg\">Le pr\u00e9sident du tribunal de commerce (ou du tribunal judiciaire) est investi d\u2019une mission de pr\u00e9vention des difficult\u00e9s des entreprises. Dans ce cadre, il peut\u00a0<strong>convoquer<\/strong>\u00a0le chef d&#8217;entreprise \u00e0 un entretien lorsqu&#8217;il d\u00e9tecte des difficult\u00e9s. On parle de l&#8217;<span class=\"expression\"><em>alerte\u00a0<\/em><\/span>du pr\u00e9sident du tribunal. Par ailleurs, le chef d&#8217;entreprise peut\u00a0<strong>demander spontan\u00e9ment un entretien<\/strong>\u00a0avec le pr\u00e9sident du tribunal pour faire le point sur sa situation.<\/p>\n<\/div>\n<div id=\"expired\" aria-hidden=\"false\" data-test=\"div-content-fiche\">\n<div class=\"fr-my-6w fr-tabs fr-transition-none\" data-test=\"liste-de-situations\" data-fr-js-tabs-group=\"true\">\n<ul class=\"fr-tabs__list\" role=\"tablist\" data-fr-js-tabs-list=\"true\">\n<li role=\"presentation\"><button id=\"tab-button-situation1\" class=\"fr-tabs__tab\" tabindex=\"0\" role=\"tab\" type=\"button\" aria-controls=\"tab-content-situation1\" aria-selected=\"true\" data-xiti-type=\"navigation\" data-xiti-name=\"Professionnels::Vos_droits::Modalites::Convocation_F38108_Rendez-vous___prevention___avec_le_president_du_tribunal\" data-fr-js-tab-button=\"true\" data-fr-js-tab-button-actionee=\"true\">Convocation<\/button><\/li>\n<li role=\"presentation\"><button id=\"tab-button-situation2\" class=\"fr-tabs__tab\" tabindex=\"-1\" role=\"tab\" type=\"button\" aria-controls=\"tab-content-situation2\" aria-selected=\"false\" data-xiti-type=\"navigation\" data-xiti-name=\"Professionnels::Vos_droits::Modalites::Demande de rendez-vous_F38108_Rendez-vous___prevention___avec_le_president_du_tribunal\" data-fr-js-tab-button=\"true\" data-fr-js-tab-button-actionee=\"true\">Demande de rendez-vous<\/button><\/li>\n<\/ul>\n<div id=\"tab-content-situation1\" class=\"fr-tabs__panel fr-tabs__panel--selected\" role=\"tabpanel\" aria-labelledby=\"tab-button-situation1\" data-fr-js-tab-panel=\"true\" data-fr-js-tab-actionee=\"true\">\n<h2 class=\"fr-sr-only\" tabindex=\"-1\" data-test=\"titre-situation\" data-id=\"sr-only-focusable\">Convocation<\/h2>\n<div class=\"sp-chapter-intro fr-mb-3w\">\n<div class=\"sp-chapter-intro-btn rs_skip\"><\/div>\n<\/div>\n<div class=\"fr-my-6w\" data-module=\"chapitres\" data-toggle-scope-seeall=\"chapterssituation1\">\n<div class=\"sp-chapter\" data-test=\"div-chapter\">\n<h3 class=\"sp-chapter-title\"><button id=\"bouton-chapitre1-situation1\" class=\"sp-btn sp-btn-collapse\" type=\"button\" aria-expanded=\"true\" data-toggle=\"collapse\" data-xiti-type=\"navigation\" data-target=\"#chapitre1-situation1\" aria-controls=\"chapitre1-situation1\" data-xiti-name=\"Professionnels::Vos_droits::Depliant::Quand_le_pr\u00e9sident_du_tribunal_convoque-t-il_le_chef_d'entreprise\u00a0?_F38108_Rendez-vous___prevention___avec_le_president_du_tribunal\" data-atclickmanagement=\"no\"><span class=\"fr-text--lg fr-mb-0 sp-chapter-btn-container\"><span class=\"sp-chapter-btn-text\">Quand le pr\u00e9sident du tribunal convoque-t-il le chef d&#8217;entreprise\u00a0?<\/span><\/span><\/button><\/h3>\n<div id=\"chapitre1-situation1\" class=\"sp-chapter-collapse collapse show\" aria-labelledby=\"bouton-chapitre1-situation1\" aria-hidden=\"false\">\n<div class=\"sp-chapter-content\">\n<p data-test=\"contenu-texte\">Le tribunal (de commerce ou judiciaire) a une\u00a0<strong>mission de pr\u00e9vention<\/strong>\u00a0des difficult\u00e9s des entreprises. Il aide, accompagne, et oriente les chefs d&#8217;entreprise afin d&#8217;emp\u00eacher la survenance de la\u00a0<span class=\"tool-tip\" tabindex=\"0\" data-toggle=\"tooltip\" data-definition=\"R60483\" data-original-title=\"Situation o\u00f9 la tr\u00e9sorerie dont l'entreprise dispose n'est plus suffisante pour r\u00e9gler ses dettes. Dans ce cas, l'entreprise doit effectuer une d\u00e9claration de cessation des paiements, appel\u00e9e d\u00e9p\u00f4t de bilan, aupr\u00e8s du tribunal de commerce ou du tribunal judiciaire.\">cessation des paiements <span class=\"fr-sr-only\" data-test=\"titleContentForDefinition\">Situation o\u00f9 la tr\u00e9sorerie dont l&#8217;entreprise dispose n&#8217;est plus suffisante pour r\u00e9gler ses dettes. Dans ce cas, l&#8217;entreprise doit effectuer une d\u00e9claration de cessation des paiements, appel\u00e9e d\u00e9p\u00f4t de bilan, aupr\u00e8s du tribunal de commerce ou du tribunal judiciaire.<\/span><\/span>.<\/p>\n<p data-test=\"contenu-texte\">Le pr\u00e9sident du tribunal a la possibilit\u00e9 de convoquer le chef d&#8217;entreprise pour un entretien \u00ab\u00a0prise de conscience\u00a0\u00bb s&#8217;il a des raisons de penser que l&#8217;entreprise traverse des difficult\u00e9s. Il s&#8217;agit de difficult\u00e9s \u00e9conomiques, financi\u00e8res ou juridiques qui peuvent compromettre la continuit\u00e9 de l&#8217;exploitation.<\/p>\n<p data-test=\"contenu-texte\">Les signaux r\u00e9v\u00e9lateurs des difficult\u00e9s de l&#8217;entreprise sont notamment les suivants\u00a0:<\/p>\n<ul class=\"sp-item-list\">\n<li><span class=\"tool-tip\" tabindex=\"0\" data-toggle=\"tooltip\" data-definition=\"R68456\" data-original-title=\"Comprennent les capitaux propres, c'est-\u00e0-dire les sommes vers\u00e9es par les associ\u00e9s ou actionnaires et les r\u00e9sultats accumul\u00e9s et non distribu\u00e9s en dividendes au fur et \u00e0 mesure des exercices, auxquels s'ajoutent les autres fonds propres (avec le montant des \u00e9missions de titres participatifs et les avances conditionn\u00e9es).\">Fonds propres <span class=\"fr-sr-only\" data-test=\"titleContentForDefinition\">Comprennent les capitaux propres, c&#8217;est-\u00e0-dire les sommes vers\u00e9es par les associ\u00e9s ou actionnaires et les r\u00e9sultats accumul\u00e9s et non distribu\u00e9s en dividendes au fur et \u00e0 mesure des exercices, auxquels s&#8217;ajoutent les autres fonds propres (avec le montant des \u00e9missions de titres participatifs et les avances conditionn\u00e9es).<\/span><\/span>\u00a0n\u00e9gatifs<\/li>\n<li>Inscriptions de\u00a0<span class=\"tool-tip\" tabindex=\"0\" data-toggle=\"tooltip\" data-definition=\"R68453\" data-original-title=\"Garantie qui permet \u00e0 un cr\u00e9ancier d'\u00eatre pay\u00e9 en priorit\u00e9 en cas de non-paiment de la cr\u00e9ance. Par exemple, le titulaire d'une hypoth\u00e8que sera pay\u00e9 en priorit\u00e9 sur le prix de vente de l'immeuble sur lequel son hypoth\u00e8que est inscrite. L'inscription de privil\u00e8ge se fait aupr\u00e8s du greffe du tribunal de commerce ou du tribunal judicaire.\">privil\u00e8ges <span class=\"fr-sr-only\" data-test=\"titleContentForDefinition\">Garantie qui permet \u00e0 un cr\u00e9ancier d&#8217;\u00eatre pay\u00e9 en priorit\u00e9 en cas de non paiement de la cr\u00e9ance. Par exemple, le titulaire d&#8217;une hypoth\u00e8que sera pay\u00e9 en priorit\u00e9 sur le prix de vente de l&#8217;immeuble sur lequel son hypoth\u00e8que est inscrite. L&#8217;inscription de privil\u00e8ge se fait aupr\u00e8s du greffe du tribunal de commerce ou du tribunal judicaire.<\/span><\/span>\u00a0de l&#8217;Urssaf et du Tr\u00e9sor public au greffe du tribunal\u00a0: le privil\u00e8ge de l&#8217;Urssaf et le privil\u00e8ge du Tr\u00e9sor public sont des droits pr\u00e9f\u00e9rentiels qui permettent \u00e0 l\u2019Urssaf et au Tr\u00e9sor public d&#8217;inscrire leur dettes impay\u00e9es aupr\u00e8s du greffe du tribunal lorsqu&#8217;elles d\u00e9passent un certain montant\u00a0:\u00a0<span class=\"sp-prix\">20 000\u00a0\u20ac<\/span>\u00a0pour l&#8217;Urssaf et\u00a0<span class=\"sp-prix\">200 000\u00a0\u20ac<\/span>\u00a0pour le Tr\u00e9sor public.<\/li>\n<li>D\u00e9faut de\u00a0<a title=\"d\u00e9p\u00f4t des comptes annuels - Nouvelle fen\u00eatre\" href=\"https:\/\/entreprendre.service-public.fr\/vosdroits\/F31214\" target=\"_blank\" rel=\"noopener\">d\u00e9p\u00f4t des comptes annuels<\/a><\/li>\n<li><a title=\"Perte de la moiti\u00e9 du capital - Nouvelle fen\u00eatre\" href=\"https:\/\/entreprendre.service-public.fr\/vosdroits\/F36653\" target=\"_blank\" rel=\"noopener\">Perte de la moiti\u00e9 du capital<\/a>\u00a0et absence de r\u00e9gularisation cons\u00e9cutive \u00e0 celle-ci<\/li>\n<li><a title=\"Injonctions de payer - Nouvelle fen\u00eatre\" href=\"https:\/\/www.service-public.fr\/particuliers\/vosdroits\/F1746\" target=\"_blank\" rel=\"noopener\">Injonctions de payer<\/a>\u00a0\u00e0 r\u00e9p\u00e9tition<\/li>\n<li>Nombre important de s\u00fbret\u00e9s mobili\u00e8res (comme les privil\u00e8ges et\u00a0<span class=\"tool-tip\" tabindex=\"0\" data-toggle=\"tooltip\" data-definition=\"R57218\" data-original-title=\"Contrat par lequel le d\u00e9biteur affecte un bien dont il a la propri\u00e9t\u00e9 en garantie du r\u00e8glement de sa dette, sans en \u00eatre d\u00e9poss\u00e9d\u00e9.\">nantissements <span class=\"fr-sr-only\" data-test=\"titleContentForDefinition\">Contrat par lequel le d\u00e9biteur affecte un bien dont il a la propri\u00e9t\u00e9 en garantie du r\u00e8glement de sa dette, sans en \u00eatre d\u00e9poss\u00e9d\u00e9.<\/span><\/span>) enregistr\u00e9es au registre des s\u00fbret\u00e9s mobili\u00e8res<\/li>\n<\/ul>\n<div class=\"fr-highlight  fr-my-4w fr-ml-0 sp-bg-white fr-py-1w\" data-test=\"citation\" data-fr-js-highlight-actionee=\"true\">\n<p class=\"fr-text--bold\">\u00c0 savoir<\/p>\n<p>L&#8217;alerte est une proc\u00e9dure qui reste\u00a0<strong>facultative<\/strong>\u00a0de la part du pr\u00e9sident du tribunal.<\/p>\n<\/div>\n<\/div>\n<\/div>\n<\/div>\n<div class=\"sp-chapter\" data-test=\"div-chapter\">\n<h3 class=\"sp-chapter-title\"><button id=\"bouton-chapitre2-situation1\" class=\"sp-btn sp-btn-collapse\" type=\"button\" aria-expanded=\"true\" data-toggle=\"collapse\" data-xiti-type=\"navigation\" data-target=\"#chapitre2-situation1\" aria-controls=\"chapitre2-situation1\" data-xiti-name=\"Professionnels::Vos_droits::Depliant::Comment_le_pr\u00e9sident_du_tribunal_convoque-t-il_le_chef_d'entreprise\u00a0?_F38108_Rendez-vous___prevention___avec_le_president_du_tribunal\" data-atclickmanagement=\"no\"><span class=\"fr-text--lg fr-mb-0 sp-chapter-btn-container\"><span class=\"sp-chapter-btn-text\">Comment le pr\u00e9sident du tribunal convoque-t-il le chef d&#8217;entreprise\u00a0?<\/span><\/span><\/button><\/h3>\n<div id=\"chapitre2-situation1\" class=\"sp-chapter-collapse collapse show\" aria-labelledby=\"bouton-chapitre2-situation1\" aria-hidden=\"false\">\n<div class=\"sp-chapter-content\">\n<p data-test=\"contenu-texte\">Le pr\u00e9sident du tribunal de commerce (ou du tribunal judicaire) convoque le chef d&#8217;entreprise par lettre recommand\u00e9e avec AR et par lettre simple. Cette convocation comprend une note dans laquelle il motive sa demande d&#8217;entretien.<\/p>\n<p data-test=\"contenu-texte\">La convocation est envoy\u00e9e au\u00a0<strong>moins 1 mois \u00e0 l&#8217;avance<\/strong>.<\/p>\n<p data-test=\"contenu-texte\">Le chef d&#8217;entreprise se pr\u00e9sente \u00e0 l&#8217;entretien ou refuse de s&#8217;y rendre.<\/p>\n<\/div>\n<\/div>\n<\/div>\n<div class=\"sp-chapter\" data-test=\"div-chapter\">\n<h3 class=\"sp-chapter-title\"><button id=\"bouton-chapitre3-situation1\" class=\"sp-btn sp-btn-collapse\" type=\"button\" aria-expanded=\"true\" data-toggle=\"collapse\" data-xiti-type=\"navigation\" data-target=\"#chapitre3-situation1\" aria-controls=\"chapitre3-situation1\" data-xiti-name=\"Professionnels::Vos_droits::Depliant::Comment_se_d\u00e9roule_l'entretien\u00a0?_F38108_Rendez-vous___prevention___avec_le_president_du_tribunal\" data-atclickmanagement=\"no\"><span class=\"fr-text--lg fr-mb-0 sp-chapter-btn-container\"><span class=\"sp-chapter-btn-text\">Comment se d\u00e9roule l&#8217;entretien\u00a0?<\/span><\/span><\/button><\/h3>\n<div id=\"chapitre3-situation1\" class=\"sp-chapter-collapse collapse show\" aria-labelledby=\"bouton-chapitre3-situation1\" aria-hidden=\"false\">\n<div class=\"sp-chapter-content\">\n<p data-test=\"contenu-texte\">Le chef d&#8217;entreprise doit se\u00a0<strong>pr\u00e9senter en personne<\/strong>\u00a0\u00e0 l&#8217;entretien. Il a la possibilit\u00e9 de se faire assister par un avocat ou un expert-comptable.<\/p>\n<p data-test=\"contenu-texte\">Durant l&#8217;entretien, le pr\u00e9sident du tribunal s&#8217;informe de la situation de l&#8217;entreprise et demande au dirigeant quelles sont les mesures envisag\u00e9es pour redresser la situation de l&#8217;entreprise. Il informe \u00e9galement le dirigeant de l\u2019existence de diff\u00e9rentes proc\u00e9dures pr\u00e9ventives comme le\u00a0<a title=\"mandat ad hoc - Nouvelle fen\u00eatre\" href=\"https:\/\/entreprendre.service-public.fr\/vosdroits\/F22290\" target=\"_blank\" rel=\"noopener\">mandat ad hoc<\/a>\u00a0et la proc\u00e9dure de\u00a0<a title=\"conciliation - Nouvelle fen\u00eatre\" href=\"https:\/\/entreprendre.service-public.fr\/vosdroits\/F22295\" target=\"_blank\" rel=\"noopener\">conciliation<\/a>.<\/p>\n<p data-test=\"contenu-texte\">Cet entretien est\u00a0<strong>confidentiel<\/strong>. Un proc\u00e8s-verbal est \u00e9tabli mais il mentionne uniquement la date, le lieu ainsi que l&#8217;identit\u00e9 des personnes pr\u00e9sentes.<\/p>\n<p data-test=\"contenu-texte\">\u00c0 la fin de l&#8217;entretien, diff\u00e9rentes situations peuvent se pr\u00e9senter\u00a0:<\/p>\n<ul class=\"sp-item-list\">\n<li>Les mesures envisag\u00e9es par le chef d&#8217;entreprise apparaissent suffisantes, ou la continuit\u00e9 de l&#8217;exploitation n&#8217;est pas compromise. Aucune suite n&#8217;est donn\u00e9e \u00e0 l&#8217;entretien et le dossier est class\u00e9.<\/li>\n<li>Il appar\u00e2it n\u00e9cessaire d&#8217;obtenir du chef d&#8217;entreprise des \u00e9l\u00e9ments compl\u00e9mentaires ou des indications sur les mesures de redressement qu&#8217;il envisage. Un rendez-vous est pris pour un nouvel entretien.<\/li>\n<li>Le chef d&#8217;entreprise prend conscience de la gravit\u00e9 de la situation et fait part de son intention de demander la nomination d&#8217;un\u00a0<a title=\"mandataire ad hoc - Nouvelle fen\u00eatre\" href=\"https:\/\/entreprendre.service-public.fr\/vosdroits\/F22290\" target=\"_blank\" rel=\"noopener\">mandataire ad hoc<\/a>\u00a0ou d&#8217;un\u00a0<a title=\"conciliateur - Nouvelle fen\u00eatre\" href=\"https:\/\/entreprendre.service-public.fr\/vosdroits\/F22295\" target=\"_blank\" rel=\"noopener\">conciliateur<\/a>.<\/li>\n<\/ul>\n<div class=\"fr-highlight  fr-my-4w fr-ml-0 sp-bg-white fr-py-1w\" data-test=\"citation\" data-fr-js-highlight-actionee=\"true\">\n<p class=\"fr-text--bold\">Attention<\/p>\n<p>Le pr\u00e9sident du tribunal ne peut pas obliger le dirigeant \u00e0 d\u00e9signer un mandataire ad hoc ou \u00e0 ouvrir une proc\u00e9dure de conciliation.<\/p>\n<\/div>\n<\/div>\n<\/div>\n<\/div>\n<div class=\"sp-chapter\" data-test=\"div-chapter\">\n<h3 class=\"sp-chapter-title\"><button id=\"bouton-chapitre4-situation1\" class=\"sp-btn sp-btn-collapse\" type=\"button\" aria-expanded=\"true\" data-toggle=\"collapse\" data-xiti-type=\"navigation\" data-target=\"#chapitre4-situation1\" aria-controls=\"chapitre4-situation1\" data-xiti-name=\"Professionnels::Vos_droits::Depliant::Que_se_passe-t-il_en_cas_de_non-pr\u00e9sentation_\u00e0_l'entretien\u00a0?_F38108_Rendez-vous___prevention___avec_le_president_du_tribunal\" data-atclickmanagement=\"no\"><span class=\"fr-text--lg fr-mb-0 sp-chapter-btn-container\"><span class=\"sp-chapter-btn-text\">Que se passe-t-il en cas de non-pr\u00e9sentation \u00e0 l&#8217;entretien\u00a0?<\/span><\/span><\/button><\/h3>\n<div id=\"chapitre4-situation1\" class=\"sp-chapter-collapse collapse show\" aria-labelledby=\"bouton-chapitre4-situation1\" aria-hidden=\"false\">\n<div class=\"sp-chapter-content\">\n<p data-test=\"contenu-texte\">Si le dirigeant ne ne se pr\u00e9sente pas, un proc\u00e8s-verbal de carence est \u00e9tabli le jour m\u00eame par le greffier du tribunal.<\/p>\n<p data-test=\"contenu-texte\">Cependant, le pr\u00e9sident du tribunal peut informer le minist\u00e8re public s&#8217;il a connaissance d&#8217;\u00e9l\u00e9ments justifiant les conditions d&#8217;ouverture d&#8217;une proc\u00e9dure de redressement judiciaire ou de liquidation judiciaire. Le minist\u00e8re public peut alors demander l&#8217;ouverture d&#8217;une proc\u00e9dure de redressement ou de liquidation judiciaire.<\/p>\n<\/div>\n<\/div>\n<\/div>\n<div class=\"sp-chapter\" data-test=\"div-chapter\">\n<h3 class=\"sp-chapter-title\"><button id=\"bouton-chapitre5-situation1\" class=\"sp-btn sp-btn-collapse\" type=\"button\" aria-expanded=\"true\" data-toggle=\"collapse\" data-xiti-type=\"navigation\" data-target=\"#chapitre5-situation1\" aria-controls=\"chapitre5-situation1\" data-xiti-name=\"Professionnels::Vos_droits::Depliant::Quels_sont_les_pouvoirs_d'enqu\u00eate_du_pr\u00e9sident_du_tribunal\u00a0?_F38108_Rendez-vous___prevention___avec_le_president_du_tribunal\" data-atclickmanagement=\"no\"><span class=\"fr-text--lg fr-mb-0 sp-chapter-btn-container\"><span class=\"sp-chapter-btn-text\">Quels sont les pouvoirs d&#8217;enqu\u00eate du pr\u00e9sident du tribunal\u00a0?<\/span><\/span><\/button><\/h3>\n<div id=\"chapitre5-situation1\" class=\"sp-chapter-collapse collapse show\" aria-labelledby=\"bouton-chapitre5-situation1\" aria-hidden=\"false\">\n<div class=\"sp-chapter-content\">\n<p data-test=\"contenu-texte\">Le pr\u00e9sident du tribunal dispose de\u00a0<strong>3 mois \u00e0 compter de la date d&#8217;envoi<\/strong>\u00a0de la convocation pour se renseigner sur la situation \u00e9conomique et financi\u00e8re de la soci\u00e9t\u00e9.<\/p>\n<p data-test=\"contenu-texte\">Il peut adresser sa demander de renseignements aux personnes ou organismes suivants\u00a0:<\/p>\n<ul class=\"sp-item-list\">\n<li>Commissaires aux comptes (CAC)<\/li>\n<li>Membres et repr\u00e9sentants du personnel<\/li>\n<li>Administrations publiques (administration fiscale)<\/li>\n<li>Organismes de s\u00e9curit\u00e9 et de pr\u00e9voyance sociale<\/li>\n<li>Services charg\u00e9s de la centralisation des risques bancaires et incidents de paiements<\/li>\n<\/ul>\n<\/div>\n<\/div>\n<\/div>\n<\/div>\n<\/div>\n<\/div>\n<div id=\"orientation\" class=\"fr-my-6w\" aria-hidden=\"false\">\n<div class=\"sp-panel\" data-test=\"textes-de-reference\">\n<h2 class=\"sp-panel-title \"><button id=\"fiche-item-annexe-ref-aria\" class=\"sp-btn sp-btn-collapse\" type=\"button\" data-toggle=\"collapse\" data-target=\"#fiche-item-annexe-ref\" data-xiti-type=\"navigation\" aria-controls=\"fiche-item-annexe-ref\" aria-expanded=\"true\" data-xiti-name=\"Professionnels::Vos_droits::Depliant::Textes_de_reference_F38108_Rendez-vous___prevention___avec_le_president_du_tribunal\" data-atclickmanagement=\"no\"><span class=\"fr-h6\">Textes de loi et r\u00e9f\u00e9rences<\/span><\/button><\/h2>\n<div id=\"fiche-item-annexe-ref\" class=\"sp-panel-content collapse show\" aria-hidden=\"false\">\n<ul class=\"fr-raw-list fr-ml-1v\">\n<li data-test=\"reference\">\n<div class=\"sp-link fr-mb-1w\" data-test=\"lien-reference\">\n<div class=\"sp-link--label\">\n<p class=\"fr-mb-0\"><a class=\"fr-link\" title=\"Code de commerce\u00a0: article L611-2 - legifrance.gouv.fr - Nouvelle fen\u00eatre\" href=\"https:\/\/www.legifrance.gouv.fr\/codes\/article_lc\/LEGIARTI000044052535\" target=\"_blank\" rel=\"noopener noreferrer\" data-xiti-name=\"Professionnels::Vos_droits::Navigation_Directe::Code_de_commerce_:_article_L611-2\" data-xiti-type=\"exit\" data-test=\"href-lien-reference\" data-fr-js-link-actionee=\"true\">Code de commerce\u00a0: article L611-2<\/a><\/p>\n<\/div>\n<p class=\"sp-link--source fr-text--xs fr-ml-3w fr-mb-0 fr-mt-1v\" data-test=\"source-lien-reference\">Proc\u00e9dure d&#8217;alerte<\/p>\n<\/div>\n<\/li>\n<\/ul>\n<\/div>\n<\/div>\n<\/div>\n<\/div>\n","protected":false},"excerpt":{"rendered":"<p>&nbsp; Rendez-vous \u00ab\u00a0pr\u00e9vention\u00a0\u00bb avec le pr\u00e9sident du tribunal V\u00e9rifi\u00e9 le 02 mai 2024 &#8211; Direction de l&#8217;information l\u00e9gale et administrative (Premier ministre) Le pr\u00e9sident du tribunal de commerce (ou du tribunal judiciaire) est investi&#8230;<\/p>\n","protected":false},"author":2,"featured_media":0,"comment_status":"closed","ping_status":"closed","sticky":false,"template":"","format":"standard","meta":{"_mi_skip_tracking":false,"_monsterinsights_sitenote_active":false,"_monsterinsights_sitenote_note":"","_monsterinsights_sitenote_category":0},"categories":[6],"tags":[],"_links":{"self":[{"href":"https:\/\/sndll.info\/index.php?rest_route=\/wp\/v2\/posts\/6407"}],"collection":[{"href":"https:\/\/sndll.info\/index.php?rest_route=\/wp\/v2\/posts"}],"about":[{"href":"https:\/\/sndll.info\/index.php?rest_route=\/wp\/v2\/types\/post"}],"author":[{"embeddable":true,"href":"https:\/\/sndll.info\/index.php?rest_route=\/wp\/v2\/users\/2"}],"replies":[{"embeddable":true,"href":"https:\/\/sndll.info\/index.php?rest_route=%2Fwp%2Fv2%2Fcomments&post=6407"}],"version-history":[{"count":1,"href":"https:\/\/sndll.info\/index.php?rest_route=\/wp\/v2\/posts\/6407\/revisions"}],"predecessor-version":[{"id":6409,"href":"https:\/\/sndll.info\/index.php?rest_route=\/wp\/v2\/posts\/6407\/revisions\/6409"}],"wp:attachment":[{"href":"https:\/\/sndll.info\/index.php?rest_route=%2Fwp%2Fv2%2Fmedia&parent=6407"}],"wp:term":[{"taxonomy":"category","embeddable":true,"href":"https:\/\/sndll.info\/index.php?rest_route=%2Fwp%2Fv2%2Fcategories&post=6407"},{"taxonomy":"post_tag","embeddable":true,"href":"https:\/\/sndll.info\/index.php?rest_route=%2Fwp%2Fv2%2Ftags&post=6407"}],"curies":[{"name":"wp","href":"https:\/\/api.w.org\/{rel}","templated":true}]}}