{"id":6413,"date":"2024-06-05T14:57:13","date_gmt":"2024-06-05T12:57:13","guid":{"rendered":"https:\/\/sndll.info\/?p=6413"},"modified":"2024-06-03T15:03:06","modified_gmt":"2024-06-03T13:03:06","slug":"delais-de-paiement-entre-professionnels","status":"publish","type":"post","link":"https:\/\/sndll.info\/?p=6413","title":{"rendered":"DELAIS DE PAIEMENT ENTRE PROFESSIONNELS"},"content":{"rendered":"<p>Parfois, n\u00e9cessit\u00e9 ou n\u00e9gligence, des paiements \u00e0 un fournisseur sont fait hors d\u00e9lais l\u00e9gaux.<\/p>\n<p>La loi impose des d\u00e9lais limit\u00e9s qui doivent \u00eatre respect\u00e9s et le fournisseur ou prestataire peut exiger des indemnit\u00e9s de retard.<\/p>\n<p>Faisons le point en privil\u00e9giant ce qui concerne notre m\u00e9tier : boissons et denr\u00e9es.<\/p>\n<p>Cordialement.<\/p>\n<p>Patrick MALVA\u00cbS<\/p>\n<div class=\"adM\"><\/div>\n<div>\n<h1 id=\"m_-5592825113291428868gmail-titlePage\">D\u00e9lais de paiement entre professionnels et p\u00e9nalit\u00e9s de retard<\/h1>\n<\/div>\n<div>\n<div id=\"m_-5592825113291428868gmail-intro\" aria-hidden=\"false\">\n<p>En principe, le d\u00e9lai de paiement est de 30 jours \u00e0 partir de la r\u00e9ception de la marchandise ou de la r\u00e9alisation de la prestation de services. La dur\u00e9e de ce d\u00e9lai peut varier en fonction de la nature des marchandises vendues. Les professionnels peuvent d\u00e9cider d&#8217;allonger ce d\u00e9lai dans leurs contrats.<\/p>\n<\/div>\n<div id=\"m_-5592825113291428868expired\" aria-hidden=\"false\">\n<div>\n<div>\n<div>\n<h2><button id=\"m_-5592825113291428868gmail-fiche-item-aria-1\" type=\"button\" aria-expanded=\"true\" aria-controls=\"fiche-item-1\">Qu&#8217;est ce qu&#8217;un d\u00e9lai de paiement\u00a0?<\/button><\/h2>\n<\/div>\n<div id=\"m_-5592825113291428868gmail-fiche-item-1\" aria-labelledby=\"fiche-item-aria-1\" aria-hidden=\"false\">\n<div>\n<p><strong><span style=\"color: #0000ff;\">Le d\u00e9lai de paiement est le d\u00e9lai dans lequel il est possible de r\u00e9gler les marchandises ou prestations de services acquises.<\/span><\/strong><\/p>\n<p>Les modalit\u00e9s du paiement font l&#8217;objet d&#8217;une n\u00e9gociation dans les contrats entre professionnels. Le d\u00e9lai de paiement doit obligatoirement figurer sur la\u00a0<a title=\"facture - Nouvelle fen\u00eatre\" href=\"https:\/\/entreprendre.service-public.fr\/vosdroits\/F23208\" target=\"_blank\" rel=\"noopener\" data-saferedirecturl=\"https:\/\/www.google.com\/url?q=https:\/\/entreprendre.service-public.fr\/vosdroits\/F23208&amp;source=gmail&amp;ust=1717505806547000&amp;usg=AOvVaw0JCfCzdFwaPhufKxcGyE-m\">facture<\/a>\u00a0et dans les\u00a0<a title=\"conditions g\u00e9n\u00e9rales de vente (CGV) - Nouvelle fen\u00eatre\" href=\"https:\/\/entreprendre.service-public.fr\/vosdroits\/F33527\" target=\"_blank\" rel=\"noopener\" data-saferedirecturl=\"https:\/\/www.google.com\/url?q=https:\/\/entreprendre.service-public.fr\/vosdroits\/F33527&amp;source=gmail&amp;ust=1717505806547000&amp;usg=AOvVaw0yAfs0w92-ACF_iyWpcYzs\">conditions g\u00e9n\u00e9rales de vente (CGV)<\/a>.<\/p>\n<p><strong><span style=\"color: #ff0000;\">Ce d\u00e9lai peut aller\u00a0jusqu&#8217;\u00e0 60 jours<\/span><\/strong>\u00a0apr\u00e8s l&#8217;\u00e9mission de la facture, la r\u00e9alisation de la prestation de services ou la livraison des marchandises selon ce que les professionnels ont convenu.<\/p>\n<p><span style=\"color: #ff0000;\">Lorsque le fournisseur et l&#8217;acheteur n&#8217;ont pas convenu ensemble d&#8217;un d\u00e9lai de paiement au cours de leur n\u00e9gociation, le d\u00e9lai appliqu\u00e9 par d\u00e9faut est de\u00a0<strong>30 jours<\/strong>\u00a0\u00e0 compter de la r\u00e9ception de la marchandise ou de la r\u00e9alisation de la prestation de services.<\/span> Cependant, il peuvent s&#8217;accorder sur un autre d\u00e9lai\u00a0:<\/p>\n<ul>\n<li>Le d\u00e9lai peut \u00eatre\u00a0<strong>inf\u00e9rieur \u00e0 30 jours<\/strong>\u00a0(par exemple, paiement comptant au moment de la livraison ou de la r\u00e9alisation de la prestation de services).<\/li>\n<li>Le d\u00e9lai peut \u00eatre\u00a0<strong>n\u00e9goci\u00e9<\/strong>\u00a0:\n<ul>\n<li><strong>45 jours fin de mois<\/strong>\u00a0\u00e0 compter de la date \u00e0 laquelle la facture a \u00e9t\u00e9 \u00e9mise. Cela doit \u00eatre mentionn\u00e9 dans le contrat et ne pas \u00eatre constitutif d&#8217;un abus vis-\u00e0-vis du fournisseur.<\/li>\n<li>En cas de\u00a0facture p\u00e9riodiqueFacture \u00e9mise pour plusieurs livraisons de biens ou prestations de services distinctes effectu\u00e9es au profit d&#8217;une m\u00eame personne au cours d&#8217;un m\u00eame mois. Elle est \u00e9tablie au plus tard \u00e0 la fin du mois., le d\u00e9lai convenu entre le fournisseur et l&#8217;acheteur ne doit pas d\u00e9passer\u00a0<strong>45 jours \u00e0 partir de la date \u00e0 laquelle la facture a \u00e9t\u00e9 \u00e9mise<\/strong>.<\/li>\n<li><strong>60 jours<\/strong>\u00a0\u00e0 partir de la date \u00e0 laquelle la facture a \u00e9t\u00e9 \u00e9mise. Cela doit \u00eatre indiqu\u00e9 dans les CGV par le biais d&#8217;une clause ou convenu entre les 2 professionnels.<\/li>\n<li>Pour les ventes de biens destin\u00e9s \u00e0 faire l&#8217;objet d&#8217;une livraison hors de\u00a0l&#8217;Union europ\u00e9enneAllemagne, Autriche, Belgique, Bulgarie, Chypre, Croatie, Danemark, Espagne, Estonie, Finlande, France, Gr\u00e8ce, Hongrie, Irlande, Italie, Lituanie, Lettonie, Luxembourg, Malte, Pays-Bas, Pologne, Portugal, R\u00e9publique tch\u00e8que, Roumanie, Slovaquie, Slov\u00e9nie, Su\u00e8de\u00a0effectu\u00e9es par un professionnel en\u00a0<a title=\"franchise en base de TVA - Nouvelle fen\u00eatre\" href=\"https:\/\/entreprendre.service-public.fr\/vosdroits\/F21746\" target=\"_blank\" rel=\"noopener\" data-saferedirecturl=\"https:\/\/www.google.com\/url?q=https:\/\/entreprendre.service-public.fr\/vosdroits\/F21746&amp;source=gmail&amp;ust=1717505806547000&amp;usg=AOvVaw1e9tN1e5d2OBfrmpNOKZ2K\">franchise en base de TVA<\/a>, le d\u00e9lai\u00a0<strong>ne doit pas d\u00e9passer 90 jours \u00e0 partir de la date d&#8217;\u00e9mission de la facture<\/strong>. Cela doit \u00eatre mentionn\u00e9 dans le contrat et ne pas \u00eatre constitutif d&#8217;un abus vis \u00e0 vis du fournisseur.<\/li>\n<\/ul>\n<\/li>\n<\/ul>\n<p>Le fournisseur et l&#8217;acheteur d&#8217;un m\u00eame secteur peuvent convenir que la date de d\u00e9part du d\u00e9lai de paiement est la date de r\u00e9ception des marchandises ou la date d&#8217;ex\u00e9cution de la prestation de services.<\/p>\n<div>\n<p>\u00c0 savoir<\/p>\n<p>Lorsque le d\u00e9lai de paiement n&#8217;est pas respect\u00e9 par le professionnel client, des p\u00e9nalit\u00e9s de retard: Sanction en cas de non respect d&#8217;obligations. Elle se traduit souvent sous la forme d&#8217;int\u00e9r\u00eats de retard ou de majorations de paiement. et des frais de recouvrement sont appliqu\u00e9s.<\/p>\n<\/div>\n<\/div>\n<\/div>\n<\/div>\n<div>\n<div>\n<h2><button id=\"m_-5592825113291428868gmail-fiche-item-aria-2\" type=\"button\" aria-expanded=\"true\" aria-controls=\"fiche-item-2\">Comment les d\u00e9lais peuvent-ils \u00eatre n\u00e9goci\u00e9s\u00a0?<\/button><\/h2>\n<\/div>\n<div id=\"m_-5592825113291428868gmail-fiche-item-2\" aria-labelledby=\"fiche-item-aria-2\" aria-hidden=\"false\">\n<div>\n<p>Les professionnels sont libres de\u00a0<strong>choisir<\/strong>\u00a0entre un\u00a0<strong>d\u00e9lai de 45 jours fin de mois<\/strong>\u00a0ou de\u00a0<strong>60 jours<\/strong>. Cela doit cependant \u00eatre pr\u00e9cis\u00e9 dans les conditions g\u00e9n\u00e9rales de ventes (CGV) du vendeur ou dans un contrat conclu entre le vendeur et l&#8217;acheteur.<\/p>\n<p>Il faut \u00e9galement indiquer la date de d\u00e9part du d\u00e9lai. Lorsque le d\u00e9lai choisi est de 45 jours fin de mois, 2 m\u00e9thodes de calcul sont possibles\u00a0:<\/p>\n<ul>\n<li>Fin du mois au cours duquel la facture a \u00e9t\u00e9 \u00e9mise auquel on ajoute 45 jours<\/li>\n<li>Fin du mois sur lequel on tombe apr\u00e8s avoir ajout\u00e9 un d\u00e9lai de 45 jours \u00e0 la date d&#8217;\u00e9mission de la facture<\/li>\n<\/ul>\n<div>\n<p>Exemple\u00a0:<\/p>\n<p>Une facture est \u00e9mise le 15 janvier 2024. Si un d\u00e9lai de paiement de 45 jours fin de mois est choisi, le d\u00e9lai prendra fin \u00e0 une date diff\u00e9rente selon la m\u00e9thode de calcul appliqu\u00e9e\u00a0:<\/p>\n<p><strong>1. Fin du mois au cours duquel la facture a \u00e9t\u00e9 \u00e9mise auquel on ajoute 45 jours<\/strong>\u00a0:<\/p>\n<p>On ajoute 45 jours \u00e0 partir du 31 janvier 2024, l&#8217;acheteur a jusqu&#8217;au\u00a0<strong>16 mars 2024<\/strong>\u00a0pour payer le fournisseur.<\/p>\n<p><strong>2. Fin du mois sur lequel on tombe apr\u00e8s avoir ajout\u00e9 un d\u00e9lai de 45 jours \u00e0 la date d&#8217;\u00e9mission de la facture<\/strong>\u00a0:<\/p>\n<p>On compte 45 jours \u00e0 partir du 15 janvier 2024, on tombe sur le 29 f\u00e9vrier 2024. L&#8217;acheteur a donc jusqu&#8217;au\u00a0<strong>29 f\u00e9vrier 2024<\/strong>\u00a0pour payer le fournisseur.<\/p>\n<\/div>\n<p>L&#8217;acheteur et le fournisseur doivent au pr\u00e9alable<strong>\u00a0se mettre d&#8217;accord sur la m\u00e9thode<\/strong>\u00a0de calcul utilis\u00e9e pour \u00e9viter les confusions.<\/p>\n<div>\n<p>\u00c0 savoir<\/p>\n<p>Dans la cas des factures p\u00e9riodiques: Facture \u00e9mise pour plusieurs livraisons de biens ou prestations de services distinctes effectu\u00e9es au profit d&#8217;une m\u00eame personne au cours d&#8217;un m\u00eame mois. Elle est \u00e9tablie au plus tard \u00e0 la fin du mois., le d\u00e9lai maximum est de <strong>45 jours \u00e0 partir de la date d&#8217;\u00e9mission de la facture<\/strong>.<\/p>\n<\/div>\n<p>Dans certains cas, les professionnels peuvent d\u00e9cider de\u00a0<strong>mettre en place une proc\u00e9dure d&#8217;acceptation ou de v\u00e9rification<\/strong>\u00a0pour certifier la conformit\u00e9 des marchandises ou des services. La dur\u00e9e de cette proc\u00e9dure<strong>\u00a0ne doit pas d\u00e9passer 30 jours<\/strong>\u00a0\u00e0 partir de la r\u00e9ception de la marchandise ou de la r\u00e9alisation de la prestation de services. Ce d\u00e9lai peut \u00eatre allong\u00e9 si cela est pr\u00e9vu dans le contrat et que cela ne constitue pas un abus pour le fournisseur ou l&#8217;acheteur.<\/p>\n<p>Cette proc\u00e9dure d&#8217;acceptation ou de v\u00e9rification ne peut pas modifier ni la dur\u00e9e du d\u00e9lai de paiement, ni le point de d\u00e9part du d\u00e9lai sauf si cela a \u00e9t\u00e9 pr\u00e9vu dans le contrat et que cela ne constitue pas un abus vis \u00e0 vis du fournisseur ou de l&#8217;acheteur.<\/p>\n<p>Selon le secteur d&#8217;activit\u00e9, les d\u00e9lais de paiement peuvent \u00eatre diminu\u00e9s ou allong\u00e9s par rapport au d\u00e9lai de paiement classique.<\/p>\n<div>\n<p>R\u00e9pondez aux questions successives et les r\u00e9ponses s\u2019afficheront automatiquement<\/p>\n<div>\n<div>\n<ul>\n<li>\n<div>\n<h4 id=\"m_-5592825113291428868gmail-recap-0-0\"><strong><span style=\"color: #000080;\">Produits alimentaires et boissons<\/span><\/strong><\/h4>\n<p><button title=\"Modifier la s\u00e9lection\" type=\"button\" aria-describedby=\"recap-0-0\">Modifier<\/button><\/div>\n<\/li>\n<\/ul>\n<\/div>\n<div>\n<p>Le d\u00e9lai de paiement varie en fonction du type de bien alimentaire ou de boisson vendu.<\/p>\n<div>\n<table>\n<caption>Tableau &#8211; D\u00e9lais de paiements sp\u00e9cifiques<\/caption>\n<thead>\n<tr>\n<th colspan=\"1\" rowspan=\"1\" scope=\"col\">Type d&#8217;aliment<\/th>\n<th colspan=\"1\" rowspan=\"1\" scope=\"col\">D\u00e9lai de paiement<\/th>\n<\/tr>\n<\/thead>\n<tbody>\n<tr>\n<td colspan=\"1\" rowspan=\"1\">Produits agricoles p\u00e9rissables<\/p>\n<p>Produits alimentaires p\u00e9rissables<\/p>\n<p>Viande congel\u00e9e ou surgel\u00e9e<\/p>\n<p>Poisson congel\u00e9<\/p>\n<p>Plats cuisin\u00e9s<\/td>\n<td colspan=\"1\" rowspan=\"1\">\n<ul>\n<li>30 jours \u00e0 partir de la livraison<\/li>\n<li>En cas de facturation p\u00e9riodique\u00a0:\n<ul>\n<li>30 jours\u00a0apr\u00e8s la fin de la d\u00e9cadeD\u00e9lai qui court \u00e0 partir du premier jour de la dizaine qui suit. Par exemple si la vente a lieu le 15 d\u00e9cembre, le d\u00e9lai d\u00e9bute le 20 d\u00e9cembre. Si la vente est effectu\u00e9e le 6 d\u00e9cembre, le d\u00e9lai d\u00e9marre alors le 10 d\u00e9cembre.<\/li>\n<li>Pour les fruits et l\u00e9gumes de saison\u00a0: 30 jours \u00e0 partir de la fin du mois de livraison<\/li>\n<\/ul>\n<\/li>\n<\/ul>\n<\/td>\n<\/tr>\n<tr>\n<td colspan=\"1\" rowspan=\"1\">B\u00e9tail vivant et viande fra\u00eeche destin\u00e9s \u00e0 la consommation<\/td>\n<td colspan=\"1\" rowspan=\"1\">\n<ul>\n<li>20 jours \u00e0 partir de la date de livraison<\/li>\n<\/ul>\n<\/td>\n<\/tr>\n<tr>\n<td colspan=\"1\" rowspan=\"1\">Alcools soumis aux droits de consommation (armagnac, cognac, eaux de vie, gin, rhum, vodka par exemple)<\/td>\n<td colspan=\"1\" rowspan=\"1\">\n<ul>\n<li>30 jours \u00e0 partir de la fin du mois de livraison<\/li>\n<\/ul>\n<\/td>\n<\/tr>\n<tr>\n<td colspan=\"1\" rowspan=\"1\">Produits agricoles et alimentaires non p\u00e9rissables<\/td>\n<td colspan=\"1\" rowspan=\"1\">\n<ul>\n<li>Si la facture est faite par le fournisseur\u00a0: 60 jours \u00e0 partir de la date d&#8217;\u00e9mission de la facture<\/li>\n<li>Si la facture est faite par l&#8217;acheteur\u00a0: 60 jours \u00e0 partir de la date d&#8217;\u00e9tablissement de la facture<\/li>\n<\/ul>\n<\/td>\n<\/tr>\n<\/tbody>\n<\/table>\n<\/div>\n<\/div>\n<\/div>\n<\/div>\n<\/div>\n<\/div>\n<\/div>\n<div>\n<div>\n<h2><button id=\"m_-5592825113291428868gmail-fiche-item-aria-3\" type=\"button\" aria-expanded=\"true\" aria-controls=\"fiche-item-3\">Quelles sont les cons\u00e9quences d&#8217;un retard de paiement\u00a0?<\/button><\/h2>\n<\/div>\n<div id=\"m_-5592825113291428868gmail-fiche-item-3\" aria-labelledby=\"fiche-item-aria-3\" aria-hidden=\"false\">\n<div>\n<p>En cas de retard de paiement, l&#8217;acheteur s&#8217;expose \u00e0 des\u00a0<strong>p\u00e9nalit\u00e9s de retard<\/strong>\u00a0et \u00e0 une\u00a0<strong>indemnit\u00e9 forfaitaire pour frais de recouvrements<\/strong>\u00a0\u00e0 verser au fournisseur.<\/p>\n<p>Les p\u00e9nalit\u00e9s de retard sont une\u00a0<strong>sanction p\u00e9cuniaire<\/strong>\u00a0qui s&#8217;applique pour chaque jour de retard de paiement.<\/p>\n<p>Les p\u00e9nalit\u00e9s de retard et les conditions d&#8217;application doivent \u00eatre indiqu\u00e9es dans les\u00a0<a title=\"conditions g\u00e9n\u00e9rales de vente (CGV) - Nouvelle fen\u00eatre\" href=\"https:\/\/entreprendre.service-public.fr\/vosdroits\/F33527\" target=\"_blank\" rel=\"noopener\" data-saferedirecturl=\"https:\/\/www.google.com\/url?q=https:\/\/entreprendre.service-public.fr\/vosdroits\/F33527&amp;source=gmail&amp;ust=1717505806547000&amp;usg=AOvVaw0yAfs0w92-ACF_iyWpcYzs\">conditions g\u00e9n\u00e9rales de vente (CGV)<\/a>\u00a0du fournisseur.<\/p>\n<p>Le taux des p\u00e9nalit\u00e9s d\u00e9pend du taux directeur de la banque centrale europ\u00e9enne (BCE). Le taux des p\u00e9nalit\u00e9s change tous les semestres\u00a0:<\/p>\n<ul>\n<li>Durant le 2<sup>e<\/sup>\u00a0semestre, il correspond au taux directeur de la BCE en vigueur au 1<sup>er\u00a0<\/sup>juillet de l&#8217;ann\u00e9e en cours auquel on ajoute\u00a010\u00a0%.<br \/>\nPour le 2<sup>e<\/sup>\u00a0semestre 2023, le taux BCE est \u00e9gal \u00e0\u00a04\u00a0%. Donc le taux des p\u00e9nalit\u00e9s est \u00e9gal \u00e0\u00a014\u00a0%.<\/li>\n<li>Durant le 1<sup>er<\/sup>\u00a0semestre, il correspond au taux directeur de la BCE en vigueur au 1<sup>er<\/sup>\u00a0janvier de l&#8217;ann\u00e9e en cours auquel on ajoute\u00a010\u00a0%.<br \/>\nPour le 1<sup>er<\/sup>\u00a0semestre 2024, le taux BCE est \u00e9gal \u00e0\u00a04,5\u00a0%. Donc le taux des p\u00e9nalit\u00e9s est \u00e9gal \u00e0\u00a014,5\u00a0%.<\/li>\n<\/ul>\n<p>Le taux des p\u00e9nalit\u00e9s ne peut pas \u00eatre inf\u00e9rieur \u00e0\u00a015,21\u00a0%\u00a0(3 x le\u00a0<a title=\"taux de l'int\u00e9r\u00eat l\u00e9gal - Nouvelle fen\u00eatre\" href=\"https:\/\/www.service-public.fr\/particuliers\/vosdroits\/F20688\" target=\"_blank\" rel=\"noopener\" data-saferedirecturl=\"https:\/\/www.google.com\/url?q=https:\/\/www.service-public.fr\/particuliers\/vosdroits\/F20688&amp;source=gmail&amp;ust=1717505806547000&amp;usg=AOvVaw2mtwCvj46WiR73R3JaPklX\">taux de l&#8217;int\u00e9r\u00eat l\u00e9gal<\/a>\u00a0du 1<sup>er\u00a0<\/sup>trimestre 2024).<\/p>\n<div>\n<p>\u00c0 savoir<\/p>\n<p>Les p\u00e9nalit\u00e9s de retard peuvent \u00eatre appliqu\u00e9es sans avoir \u00e0 faire un rappel de paiement.<\/p>\n<\/div>\n<p>Une\u00a0<strong>indemnit\u00e9 forfaitaire pour frais de recouvrement<\/strong>\u00a0est \u00e9galement appliqu\u00e9e. Son montant est \u00e9gal \u00e0\u00a040\u00a0\u20ac. Cette indemnit\u00e9 doit \u00eatre mentionn\u00e9e dans les conditions g\u00e9n\u00e9rales de vente (CGV) du fournisseur et sur les factures qu&#8217;il \u00e9met.<\/p>\n<p>Elle s&#8217;applique \u00e0 chaque facture qui n&#8217;a pas \u00e9t\u00e9 pay\u00e9e dans les d\u00e9lais. En revanche, elle s&#8217;applique une seule fois et non \u00e0 chaque jour de retard.<\/p>\n<p>Elle ne peut s&#8217;appliquer que sur des actes de commerce (par exemple, l&#8217;achat-revente). En revanche cela ne s&#8217;applique pas sur les baux commerciaux et la location avec option d&#8217;achat.<\/p>\n<p>Lorsque les frais de recouvrement sont sup\u00e9rieurs au montant de l&#8217;indemnit\u00e9, alors le fournisseur peut demander une\u00a0<strong>indemnisation compl\u00e9mentaire<\/strong>\u00a0sur justificatifs. Celle-ci ne doit pas \u00eatre mentionn\u00e9e sur les factures et CGV.<\/p>\n<p>Les indemnit\u00e9s ne sont pas soumises \u00e0 la\u00a0<abbr>TVA: TVA\u00a0:\u00a0Taxe sur la valeur ajout\u00e9e<\/abbr>.<\/p>\n<div>\n<p>\u00c0 savoir<\/p>\n<p><span style=\"color: #ff0000;\">L&#8217;indemnit\u00e9 forfaitaire est due m\u00eame en cas de\u00a0<strong>paiement partiel<\/strong>\u00a0de la facture.<\/span><\/p>\n<\/div>\n<\/div>\n<\/div>\n<\/div>\n<div>\n<div>\n<h2><button id=\"m_-5592825113291428868gmail-fiche-item-aria-4\" type=\"button\" aria-expanded=\"true\" aria-controls=\"fiche-item-4\">Quelles sont les sanctions en cas de non-respect de la r\u00e9glementation\u00a0?<\/button><\/h2>\n<\/div>\n<div id=\"m_-5592825113291428868gmail-fiche-item-4\" aria-labelledby=\"fiche-item-aria-4\" aria-hidden=\"false\">\n<div>\n<p>L&#8217;entreprise qui ne\u00a0<strong>respecte pas l&#8217;une des r\u00e8gles suivantes<\/strong>s&#8217;expose \u00e0 une amende administrative\u00a0:<\/p>\n<ul>\n<li>D\u00e9lais de paiement pr\u00e9vus entre le fournisseur et l&#8217;acheteur<\/li>\n<li>Mention des p\u00e9nalit\u00e9s de retard et de l&#8217;indemnit\u00e9 forfaitaire dans les conditions g\u00e9n\u00e9rales de vente (CGV)<\/li>\n<li>Taux des p\u00e9nalit\u00e9s de retard et conditions d&#8217;exigibilit\u00e9 non conformes convenues entre les parties<\/li>\n<li>Modalit\u00e9s de calcul et d&#8217;\u00e9valuation des d\u00e9lais de paiement<\/li>\n<\/ul>\n<p>L&#8217;entreprise s&#8217;expose \u00e0 l&#8217;une des sanctions suivantes\u00a0:<\/p>\n<ul>\n<li>Pour une entreprise individuelle (EI)\u00a0:\u00a075 000\u00a0\u20ac. Ce montant est port\u00e9 \u00e0\u00a0150 000\u00a0\u20ac\u00a0en cas de r\u00e9cidive dans un d\u00e9lai de 2 ans \u00e0 compter de la date \u00e0 laquelle la 1<sup>re<\/sup>\u00a0sanction est devenue d\u00e9finitive<\/li>\n<li>Pour une soci\u00e9t\u00e9\u00a0:\u00a02 millions\u00a0\u20ac. Ce montant est port\u00e9 \u00e0\u00a04 millions\u00a0\u20ac\u00a0en cas de r\u00e9cidive dans un d\u00e9lai de 2 ans \u00e0 compter de la date \u00e0 laquelle la 1<sup>re<\/sup>\u00a0sanction est devenue d\u00e9finitive<\/li>\n<\/ul>\n<\/div>\n<\/div>\n<\/div>\n<\/div>\n<div id=\"m_-5592825113291428868gmail-orientation\" aria-hidden=\"false\">\n<div>\n<h2><button id=\"m_-5592825113291428868gmail-fiche-item-annexe-ref-aria\" type=\"button\" aria-controls=\"fiche-item-annexe-ref\" aria-expanded=\"true\">Textes de loi et r\u00e9f\u00e9rences<\/button><\/h2>\n<div id=\"m_-5592825113291428868gmail-fiche-item-annexe-ref\" aria-hidden=\"false\">\n<ul>\n<li>\n<div>\n<div>\n<p><a title=\"Code de commerce\u00a0: articles L441-10 \u00e0 L441-16 - legifrance.gouv.fr - Nouvelle fen\u00eatre\" href=\"https:\/\/www.legifrance.gouv.fr\/codes\/id\/LEGISCTA000038411055\" target=\"_blank\" rel=\"noopener noreferrer\" data-saferedirecturl=\"https:\/\/www.google.com\/url?q=https:\/\/www.legifrance.gouv.fr\/codes\/id\/LEGISCTA000038411055&amp;source=gmail&amp;ust=1717505806548000&amp;usg=AOvVaw37XiSDbx-71vXEe5TiAJS4\">Code de commerce\u00a0: articles L441-10 \u00e0 L441-16<\/a><\/p>\n<\/div>\n<p>D\u00e9lais de paiement et sanction administrative<\/p>\n<\/div>\n<\/li>\n<li>\n<div>\n<div>\n<p><a title=\"Code de commerce\u00a0: articles L470-1 \u00e0 L470-2 - legifrance.gouv.fr - Nouvelle fen\u00eatre\" href=\"https:\/\/www.legifrance.gouv.fr\/codes\/id\/LEGISCTA000034164276\" target=\"_blank\" rel=\"noopener noreferrer\" data-saferedirecturl=\"https:\/\/www.google.com\/url?q=https:\/\/www.legifrance.gouv.fr\/codes\/id\/LEGISCTA000034164276&amp;source=gmail&amp;ust=1717505806548000&amp;usg=AOvVaw0IJQTcYFH8wFhGRwmZuW3K\">Code de commerce\u00a0: articles L470-1 \u00e0 L470-2<\/a><\/p>\n<\/div>\n<p>Sanctions<\/p>\n<\/div>\n<\/li>\n<li>\n<div>\n<div>\n<p><a title=\"Code g\u00e9n\u00e9ral des imp\u00f4ts\u00a0: articles 275 \u00e0 277 A - legifrance.gouv.fr - Nouvelle fen\u00eatre\" href=\"https:\/\/www.legifrance.gouv.fr\/codes\/id\/LEGISCTA000006179653\" target=\"_blank\" rel=\"noopener noreferrer\" data-saferedirecturl=\"https:\/\/www.google.com\/url?q=https:\/\/www.legifrance.gouv.fr\/codes\/id\/LEGISCTA000006179653&amp;source=gmail&amp;ust=1717505806548000&amp;usg=AOvVaw1B0dKYSK0NycW1iqAP0S2M\">Code g\u00e9n\u00e9ral des imp\u00f4ts\u00a0: articles 275 \u00e0 277 A<\/a><\/p>\n<\/div>\n<p>D\u00e9lai de paiement achats en franchise de TVA<\/p>\n<\/div>\n<\/li>\n<li>\n<div>\n<div>\n<p><a title=\"Arr\u00eat\u00e9 du 21 d\u00e9cembre 2023 relatif \u00e0 la fixation du taux de l'int\u00e9r\u00eat l\u00e9gal - legifrance.gouv.fr - Nouvelle fen\u00eatre\" href=\"https:\/\/www.legifrance.gouv.fr\/jorf\/id\/JORFTEXT000048659680\" target=\"_blank\" rel=\"noopener noreferrer\" data-saferedirecturl=\"https:\/\/www.google.com\/url?q=https:\/\/www.legifrance.gouv.fr\/jorf\/id\/JORFTEXT000048659680&amp;source=gmail&amp;ust=1717505806548000&amp;usg=AOvVaw0deRgCH0yh6EGE4xk_wcKo\">Arr\u00eat\u00e9 du 21 d\u00e9cembre 2023 relatif \u00e0 la fixation du taux de l&#8217;int\u00e9r\u00eat l\u00e9gal<\/a><\/p>\n<\/div>\n<\/div>\n<\/li>\n<\/ul>\n<\/div>\n<\/div>\n<\/div>\n<\/div>\n<\/div>\n","protected":false},"excerpt":{"rendered":"<p>Parfois, n\u00e9cessit\u00e9 ou n\u00e9gligence, des paiements \u00e0 un fournisseur sont fait hors d\u00e9lais l\u00e9gaux. La loi impose des d\u00e9lais limit\u00e9s qui doivent \u00eatre respect\u00e9s et le fournisseur ou prestataire peut exiger des indemnit\u00e9s de&#8230;<\/p>\n","protected":false},"author":2,"featured_media":0,"comment_status":"closed","ping_status":"closed","sticky":false,"template":"","format":"standard","meta":{"_mi_skip_tracking":false,"_monsterinsights_sitenote_active":false,"_monsterinsights_sitenote_note":"","_monsterinsights_sitenote_category":0},"categories":[6],"tags":[],"_links":{"self":[{"href":"https:\/\/sndll.info\/index.php?rest_route=\/wp\/v2\/posts\/6413"}],"collection":[{"href":"https:\/\/sndll.info\/index.php?rest_route=\/wp\/v2\/posts"}],"about":[{"href":"https:\/\/sndll.info\/index.php?rest_route=\/wp\/v2\/types\/post"}],"author":[{"embeddable":true,"href":"https:\/\/sndll.info\/index.php?rest_route=\/wp\/v2\/users\/2"}],"replies":[{"embeddable":true,"href":"https:\/\/sndll.info\/index.php?rest_route=%2Fwp%2Fv2%2Fcomments&post=6413"}],"version-history":[{"count":1,"href":"https:\/\/sndll.info\/index.php?rest_route=\/wp\/v2\/posts\/6413\/revisions"}],"predecessor-version":[{"id":6415,"href":"https:\/\/sndll.info\/index.php?rest_route=\/wp\/v2\/posts\/6413\/revisions\/6415"}],"wp:attachment":[{"href":"https:\/\/sndll.info\/index.php?rest_route=%2Fwp%2Fv2%2Fmedia&parent=6413"}],"wp:term":[{"taxonomy":"category","embeddable":true,"href":"https:\/\/sndll.info\/index.php?rest_route=%2Fwp%2Fv2%2Fcategories&post=6413"},{"taxonomy":"post_tag","embeddable":true,"href":"https:\/\/sndll.info\/index.php?rest_route=%2Fwp%2Fv2%2Ftags&post=6413"}],"curies":[{"name":"wp","href":"https:\/\/api.w.org\/{rel}","templated":true}]}}