{"id":6420,"date":"2024-06-08T19:11:45","date_gmt":"2024-06-08T17:11:45","guid":{"rendered":"https:\/\/sndll.info\/?p=6420"},"modified":"2024-06-06T19:20:36","modified_gmt":"2024-06-06T17:20:36","slug":"versement-mobilite-qui-combien-comment","status":"publish","type":"post","link":"https:\/\/sndll.info\/?p=6420","title":{"rendered":"VERSEMENT MOBILITE: QUI, COMBIEN, COMMENT ?"},"content":{"rendered":"<h1 id=\"titlePage\" data-test=\"titre-page\"><\/h1>\n<div id=\"intro\" class=\"sp-entete-etape fr-mb-6w\" aria-hidden=\"false\">\n<p class=\"fr-text--lg\">Le versement mobilit\u00e9 est une\u00a0<strong>contribution patronale<\/strong>, vers\u00e9e par toutes les entreprises qui emploient\u00a0<strong>au moins 11 salari\u00e9s<\/strong>. Le versement mobilit\u00e9 permet de financer les transports en commun, il est recouvr\u00e9 par l&#8217;Urssaf.<\/p>\n<\/div>\n<div id=\"expired\" aria-hidden=\"false\" data-test=\"div-content-fiche\">\n<div data-toggle-scope-seeall=\"chapters\">\n<div class=\"sp-chapter\" data-test=\"div-chapter\">\n<div id=\"fiche-item-1\" class=\"fiche-item-content sp-chapter-collapse collapse show\" aria-labelledby=\"fiche-item-aria-1\" aria-hidden=\"false\">\n<div class=\"sp-chapter-content\">\n<div>\n<h4 class=\"fr-h5\">Entreprises concern\u00e9es<\/h4>\n<p data-test=\"contenu-texte\">Le versement mobilit\u00e9 est d\u00fb par t<strong><span style=\"color: #0000ff;\">oute entreprise qui emploie\u00a0au moins 11 salari\u00e9s en \u00cele-de-France ou dans une commune ou communaut\u00e9 urbaine ayant institu\u00e9 ce versement (commune de + de 10\u00a0000\u00a0habitants).<\/span><\/strong><\/p>\n<p data-test=\"contenu-texte\">Lorsque l&#8217;entreprise a\u00a0<strong>plusieurs \u00e9tablissements<\/strong>, il faut distinguer\u00a0<strong>2 situations<\/strong>\u00a0:<\/p>\n<ul class=\"sp-item-list\">\n<li>Les \u00e9tablissements sont situ\u00e9s\u00a0<strong>dans une m\u00eame zone de versement<\/strong><\/li>\n<li>Les \u00e9tablissements sont situ\u00e9s\u00a0<strong>dans diff\u00e9rentes zones de versement<\/strong>.<\/li>\n<\/ul>\n<div class=\"fr-my-4w fr-tabs fr-transition-none\" data-fr-js-tabs-group=\"true\">\n<ul class=\"fr-tabs__list\" role=\"tablist\" data-test=\"bloc-cas\" data-fr-js-tabs-list=\"true\">\n<li role=\"presentation\" data-test=\"cas-only-onglet\"><button id=\"onglet-cas-tab-1\" class=\"fr-tabs__tab\" tabindex=\"0\" role=\"tab\" type=\"button\" aria-controls=\"onglet-cas957433744133198818-content-1-panel\" aria-selected=\"true\" data-xiti-type=\"navigation\" data-xiti-name=\"Professionnels::Vos_droits::Modalites::\u00c9tablissements dans une m\u00eame zone\" data-fr-js-tab-button=\"true\" data-fr-js-tab-button-actionee=\"true\">\u00c9tablissements dans une m\u00eame zone<\/button><\/li>\n<li role=\"presentation\" data-test=\"cas-only-onglet\"><button id=\"onglet-cas-tab-2\" class=\"fr-tabs__tab\" tabindex=\"-1\" role=\"tab\" type=\"button\" aria-controls=\"onglet-cas957433744133198818-content-2-panel\" aria-selected=\"false\" data-xiti-type=\"navigation\" data-xiti-name=\"Professionnels::Vos_droits::Modalites::\u00c9tablissements dans diff\u00e9rentes zones\" data-fr-js-tab-button=\"true\" data-fr-js-tab-button-actionee=\"true\">\u00c9tablissements dans diff\u00e9rentes zones<\/button><\/li>\n<\/ul>\n<div id=\"onglet-cas957433744133198818-content-1-panel\" class=\"fr-tabs__panel fr-tabs__panel--selected\" tabindex=\"-1\" role=\"tabpanel\" aria-labelledby=\"onglet-cas-tab-1\" data-fr-js-tab-panel=\"true\" data-fr-js-tab-actionee=\"true\">\n<h5 class=\"fr-sr-only\" data-id=\"sr-only-focusable\">\u00c9tablissements dans une m\u00eame zone<\/h5>\n<p data-test=\"contenu-texte\">L&#8217;entreprise qui a plusieurs \u00e9tablissements\u00a0<strong>dans une m\u00eame zone de versement<\/strong>\u00a0est soumise au versement mobilit\u00e9 d\u00e8s lors que l\u2019effectif total atteint les 11 salari\u00e9s,\u00a0<strong>compte tenu de tous ces \u00e9tablissements<\/strong>.<\/p>\n<div class=\"sp-example fr-mb-4w\" data-test=\"div-exemple\">\n<p class=\"sp-example-title\">Exemple\u00a0:<\/p>\n<p data-test=\"contenu-texte\">Une entreprise emploie 8 salari\u00e9s dans son \u00e9tablissement principal et 5 salari\u00e9s dans un \u00e9tablissement secondaire. Les 2 \u00e9tablissements sont situ\u00e9s dans la m\u00eame zone (ex : Paris). L\u2019effectif total est donc sup\u00e9rieur \u00e0 11 salari\u00e9s. L\u2019entreprise est soumise au versement mobilit\u00e9 dans cette zone.<\/p>\n<\/div>\n<\/div>\n<div id=\"onglet-cas957433744133198818-content-2-panel\" class=\"fr-tabs__panel fr-tabs__panel--direction-end\" tabindex=\"-1\" role=\"tabpanel\" aria-labelledby=\"onglet-cas-tab-2\" data-fr-js-tab-panel=\"true\" data-fr-js-tab-actionee=\"true\">\n<div class=\"sp-example fr-mb-4w\" data-test=\"div-exemple\">\n<p data-test=\"contenu-texte\">\n<\/div>\n<\/div>\n<\/div>\n<\/div>\n<div>\n<h4 class=\"fr-h5\">Salari\u00e9s comptabilis\u00e9s dans l&#8217;effectif<\/h4>\n<p data-test=\"contenu-texte\"><strong><span style=\"color: #0000ff;\">L&#8217;<a style=\"color: #0000ff;\" title=\"effectif salari\u00e9 annuel de l'entreprise - Nouvelle fen\u00eatre\" href=\"https:\/\/entreprendre.service-public.fr\/vosdroits\/F24332\" target=\"_blank\" rel=\"noopener\">effectif salari\u00e9 annuel de l&#8217;entreprise<\/a>\u00a0correspond \u00e0 la\u00a0moyenne du nombre de personnes employ\u00e9es au cours de chacun des mois de l&#8217;ann\u00e9e civile pr\u00e9c\u00e9dente.<\/span> <\/strong>Ainsi, le d\u00e9compte des effectifs pour l&#8217;assujettissement au versement mobilit\u00e9 pour l&#8217;ann\u00e9e 2024 doit \u00eatre effectu\u00e9 sur les effectifs mensuels moyens employ\u00e9s en 2023.<\/p>\n<div class=\"fr-highlight fr-my-4w fr-ml-0 sp-bg-white fr-py-1w\" data-test=\"citation\" data-fr-js-highlight-actionee=\"true\">\n<p class=\"fr-text--bold\">\u00c0 noter<\/p>\n<p><span style=\"color: #0000ff;\">Les mois au cours desquels aucun salari\u00e9 n&#8217;est employ\u00e9 ne sont\u00a0<strong>pas pris en compte<\/strong>\u00a0pour \u00e9tablir cette moyenne.<\/span><\/p>\n<\/div>\n<p data-test=\"contenu-texte\">L&#8217;effectif de l&#8217;entreprise est calcul\u00e9 en op\u00e9rant un d\u00e9compte \u00e0 partir de certaines\u00a0<strong>cat\u00e9gories de salari\u00e9s<\/strong>. Ces personnes sont d\u00e9compt\u00e9es d&#8217;apr\u00e8s le nombre de jours pendant lesquels elles ont \u00e9t\u00e9 employ\u00e9es dans l&#8217;<span class=\"tool-tip\" tabindex=\"0\" data-toggle=\"tooltip\" data-definition=\"R52114\" data-original-title=\"Du 1er janvier au 31 d\u00e9cembre\">ann\u00e9e civile d<span class=\"fr-sr-only\" data-test=\"titleContentForDefinition\">u 1er janvier au 31 d\u00e9cembre<\/span><\/span>.<\/p>\n<div class=\"fr-table fr-table--bordered fr-table--caption\" data-fr-js-table=\"true\" data-fr-js-table-actionee=\"true\">\n<table class=\"sp-table\" data-fr-js-table-element=\"true\">\n<caption data-fr-js-table-caption=\"true\">Tableau &#8211; Cat\u00e9gories de salari\u00e9s comptabilis\u00e9es et modalit\u00e9s de d\u00e9compte<\/caption>\n<thead>\n<tr>\n<th colspan=\"1\" rowspan=\"1\" scope=\"col\">Cat\u00e9gories<\/th>\n<th colspan=\"1\" rowspan=\"1\" scope=\"col\">Modalit\u00e9s de d\u00e9compte<\/th>\n<\/tr>\n<\/thead>\n<tbody>\n<tr>\n<td colspan=\"1\" rowspan=\"1\">Salari\u00e9s en\u00a0<abbr class=\"tool-tip\" tabindex=\"0\" data-toggle=\"tooltip\" data-sigle=\"R24389\" data-original-title=\"CDI\u00a0:\u00a0Contrat de travail \u00e0 dur\u00e9e ind\u00e9termin\u00e9e\">CDI<span class=\"fr-sr-only\">: CDI\u00a0:\u00a0Contrat de travail \u00e0 dur\u00e9e ind\u00e9termin\u00e9e<\/span><\/abbr>\u00a0\u00e0 temps plein, qu&#8217;ils soient pr\u00e9sents ou absents pour maladie ou cong\u00e9<\/td>\n<td colspan=\"1\" rowspan=\"1\">Les salari\u00e9s suivants sont compt\u00e9s pour\u00a0<strong>1 unit\u00e9<\/strong>\u00a0chacun :<\/p>\n<ul>\n<li>Salari\u00e9s ayant travaill\u00e9 la totalit\u00e9 du mois (151,67 heures)<\/li>\n<li>Salari\u00e9s en forfait jours, quelle que soit la dur\u00e9e de leur forfait<\/li>\n<li>Salari\u00e9s dont le contrat de travail est suspendu (cong\u00e9 de maternit\u00e9, d&#8217;adoption ou cong\u00e9 parental d&#8217;\u00e9ducation par exemple)<\/li>\n<\/ul>\n<\/td>\n<\/tr>\n<tr>\n<td colspan=\"1\" rowspan=\"1\">Travailleurs \u00e0 domicile<\/td>\n<td colspan=\"1\" rowspan=\"1\">Les salari\u00e9s ayant travaill\u00e9 la totalit\u00e9 du mois (151,67 heures) sont compt\u00e9s pour\u00a0<strong>1 unit\u00e9<\/strong>\u00a0chacun<\/td>\n<\/tr>\n<tr>\n<td colspan=\"1\" rowspan=\"1\">Salari\u00e9s en\u00a0<abbr class=\"tool-tip\" tabindex=\"0\" data-toggle=\"tooltip\" data-sigle=\"R2454\" data-original-title=\"CDD\u00a0:\u00a0Contrat \u00e0 dur\u00e9e d\u00e9termin\u00e9e\">CDD<span class=\"fr-sr-only\">: CDD\u00a0:\u00a0Contrat \u00e0 dur\u00e9e d\u00e9termin\u00e9e<\/span><\/abbr><\/td>\n<td colspan=\"1\" rowspan=\"1\">\n<ul>\n<li>Salari\u00e9s ayant travaill\u00e9 la totalit\u00e9 du mois (151,67 heures) sont compt\u00e9s pour\u00a0<strong>1 unit\u00e9<\/strong>\u00a0chacun<\/li>\n<li>Salari\u00e9s ayant travaill\u00e9 \u00e0 temps partiel sont compt\u00e9s\u00a0<strong>au prorata de leur temps de travail<\/strong><\/li>\n<li>Salari\u00e9s qui remplacent un salari\u00e9 absent ne sont pas pris en compte dans le calcul de l&#8217;effectif moyen<\/li>\n<\/ul>\n<\/td>\n<\/tr>\n<tr>\n<td colspan=\"1\" rowspan=\"1\">Salari\u00e9s int\u00e9rimaires<\/td>\n<td colspan=\"1\" rowspan=\"1\">Ils sont compt\u00e9s \u00e0 la fois dans l&#8217;entreprise de travail temporaire et dans l&#8217;entreprise utilisatrice<\/td>\n<\/tr>\n<tr>\n<td colspan=\"1\" rowspan=\"1\">Salari\u00e9s intermittents<\/td>\n<td colspan=\"1\" rowspan=\"1\">\n<ul>\n<li>Salari\u00e9s ayant travaill\u00e9 la totalit\u00e9 du mois (151,67 heures) sont compt\u00e9s pour\u00a0<strong>1 unit\u00e9<\/strong>\u00a0chacun<\/li>\n<li>Salari\u00e9s ayant travaill\u00e9 \u00e0 temps partiel sont compt\u00e9s\u00a0<strong>au prorata de leur temps de travail<\/strong><\/li>\n<\/ul>\n<\/td>\n<\/tr>\n<tr>\n<td colspan=\"1\" rowspan=\"1\">Salari\u00e9s mis \u00e0 disposition par une entreprise ext\u00e9rieure et pr\u00e9sents depuis au moins 1 an, salari\u00e9s d&#8217;un contrat de travail temporaire (int\u00e9rimaires)<\/td>\n<td colspan=\"1\" rowspan=\"1\">\n<ul>\n<li>Salari\u00e9s ayant travaill\u00e9 la totalit\u00e9 du mois (151,67 heures) sont compt\u00e9s pour\u00a0<strong>1 unit\u00e9<\/strong>\u00a0chacun<\/li>\n<li>Salari\u00e9s ayant travaill\u00e9 \u00e0 temps partiel sont compt\u00e9s\u00a0<strong>au prorata de leur temps de travail<\/strong><\/li>\n<li>Salari\u00e9s qui remplacent un salari\u00e9 absent ne sont pas pris en compte dans le calcul de l&#8217;effectif moyen<\/li>\n<\/ul>\n<\/td>\n<\/tr>\n<tr>\n<td colspan=\"1\" rowspan=\"1\">Salari\u00e9s \u00e0 temps partiel, quelle que soit la nature de leur contrat de travail<\/td>\n<td colspan=\"1\" rowspan=\"1\">Chaque salari\u00e9 est pris en compte au\u00a0<strong>prorata de son temps de travail<\/strong>\u00a0(somme totale des horaires inscrits dans le contrat de travail \/ dur\u00e9e l\u00e9gale ou conventionnelle du travail)<\/td>\n<\/tr>\n<\/tbody>\n<\/table>\n<\/div>\n<div class=\"fr-highlight fr-my-4w fr-ml-0 sp-bg-white fr-py-1w\" data-test=\"citation\" data-fr-js-highlight-actionee=\"true\">\n<p class=\"fr-text--bold\">\u00c0 noter<\/p>\n<p>En revanche, certaines personnes ne sont\u00a0<span style=\"color: #0000ff;\"><strong>pas comptabilis\u00e9s dans l&#8217;effectif<\/strong>\u00a0<\/span>de l&#8217;entreprise (ex : alternants, stagiaires, mandataires sociaux, salari\u00e9s en CDD rempla\u00e7ant des salari\u00e9s absents&#8230;).<\/p>\n<\/div>\n<p data-test=\"contenu-texte\"><strong><span style=\"color: #ff0000;\">Depuis le 1<sup>er<\/sup>\u00a0janvier 2020, le franchissement \u00e0 la hausse du seuil de 11 salari\u00e9s ne produit d\u2019effet que si ce seuil est atteint ou d\u00e9pass\u00e9\u00a0durant 5 ann\u00e9es civiles cons\u00e9cutives. Ce n\u2019est qu\u2019ensuite que l&#8217;entreprise est effectivement soumise au versement mobilit\u00e9.<\/span><\/strong><\/p>\n<p data-test=\"contenu-texte\">Par exemple, si un employeur a constat\u00e9 d\u00e9but 2023 qu\u2019il a atteint ou d\u00e9pass\u00e9 les 11 salari\u00e9s (au titre de son effectif de 2022) sur une zone de versement mobilit\u00e9, le franchissement de seuil ne produira effet que s\u2019il est maintenu pendant 5 ann\u00e9es civiles cons\u00e9cutives (de 2023 \u00e0 2027 inclus), c&#8217;est-\u00e0-dire \u00e0 partir du 1<sup>er<\/sup>\u00a0janvier 2028.<\/p>\n<p data-test=\"contenu-texte\"><span style=\"color: #ff0000;\"><strong>En revanche, lorsqu\u2019une entreprise repasse sous les 11 salari\u00e9s, les compteurs sont\u00a0remis \u00e0 z\u00e9ro.<\/strong><\/span><\/p>\n<\/div>\n<\/div>\n<\/div>\n<\/div>\n<div class=\"sp-chapter\" data-test=\"div-chapter\">\n<div class=\"fiche-item-title\">\n<h2 class=\"sp-chapter-title\"><button id=\"fiche-item-aria-2\" class=\"sp-btn sp-btn-collapse\" type=\"button\" data-toggle=\"collapse\" data-xiti-type=\"navigation\" aria-expanded=\"true\" data-target=\"#fiche-item-2\" aria-controls=\"fiche-item-2\" data-xiti-name=\"Professionnels::Vos_droits::Depliant::Comment_calculer_le_versement_mobilit\u00e9_?_F31031_Versement_mobilite\" data-atclickmanagement=\"no\"><span class=\"fr-text--lg fr-mb-0 sp-chapter-btn-container\"><span class=\"sp-chapter-btn-text\">Comment calculer le versement mobilit\u00e9 ?<\/span><\/span><\/button><\/h2>\n<\/div>\n<div id=\"fiche-item-2\" class=\"fiche-item-content sp-chapter-collapse collapse show\" aria-labelledby=\"fiche-item-aria-2\" aria-hidden=\"false\">\n<div class=\"sp-chapter-content\">\n<p data-test=\"contenu-texte\">Le versement mobilit\u00e9 est calcul\u00e9 en pourcentage des r\u00e9mun\u00e9rations soumises \u00e0 cotisations sociales vers\u00e9es par l&#8217;entreprise aux salari\u00e9s.<\/p>\n<p data-test=\"contenu-texte\">La\u00a0<strong>formule de calcul du versement mobilit\u00e9<\/strong>\u00a0est donc la suivante : Ensemble des r\u00e9mun\u00e9rations vers\u00e9es aux salari\u00e9s\u00a0<strong>x<\/strong>\u00a0Taux du versement mobilit\u00e9.<\/p>\n<p data-test=\"contenu-texte\">Le taux du versement mobilit\u00e9 applicable diff\u00e8re en province et en r\u00e9gion \u00cele-de-France.<\/p>\n<div class=\"fr-my-4w fr-tabs fr-transition-none\" data-fr-js-tabs-group=\"true\">\n<ul class=\"fr-tabs__list\" role=\"tablist\" data-test=\"bloc-cas\" data-fr-js-tabs-list=\"true\">\n<li role=\"presentation\" data-test=\"cas-only-onglet\"><button id=\"onglet-cas-tab-1\" class=\"fr-tabs__tab\" tabindex=\"0\" role=\"tab\" type=\"button\" aria-controls=\"onglet-cas8832298288046194575-content-1-panel\" aria-selected=\"true\" data-xiti-type=\"navigation\" data-xiti-name=\"Professionnels::Vos_droits::Modalites::En province\" data-fr-js-tab-button=\"true\" data-fr-js-tab-button-actionee=\"true\">En province<\/button><\/li>\n<li role=\"presentation\" data-test=\"cas-only-onglet\"><button id=\"onglet-cas-tab-2\" class=\"fr-tabs__tab\" tabindex=\"-1\" role=\"tab\" type=\"button\" aria-controls=\"onglet-cas8832298288046194575-content-2-panel\" aria-selected=\"false\" data-xiti-type=\"navigation\" data-xiti-name=\"Professionnels::Vos_droits::Modalites::En \u00cele-de-France\" data-fr-js-tab-button=\"true\" data-fr-js-tab-button-actionee=\"true\">En \u00cele-de-France<\/button><\/li>\n<\/ul>\n<div id=\"onglet-cas8832298288046194575-content-1-panel\" class=\"fr-tabs__panel fr-tabs__panel--selected\" tabindex=\"-1\" role=\"tabpanel\" aria-labelledby=\"onglet-cas-tab-1\" data-fr-js-tab-panel=\"true\" data-fr-js-tab-actionee=\"true\">\n<h5 class=\"fr-sr-only\" data-id=\"sr-only-focusable\">En province<\/h5>\n<p data-test=\"contenu-texte\">Le taux de versement mobilit\u00e9 varie selon la\u00a0<strong>taille de la commune<\/strong>, dans les limites suivantes :<\/p>\n<ul class=\"sp-item-list\">\n<li><span class=\"sp-prix\">0,55\u00a0%<\/span>\u00a0maximum lorsque la population de la commune ou de l&#8217;\u00e9tablissement public est comprise entre 10\u2009000 et 100\u00a0000 habitants<\/li>\n<li><span class=\"sp-prix\">0,85\u00a0%<\/span>\u00a0maximum lorsque la population est comprise entre 50\u2009000 et 100\u00a0000 habitants et que l\u2019autorit\u00e9 organisatrice de la mobilit\u00e9 a d\u00e9cid\u00e9 de r\u00e9aliser une infrastructure de transport collectif en site propre<\/li>\n<li><span class=\"sp-prix\">1\u00a0%<\/span>\u00a0maximum lorsque la population de la commune ou de l&#8217;\u00e9tablissement public est sup\u00e9rieure \u00e0 100\u00a0000 habitants<\/li>\n<li><span class=\"sp-prix\">1,75\u00a0%<\/span>\u00a0maximum lorsque la population de la commune ou de l&#8217;\u00e9tablissement public de coop\u00e9ration est sup\u00e9rieure \u00e0 100\u2009000 habitants et que l&#8217;autorit\u00e9 organisatrice de la mobilit\u00e9 a d\u00e9cid\u00e9 de r\u00e9aliser une infrastructure de transport collectif en mode routier ou guid\u00e9.<\/li>\n<\/ul>\n<\/div>\n<\/div>\n<p data-test=\"contenu-texte\">Une modification du taux entre en vigueur au 1<sup>er<\/sup>\u00a0janvier ou au 1<sup>er<\/sup>\u00a0juillet de chaque ann\u00e9e. L&#8217;Urssaf informe les entreprises des \u00e9volutions de taux au moins 1\u00a0mois \u00e0 l\u2019avance.<\/p>\n<div class=\"fr-highlight fr-my-4w fr-ml-0 sp-bg-white fr-py-1w\" data-test=\"citation\" data-fr-js-highlight-actionee=\"true\">\n<p><strong><span style=\"color: #0000ff;\">L&#8217;Urssaf met \u00e0 votre disposition un\u00a0<a style=\"color: #0000ff;\" title=\"outil pour conna\u00eetre le taux de versement mobilit\u00e9 - Nouvelle fen\u00eatre\" href=\"https:\/\/entreprendre.service-public.fr\/vosdroits\/R31303\" target=\"_blank\" rel=\"noopener\">outil pour conna\u00eetre le taux de versement mobilit\u00e9<\/a>\u00a0<span style=\"color: #000000;\">(cliquez dessus pour y acc\u00e9der) <\/span><\/span><\/strong>applicable, en renseignant le code postal de votre \u00e9tablissement.<\/p>\n<\/div>\n<p data-test=\"contenu-texte\">Par ailleurs, un\u00a0<strong>versement mobilit\u00e9 additionnel<\/strong>\u00a0peut aussi \u00eatre institu\u00e9 par certains syndicats mixtes de transport. Son taux ne peut pas d\u00e9passer\u00a0<span class=\"sp-prix\">0,50\u00a0%<\/span>.<\/p>\n<\/div>\n<\/div>\n<\/div>\n<div class=\"sp-chapter\" data-test=\"div-chapter\">\n<div class=\"fiche-item-title\">\n<h2 class=\"sp-chapter-title\"><button id=\"fiche-item-aria-3\" class=\"sp-btn sp-btn-collapse\" type=\"button\" data-toggle=\"collapse\" data-xiti-type=\"navigation\" aria-expanded=\"true\" data-target=\"#fiche-item-3\" aria-controls=\"fiche-item-3\" data-xiti-name=\"Professionnels::Vos_droits::Depliant::Comment_d\u00e9clarer_la_contribution_?_F31031_Versement_mobilite\" data-atclickmanagement=\"no\"><span class=\"fr-text--lg fr-mb-0 sp-chapter-btn-container\"><span class=\"sp-chapter-btn-text\">Comment d\u00e9clarer la contribution ?<\/span><\/span><\/button><\/h2>\n<\/div>\n<div id=\"fiche-item-3\" class=\"fiche-item-content sp-chapter-collapse collapse show\" aria-labelledby=\"fiche-item-aria-3\" aria-hidden=\"false\">\n<div class=\"sp-chapter-content\">\n<p data-test=\"contenu-texte\">Le versement mobilit\u00e9 doit \u00eatre d\u00e9clar\u00e9 via la\u00a0<a title=\"d\u00e9claration sociale nominative (DSN) - Nouvelle fen\u00eatre\" href=\"https:\/\/entreprendre.service-public.fr\/vosdroits\/F34059\" target=\"_blank\" rel=\"noopener\">d\u00e9claration sociale nominative (DSN)<\/a>\u00a0comme toutes les contributions et cotisations sociales.<\/p>\n<p data-test=\"contenu-texte\">Il s&#8217;agit d&#8217;une d\u00e9claration\u00a0<strong>en ligne<\/strong>\u00a0obligatoire qui transmet les informations concernant les salari\u00e9s aux organismes de protection sociale (Urssaf, France Travail (anciennement P\u00f4le emploi), Cpam). Elle est r\u00e9alis\u00e9e\u00a0<strong>chaque mois<\/strong>, \u00e0 partir du logiciel de paie.<\/p>\n<div class=\"sp-panel\" data-test=\"textes-de-reference\">\n<h2 class=\"sp-panel-title \"><button id=\"fiche-item-annexe-ref-aria\" class=\"sp-btn sp-btn-collapse\" type=\"button\" data-toggle=\"collapse\" data-target=\"#fiche-item-annexe-ref\" data-xiti-type=\"navigation\" aria-controls=\"fiche-item-annexe-ref\" aria-expanded=\"true\" data-xiti-name=\"Professionnels::Vos_droits::Depliant::Textes_de_reference_F31031_Versement_mobilite\" data-atclickmanagement=\"no\"><span class=\"fr-h6\">Textes de loi et r\u00e9f\u00e9rences<\/span><\/button><\/h2>\n<div id=\"fiche-item-annexe-ref\" class=\"sp-panel-content collapse show\" aria-hidden=\"false\">\n<ul class=\"fr-raw-list fr-ml-1v\">\n<li data-test=\"reference\">\n<div class=\"sp-link fr-mb-1w\" data-test=\"lien-reference\">\n<div class=\"sp-link--label\">\n<p class=\"fr-mb-0\"><a class=\"fr-link\" title=\"Code g\u00e9n\u00e9ral des collectivit\u00e9s territoriales\u00a0: articles L2333-64 \u00e0 L2333-75 - legifrance.gouv.fr - Nouvelle fen\u00eatre\" href=\"https:\/\/www.legifrance.gouv.fr\/codes\/id\/LEGISCTA000039802388\" target=\"_blank\" rel=\"noopener noreferrer\" data-xiti-name=\"Professionnels::Vos_droits::Navigation_Directe::Code_general_des_collectivites_territoriales_:_articles_L2333-64_a_L2333-75\" data-xiti-type=\"exit\" data-test=\"href-lien-reference\" data-fr-js-link-actionee=\"true\">Code g\u00e9n\u00e9ral des collectivit\u00e9s territoriales\u00a0: articles L2333-64 \u00e0 L2333-75<\/a><\/p>\n<\/div>\n<p class=\"sp-link--source fr-text--xs fr-ml-3w fr-mb-0 fr-mt-1v\" data-test=\"source-lien-reference\">Versement mobilit\u00e9<\/p>\n<\/div>\n<\/li>\n<li data-test=\"reference\">\n<div class=\"sp-link fr-mb-1w\" data-test=\"lien-reference\">\n<div class=\"sp-link--label\">\n<p class=\"fr-mb-0\"><a class=\"fr-link\" title=\"Code g\u00e9n\u00e9ral des collectivit\u00e9s territoriales\u00a0: articles L2531-2 \u00e0 L2531-11 - legifrance.gouv.fr - Nouvelle fen\u00eatre\" href=\"https:\/\/www.legifrance.gouv.fr\/codes\/id\/LEGISCTA000039802420\" target=\"_blank\" rel=\"noopener noreferrer\" data-xiti-name=\"Professionnels::Vos_droits::Navigation_Directe::Code_general_des_collectivites_territoriales_:_articles_L2531-2_a_L2531-11\" data-xiti-type=\"exit\" data-test=\"href-lien-reference\" data-fr-js-link-actionee=\"true\">Code g\u00e9n\u00e9ral des collectivit\u00e9s territoriales\u00a0: articles L2531-2 \u00e0 L2531-11<\/a><\/p>\n<\/div>\n<p class=\"sp-link--source fr-text--xs fr-ml-3w fr-mb-0 fr-mt-1v\" data-test=\"source-lien-reference\">Versement mobilit\u00e9 (\u00cele-de-France)<\/p>\n<\/div>\n<\/li>\n<li data-test=\"reference\">\n<div class=\"sp-link fr-mb-1w\" data-test=\"lien-reference\">\n<div class=\"sp-link--label\">\n<p class=\"fr-mb-0\"><a class=\"fr-link\" title=\"Code de la s\u00e9curit\u00e9 sociale\u00a0: article L130-1 - legifrance.gouv.fr - Nouvelle fen\u00eatre\" href=\"https:\/\/www.legifrance.gouv.fr\/codes\/id\/LEGISCTA000038610272\/\" target=\"_blank\" rel=\"noopener noreferrer\" data-xiti-name=\"Professionnels::Vos_droits::Navigation_Directe::Code_de_la_securite_sociale_:_article_L130-1\" data-xiti-type=\"exit\" data-test=\"href-lien-reference\" data-fr-js-link-actionee=\"true\">Code de la s\u00e9curit\u00e9 sociale\u00a0: article L130-1<\/a><\/p>\n<\/div>\n<p class=\"sp-link--source fr-text--xs fr-ml-3w fr-mb-0 fr-mt-1v\" data-test=\"source-lien-reference\">D\u00e9compte de l&#8217;effectif de l&#8217;entreprise<\/p>\n<\/div>\n<\/li>\n<li data-test=\"reference\">\n<div class=\"sp-link fr-mb-1w\" data-test=\"lien-reference\">\n<div class=\"sp-link--label\">\n<p class=\"fr-mb-0\"><a class=\"fr-link\" title=\"Code de la s\u00e9curit\u00e9 sociale\u00a0: articles R130-1 \u00e0 R130-2 - legifrance.gouv.fr - Nouvelle fen\u00eatre\" href=\"https:\/\/www.legifrance.gouv.fr\/codes\/section_lc\/LEGITEXT000006073189\/LEGISCTA000006156502\" target=\"_blank\" rel=\"noopener noreferrer\" data-xiti-name=\"Professionnels::Vos_droits::Navigation_Directe::Code_de_la_securite_sociale_:_articles_R130-1_a_R130-2\" data-xiti-type=\"exit\" data-test=\"href-lien-reference\" data-fr-js-link-actionee=\"true\">Code de la s\u00e9curit\u00e9 sociale\u00a0: articles R130-1 \u00e0 R130-2<\/a><\/p>\n<\/div>\n<p class=\"sp-link--source fr-text--xs fr-ml-3w fr-mb-0 fr-mt-1v\" data-test=\"source-lien-reference\">D\u00e9compte de l&#8217;effectif de l&#8217;entreprise (partie r\u00e9glementaire)<\/p>\n<\/div>\n<\/li>\n<li data-test=\"reference\">\n<div class=\"sp-link fr-mb-1w\" data-test=\"lien-reference\">\n<div class=\"sp-link--label\">\n<p class=\"fr-mb-0\"><a class=\"fr-link\" title=\"Code du travail : articles L1111-1 \u00e0 L1111-3 - legifrance.gouv.fr - Nouvelle fen\u00eatre\" href=\"https:\/\/www.legifrance.gouv.fr\/codes\/section_lc\/LEGITEXT000006072050\/LEGISCTA000006160702\" target=\"_blank\" rel=\"noopener noreferrer\" data-xiti-name=\"Professionnels::Vos_droits::Navigation_Directe::Code_du_travail_:_articles_L1111-1_a_L1111-3\" data-xiti-type=\"exit\" data-test=\"href-lien-reference\" data-fr-js-link-actionee=\"true\">Code du travail : articles L1111-1 \u00e0 L1111-3<\/a><\/p>\n<\/div>\n<p class=\"sp-link--source fr-text--xs fr-ml-3w fr-mb-0 fr-mt-1v\" data-test=\"source-lien-reference\">Calcul des effectifs de l&#8217;entreprise<\/p>\n<\/div>\n<\/li>\n<\/ul>\n<\/div>\n<\/div>\n<div class=\"sp-panel\" data-test=\"services-en-ligne\">\n<h2 class=\"sp-panel-title \"><button id=\"fiche-item-annexe-slf-aria\" class=\"sp-btn sp-btn-collapse\" type=\"button\" data-toggle=\"collapse\" data-target=\"#fiche-item-annexe-slf\" data-xiti-type=\"navigation\" aria-controls=\"fiche-item-annexe-slf\" aria-expanded=\"true\" data-xiti-name=\"Professionnels::Vos_droits::Depliant::Services_en_ligne_et_formulaires_F31031_Versement_mobilite\" data-atclickmanagement=\"no\"><span class=\"fr-h6\">Services en ligne et formulaires<\/span><\/button><\/h2>\n<div id=\"fiche-item-annexe-slf\" class=\"sp-panel-content collapse show\" aria-hidden=\"false\">\n<ul id=\"listeServiceEnLigne_1\" class=\"fr-raw-list fr-ml-1v\">\n<li>\n<div class=\"sp-link fr-mb-1w\" data-test=\"lien-fiche-liee\">\n<div class=\"sp-link--label\">\n<p class=\"fr-mb-0\"><a class=\"fr-link\" href=\"https:\/\/entreprendre.service-public.fr\/vosdroits\/R31303\" data-xiti-name=\"Professionnels::Vos_droits::Navigation_Directe::Connaitre_son_taux_de_versement_mobilite__simulateur_\" data-xiti-type=\"navigation\" data-test=\"href-lien-fiche-liee\" data-fr-js-link-actionee=\"true\">Conna\u00eetre son taux de versement mobilit\u00e9 (simulateur)<\/a><\/p>\n<\/div>\n<p class=\"sp-link--source fr-text--xs fr-ml-3w fr-mb-0 fr-mt-1v\" data-test=\"source-lien-fiche-liee\">Simulateur<\/p>\n<\/div>\n<\/li>\n<li>\n<div class=\"sp-link fr-mb-1w\" data-test=\"lien-fiche-liee\">\n<div class=\"sp-link--label\">\n<p class=\"fr-mb-0\"><a class=\"fr-link\" href=\"https:\/\/entreprendre.service-public.fr\/vosdroits\/R45531\" data-xiti-name=\"Professionnels::Vos_droits::Navigation_Directe::Simulateur_du_cout_d_embauche\" data-xiti-type=\"navigation\" data-test=\"href-lien-fiche-liee\" data-fr-js-link-actionee=\"true\">Simulateur du co\u00fbt d&#8217;embauche<\/a><\/p>\n<\/div>\n<p class=\"sp-link--source fr-text--xs fr-ml-3w fr-mb-0 fr-mt-1v\" data-test=\"source-lien-fiche-liee\">Simulateur<\/p>\n<\/div>\n<\/li>\n<li>\n<div class=\"sp-link fr-mb-1w\" data-test=\"lien-fiche-liee\">\n<div class=\"sp-link--label\">\n<p class=\"fr-mb-0\"><a class=\"fr-link\" href=\"https:\/\/entreprendre.service-public.fr\/vosdroits\/R56352\" data-xiti-name=\"Professionnels::Vos_droits::Navigation_Directe::Declaration_sociale_nominative__DSN_\" data-xiti-type=\"navigation\" data-test=\"href-lien-fiche-liee\" data-fr-js-link-actionee=\"true\">D\u00e9claration sociale nominative (DSN)<\/a><\/p>\n<\/div>\n<p class=\"sp-link--source fr-text--xs fr-ml-3w fr-mb-0 fr-mt-1v\" data-test=\"source-lien-fiche-liee\">Service en ligne<\/p>\n<\/div>\n<\/li>\n<\/ul>\n<\/div>\n<\/div>\n<\/div>\n<\/div>\n<\/div>\n<\/div>\n<\/div>\n","protected":false},"excerpt":{"rendered":"<p>Le versement mobilit\u00e9 est une\u00a0contribution patronale, vers\u00e9e par toutes les entreprises qui emploient\u00a0au moins 11 salari\u00e9s. Le versement mobilit\u00e9 permet de financer les transports en commun, il est recouvr\u00e9 par l&#8217;Urssaf. Entreprises concern\u00e9es Le&#8230;<\/p>\n","protected":false},"author":2,"featured_media":0,"comment_status":"closed","ping_status":"closed","sticky":false,"template":"","format":"standard","meta":{"_mi_skip_tracking":false,"_monsterinsights_sitenote_active":false,"_monsterinsights_sitenote_note":"","_monsterinsights_sitenote_category":0},"categories":[6,9],"tags":[],"_links":{"self":[{"href":"https:\/\/sndll.info\/index.php?rest_route=\/wp\/v2\/posts\/6420"}],"collection":[{"href":"https:\/\/sndll.info\/index.php?rest_route=\/wp\/v2\/posts"}],"about":[{"href":"https:\/\/sndll.info\/index.php?rest_route=\/wp\/v2\/types\/post"}],"author":[{"embeddable":true,"href":"https:\/\/sndll.info\/index.php?rest_route=\/wp\/v2\/users\/2"}],"replies":[{"embeddable":true,"href":"https:\/\/sndll.info\/index.php?rest_route=%2Fwp%2Fv2%2Fcomments&post=6420"}],"version-history":[{"count":2,"href":"https:\/\/sndll.info\/index.php?rest_route=\/wp\/v2\/posts\/6420\/revisions"}],"predecessor-version":[{"id":6423,"href":"https:\/\/sndll.info\/index.php?rest_route=\/wp\/v2\/posts\/6420\/revisions\/6423"}],"wp:attachment":[{"href":"https:\/\/sndll.info\/index.php?rest_route=%2Fwp%2Fv2%2Fmedia&parent=6420"}],"wp:term":[{"taxonomy":"category","embeddable":true,"href":"https:\/\/sndll.info\/index.php?rest_route=%2Fwp%2Fv2%2Fcategories&post=6420"},{"taxonomy":"post_tag","embeddable":true,"href":"https:\/\/sndll.info\/index.php?rest_route=%2Fwp%2Fv2%2Ftags&post=6420"}],"curies":[{"name":"wp","href":"https:\/\/api.w.org\/{rel}","templated":true}]}}