{"id":6559,"date":"2024-08-03T07:05:35","date_gmt":"2024-08-03T05:05:35","guid":{"rendered":"https:\/\/sndll.info\/?p=6559"},"modified":"2024-08-03T07:05:35","modified_gmt":"2024-08-03T05:05:35","slug":"information-des-salaries-obligations","status":"publish","type":"post","link":"https:\/\/sndll.info\/?p=6559","title":{"rendered":"INFORMATION DES SALARIES: OBLIGATIONS"},"content":{"rendered":"<p>&nbsp;<\/p>\n<div id=\"block-economie-page-title\" class=\"block block-core block-page-title-block\">\n<h1 class=\"page-title\"><span class=\"field field--name-title field--type-string field--label-hidden\">vos obligations d\u2019affichage et diffusion d&#8217;informations \u00e0 vos salari\u00e9s<\/span><\/h1>\n<\/div>\n<div id=\"block-economie-content\" class=\"block block-system block-system-main-block\">\n<article class=\"node node--type-article node--view-mode-full entreprise\">\n<div class=\"article--infos\"><\/div>\n<div class=\"node__content\">\n<p class=\"fr-text--lead\">En tant qu\u2019employeur, vous \u00eates tenu d\u2019afficher au sein de vos locaux un certain nombre d\u2019informations \u00e0 l\u2019attention de vos salari\u00e9s. Dans certains cas, cette obligation d\u2019affichage peut \u00eatre remplac\u00e9e par une diffusion de l\u2019information par tout autre moyen garantissant un acc\u00e8s \u00e9quivalent, comme sur le site intranet de votre entreprise ? On fait le point.<\/p>\n<div class=\"paragraph paragraph--type--contenu-libre paragraph--view-mode--default\">\n<p>En tant qu\u2019employeur,\u00a0<strong>vous avez des obligations d\u2019information \u00e0 l\u2019\u00e9gard de vos salari\u00e9s sur le lieu de travail<\/strong>. Il s\u2019agit d\u2019informations concernant de nombreux domaines\u00a0: m\u00e9decine du travail, discriminations, cong\u00e9s pay\u00e9s, convention collective, r\u00e8glement int\u00e9rieur\u2026<\/p>\n<p><strong>Ces obligations varient selon l\u2019effectif de votre entreprise<\/strong>. Elles sont pr\u00e9sent\u00e9es sur le site\u00a0<a title=\"\u00ab entreprendre.service-public.fr \u00bb dans une nouvelle fen\u00eatre\" href=\"https:\/\/entreprendre.service-public.fr\/vosdroits\/F23106\" target=\"_blank\" rel=\"noopener\">Service-public.fr<\/a>\u00a0et<strong><span style=\"color: #0000ff;\"> reprises ci-apr\u00e8s.<\/span><\/strong><\/p>\n<h2>Affichage ou diffusion obligatoires dans toutes les entreprises<\/h2>\n<table>\n<caption>\u00a0<\/caption>\n<thead>\n<tr>\n<th><strong>Type d&#8217;information<\/strong><\/th>\n<th><strong>Contenu<\/strong><\/th>\n<th><strong>R\u00e9f\u00e9rences juridiques<\/strong><\/th>\n<\/tr>\n<\/thead>\n<tbody>\n<tr>\n<td><strong>Inspection du travail<\/strong><\/td>\n<td>Adresse, nom et t\u00e9l\u00e9phone de l&#8217;inspecteur du travail comp\u00e9tent. Conditions de communication aux salari\u00e9s mises en \u0153uvre par l&#8217;employeur communiqu\u00e9es au pr\u00e9alable \u00e0 l&#8217;agent de contr\u00f4le de l&#8217;inspection du travail.<\/td>\n<td><a title=\"\u00ab legifrance.gouv.fr \u00bb dans une nouvelle fen\u00eatre\" href=\"https:\/\/www.legifrance.gouv.fr\/codes\/section_lc\/LEGITEXT000006072050\/LEGISCTA000018493740?init=true&amp;page=1&amp;query=D4711-1&amp;searchField=ALL&amp;tab_selection=all&amp;anchor=LEGIARTI000018527636#LEGIARTI000018527636\" target=\"_blank\" rel=\"noopener\">Article D4711-1<\/a>\u00a0du code du travail<\/td>\n<\/tr>\n<tr>\n<td><strong>Service d&#8217;accueil t\u00e9l\u00e9phonique<\/strong><\/td>\n<td>N\u00b0 de t\u00e9l\u00e9phone :\u00a009 69 39 00 00<br \/>\nDemandes d&#8217;information et de conseil sur les discriminations et sur les conditions de saisine du D\u00e9fenseur des droits.<\/td>\n<td><\/td>\n<\/tr>\n<tr>\n<td><strong><a href=\"https:\/\/www.economie.gouv.fr\/entreprises\/medecine-du-travail\">M\u00e9decine du travail<\/a>\u00a0et services de secours d&#8217;urgence<\/strong><\/td>\n<td>Adresse et num\u00e9ro de t\u00e9l\u00e9phone du m\u00e9decin du travail et des services de secours d&#8217;urgence (pompiers, SAMU, etc.).<\/td>\n<td><a title=\"\u00ab legifrance.gouv.fr \u00bb dans une nouvelle fen\u00eatre\" href=\"https:\/\/www.legifrance.gouv.fr\/codes\/section_lc\/LEGITEXT000006072050\/LEGISCTA000018493740?init=true&amp;page=1&amp;query=D4711-1&amp;searchField=ALL&amp;tab_selection=all&amp;anchor=LEGIARTI000018527636#LEGIARTI000018527636\" target=\"_blank\" rel=\"noopener\">Article D4711-1<\/a>\u00a0du code du travail<\/td>\n<\/tr>\n<tr>\n<td><strong>Consignes de s\u00e9curit\u00e9, d&#8217;incendie et avertissement de zone de danger<\/strong><\/td>\n<td>Consignes incendie selon la norme NF EN ISO 7010. Noms des responsables du mat\u00e9riel de secours et des personnes charg\u00e9es d&#8217;organiser l&#8217;\u00e9vacuation en cas d&#8217;incendie.<\/td>\n<td><a title=\"\u00ab legifrance.gouv.fr \u00bb dans une nouvelle fen\u00eatre\" href=\"https:\/\/www.legifrance.gouv.fr\/codes\/article_lc\/LEGIARTI000024769379\" target=\"_blank\" rel=\"noopener\">Article R4227-37<\/a>\u00a0du code du travail<\/td>\n<\/tr>\n<tr>\n<td><strong><a href=\"https:\/\/www.economie.gouv.fr\/entreprises\/entreprises-convention-collective\">Convention ou accord collectif du travail*<\/a><\/strong><\/td>\n<td>Avis comportant l&#8217;intitul\u00e9 des conventions et accords applicables dans l&#8217;\u00e9tablissement.<\/td>\n<td><a title=\"\u00ab legifrance.gouv.fr \u00bb dans une nouvelle fen\u00eatre\" href=\"https:\/\/www.legifrance.gouv.fr\/codes\/id\/LEGIARTI000018535597\/2023-03-10\/?isSuggest=true\" target=\"_blank\" rel=\"noopener\">Articles R2262-1 \u00e0 R2262-3<\/a>\u00a0du code du travail<\/td>\n<\/tr>\n<tr>\n<td><strong>\u00c9galit\u00e9 professionnelle et salariale entre hommes et femmes*<\/strong><\/td>\n<td>La\u00a0r\u00e9glementation relative \u00e0 l&#8217;\u00e9galit\u00e9 de r\u00e9mun\u00e9ration entre les salari\u00e9s des deux sexes.<\/td>\n<td><a title=\"\u00ab legifrance.gouv.fr \u00bb dans une nouvelle fen\u00eatre\" href=\"https:\/\/www.legifrance.gouv.fr\/codes\/section_lc\/LEGITEXT000006072050\/LEGISCTA000018487156\/#LEGISCTA000018533908\" target=\"_blank\" rel=\"noopener\">Article R3221-2<\/a>\u00a0du code du travail<\/td>\n<\/tr>\n<tr>\n<td><strong>Horaires collectifs de travail<\/strong><\/td>\n<td>Horaire de travail (d\u00e9but et fin) et dur\u00e9e du repos.<\/td>\n<td><a title=\"\u00ab legifrance.gouv.fr \u00bb dans une nouvelle fen\u00eatre\" href=\"https:\/\/www.legifrance.gouv.fr\/codes\/id\/LEGIARTI000033021067\/2023-03-10\/?isSuggest=true\" target=\"_blank\" rel=\"noopener\">Article\u00a0L3171-1<\/a>\u00a0du travail<\/td>\n<\/tr>\n<tr>\n<td><strong>Dur\u00e9e du travail<\/strong><\/td>\n<td>R\u00e9partition du temps de travail en cas d\u2019am\u00e9nagement du temps de travail sur tout ou partie de l\u2019ann\u00e9e et modifications.<\/td>\n<td><a title=\"\u00ab legifrance.gouv.fr \u00bb dans une nouvelle fen\u00eatre\" href=\"https:\/\/www.legifrance.gouv.fr\/codes\/section_lc\/LEGITEXT000006072050\/LEGISCTA000006160754?init=true&amp;page=1&amp;query=L3121-44&amp;searchField=ALL&amp;tab_selection=all&amp;anchor=LEGISCTA000006160754#LEGISCTA000006160754\" target=\"_blank\" rel=\"noopener\">Article L3121-44<\/a>\u00a0du code du travail<\/td>\n<\/tr>\n<tr>\n<td><strong>Repos hebdomadaire<\/strong><\/td>\n<td>Jours et heures de repos collectifs (si le repos n&#8217;est pas donn\u00e9 le dimanche).<\/td>\n<td><a title=\"\u00ab legifrance.gouv.fr \u00bb dans une nouvelle fen\u00eatre\" href=\"https:\/\/www.legifrance.gouv.fr\/codes\/id\/LEGIARTI000033292511\/2023-03-10\/?isSuggest=true\" target=\"_blank\" rel=\"noopener\">Articles R3172-1 \u00e0 R3172-9<\/a>\u00a0du code du travail<\/td>\n<\/tr>\n<tr>\n<td><strong><a href=\"https:\/\/www.economie.gouv.fr\/entreprises\/conges-payes\">Cong\u00e9s pay\u00e9s<\/a>*<\/strong><\/td>\n<td>P\u00e9riode de prise des cong\u00e9s (deux mois avant le d\u00e9but des cong\u00e9s). Ordre des d\u00e9parts en cong\u00e9s. Raison sociale et adresse de la caisse des cong\u00e9s pay\u00e9s \u00e0 laquelle sont affili\u00e9s les employeurs d&#8217;artistes du spectacle et du b\u00e2timent et des travaux publics.<\/td>\n<td>Articles\u00a0<a title=\"\u00ab legifrance.gouv.fr \u00bb dans une nouvelle fen\u00eatre\" href=\"https:\/\/www.legifrance.gouv.fr\/codes\/id\/LEGIARTI000033515942\/2023-03-10\/?isSuggest=true\" target=\"_blank\" rel=\"noopener\">D3141-6<\/a>\u00a0et\u00a0<a title=\"\u00ab legifrance.gouv.fr \u00bb dans une nouvelle fen\u00eatre\" href=\"https:\/\/www.legifrance.gouv.fr\/codes\/section_lc\/LEGITEXT000006072050\/LEGISCTA000018486741?init=true&amp;page=1&amp;query=D3141-28&amp;searchField=ALL&amp;tab_selection=all&amp;anchor=LEGIARTI000033292570#LEGIARTI000033292570\" target=\"_blank\" rel=\"noopener\">D3141-28<\/a>\u00a0du code du travail<\/td>\n<\/tr>\n<tr>\n<td><strong>Lutte contre le harc\u00e8lement moral et sexuel*<\/strong><\/td>\n<td><a title=\"\u00ab www.legifrance.gouv.fr \u00bb dans une nouvelle fen\u00eatre\" href=\"https:\/\/www.legifrance.gouv.fr\/codes\/article_lc\/LEGIARTI000037289662\" target=\"_blank\" rel=\"noopener\">Dispositions l\u00e9gales<\/a>\u00a0relatives au\u00a0harc\u00e8lement sexuel\u00a0et\u00a0moral, dans les lieux de travail ainsi que dans les locaux ou \u00e0 la porte des locaux o\u00f9 se fait l&#8217;embauche. Coordonn\u00e9es des autorit\u00e9s et services comp\u00e9tents suivants :<\/p>\n<ul>\n<li>m\u00e9decin du travail<\/li>\n<li>inspection du travail et le nom de l&#8217;inspecteur comp\u00e9tent<\/li>\n<li>D\u00e9fenseur des droits.<\/li>\n<\/ul>\n<p><strong>Les entreprises de plus de 10 salari\u00e9s doivent aussi communiquer l&#8217;adresse et le num\u00e9ro de t\u00e9l\u00e9phone du r\u00e9f\u00e9rent harc\u00e8lement sexuel<\/strong>.<\/td>\n<td>Articles\u00a0<a title=\"\u00ab legifrance.gouv.fr \u00bb dans une nouvelle fen\u00eatre\" href=\"https:\/\/www.legifrance.gouv.fr\/codes\/id\/LEGIARTI000029144897\/2023-03-10\/?isSuggest=true\" target=\"_blank\" rel=\"noopener\">L1152-4<\/a>,\u00a0<a title=\"\u00ab legifrance.gouv.fr \u00bb dans une nouvelle fen\u00eatre\" href=\"https:\/\/www.legifrance.gouv.fr\/codes\/section_lc\/LEGITEXT000006072050\/LEGISCTA000038025978?init=true&amp;page=1&amp;query=L1153-5&amp;searchField=ALL&amp;tab_selection=all&amp;anchor=LEGIARTI000038025995#LEGIARTI000038025995\" target=\"_blank\" rel=\"noopener\">L1153-5<\/a>,\u00a0<a title=\"\u00ab legifrance.gouv.fr \u00bb dans une nouvelle fen\u00eatre\" href=\"https:\/\/www.legifrance.gouv.fr\/codes\/section_lc\/LEGITEXT000006072050\/LEGISCTA000038025978?init=true&amp;page=1&amp;query=D1151-1&amp;searchField=ALL&amp;tab_selection=all&amp;anchor=LEGIARTI000038025995#LEGIARTI000038025995\" target=\"_blank\" rel=\"noopener\">D1151-1<\/a>,\u00a0<a title=\"\u00ab legifrance.gouv.fr \u00bb dans une nouvelle fen\u00eatre\" href=\"https:\/\/www.legifrance.gouv.fr\/codes\/section_lc\/LEGITEXT000006072050\/LEGISCTA000006177846?init=true&amp;page=1&amp;query=L1153-5-1&amp;searchField=ALL&amp;tab_selection=all&amp;anchor=LEGIARTI000037380160#LEGIARTI000037380160\" target=\"_blank\" rel=\"noopener\">L1153-5-1<\/a>\u00a0et\u00a0<a title=\"\u00ab legifrance.gouv.fr \u00bb dans une nouvelle fen\u00eatre\" href=\"https:\/\/www.legifrance.gouv.fr\/codes\/id\/LEGIARTI000037389707\/2023-03-10\/?isSuggest=true\" target=\"_blank\" rel=\"noopener\">L2314-1<\/a>\u00a0du Code du travail<\/td>\n<\/tr>\n<tr>\n<td><strong>Lutte contre les\u00a0discriminations*<\/strong><\/td>\n<td>Texte des\u00a0<a title=\"\u00ab legifrance.gouv.fr \u00bb dans une nouvelle fen\u00eatre\" href=\"https:\/\/www.legifrance.gouv.fr\/affichCodeArticle.do?idArticle=LEGIARTI000033461473&amp;cidTexte=LEGITEXT000006070719&amp;dateTexte=20161120\" target=\"_blank\" rel=\"noopener\">articles 225-1<\/a>\u00a0\u00e0 225-4 du code p\u00e9nal (informations devant les locaux ou \u00e0 la porte o\u00f9 se fait l&#8217;embauche).<\/td>\n<td><a title=\"\u00ab legifrance.gouv.fr \u00bb dans une nouvelle fen\u00eatre\" href=\"https:\/\/www.legifrance.gouv.fr\/codes\/id\/LEGIARTI000029144893\/2023-03-10\/?isSuggest=true\" target=\"_blank\" rel=\"noopener\">Article L1142-6<\/a>\u00a0du Code du travail<\/td>\n<\/tr>\n<tr>\n<td><strong>Interdiction de fumer<\/strong><\/td>\n<td>Interdiction de fumer dans les locaux de l&#8217;entreprise.<\/td>\n<td><a title=\"\u00ab legifrance.gouv.fr \u00bb dans une nouvelle fen\u00eatre\" href=\"https:\/\/www.legifrance.gouv.fr\/codes\/section_lc\/LEGITEXT000006072665\/LEGISCTA000033045949?init=true&amp;page=1&amp;query=R3512-2&amp;searchField=ALL&amp;tab_selection=all&amp;anchor=LEGIARTI000033045951#LEGIARTI000033045951\" target=\"_blank\" rel=\"noopener\">Article R3512-2<\/a>\u00a0du code de la sant\u00e9 publique<\/td>\n<\/tr>\n<tr>\n<td><strong>Interdiction de vapoter<\/strong><\/td>\n<td>Interdiction de vapoter dans les lieux de travail ferm\u00e9s ou couverts \u00e0 usage collectif, sauf exceptions (lieux de travail accueillant du public, par exemple).<\/td>\n<td><a title=\"\u00ab legifrance.gouv.fr \u00bb dans une nouvelle fen\u00eatre\" href=\"https:\/\/www.legifrance.gouv.fr\/codes\/section_lc\/LEGITEXT000006072665\/LEGISCTA000032549210?init=true&amp;page=1&amp;query=L3513-6&amp;searchField=ALL&amp;tab_selection=all&amp;anchor=LEGISCTA000032549210#LEGISCTA000032549210\" target=\"_blank\" rel=\"noopener\">Article L3513-6<\/a>\u00a0du code de la sant\u00e9 publique<\/td>\n<\/tr>\n<tr>\n<td><strong>Document unique d&#8217;\u00e9valuation des risques professionnels (DUERP)<\/strong><\/td>\n<td>Conditions d&#8217;acc\u00e8s et de consultation du document.<\/td>\n<td><a title=\"\u00ab legifrance.gouv.fr \u00bb dans une nouvelle fen\u00eatre\" href=\"https:\/\/www.legifrance.gouv.fr\/codes\/section_lc\/LEGITEXT000006072050\/LEGISCTA000023793886?init=true&amp;page=1&amp;query=R4121-1&amp;searchField=ALL&amp;tab_selection=all&amp;anchor=LEGIARTI000023795562#LEGIARTI000023795562\" target=\"_blank\" rel=\"noopener\">Articles R4121-1 \u00e0 R4121-4<\/a>\u00a0du code du travail<\/td>\n<\/tr>\n<tr>\n<td><strong>Panneaux syndicaux (selon conditions fix\u00e9es par accord avec l&#8217;employeur)<\/strong><\/td>\n<td>Panneaux pour l&#8217;affichage des communications syndicales\u00a0:<\/p>\n<ul>\n<li>pour chaque section syndicale de l&#8217;entreprise<\/li>\n<li>pour les membres du\u00a0comit\u00e9 \u00e9conomique et social (CSE) (\u00e0 partir de 11 salari\u00e9s).<\/li>\n<\/ul>\n<\/td>\n<td><a title=\"\u00ab legifrance.gouv.fr \u00bb dans une nouvelle fen\u00eatre\" href=\"https:\/\/www.legifrance.gouv.fr\/codes\/id\/LEGIARTI000035652705\/2023-03-10\/?isSuggest=true\" target=\"_blank\" rel=\"noopener\">Articles L2142-3 et suivants<\/a>\u00a0du code du travail<\/td>\n<\/tr>\n<tr>\n<td><strong>Organisations syndicales*<\/strong><\/td>\n<td>Disponibilit\u00e9 des adresses des organisations syndicales de salari\u00e9s repr\u00e9sentatives dans la branche dont rel\u00e8ve l&#8217;entreprise sur le site du minist\u00e8re du travail.<\/td>\n<td><a title=\"\u00ab legifrance.gouv.fr \u00bb dans une nouvelle fen\u00eatre\" href=\"https:\/\/www.legifrance.gouv.fr\/codes\/id\/LEGIARTI000036773159\/2023-03-10\/?isSuggest=true\" target=\"_blank\" rel=\"noopener\">Article L2141-7-1<\/a>\u00a0du code du travail<\/td>\n<\/tr>\n<tr>\n<td><strong>Travail temporaire*<\/strong><\/td>\n<td>Communication d\u2019informations nominatives contenues dans les relev\u00e9s de contrat de mission \u00e0\u00a0<a title=\"\u00ab pole-emploi.fr \u00bb dans une nouvelle fen\u00eatre\" href=\"https:\/\/www.pole-emploi.fr\/accueil\/\" target=\"_blank\" rel=\"noopener\">P\u00f4le emploi<\/a>\u00a0et \u00e0 la DDETS (Direction d\u00e9partementale de l&#8217;emploi, du travail et des solidarit\u00e9s).\u00a0Droits d&#8217;acc\u00e8s et de rectification exerc\u00e9s par les int\u00e9ress\u00e9s aupr\u00e8s de P\u00f4le emploi et de la DDETS.<\/td>\n<td><a title=\"\u00ab legifrance.gouv.fr \u00bb dans une nouvelle fen\u00eatre\" href=\"https:\/\/www.legifrance.gouv.fr\/codes\/section_lc\/LEGITEXT000006072050\/LEGISCTA000018483414?init=true&amp;page=1&amp;query=R1251-9&amp;searchField=ALL&amp;tab_selection=all&amp;anchor=LEGIARTI000033292492#LEGIARTI000033292492\" target=\"_blank\" rel=\"noopener\">Article R1251-9<\/a>\u00a0du code du travail<\/td>\n<\/tr>\n<tr>\n<td><strong>Rupture convention collective*<\/strong><\/td>\n<td>D\u00e9cision de validation par l\u2019administration.<\/td>\n<td><a title=\"\u00ab legifrance.gouv.fr \u00bb dans une nouvelle fen\u00eatre\" href=\"https:\/\/www.legifrance.gouv.fr\/codes\/article_lc\/LEGIARTI000036762156\" target=\"_blank\" rel=\"noopener\">Article L1237-19-4<\/a>\u00a0du code du travail<\/td>\n<\/tr>\n<\/tbody>\n<\/table>\n<p>Les informations signal\u00e9es par<strong>\u00a0un ast\u00e9risque*\u00a0<\/strong>ne doivent pas ou plus \u00eatre obligatoirement communiqu\u00e9es aux salari\u00e9s par le biais d&#8217;un affichage dans les locaux.<strong>\u00a0L&#8217;obligation est d\u00e9sormais celle d&#8217;une communication apportant aux salari\u00e9s des garanties \u00e9quivalentes<\/strong>, par exemple, via la diffusion sur le site intranet de l&#8217;entreprise, ou par courriel (cependant un affichage est toujours possible).<\/p>\n<h2>Affichage ou diffusion obligatoires en fonction des effectifs de l&#8217;entreprise<\/h2>\n<table>\n<caption>\u00a0<\/caption>\n<thead>\n<tr>\n<th><strong>Nombre de salari\u00e9s<\/strong><\/th>\n<th><strong>Type d&#8217;information<\/strong><\/th>\n<th><strong>Contenu<\/strong><\/th>\n<th><strong>R\u00e9f\u00e9rences du code du travail<\/strong><\/th>\n<\/tr>\n<\/thead>\n<tbody>\n<tr>\n<td><strong>\u00c0 partir de 11 salari\u00e9s<\/strong><\/td>\n<td>\n<ul>\n<li>\u00c9lections des membres de la d\u00e9l\u00e9gation du personnel (tous les quatre\u00a0ans)\u00a0*<\/li>\n<li>Comit\u00e9 social et \u00e9conomique (CSE)<\/li>\n<\/ul>\n<\/td>\n<td>\n<ul>\n<li>Proc\u00e9dure d&#8217;organisation de l&#8217;\u00e9lection des d\u00e9l\u00e9gu\u00e9s du personnel au comit\u00e9 social de l&#8217;entreprise.<\/li>\n<li>Liste nominative des membres du CSE, indiquant leur emplacement habituel de travail et leur participation \u00e0 une ou plusieurs commissions.<\/li>\n<\/ul>\n<\/td>\n<td>\n<ul>\n<li><a title=\"\u00ab legifrance.gouv.fr \u00bb dans une nouvelle fen\u00eatre\" href=\"https:\/\/www.legifrance.gouv.fr\/codes\/section_lc\/LEGITEXT000006072050\/LEGISCTA000035609812?init=true&amp;page=1&amp;query=L2311-1+&amp;searchField=ALL&amp;tab_selection=all&amp;anchor=LEGIARTI000035609818#LEGIARTI000035609818\" target=\"_blank\" rel=\"noopener\">L2311-1 et suivants<\/a><\/li>\n<li><a title=\"\u00ab legifrance.gouv.fr \u00bb dans une nouvelle fen\u00eatre\" href=\"https:\/\/www.legifrance.gouv.fr\/codes\/id\/LEGIARTI000035621173\/2023-03-10\/?isSuggest=true\" target=\"_blank\" rel=\"noopener\">L2315-15<\/a><\/li>\n<\/ul>\n<\/td>\n<\/tr>\n<tr>\n<td><strong>\u00c0 partir de 50 salari\u00e9s<\/strong><\/td>\n<td>\n<ul>\n<li>R\u00e8glement int\u00e9rieur*<\/li>\n<li><a href=\"https:\/\/www.economie.gouv.fr\/entreprises\/accord-participation\">Accord de participation<\/a>*<\/li>\n<li>Plan de sauvegarde de l&#8217;emploi<\/li>\n<\/ul>\n<\/td>\n<td>\n<ul>\n<li>R\u00e8gles en mati\u00e8re d&#8217;hygi\u00e8ne, de s\u00e9curit\u00e9, de sanctions, etc.<\/li>\n<li>Information sur l&#8217;existence d&#8217;un accord et de son contenu.<\/li>\n<li>D\u00e9cision de validation ou d&#8217;homologation par l&#8217;administration, ainsi que les voies de recours.<\/li>\n<\/ul>\n<\/td>\n<td>\n<ul>\n<li><a title=\"\u00ab legifrance.gouv.fr \u00bb dans une nouvelle fen\u00eatre\" href=\"https:\/\/www.legifrance.gouv.fr\/codes\/id\/LEGIARTI000033292501\/2023-03-10\/?isSuggest=true\" target=\"_blank\" rel=\"noopener\">R1321-1<\/a><\/li>\n<li><a title=\"\u00ab legifrance.gouv.fr \u00bb dans une nouvelle fen\u00eatre\" href=\"https:\/\/www.legifrance.gouv.fr\/codes\/id\/LEGIARTI000018533308\/2023-03-10\/?isSuggest=true\" target=\"_blank\" rel=\"noopener\">D3323-12<\/a><\/li>\n<li><a title=\"\u00ab legifrance.gouv.fr \u00bb dans une nouvelle fen\u00eatre\" href=\"https:\/\/www.legifrance.gouv.fr\/codes\/article_lc\/LEGIARTI000035652911\" target=\"_blank\" rel=\"noopener\">L1233-57-4<\/a><\/li>\n<\/ul>\n<\/td>\n<\/tr>\n<\/tbody>\n<\/table>\n<p>Les informations signal\u00e9es par<strong>\u00a0un ast\u00e9risque*\u00a0<\/strong>ne doivent pas ou plus \u00eatre obligatoirement communiqu\u00e9es aux salari\u00e9s par le biais d&#8217;un affichage dans les locaux.<strong>\u00a0L&#8217;obligation est d\u00e9sormais celle d&#8217;une communication apportant aux salari\u00e9s des garanties \u00e9quivalentes<\/strong>, par exemple, via la diffusion sur le site intranet de l&#8217;entreprise, ou par courriel (cependant un affichage est toujours possible).<\/p>\n<\/div>\n<\/div>\n<\/article>\n<\/div>\n","protected":false},"excerpt":{"rendered":"<p>&nbsp; vos obligations d\u2019affichage et diffusion d&#8217;informations \u00e0 vos salari\u00e9s En tant qu\u2019employeur, vous \u00eates tenu d\u2019afficher au sein de vos locaux un certain nombre d\u2019informations \u00e0 l\u2019attention de vos salari\u00e9s. Dans certains cas,&#8230;<\/p>\n","protected":false},"author":2,"featured_media":0,"comment_status":"closed","ping_status":"closed","sticky":false,"template":"","format":"standard","meta":{"_mi_skip_tracking":false,"_monsterinsights_sitenote_active":false,"_monsterinsights_sitenote_note":"","_monsterinsights_sitenote_category":0},"categories":[6,9],"tags":[],"_links":{"self":[{"href":"https:\/\/sndll.info\/index.php?rest_route=\/wp\/v2\/posts\/6559"}],"collection":[{"href":"https:\/\/sndll.info\/index.php?rest_route=\/wp\/v2\/posts"}],"about":[{"href":"https:\/\/sndll.info\/index.php?rest_route=\/wp\/v2\/types\/post"}],"author":[{"embeddable":true,"href":"https:\/\/sndll.info\/index.php?rest_route=\/wp\/v2\/users\/2"}],"replies":[{"embeddable":true,"href":"https:\/\/sndll.info\/index.php?rest_route=%2Fwp%2Fv2%2Fcomments&post=6559"}],"version-history":[{"count":1,"href":"https:\/\/sndll.info\/index.php?rest_route=\/wp\/v2\/posts\/6559\/revisions"}],"predecessor-version":[{"id":6561,"href":"https:\/\/sndll.info\/index.php?rest_route=\/wp\/v2\/posts\/6559\/revisions\/6561"}],"wp:attachment":[{"href":"https:\/\/sndll.info\/index.php?rest_route=%2Fwp%2Fv2%2Fmedia&parent=6559"}],"wp:term":[{"taxonomy":"category","embeddable":true,"href":"https:\/\/sndll.info\/index.php?rest_route=%2Fwp%2Fv2%2Fcategories&post=6559"},{"taxonomy":"post_tag","embeddable":true,"href":"https:\/\/sndll.info\/index.php?rest_route=%2Fwp%2Fv2%2Ftags&post=6559"}],"curies":[{"name":"wp","href":"https:\/\/api.w.org\/{rel}","templated":true}]}}