{"id":6618,"date":"2024-09-03T11:44:04","date_gmt":"2024-09-03T09:44:04","guid":{"rendered":"https:\/\/sndll.info\/?p=6618"},"modified":"2024-09-04T15:49:50","modified_gmt":"2024-09-04T13:49:50","slug":"sous-location","status":"publish","type":"post","link":"https:\/\/sndll.info\/?p=6618","title":{"rendered":"SOUS LOCATION"},"content":{"rendered":"<p>&nbsp;<\/p>\n<p>La Cour de cassation a r\u00e9cemment eu \u00e0 se prononcer sur la qualification de sous-location par un locataire qui louait \u00e0 des tiers des bureaux avec des services associ\u00e9s. <strong><span style=\"color: #0000ff;\">En cas de sous-location, une demande d\u2019ajustement du loyer est possible par le propri\u00e9taire (Cour de cassation, chambre civile 3, 27 juin 2024, n\u00b022-22.823 et 22-24.046)<\/span><\/strong><\/p>\n<p>&nbsp;<\/p>\n<p>Mais s&#8217;il ne &#8216;agit pas d&#8217;une sous-location &#8220;s\u00e8che&#8221; mais accompagn\u00e9e d&#8217;une autre prestation &#8230;<\/p>\n<h2>La d\u00e9cision de la Cour de cassation\u00a0<a class=\"link-toc clipboard\" title=\"Lien permanent vers ce paragraphe\" data-clipboard-text=\"https:\/\/www.legifiscal.fr\/jurisprudences-fiscales\/926--location-ajustement-loyers.html#toc-la-decision-de-la-cour-de-cassation\" data-variation=\"basic\" data-content=\"Lien permanent vers ce paragraphe (Cliquer pour copier)\">\u00b6<\/a><\/h2>\n<p>Dans sa d\u00e9cision rendue le 27 juin, la Cour de cassation rappelle que l\u2019article L. 145-31 du code de commerce stipule que la qualification de sous-location est exclue lorsque le locataire met \u00e0 disposition de tiers les <strong><span style=\"color: #0000ff;\">locaux lou\u00e9s moyennant un prix fix\u00e9 globalement, qui r\u00e9mun\u00e8re indissociablement tant la mise \u00e0 disposition des locaux que des prestations de service sp\u00e9cifiques recherch\u00e9es par les clients.<\/span><\/strong><\/p>\n<p>La Cour de cassation estime que la redevance fix\u00e9e globalement par le locataire r\u00e9mun\u00e9rait indissociablement tant la mise \u00e0 disposition de bureaux \u00e9quip\u00e9s que les prestations de service sp\u00e9cifiques recherch\u00e9es par les clients.<\/p>\n<p>En cons\u00e9quence, la cour d&#8217;appel a commis une erreur de droit en qualifiant ces contrats de sous-location au sens de l&#8217;article L. 145-31 du code de commerce. Elle casse ainsi la d\u00e9cision de la cour d\u2019appel de Rennes et renvoie l\u2019affaire devant la cour d\u2019appel de Paris.<\/p>\n<p>Source\u00a0:\u00a0<a href=\"https:\/\/www.legifrance.gouv.fr\/juri\/id\/JURITEXT000049857491?init=true&amp;page=1&amp;query=22-22.823&amp;searchField=ALL&amp;tab_selection=all\" rel=\"nofollow noopener\">Cour de cassation, chambre civile 3, 27 juin 2024, n\u00b022-22.823 et 22-24.046<\/a><\/p>\n","protected":false},"excerpt":{"rendered":"<p>&nbsp; La Cour de cassation a r\u00e9cemment eu \u00e0 se prononcer sur la qualification de sous-location par un locataire qui louait \u00e0 des tiers des bureaux avec des services associ\u00e9s. En cas de sous-location,&#8230;<\/p>\n","protected":false},"author":2,"featured_media":0,"comment_status":"closed","ping_status":"closed","sticky":false,"template":"","format":"standard","meta":{"_mi_skip_tracking":false,"_monsterinsights_sitenote_active":false,"_monsterinsights_sitenote_note":"","_monsterinsights_sitenote_category":0},"categories":[6],"tags":[],"_links":{"self":[{"href":"https:\/\/sndll.info\/index.php?rest_route=\/wp\/v2\/posts\/6618"}],"collection":[{"href":"https:\/\/sndll.info\/index.php?rest_route=\/wp\/v2\/posts"}],"about":[{"href":"https:\/\/sndll.info\/index.php?rest_route=\/wp\/v2\/types\/post"}],"author":[{"embeddable":true,"href":"https:\/\/sndll.info\/index.php?rest_route=\/wp\/v2\/users\/2"}],"replies":[{"embeddable":true,"href":"https:\/\/sndll.info\/index.php?rest_route=%2Fwp%2Fv2%2Fcomments&post=6618"}],"version-history":[{"count":1,"href":"https:\/\/sndll.info\/index.php?rest_route=\/wp\/v2\/posts\/6618\/revisions"}],"predecessor-version":[{"id":6620,"href":"https:\/\/sndll.info\/index.php?rest_route=\/wp\/v2\/posts\/6618\/revisions\/6620"}],"wp:attachment":[{"href":"https:\/\/sndll.info\/index.php?rest_route=%2Fwp%2Fv2%2Fmedia&parent=6618"}],"wp:term":[{"taxonomy":"category","embeddable":true,"href":"https:\/\/sndll.info\/index.php?rest_route=%2Fwp%2Fv2%2Fcategories&post=6618"},{"taxonomy":"post_tag","embeddable":true,"href":"https:\/\/sndll.info\/index.php?rest_route=%2Fwp%2Fv2%2Ftags&post=6618"}],"curies":[{"name":"wp","href":"https:\/\/api.w.org\/{rel}","templated":true}]}}