{"id":6641,"date":"2024-08-31T22:53:14","date_gmt":"2024-08-31T20:53:14","guid":{"rendered":"https:\/\/sndll.info\/?p=6641"},"modified":"2024-10-01T07:08:37","modified_gmt":"2024-10-01T05:08:37","slug":"regularisation-indemnisation-couts-fixes-chassez-le-naturel-il-revient-au-galop","status":"publish","type":"post","link":"https:\/\/sndll.info\/?p=6641","title":{"rendered":"R\u00c9GULARISATION INDEMNISATION \u00ab CO\u00dbTS FIXES \u00bb  CHASSEZ LE NATUREL &#8230; \ud83d\udc4d\ud83d\udc4d\ud83d\udc4d"},"content":{"rendered":"<h1 style=\"font-weight: 400; text-align: center;\">R\u00c9GULARISATION<strong> INDEMNISATION \u00ab CO\u00dbTS FIXES \u00bb : <\/strong><strong>CHASSEZ LE NATUREL, IL REVIENT AU GALOP !<\/strong><\/h1>\n<p>&nbsp;<\/p>\n<p style=\"font-weight: 400;\"><strong><u>Chacun d\u2019entre nous a re\u00e7u au cours de l\u2019\u00e9t\u00e9 le document ci-dessous adress\u00e9 par la DGFIP.<\/u><\/strong><\/p>\n<table width=\"100%\">\n<tbody>\n<tr>\n<td><em>\u00ab\u00a0Une action de r\u00e9gularisation de votre dossier d\u2019aides \u00ab\u00a0co\u00fbts fixes\u00a0\u00bb du fonds de solidarit\u00e9 est attendue<\/em><\/td>\n<\/tr>\n<tr>\n<td><em>Madame, Monsieur,<\/em><\/p>\n<p><em>Vous avez b\u00e9n\u00e9fici\u00e9 d&#8217;un ou plusieurs versement(s) au titre du dispositif \u00ab\u00a0co\u00fbts fixes\u00a0\u00bb, calcul\u00e9(s) \u00e0 partir de d\u00e9clarations que vous avez transmises \u00e0 l&#8217;administration.<\/em><\/p>\n<p><em>Pour rappel, ce dispositif d&#8217;indemnisation pour compenser les co\u00fbts fixes des entreprises (<a href=\"https:\/\/www.legifrance.gouv.fr\/jorf\/article_jo\/JORFARTI000045742822\">d\u00e9cret n\u00b0 2022-776 du 3 mai 2022<\/a>) a \u00e9t\u00e9 mis en place afin de soutenir les entreprises particuli\u00e8rement touch\u00e9es par les cons\u00e9quences \u00e9conomiques, financi\u00e8res et sociales de la propagation de l&#8217;\u00e9pid\u00e9mie de Covid-19.<\/em><\/p>\n<p><em>Le 9 mai 2022, il vous a \u00e9t\u00e9 demand\u00e9 de nous fournir dans votre espace professionnel du site\u00a0<a href=\"http:\/\/impots.gouv.fr\/\">impots.gouv.fr<\/a>des\u00a0<strong>\u00e9l\u00e9ments justificatifs de votre chiffre d&#8217;affaires des ann\u00e9es 2020, 2021 et 2022<\/strong>\u00a0par communication de \u00ab\u00a0mes services en ligne\u00a0\u00bb.<\/em><\/p>\n<p><em>Selon nos informations, vous n&#8217;avez pas d\u00e9pos\u00e9 de formulaire de r\u00e9gularisation pour toutes ou certaines p\u00e9riodes d&#8217;aide. Or, cette d\u00e9marche est obligatoire.<\/em><\/p>\n<p><em>A titre exceptionnel, la DGFIP prolonge\u00a0<strong>jusqu&#8217;au 9 septembre 2024\u00a0inclus<\/strong>\u00a0le d\u00e9lai accord\u00e9 pour\u00a0:<\/em><\/p>\n<p><em>\u00a0<\/em><\/p>\n<ol>\n<li><em><strong>t\u00e9l\u00e9charger, compl\u00e9ter et d\u00e9poser le\u00a0<\/strong><a href=\"https:\/\/www.impots.gouv.fr\/regularisation-des-montants-daides-percues-pour-compenser-les-couts-fixes\"><strong>formulaire de r\u00e9gularisation<\/strong><\/a>\u00a0dans votre espace professionnel du site\u00a0<a href=\"http:\/\/impots.gouv.fr\/\">impots.gouv.fr<\/a>\u00a0dans la rubrique\u00a0E-contact\u00a0: Demandes g\u00e9n\u00e9rales\u00a0&gt; Je d\u00e9pose une demande d&#8217;aide dans le cadre du fonds de solidarit\u00e9\u00a0&gt; Je r\u00e9gularise des montants d&#8217;aide per\u00e7ue dans le cadre du dispositif co\u00fbts fixes.<\/em><\/li>\n<li><em><strong>Effectuer un virement, si votre d\u00e9claration fait appara\u00eetre un exc\u00e9dent d&#8217;aide<\/strong>. Dans cette situation, les modalit\u00e9s vous seront pr\u00e9cis\u00e9es \u00e0 la suite de la d\u00e9claration.<\/em><\/li>\n<\/ol>\n<p><em>Si vous n&#8217;avez pas r\u00e9gularis\u00e9 votre situation\u00a0le 9 septembre 2024\u00a0ou si les informations transmises ne peuvent \u00eatre retenues, vous devrez rembourser l&#8217;int\u00e9gralit\u00e9 de l&#8217;aide per\u00e7ue.<\/em><\/p>\n<p><em>Pour rappel, toute d\u00e9claration mensong\u00e8re est susceptible d&#8217;\u00eatre sanctionn\u00e9e au titre de l&#8217;article 441-6 du code p\u00e9nal. Ce message ne constitue pas une proc\u00e9dure de contr\u00f4le fiscal.<\/em><\/p>\n<p><em>Pour toute question ou besoin d&#8217;assistance, vous pouvez contacter votre service des imp\u00f4ts des entreprises. Vous trouverez l&#8217;adresse de votre service gestionnaire \u00e0 l&#8217;adresse suivante\u00a0:\u00a0<a href=\"https:\/\/www.impots.gouv.fr\/contacts\">https:\/\/www.impots.gouv.fr\/contacts<\/a>.<\/em><\/p>\n<p><em>Nous vous remercions de votre attention.<\/em><\/p>\n<p><em><strong>La Direction g\u00e9n\u00e9rale des Finances publiques\u00a0\u00bb<\/strong><\/em><\/td>\n<\/tr>\n<tr>\n<td><\/td>\n<\/tr>\n<\/tbody>\n<\/table>\n<p>&nbsp;<\/p>\n<p>&nbsp;<\/p>\n<p style=\"font-weight: 400;\">Cher(e)s ami(e)s, cher(e)s exploitant(e)s,<\/p>\n<p style=\"font-weight: 400;\">Tout d\u2019abord, en cette p\u00e9riode \u00e9conomique plut\u00f4t difficile pour l\u2019activit\u00e9 discoth\u00e8que, nous avons \u00e9t\u00e9 saisis d\u2019une nouvelle probl\u00e9matique li\u00e9e \u00e0 la <strong><span style=\"color: #ff0000;\">r\u00e9ception d\u2019un document DGFIP au cours de l\u2019\u00e9t\u00e9<\/span><\/strong> qui ne rassure personne puisqu\u2019il nous rappelle une p\u00e9riode noire, vraisemblablement la pire de notre existence professionnelle, dont chacun d\u2019entre nous se serait \u00e9videmment bien pass\u00e9.<\/p>\n<p style=\"font-weight: 400;\">En effet, avec le recul, nous pouvons affirmer que la profession DISCOTH\u00c8QUE demeure probablement la profession la plus touch\u00e9e par la crise COVID-19.\u00a0<strong><span style=\"color: #0000ff;\"> La violence inou\u00efe de la d\u00e9cision de fermeture sans r\u00e9elle perspective de r\u00e9ouverture et l\u2019ignorance totale par l\u2019\u00c9tat de notre secteur d\u2019activit\u00e9 durant une tr\u00e8s longue p\u00e9riode, sont des faits ind\u00e9l\u00e9biles pour les exploitants que nous sommes. <\/span><\/strong><\/p>\n<p style=\"font-weight: 400;\">Ferm\u00e9s \u00a0en l\u2019espace de quelques heures, par l\u2019annonce du Premier Ministre \u00c9douard Philippe le 14 f\u00e9vrier 2020, qui d\u00e9cida <em><u>d\u2019interdire les rassemblements de plus de cent personnes<\/u><\/em>, en citant tr\u00e8s clairement \u00a0le terme DISCOTHEQUE, dans son allocution, <strong>nous sommes rest\u00e9s ensuite sans aucun soutien politique durant cinq mois, puisqu\u2019aucun contact s\u00e9rieux n\u2019a \u00e9t\u00e9 \u00e9tabli avec le Gouvernement avant la mi-juillet 2020. <\/strong><\/p>\n<p style=\"font-weight: 400;\">Soulignons au passage que depuis le 14 F\u00e9vrier 2020 le mot DISCOTH\u00c8QUE a subitement disparu de tous les discours et annonces politiques jusqu\u2019\u00e0 la r\u00e9ception par le chef de l\u2019\u00c9tat des repr\u00e9sentants de la profession le 21 juin 2021.<\/p>\n<p style=\"font-weight: 400;\"><strong>Ce constat est \u00e9loquent.<\/strong><\/p>\n<p style=\"font-weight: 400;\">Rappelons encore, que nous avons d\u00fb d\u00e9montrer l\u2019injustice flagrante de traitement durant toute cette p\u00e9riode de fermeture au cours de laquelle <strong>les bars et restaurants \u00e0 ambiance musicale ont pu b\u00e9n\u00e9ficier de traitements de faveur disproportionn\u00e9s.<\/strong><\/p>\n<p style=\"font-weight: 400;\">Nous avons aussi pu mesurer au travers de cette p\u00e9riode dramatique combien la profession \u00e9tait m\u00e9connue par nos responsables politiques et trop souvent m\u00e9pris\u00e9e, victime d\u2019une image d\u00e9l\u00e9t\u00e8re parfaitement injustifi\u00e9e.<\/p>\n<p style=\"font-weight: 400;\"><strong>D\u2019ailleurs, sept mois auront \u00e9t\u00e9 n\u00e9cessaires avant de toucher le premier euro d\u2019indemnisation avec un plafond fix\u00e9 \u00e0 quinze mille euros par mois et encore, sous r\u00e9serve de pr\u00e9sentation de justificatifs\u2026<\/strong><\/p>\n<p style=\"font-weight: 400;\"><span style=\"color: #ff0000;\">\u00a0<\/span><\/p>\n<p style=\"font-weight: 400;\"><strong><span style=\"color: #ff0000;\">Bref, nous pouvons affirmer que nous ne sommes pas l\u2019objet du m\u00eame int\u00e9r\u00eat politique que certaines professions, c\u2019est un fait.<\/span><\/strong><\/p>\n<p style=\"font-weight: 400;\"><strong>\u00a0<\/strong><\/p>\n<p style=\"font-weight: 400;\"><strong><span style=\"color: #0000ff;\">Sans un entretien plus que tendu (jamais rendu public par notre syndicat volontairement), un certain mercredi 16 juin 2021 \u00e0 Matignon, (sans nos \u00e9changes certes un peu fermes avec le Pr\u00e9sident de la R\u00e9publique le 21 juin 2021, \u00e0 l\u2019\u00c9lys\u00e9e), non seulement nous n\u2019aurions probablement pas rouvert le 9 juillet mais nous aurions \u00e9t\u00e9 les seuls \u00e0 se voir imposer un pass sanitaire alors que notamment, les bars et restaurants \u00e0 ambiance musicale en auraient \u00e9t\u00e9 exon\u00e9r\u00e9s.<\/span><\/strong><\/p>\n<p style=\"font-weight: 400;\">Rappeler ces faits, ce n\u2019est pas refaire l\u2019histoire d\u2019une terrible crise \u00e0 sa mani\u00e8re, c\u2019est revivre l\u2019injustice, le m\u00e9pris caract\u00e9ris\u00e9, le refus d\u2019examiner calmement les actions essentielles \u00e0 mettre en \u0153uvre politiquement afin de p\u00e9renniser dans le temps une profession dont la crise covid-19 a mis en exergue l\u2019aspect indispensable de nos lieux de f\u00eate s\u00e9curis\u00e9s, en direction d\u2019une jeunesse qui en a cruellement besoin.<\/p>\n<p>Nous rappelons \u00e0 chacun (beaucoup ont\u00a0 la m\u00e9moire courte) en m\u00eame temps ce que notre Syndicat a fait pour d\u00e9fendre nos m\u00e9tiers.<\/p>\n<p style=\"font-weight: 400;\"><strong>Malgr\u00e9 ces difficult\u00e9s, le SNDLL poursuivra ses d\u00e9marches sans rel\u00e2che dans ce sens, aupr\u00e8s des pouvoirs publics et du prochain Gouvernement qui finira bien par se constituer.<\/strong><\/p>\n<p style=\"font-weight: 400;\"><strong>\u00a0<\/strong><\/p>\n<h2 style=\"font-weight: 400;\"><strong><u>MAIS REVENONS \u00c0 L\u2019ACTUALIT\u00c9 DU MOMENT : LA <\/u><\/strong><strong><u>R\u00c9GULARISATION DE NOS DOSSIERS AIDE \u00ab\u00a0CO\u00dbTS FIXES\u00a0\u00bb<\/u><\/strong><\/h2>\n<p style=\"font-weight: 400;\"><strong>\u00a0<\/strong><\/p>\n<p style=\"font-weight: 400;\"><strong><span style=\"color: #0000ff;\">Si notre attention s&#8217;est port\u00e9e sur la parution de nombreux d\u00e9crets, au cours de cette triste p\u00e9riode COVID-19, <u>celui du 3 mai 2022 est vraiment pass\u00e9 inaper\u00e7u tant nous \u00e9tions ax\u00e9s sur la sortie de crise.<\/u><\/span><\/strong><\/p>\n<p style=\"font-weight: 400;\"><strong>C\u2019est pr\u00e9cis\u00e9ment en r\u00e9f\u00e9rence \u00e0 ce d\u00e9cret que chacun d\u2019entre nous a re\u00e7u de la DGFIP le document ci-dessus qui nous demande de renseigner les diff\u00e9rentes demandes de Bercy. Il n&#8217;y a pas de choix !<\/strong><\/p>\n<p style=\"font-weight: 400;\"><strong>Vous pouvez en prendre connaissance au travers de ce lien\u00a0ci-dessous :\u00a0<\/strong><a href=\"https:\/\/www.legifrance.gouv.fr\/jorf\/article_jo\/JORFARTI000045742822\"><strong>https:\/\/www.legifrance.gouv.fr\/jorf\/article_jo\/JORFARTI000045742822<\/strong><\/a><\/p>\n<p style=\"font-weight: 400;\"><strong>\u00a0<\/strong><\/p>\n<p style=\"font-weight: 400;\"><strong>\u00a0<\/strong><\/p>\n<p style=\"font-weight: 400;\"><strong>En effet, Les entreprises dont l&#8217;activit\u00e9 a \u00e9t\u00e9 particuli\u00e8rement affect\u00e9e par l&#8217;\u00e9pid\u00e9mie du COVID-19 (discoth\u00e8ques, zoos, salles de sport, parcs d&#8217;attractions, restauration et h\u00f4tellerie des stations de skis) ont b\u00e9n\u00e9fici\u00e9 de l&#8217;aide co\u00fbts fixes de Janvier 2021 \u00e0 Septembre 2021.<\/strong><\/p>\n<p style=\"font-weight: 400;\"><strong>\u00a0<\/strong><strong>\u00a0<\/strong><\/p>\n<p style=\"font-weight: 400;\"><strong>Les discoth\u00e8ques \u00e9taient ferm\u00e9es et n\u2019ont pu rouvrir que le 9\/7\/2021 jusqu&#8217;au 10\/12\/2021.<\/strong><\/p>\n<p style=\"font-weight: 400;\"><strong>\u00a0<\/strong><\/p>\n<p style=\"font-weight: 400;\"><strong>Ce dispositif a \u00e9t\u00e9 instaur\u00e9 par le\u00a0<\/strong><a href=\"https:\/\/www.legifrance.gouv.fr\/loda\/id\/JORFTEXT000043285825\/2021-09-22\"><strong>d\u00e9cret n\u00b02021-310<\/strong><\/a><strong>\u00a0en date du 24 mars 2021 depuis compl\u00e9t\u00e9 par les d\u00e9crets\u00a0<\/strong><a href=\"https:\/\/www.legifrance.gouv.fr\/loda\/id\/JORFTEXT000043518603?init=true&amp;page=1&amp;query=2021-625&amp;searchField=ALL&amp;tab_selection=all\"><strong>n\u00b02021-625<\/strong><\/a><strong>\u00a0du 20 mai 2021, n\u00b0<\/strong><a href=\"https:\/\/www.legifrance.gouv.fr\/loda\/id\/JORFTEXT000043939292?init=true&amp;page=1&amp;query=2021-1086&amp;searchField=ALL&amp;tab_selection=all\"><strong>2021-1086<\/strong><\/a><strong>\u00a0du 16 ao\u00fbt 2021 et n\u00b0<\/strong><a href=\"https:\/\/www.legifrance.gouv.fr\/loda\/id\/JORFTEXT000044205982?init=true&amp;page=1&amp;query=2021-1338&amp;searchField=ALL&amp;tab_selection=all\"><strong>2021-1338<\/strong><\/a><strong>\u00a0du 14 octobre 2021.<\/strong><\/p>\n<p style=\"font-weight: 400;\"><strong>Les d\u00e9clarations des &#8220;b\u00e9n\u00e9fices&#8221; n\u00e9gatifs (EBE) se faisaient de mani\u00e8re bimensuelle.<\/strong><strong>\u00a0<\/strong><\/p>\n<p style=\"font-weight: 400;\"><strong>\u00a0<\/strong><\/p>\n<p style=\"font-weight: 400;\"><strong><u>Il y a eu donc 5 p\u00e9riodes \u00e9ligibles\u00a0:<\/u><\/strong><\/p>\n<ul>\n<li style=\"font-weight: 400;\"><strong>Janvier-F\u00e9vrier 2021<\/strong><\/li>\n<li style=\"font-weight: 400;\"><strong>Mars-Avril 2021<\/strong><\/li>\n<li style=\"font-weight: 400;\"><strong>Mai-Juin 2021<\/strong><\/li>\n<li style=\"font-weight: 400;\"><strong>Juillet-Aout 2021<\/strong><\/li>\n<li style=\"font-weight: 400;\"><strong>Septembre 2021<\/strong><\/li>\n<\/ul>\n<p style=\"font-weight: 400;\"><strong>\u00a0<\/strong><\/p>\n<p style=\"font-weight: 400;\"><strong>Pour chacune des p\u00e9riodes les entreprises ont d\u00e9clar\u00e9 leur r\u00e9sultat n\u00e9gatif, et celui-ci a \u00e9t\u00e9 subventionn\u00e9 \u00e0 hauteur de 90% (70% pour les entreprises de plus de 50 salari\u00e9s).<\/strong><\/p>\n<p style=\"font-weight: 400;\"><strong>\u00a0<\/strong><\/p>\n<p style=\"font-weight: 400;\"><strong>Le d\u00e9cret 2022-776 <u>du 3\/5\/2022<\/u> pr\u00e9cise les modalit\u00e9s de r\u00e9gularisations de ce subventionnement. :\u00a0<\/strong><a href=\"https:\/\/www.legifrance.gouv.fr\/jorf\/article_jo\/JORFARTI000045742822\"><strong>https:\/\/www.legifrance.gouv.fr\/jorf\/article_jo\/JORFARTI000045742822<\/strong><\/a><\/p>\n<p style=\"font-weight: 400;\"><strong>\u00a0<\/strong><strong>\u00a0<\/strong><\/p>\n<p style=\"font-weight: 400;\"><span style=\"color: #ff0000;\"><strong>Il est pr\u00e9vu de d\u00e9poser \u00e0 l&#8217;administration dans le cadre de cette r\u00e9gularisation une attestation d&#8217;expert-comptable (ou commissaire aux comptes) dont voici le mod\u00e8le, ainsi qu&#8217;un tableau r\u00e9capitulatif excel pour lesquels seules les p\u00e9riodes \u00e9ligibles sont \u00e0 remplir :<\/strong><\/span><\/p>\n<ul>\n<li style=\"font-weight: 400;\"><span style=\"color: #ff0000;\"><strong><a style=\"color: #ff0000;\" href=\"https:\/\/sndll.info\/wp-content\/uploads\/2024\/08\/nid_25557_fichier_calcul_indu_v9_20220520-copie.xlsx\">nid_25557_fichier_calcul_indu_v9_20220520 copie<\/a><\/strong><\/span><\/li>\n<li><span style=\"color: #ff0000;\"><strong><a style=\"color: #ff0000;\" href=\"https:\/\/sndll.info\/wp-content\/uploads\/2024\/08\/nid_25558_indus_attestation_ec_20220520-copie.odt\">nid_25558_indus_attestation_ec_20220520 copie<\/a><\/strong><\/span><\/li>\n<\/ul>\n<p>&nbsp;<\/p>\n<p><span style=\"color: #ff0000;\"><strong>Le tableau d\u00e9termine les \u00e9ventuels montant \u00e0 r\u00e9gulariser.<\/strong><\/span><\/p>\n<p>&nbsp;<\/p>\n<p style=\"font-weight: 400;\"><strong>La mode op\u00e9ratoire pour l&#8217;envoi des documents est le suivant\u00a0: Sur l&#8217;espace professionnel du site\u00a0<\/strong><a href=\"http:\/\/impots.gouv.fr\/\"><strong>impots.gouv.fr<\/strong><\/a><\/p>\n<p style=\"font-weight: 400;\"><strong>\u00a0<a href=\"https:\/\/sndll.info\/wp-content\/uploads\/2024\/08\/image.png\"><img class=\"alignnone wp-image-6643\" src=\"https:\/\/sndll.info\/wp-content\/uploads\/2024\/08\/image-300x84.png\" alt=\"\" width=\"579\" height=\"162\" srcset=\"https:\/\/sndll.info\/wp-content\/uploads\/2024\/08\/image-300x84.png 300w, https:\/\/sndll.info\/wp-content\/uploads\/2024\/08\/image-228x64.png 228w, https:\/\/sndll.info\/wp-content\/uploads\/2024\/08\/image.png 640w\" sizes=\"(max-width: 579px) 100vw, 579px\" \/><\/a><\/strong><\/p>\n<p>&nbsp;<\/p>\n<p style=\"font-weight: 400;\"><u><strong>\u00a0<\/strong><strong>ATTESTATION EXPERT COMPTABLE\u00a0ou COMMISSAIRE AUX COMPTES :\u00a0<\/strong><\/u><a href=\"https:\/\/sndll.info\/wp-content\/uploads\/2024\/08\/nid_25559_indus_attestation_cac_20220520-copie.odt\">nid_25559_indus_attestation_cac_20220520 copie<\/a><\/p>\n<p style=\"font-weight: 400;\"><strong><u>TABLEAU R\u00c9CAPITULATIF EXCEL DES P\u00c9RIODES ELIGIBLES A REMPLIR :\u00a0<\/u><\/strong><strong><a href=\"https:\/\/sndll.info\/wp-content\/uploads\/2024\/08\/nid_25558_indus_attestation_ec_20220520-copie.odt\">nid_25558_indus_attestation_ec_20220520 copie<\/a><\/strong><\/p>\n<p style=\"font-weight: 400;\"><strong>Nous avons tous jusqu\u2019au 9 septembre prochain au plus tard pour apporter les r\u00e9ponses \u00e0 la DGFIP.<\/strong><\/p>\n<p style=\"font-weight: 400;\"><strong>\u00a0<\/strong><\/p>\n<p style=\"font-weight: 400;\"><strong>\u00a0<\/strong><\/p>\n<p style=\"font-weight: 400;\"><span style=\"color: #0000ff;\"><strong>Comme nous l\u2019avons indiqu\u00e9 \u00e0 une tr\u00e8s grande partie de nos adh\u00e9rents au t\u00e9l\u00e9phone, nous vous invitons \u00e0 contacter votre expert-comptable ou commissaire aux comptes au plus vite afin qu\u2019il renseigne les documents que nous venons de porter \u00e0 votre connaissance plus en d\u00e9tail.<\/strong><\/span><\/p>\n<p style=\"font-weight: 400;\"><span style=\"color: #0000ff;\"><strong>\u00a0<\/strong><\/span><\/p>\n<p style=\"font-weight: 400;\">En recevant ce document, chacun d\u2019entre nous per\u00e7oit cette d\u00e9marche comme une d\u00e9fiance de la part des pouvoirs publics \u00e0 l\u2019\u00e9gard de notre profession.<\/p>\n<p style=\"font-weight: 400;\"><strong>Comme si une crise d\u2019une telle intensit\u00e9 o\u00f9 nous, exploitants de discoth\u00e8ques, avons perdu tous les b\u00e9n\u00e9fices de multiples ann\u00e9es de travail, pouvait nous conduire \u00e0 un profit d\u2019aides indues !<\/strong><\/p>\n<p style=\"font-weight: 400;\"><strong>Aucun d\u2019entre nous n\u2019a sollicit\u00e9 les deux fermetures dont nous avons \u00e9t\u00e9 l\u2019objet.<\/strong><\/p>\n<p style=\"font-weight: 400;\"><strong>\u00a0<\/strong><\/p>\n<p style=\"font-weight: 400;\">Aujourd\u2019hui, nous sommes tous endett\u00e9s pour survivre au COVID-19, il nous faut d\u00e9sormais rembourser le PGE, pour ceux qui ont eu <em>\u00ab\u00a0le plaisir<\/em>\u00a0\u00bb d\u2019y avoir acc\u00e8s.<\/p>\n<p style=\"font-weight: 400;\"><strong>N\u2019oublions pas que les banques ont souvent refus\u00e9 d\u2019accorder aux discoth\u00e8ques un pr\u00eat pourtant garantie par l\u2019\u00c9tat. <\/strong><\/p>\n<p style=\"font-weight: 400;\">Ceux qui, plomb\u00e9s par les dettes, n\u2019ont pas eu le plaisir de vivre une r\u00e9ouverture de leur \u00e9tablissement, resteront consid\u00e9r\u00e9s comme les d\u00e9g\u00e2ts collat\u00e9raux d\u2019une crise sanitaire o\u00f9 l\u2019utilisation de la peur, la g\u00e9n\u00e9ralisation des restrictions de tous ordres resteront grav\u00e9es dans nos m\u00e9moires.<\/p>\n<p style=\"font-weight: 400;\"><strong>\u00a0<\/strong><\/p>\n<p style=\"font-weight: 400;\">Aujourd\u2019hui, pour notre activit\u00e9, c\u2019est pire qu\u2019avant cette crise COVID-19 : <strong>Plus aucune banque n\u2019ouvre un dossier de rachat de discoth\u00e8que, plus aucune ne finance notre secteur d\u2019activit\u00e9 sans apport ou garanties surdimensionn\u00e9es de la part de l\u2019acqu\u00e9reur,<\/strong> c\u2019est aussi cela le m\u00e9pris.<\/p>\n<p style=\"font-weight: 400;\"><strong>\u00a0<\/strong><\/p>\n<p style=\"font-weight: 400;\"><strong>Cela signifie clairement que sans prise en compte politique notre profession est condamn\u00e9e !<\/strong><\/p>\n<p style=\"font-weight: 400;\"><strong>Sans repreneur, aucune cession n\u2019est possible.<\/strong><\/p>\n<p style=\"font-weight: 400;\"><strong>Sans pr\u00eat aucun acqu\u00e9reur s\u00e9rieux ne peut se pr\u00e9senter.<\/strong><\/p>\n<p style=\"font-weight: 400;\"><strong>\u00a0<\/strong><\/p>\n<p style=\"font-weight: 400;\"><strong>Aucun ministre, aucun Secr\u00e9taire d\u2019\u00c9tat, tr\u00e8s peu de parlementaires ne s\u2019en pr\u00e9occupent et pourtant&#8230; Ce n\u2019est pas faute de les avoir sollicit\u00e9s. Leur soucis sont ailleurs !!!<\/strong><\/p>\n<p style=\"font-weight: 400;\"><strong>\u00a0<\/strong><\/p>\n<p style=\"font-weight: 400;\">Un jour viendra pourtant ou certains s\u2019interrogeront &#8220;mais un peu tard&#8221; sur la disparition des discoth\u00e8ques dans le pays.<\/p>\n<p style=\"font-weight: 400;\"><strong>Si rien n\u2019est fait rapidement par le pouvoir politique &#8211; c\u2019est de sa responsabilit\u00e9 directe &#8211; \u00a0il sera trop tard. <\/strong><\/p>\n<p style=\"font-weight: 400;\"><strong>\u00a0<\/strong><\/p>\n<p style=\"font-weight: 400;\"><strong>Dans le m\u00eame temps, les fermetures administratives arbitraires et abusives totalement injustifi\u00e9es s\u2019intensifient, c\u2019est cela la triste r\u00e9alit\u00e9 de la profession aujourd&#8217;hui. <\/strong><\/p>\n<p style=\"font-weight: 400;\"><strong>\u00a0<\/strong><\/p>\n<p style=\"font-weight: 400;\">Nous sommes bien loin d\u00e9sormais des propos de nos interlocuteurs politiques de fin de crise COVID-19 o\u00f9 le discours g\u00e9n\u00e9ral se r\u00e9sumait \u00e0 :<strong> \u00ab\u00a0<em><u>on vous a compris, il faut absolument soutenir votre m\u00e9tier\u00a0\u00bb.<\/u><\/em><\/strong><\/p>\n<p style=\"font-weight: 400;\"><strong>Souhaitons toutefois, que les quelques \u00e9tablissements de la R\u00e9union par exemple et du continent qui attendent encore la perception des aides non vers\u00e9es soient cette fois indemnis\u00e9s dans le cadre de cette r\u00e9gularisation des aides co\u00fbts fixes\u00a0?<\/strong><\/p>\n<p style=\"font-weight: 400;\"><strong>\u00a0<\/strong><\/p>\n<p style=\"font-weight: 400;\"><strong>L\u00e0 encore combien d\u2019interventions avons-nous effectu\u00e9es pour constater qu\u2019au dela des belles d\u00e9clarations d\u2019intentions, personne ne veut r\u00e9gulariser ces quelques situations au pr\u00e9texte qu\u2019on ne r\u00e9ouvre pas un dossier d\u2019aides clos malgr\u00e9 des erreurs administratives !<\/strong><\/p>\n<p style=\"font-weight: 400;\"><strong>\u00a0<\/strong><\/p>\n<p style=\"font-weight: 400;\"><strong>CHASSEZ LE NATUREL, IL REVIENT AU GALOP&#8230;<\/strong><\/p>\n<p style=\"font-weight: 400;\"><strong>\u00a0<\/strong><\/p>\n<p style=\"font-weight: 400;\">A tr\u00e8s bient\u00f4t<\/p>\n<p style=\"font-weight: 400;\">Bien cordialement<\/p>\n<p style=\"font-weight: 400;\"><strong>\u00a0<\/strong><\/p>\n<p style=\"font-weight: 400;\"><strong>\u00a0<\/strong><\/p>\n<p style=\"font-weight: 400; text-align: center;\"><strong>Patrick MALVA\u00cbS\u00a0\u00a0\u00a0\u00a0\u00a0\u00a0\u00a0\u00a0\u00a0\u00a0\u00a0\u00a0\u00a0\u00a0\u00a0\u00a0\u00a0\u00a0\u00a0\u00a0\u00a0\u00a0\u00a0\u00a0\u00a0\u00a0\u00a0\u00a0\u00a0\u00a0\u00a0\u00a0\u00a0\u00a0\u00a0\u00a0\u00a0\u00a0\u00a0\u00a0\u00a0\u00a0\u00a0\u00a0\u00a0\u00a0\u00a0\u00a0\u00a0\u00a0\u00a0\u00a0\u00a0\u00a0\u00a0\u00a0\u00a0\u00a0\u00a0\u00a0\u00a0\u00a0\u00a0\u00a0\u00a0\u00a0\u00a0\u00a0\u00a0\u00a0\u00a0\u00a0\u00a0\u00a0\u00a0\u00a0\u00a0\u00a0\u00a0\u00a0\u00a0\u00a0\u00a0\u00a0 Christian JOUNY<\/strong><\/p>\n","protected":false},"excerpt":{"rendered":"<p>R\u00c9GULARISATION INDEMNISATION \u00ab CO\u00dbTS FIXES \u00bb : CHASSEZ LE NATUREL, IL REVIENT AU GALOP ! &nbsp; Chacun d\u2019entre nous a re\u00e7u au cours de l\u2019\u00e9t\u00e9 le document ci-dessous adress\u00e9 par la DGFIP. \u00ab\u00a0Une action&#8230;<\/p>\n","protected":false},"author":1,"featured_media":0,"comment_status":"closed","ping_status":"closed","sticky":false,"template":"","format":"standard","meta":{"_mi_skip_tracking":false,"_monsterinsights_sitenote_active":false,"_monsterinsights_sitenote_note":"","_monsterinsights_sitenote_category":0},"categories":[97,1,5,6,147],"tags":[],"_links":{"self":[{"href":"https:\/\/sndll.info\/index.php?rest_route=\/wp\/v2\/posts\/6641"}],"collection":[{"href":"https:\/\/sndll.info\/index.php?rest_route=\/wp\/v2\/posts"}],"about":[{"href":"https:\/\/sndll.info\/index.php?rest_route=\/wp\/v2\/types\/post"}],"author":[{"embeddable":true,"href":"https:\/\/sndll.info\/index.php?rest_route=\/wp\/v2\/users\/1"}],"replies":[{"embeddable":true,"href":"https:\/\/sndll.info\/index.php?rest_route=%2Fwp%2Fv2%2Fcomments&post=6641"}],"version-history":[{"count":4,"href":"https:\/\/sndll.info\/index.php?rest_route=\/wp\/v2\/posts\/6641\/revisions"}],"predecessor-version":[{"id":6737,"href":"https:\/\/sndll.info\/index.php?rest_route=\/wp\/v2\/posts\/6641\/revisions\/6737"}],"wp:attachment":[{"href":"https:\/\/sndll.info\/index.php?rest_route=%2Fwp%2Fv2%2Fmedia&parent=6641"}],"wp:term":[{"taxonomy":"category","embeddable":true,"href":"https:\/\/sndll.info\/index.php?rest_route=%2Fwp%2Fv2%2Fcategories&post=6641"},{"taxonomy":"post_tag","embeddable":true,"href":"https:\/\/sndll.info\/index.php?rest_route=%2Fwp%2Fv2%2Ftags&post=6641"}],"curies":[{"name":"wp","href":"https:\/\/api.w.org\/{rel}","templated":true}]}}