{"id":6712,"date":"2024-10-04T11:53:55","date_gmt":"2024-10-04T09:53:55","guid":{"rendered":"https:\/\/sndll.info\/?p=6712"},"modified":"2024-09-26T11:55:03","modified_gmt":"2024-09-26T09:55:03","slug":"conge-de-paternite","status":"publish","type":"post","link":"https:\/\/sndll.info\/?p=6712","title":{"rendered":"CONGE DE PATERNITE"},"content":{"rendered":"<p>&nbsp;<\/p>\n<div id=\"block-economie-page-title\" class=\"block block-core block-page-title-block\">\n<h1 class=\"page-title\"><span class=\"field field--name-title field--type-string field--label-hidden\">Cong\u00e9 de paternit\u00e9 : comment \u00e7a fonctionne ?<\/span><\/h1>\n<\/div>\n<div id=\"block-economie-content\" class=\"block block-system block-system-main-block\">\n<article class=\"node node--type-article node--view-mode-full entreprise\">\n<div class=\"article--infos\"><\/div>\n<div class=\"node__content\">\n<p class=\"fr-text--lead\">La loi permet \u00e0 un salari\u00e9, p\u00e8re d&#8217;un enfant ou conjoint d&#8217;une m\u00e8re, de b\u00e9n\u00e9ficier d\u2019un cong\u00e9 de paternit\u00e9 et d&#8217;accueil de l&#8217;enfant. Quelles sont les conditions pour en b\u00e9n\u00e9ficier ? Comment la demande de cong\u00e9 doit-elle \u00eatre formul\u00e9e ? Quelle est sa dur\u00e9e ? On vous dit tout.<\/p>\n<div class=\"paragraph paragraph--type--contenu-libre paragraph--view-mode--default\">\n<h2>Quels sont les salari\u00e9s qui peuvent b\u00e9n\u00e9ficier du cong\u00e9 de paternit\u00e9 ?<\/h2>\n<p><strong>Tous les salari\u00e9s<\/strong>\u00a0peuvent potentiellement b\u00e9n\u00e9ficier du cong\u00e9 de paternit\u00e9 et d&#8217;accueil de l&#8217;enfant, quelle que soit la nature de leur contrat de travail (CDI, CDD ou contrat temporaire, etc.), ou leur anciennet\u00e9.<\/p>\n<p>Dans le d\u00e9tail, les personnes suivantes peuvent y pr\u00e9tendre :<\/p>\n<ul>\n<li>le\u00a0<strong>p\u00e8re de l\u2019enfant<\/strong>, quelle que soit sa situation familiale,<\/li>\n<li>le\u00a0<strong>conjoint ou concubin de la m\u00e8re<\/strong>, ou<strong>\u00a0la personne salari\u00e9e li\u00e9e \u00e0 elle\u00a0<\/strong>par un\u00a0<strong>pacte civil de solidarit\u00e9\u00a0<\/strong>(Pacs).<\/li>\n<\/ul>\n<h2>Quelle est la dur\u00e9e du cong\u00e9 de paternit\u00e9 ?<\/h2>\n<p>Depuis le 1<sup>er<\/sup>\u00a0juillet 2021, la dur\u00e9e du cong\u00e9 de paternit\u00e9 et d&#8217;accueil de l&#8217;enfant est de\u00a0:<\/p>\n<ul>\n<li><strong>25 jours calendaires<\/strong>\u00a0(c&#8217;est-\u00e0-dire la totalit\u00e9 des jours du calendrier de l&#8217;ann\u00e9e civile, du 1<sup>er<\/sup>\u00a0janvier au 31 d\u00e9cembre, y compris les jours f\u00e9ri\u00e9s ou ch\u00f4m\u00e9s) pour la naissance d&#8217;un enfant,<\/li>\n<li><strong>32 jours calendaires<\/strong>\u00a0en cas de naissances multiples.<\/li>\n<\/ul>\n<p>La dur\u00e9e du cong\u00e9 est divis\u00e9e en deux p\u00e9riodes :<\/p>\n<ul>\n<li>une premi\u00e8re p\u00e9riode obligatoire de\u00a0<strong>quatre jours calendaires<\/strong>\u00a0pris imm\u00e9diatement apr\u00e8s le\u00a0<strong>cong\u00e9 de naissance\u00a0<\/strong>(dont la dur\u00e9e est de trois jours, voir le d\u00e9tail dans l&#8217;encadr\u00e9 ci-dessous).<\/li>\n<li>une deuxi\u00e8me p\u00e9riode de\u00a0<strong>21 jours calendaires<\/strong>\u00a0ou de\u00a0<strong>28 jours<\/strong>\u00a0en cas de naissances multiples : cette seconde p\u00e9riode de cong\u00e9 peut \u00eatre soit prise en continue, soit fractionn\u00e9e en deux fois maximum (chaque p\u00e9riode devant au minimum durer cinq jours). Elle doit d\u00e9buter dans un d\u00e9lai de six mois \u00e0 compter de la naissance de l\u2019enfant.<\/li>\n<\/ul>\n<div class=\"exergue\">\n<p class=\"title-encadre\">Cong\u00e9 de naissance et cong\u00e9 paternit\u00e9 : quelle diff\u00e9rence ?<\/p>\n<p>\u00c0 la naissance d&#8217;un enfant (ou le premier jour ouvrable suivant la naissance), le p\u00e8re &#8211; ou le cas \u00e9ch\u00e9ant le conjoint, le concubin ou la personne li\u00e9e \u00e0 la m\u00e8re par un pacte civil de solidarit\u00e9 (Pacs) &#8211; a droit \u00e0 un\u00a0<strong>cong\u00e9 de naissance<\/strong>\u00a0de\u00a0<strong>trois jours<\/strong>\u00a0\u00e0 prendre imm\u00e9diatement \u00e0 la naissance de l&#8217;enfant. Contrairement au cong\u00e9 de paternit\u00e9, il ne peut pas \u00eatre diff\u00e9r\u00e9. Notez que le cong\u00e9 de naissance peut \u00eatre plus long que trois jours, si cela est pr\u00e9vu par la convention ou l\u2019accord collectif d\u2019entreprise ou, \u00e0 d\u00e9faut, par la convention ou l\u2019accord de branche.<\/p>\n<\/div>\n<h2>Combien de temps apr\u00e8s la naissance de l&#8217;enfant le cong\u00e9 de paternit\u00e9 peut-il \u00eatre pris\u00a0?<\/h2>\n<p>Il peut \u00eatre pris dans les\u00a0<strong>six mois suivant la naissance de l&#8217;enfant<\/strong>, sauf cas exceptionnel. Il peut en effet \u00eatre report\u00e9 au-del\u00e0 des six mois en cas d\u2019hospitalisation de l\u2019enfant ou en cas de d\u00e9c\u00e8s de la m\u00e8re.<\/p>\n<p class=\"text-align-center\"><a class=\"btn--primary url-alias-convert\" title=\"\u00ab ameli.fr \u00bb dans une nouvelle fen\u00eatre\" href=\"https:\/\/www.ameli.fr\/hauts-de-seine\/assure\/droits-demarches\/famille\/maternite-paternite-adoption\/conge-paternite-accueil-enfant\" target=\"_blank\" rel=\"noopener\" data-tracking=\"{}\">En savoir plus sur les cas particuliers<\/a><\/p>\n<h2>Comment le salari\u00e9 doit-il formuler sa demande de cong\u00e9 de paternit\u00e9 ?<\/h2>\n<ul>\n<li><strong>Le salari\u00e9 doit vous informer de la date pr\u00e9visionnelle de l\u2019accouchement et des dates de d\u00e9but de sa ou ses p\u00e9riodes de cong\u00e9s le plus t\u00f4t possible et au moins un mois avant\u00a0<\/strong>la date \u00e0 laquelle il envisage de prendre son cong\u00e9 de paternit\u00e9. Il doit \u00e9galement vous pr\u00e9ciser la date \u00e0 laquelle il souhaite y mettre fin. En cas de naissance avant la date pr\u00e9vue, le salari\u00e9 doit vous informer sans d\u00e9lai.<\/li>\n<li>Cette demande peut \u00eatre formul\u00e9e par\u00a0<strong>\u00e9crit ou oralement<\/strong>.<\/li>\n<\/ul>\n<p><strong>Vous ne pouvez pas vous opposer \u00e0 une demande de cong\u00e9 de paternit\u00e9 si le d\u00e9lai d\u2019un mois a bien \u00e9t\u00e9 respect\u00e9.<\/strong><\/p>\n<p>D\u00e8s le d\u00e9but du cong\u00e9 du salari\u00e9, vous devez\u00a0<strong>\u00e9tablir une attestation de salaire<\/strong>. C\u2019est gr\u00e2ce \u00e0 cette attestation que l\u2019<a title=\"\u00ab ameli.fr \u00bb dans une nouvelle fen\u00eatre\" href=\"https:\/\/www.ameli.fr\/assure\/droits-demarches\/famille\/maternite-paternite-adoption\/conge-paternite-accueil-enfant\" target=\"_blank\" rel=\"noopener\">Assurance Maladie<\/a>\u00a0d\u00e9termine si le salari\u00e9 remplit les conditions requises pour b\u00e9n\u00e9ficier des indemnit\u00e9s journali\u00e8res durant le cong\u00e9.<\/p>\n<h2>Qu\u2019advient-il du contrat de travail qui vous lie\u00a0?<\/h2>\n<p>Pendant le cong\u00e9 de paternit\u00e9, le contrat de travail est suspendu.\u00a0<strong>Le salaire n\u2019est pas maintenu<\/strong>.<strong>\u00a0<\/strong>Le b\u00e9n\u00e9ficiaire du cong\u00e9 peut percevoir des\u00a0<a class=\"url-alias-convert\" title=\"\u00ab ameli.fr \u00bb dans une nouvelle fen\u00eatre\" href=\"https:\/\/www.ameli.fr\/hauts-de-seine\/assure\/simulateur-maternite-paternite\" target=\"_blank\" rel=\"noopener\" data-tracking=\"{}\">indemnit\u00e9s journali\u00e8res<\/a>\u00a0de s\u00e9curit\u00e9 sociale. Celles-ci sont attribu\u00e9es et calcul\u00e9es dans les m\u00eames conditions que les indemnit\u00e9s journali\u00e8res de maternit\u00e9.<\/p>\n<p>Le salari\u00e9 b\u00e9n\u00e9ficiaire du cong\u00e9 peut d\u00e9missionner pendant le cong\u00e9.<\/p>\n<h2>Quelle est la situation du salari\u00e9 \u00e0 la fin de son cong\u00e9\u00a0de paternit\u00e9\u00a0?<\/h2>\n<p>\u00c0 l\u2019issue de son cong\u00e9 de paternit\u00e9, vous devez permettre au salari\u00e9 de\u00a0<strong>retrouver son pr\u00e9c\u00e9dent emploi ou un emploi similaire<\/strong>\u00a0avec une r\u00e9mun\u00e9ration au moins \u00e9quivalente.<\/p>\n<p>Le salari\u00e9 conserve le b\u00e9n\u00e9fice de tous les avantages qu&#8217;il avait acquis avant le d\u00e9but du cong\u00e9.<\/p>\n<p>Notez qu&#8217;il n&#8217;est pas possible &#8211; sauf faute grave &#8211; de licencier un salari\u00e9 pendant son cong\u00e9 de paternit\u00e9.<\/p>\n<\/div>\n<\/div>\n<\/article>\n<\/div>\n","protected":false},"excerpt":{"rendered":"<p>&nbsp; Cong\u00e9 de paternit\u00e9 : comment \u00e7a fonctionne ? La loi permet \u00e0 un salari\u00e9, p\u00e8re d&#8217;un enfant ou conjoint d&#8217;une m\u00e8re, de b\u00e9n\u00e9ficier d\u2019un cong\u00e9 de paternit\u00e9 et d&#8217;accueil de l&#8217;enfant. Quelles sont&#8230;<\/p>\n","protected":false},"author":2,"featured_media":0,"comment_status":"closed","ping_status":"closed","sticky":false,"template":"","format":"standard","meta":{"_mi_skip_tracking":false,"_monsterinsights_sitenote_active":false,"_monsterinsights_sitenote_note":"","_monsterinsights_sitenote_category":0},"categories":[9],"tags":[],"_links":{"self":[{"href":"https:\/\/sndll.info\/index.php?rest_route=\/wp\/v2\/posts\/6712"}],"collection":[{"href":"https:\/\/sndll.info\/index.php?rest_route=\/wp\/v2\/posts"}],"about":[{"href":"https:\/\/sndll.info\/index.php?rest_route=\/wp\/v2\/types\/post"}],"author":[{"embeddable":true,"href":"https:\/\/sndll.info\/index.php?rest_route=\/wp\/v2\/users\/2"}],"replies":[{"embeddable":true,"href":"https:\/\/sndll.info\/index.php?rest_route=%2Fwp%2Fv2%2Fcomments&post=6712"}],"version-history":[{"count":2,"href":"https:\/\/sndll.info\/index.php?rest_route=\/wp\/v2\/posts\/6712\/revisions"}],"predecessor-version":[{"id":6728,"href":"https:\/\/sndll.info\/index.php?rest_route=\/wp\/v2\/posts\/6712\/revisions\/6728"}],"wp:attachment":[{"href":"https:\/\/sndll.info\/index.php?rest_route=%2Fwp%2Fv2%2Fmedia&parent=6712"}],"wp:term":[{"taxonomy":"category","embeddable":true,"href":"https:\/\/sndll.info\/index.php?rest_route=%2Fwp%2Fv2%2Fcategories&post=6712"},{"taxonomy":"post_tag","embeddable":true,"href":"https:\/\/sndll.info\/index.php?rest_route=%2Fwp%2Fv2%2Ftags&post=6712"}],"curies":[{"name":"wp","href":"https:\/\/api.w.org\/{rel}","templated":true}]}}