{"id":6783,"date":"2024-10-21T05:41:24","date_gmt":"2024-10-21T03:41:24","guid":{"rendered":"https:\/\/sndll.info\/?p=6783"},"modified":"2024-10-20T05:43:05","modified_gmt":"2024-10-20T03:43:05","slug":"projet-de-loi-de-finances-2025-%f0%9f%98%92%f0%9f%98%92%f0%9f%98%92","status":"publish","type":"post","link":"https:\/\/sndll.info\/?p=6783","title":{"rendered":"PROJET DE LOI DE FINANCES 2025 \ud83d\ude12\ud83d\ude12\ud83d\ude12"},"content":{"rendered":"<p>&nbsp;<\/p>\n<header class=\"bg-gray-50 py-3\">\n<div class=\"container\">\n<div class=\"lg:flex lg:items-start lg:gap-8 mt-10 mb-6\">\n<div class=\"lg:w-2\/3\">\n<p class=\"pt-6 text-lg text-gray-600 leading-normal\">Le texte complet du projet de loi de finances pour 2025 a \u00e9t\u00e9 mis en ligne ce jeudi 10 octobre dans la soir\u00e9e sur le site de l\u2019Assembl\u00e9e nationale. Nous reprenons dans ce tableau les principales dispositions fiscales.<\/p>\n<\/div>\n<div class=\"lg:w-1\/3\">\n<div class=\"basecontent-header--image lg\"><img src=\"data:image\/gif;base64,R0lGODlhAQABAIAAAP\/\/\/wAAACH5BAEAAAAALAAAAAABAAEAAAICRAEAOw==\" alt=\"PLF 2025 : tableau de synth\u00e8se des mesures fiscales\" data-pagespeed-url-hash=\"402944021\" \/><\/div>\n<\/div>\n<\/div>\n<\/div>\n<\/header>\n<div class=\"outil-info-bar border-b border-solid border-gray-100\">\n<div class=\"container\">\n<div class=\"flex flex-col lg:flex-row lg:items-center gap-3 print:hidden mt-6 lg:mt-0\"><\/div>\n<div class=\"lg:flex lg:justify-between lg:gap-6\">\n<div class=\"py-4 flex items-center justify-center\">\n<div class=\"print:hidden social-rail\">\n<p>&nbsp;<\/p>\n<\/div>\n<\/div>\n<\/div>\n<\/div>\n<\/div>\n<div id=\"trigger-header\" class=\"bg-white w-full z-[150]\"><\/div>\n<article id=\"fichepratique-content\" class=\"container relative\">\n<div class=\"lg:flex lg:justify-center lg:gap-6\">\n<div class=\"content-article w-full lg:w-7\/12 lg:pl-12 lg:pt-6 \">\n<div id=\"section-content\" class=\"content pt-3 relative\">\n<table border=\"1\">\n<tbody>\n<tr>\n<td width=\"85\"><strong>Articles<\/strong><\/td>\n<td width=\"519\"><strong>Dispositions<\/strong><\/td>\n<\/tr>\n<tr>\n<td width=\"85\"><strong>ARTICLE 2<\/strong><\/td>\n<td width=\"519\"><a href=\"https:\/\/www.legifiscal.fr\/actualites-fiscales\/3894-plf-2025-revalorisation-bareme-impot-revenu.html\" target=\"_blank\" rel=\"noopener\"><strong>Indexation sur l\u2019inflation du bar\u00e8me de l\u2019imp\u00f4t sur le revenu pour les revenus de 2024 et les grilles de taux par d\u00e9faut du pr\u00e9l\u00e8vement \u00e0 la source<\/strong><\/a><\/p>\n<div class=\"autolink\">\n<h4>Lire aussi :\u00a0<a href=\"https:\/\/www.legifiscal.fr\/actualites-fiscales\/3894-plf-2025-revalorisation-bareme-impot-revenu.html\" target=\"_blank\" rel=\"noopener\">PLF 2025 : revalorisation du bar\u00e8me de l&#8217;imp\u00f4t sur le revenu\u00a0<span class=\"label \">Actualit\u00e9<\/span><\/a><\/h4>\n<p>L&#8217;article 2 du projet de loi de finances pour 2025 pr\u00e9voit une revalorisation des tranches du bar\u00e8me de l\u2019imp\u00f4t sur le revenu de 2%<\/p>\n<\/div>\n<p>Revalorisation des tranches du bar\u00e8me de l\u2019IR de 2%, soit le niveau d\u2019\u00e9volution des prix \u00e0 la consommation hors tabac estim\u00e9 pour 2024<\/td>\n<\/tr>\n<tr>\n<td width=\"85\"><strong>ARTICLE 3<\/strong><\/td>\n<td width=\"519\"><strong><a href=\"https:\/\/www.legifiscal.fr\/actualites-fiscales\/3901-plf-2025-instauration-contribution-differentielle-hauts-revenus.html\" target=\"_blank\" rel=\"noopener\">Instauration d&#8217;une contribution diff\u00e9rentielle sur les hauts revenus<\/a><\/strong><\/p>\n<p>Instauration pour 3 ans d\u2019une contribution temporaire et exceptionnelle sur les plus hauts revenus permettant de garantir que ces derniers soient impos\u00e9s \u00e0 un taux moyen minimum de 20%\u00a0: le dispositif s\u2019appliquera aux c\u00e9libataires dont le revenu fiscal de r\u00e9f\u00e9rence exc\u00e8de 250.000 \u20ac et 500.000 pour un couple<\/td>\n<\/tr>\n<tr>\n<td width=\"85\"><strong>ARTICLE 4<\/strong><\/td>\n<td width=\"519\"><strong>Mise en place d\u2019un partage avec les consommateurs des revenus du nucl\u00e9aire historique<\/strong><\/p>\n<p>Nouveau dispositif de reversement \u00e0 compter du 1<sup>er<\/sup>\u00a0janvier 2026<\/td>\n<\/tr>\n<tr>\n<td width=\"85\"><strong>ARTICLE 5<\/strong><\/td>\n<td width=\"519\"><strong>Ajustements de la fiscalit\u00e9 applicable aux installations nucl\u00e9aires de base<\/strong><\/p>\n<p>6 taxes sur les installations nucl\u00e9aires sont ajust\u00e9es au 1<sup>er<\/sup>\u00a0janvier 2025<\/td>\n<\/tr>\n<tr>\n<td width=\"85\"><strong>ARTICLE 6<\/strong><\/td>\n<td width=\"519\"><strong>R\u00e9partition des co\u00fbts du m\u00e9canisme de capacit\u00e9 entre les utilisateurs du syst\u00e8me \u00e9lectrique<\/strong><\/p>\n<p>Cr\u00e9ation, en remplacement de l\u2019obligation d\u2019achat de capacit\u00e9s actuellement en vigueur, d\u2019un pr\u00e9l\u00e8vement pesant sur les fournisseurs d\u2019\u00e9lectricit\u00e9 pour financer l\u2019achat, par le gestionnaire de r\u00e9seau de transport, des engagements de disponibilit\u00e9s des producteurs assurant la s\u00e9curit\u00e9 d\u2019approvisionnement<\/td>\n<\/tr>\n<tr>\n<td width=\"85\"><strong>ARTICLE 7<\/strong><\/td>\n<td width=\"519\"><strong>Adaptation des tarifs d\u2019accise sur l\u2019\u00e9lectricit\u00e9 et diverses simplifications et s\u00e9curisations<\/strong><\/p>\n<p>Augmentation des tarifs d\u2019accise sur l\u2019\u00e9lectricit\u00e9 lors de la sortie du bouclier tarifaire \u00e0 compter du 1<sup>er<\/sup>\u00a0f\u00e9vrier 2025. Un prochain arr\u00eat\u00e9 d\u00e9terminera le montant exact de l\u2019accise.<\/td>\n<\/tr>\n<tr>\n<td width=\"85\"><strong>ARTICLE 8<\/strong><\/td>\n<td width=\"519\"><strong>\u00c9volution de la taxe sur les \u00e9missions de dioxyde de carbone et de la taxe sur la masse en ordre de marche<\/strong><\/p>\n<p>Hausse du malus sur les \u00e9missions de CO2 des v\u00e9hicules de tourisme\u00a0: le seuil d\u2019application du bar\u00e8me sera abaiss\u00e9 progressivement de 2025 \u00e0 2027. Le tarif maximum sera en outre augment\u00e9 de 10.000 \u20ac par an jusqu\u2019en 2027.<\/p>\n<p>Le seuil de d\u00e9clenchement de la taxe sur la masse en ordre de marche (malus masse) sera abaiss\u00e9 de 100 kg.<\/td>\n<\/tr>\n<tr>\n<td width=\"85\"><strong>ARTICLE 9<\/strong><\/td>\n<td width=\"519\"><strong>Adaptation de la r\u00e9faction de la taxe sur les \u00e9missions de dioxyde de carbone et de la taxe sur la masse en ordre de marche pour les v\u00e9hicules d\u2019occasion<\/strong><\/p>\n<p>La r\u00e9faction de 10% par ann\u00e9e d\u2019anciennet\u00e9 applicable aux v\u00e9hicules de tourisme pour les taxes sur l\u2019immatriculation est remplac\u00e9e par un dispositif de r\u00e9faction renforc\u00e9.<\/td>\n<\/tr>\n<tr>\n<td width=\"85\"><strong>ARTICLE 10<\/strong><\/td>\n<td width=\"519\"><strong>Mise en coh\u00e9rence avec le droit de l\u2019Union europ\u00e9enne des taux r\u00e9duits de TVA sur les op\u00e9rations li\u00e9es au chauffage<\/strong><\/p>\n<p>Exclusion du taux r\u00e9duit de TVA \u00e0 5,5% de la fourniture et de l\u2019installation des chaudi\u00e8res recourant \u00e0 des \u00e9nergies fossiles et notamment les chaudi\u00e8res \u00e0 gaz. En revanche, les travaux d\u2019entretien ou de r\u00e9paration sur les<\/p>\n<p>chaudi\u00e8res existantes ne sont pas concern\u00e9s et resteront \u00e9ligibles au taux de 5,5%.<\/td>\n<\/tr>\n<tr>\n<td width=\"85\"><strong>ARTICLE 11<\/strong><\/td>\n<td width=\"519\"><strong><a href=\"https:\/\/www.legifiscal.fr\/actualites-fiscales\/Instauration%20d%E2%80%99une%20contribution%20exceptionnelle%20sur%20les%20b%C3%A9n%C3%A9fices%20des%20grandes%20entreprises\" target=\"_blank\" rel=\"noopener\">Instauration d&#8217;une contribution exceptionnelle sur les b\u00e9n\u00e9fices des grandes entreprises<\/a><\/strong><\/p>\n<p>Cette disposition instaure une contribution exceptionnelle pour une dur\u00e9e de 2 ans. Au titre de l\u2019imp\u00f4t sur les soci\u00e9t\u00e9s d\u00fb en 2024, la contribution s\u2019\u00e9l\u00e8vera\u00a0\u00e0 20,6% de l\u2019IS d\u00fb par les soci\u00e9t\u00e9s r\u00e9alisant entre 1 et 3 milliards \u20ac de chiffre d\u2019affaires et \u00e0 41,2% au-del\u00e0 de 3 milliards \u20ac de CA.<\/td>\n<\/tr>\n<tr>\n<td width=\"85\"><strong>ARTICLE 12<\/strong><\/td>\n<td width=\"519\"><strong>Cr\u00e9ation d&#8217;une contribution exceptionnelle sur le r\u00e9sultat d&#8217;exploitation des grandes entreprises de transport maritime<\/strong><\/p>\n<p>Cette disposition permet de tenir compte des modalit\u00e9s sp\u00e9cifiques d\u2019imposition de ce secteur. Elle s\u2019appliquera pour 2 exercices aux soci\u00e9t\u00e9s de ce secteur dont le chiffre d\u2019affaires exc\u00e8de 1 milliard \u20ac. Cette taxe assise sur le r\u00e9sultat d\u2019exploitation aura un taux fix\u00e9 \u00e0 9% pour le premier exercice clos au 31 d\u00e9cembre 2024 et \u00e0 5,5% pour 2025.<\/td>\n<\/tr>\n<tr>\n<td width=\"85\"><strong>ARTICLE 13<\/strong><\/td>\n<td width=\"519\"><strong>Pr\u00e9cisions apport\u00e9es au dispositif d\u2019imposition minimale mondiale des groupes d\u2019entreprises multinationales et des groupes nationaux<\/strong><\/p>\n<p>Nouvelles pr\u00e9cisions sur la transposition en droit fran\u00e7ais de l\u2019instauration d\u2019un niveau minimum d\u2019imposition fix\u00e9 \u00e0 15% pour les b\u00e9n\u00e9fices des multinationales disposant d\u2019une implantation en France (r\u00e9gime instaur\u00e9 dans la loi de finances pour 2024)<\/td>\n<\/tr>\n<tr>\n<td width=\"85\"><strong>ARTICLE 14<\/strong><\/td>\n<td width=\"519\"><strong>Coop\u00e9ration administrative dans le domaine fiscal : \u00e9change d\u2019informations sur les crypto-actifs, supervision des obligations d\u00e9claratives, mise en conformit\u00e9 au regard du droit de l\u2019Union europ\u00e9enne<\/strong><\/p>\n<p>L\u2019\u00e9change automatique et obligatoire d\u2019informations au niveau fiscal sur les actifs num\u00e9riques (crypto-monnaies) s\u2019appliquera \u00e0 compter du 1<sup>er<\/sup>\u00a0janvier 2026. La directive europ\u00e9enne du 17 octobre 2023 est ainsi transpos\u00e9e en droit fran\u00e7ais. De nouvelles obligations de d\u00e9claration p\u00e8seront sur les prestataires de services sur crypto-actifs.<\/td>\n<\/tr>\n<tr>\n<td width=\"85\"><strong>ARTICLE 15<\/strong><\/td>\n<td width=\"519\"><strong><a href=\"https:\/\/www.legifiscal.fr\/actualites-fiscales\/gel%20des%20taux%20de%20la%20CVAE%20et%20report%20de%20la%20suppression%20d%C3%A9finitive%20%C3%A0%202030\" target=\"_blank\" rel=\"noopener\">Report de trois ans de la suppression progressive de la CVAE (cotisation sur la valeur ajout\u00e9e des entreprises)<\/a><\/strong><\/p>\n<p>Les taux de la CVAE de 2024 sont gel\u00e9s de 2025 \u00e0 2027. La suppression progressive de la CVAE, initialement pr\u00e9vue entre 2025 et 2027 et report\u00e9e de 2028 \u00e0 2030. Le taux maximum de la CVAE restera fix\u00e9 \u00e0 0,28% entre 2025 et 2027.<\/td>\n<\/tr>\n<tr>\n<td width=\"85\"><strong>ARTICLE 16<\/strong><\/td>\n<td width=\"519\"><strong>Clarification des modalit\u00e9s de calcul de l\u2019att\u00e9nuation des variations de valeurs locatives des locaux professionnels<\/strong><\/p>\n<p>Prorogation de 2 m\u00e9canismes de lissage de la CFE (cotisation fonci\u00e8re des entreprises) issue de la r\u00e9vision des valeurs locatives des locaux professionnels en vigueur depuis 2017.<\/td>\n<\/tr>\n<tr>\n<td width=\"85\"><strong>ARTICLE 17<\/strong><\/td>\n<td width=\"519\"><strong>Am\u00e9nagement du r\u00e9gime sp\u00e9cial des fusions \u00e0 la suite de l\u2019adoption de l\u2019ordonnance n\u00b0 2023-393 du 24 mai 2023 portant r\u00e9forme du r\u00e9gime des fusions, scissions, apports partiels d&#8217;actifs et op\u00e9rations transfrontali\u00e8res des soci\u00e9t\u00e9s commerciales<\/strong><\/p>\n<p>Ajustements techniques suite \u00e0 l\u2019ordonnance int\u00e9grant un nouveau cas de fusion, une nouvelle d\u00e9finition de l\u2019apport partiel d\u2019actifs<\/td>\n<\/tr>\n<tr>\n<td width=\"85\"><strong>ARTICLE 18<\/strong><\/td>\n<td width=\"519\"><strong>Am\u00e9nagement des dispositifs de d\u00e9ductions et d\u2019exon\u00e9rations applicables au secteur agricole<\/strong><\/p>\n<p>Renforcement de la d\u00e9duction pour \u00e9pargne de pr\u00e9caution (DEP) et de la d\u00e9duction pour augmentation de la valeur des stocks de vaches laiti\u00e8res et allaitantes, rel\u00e8vement de 20 \u00e0 30% du taux d\u2019exon\u00e9ration de la taxe fonci\u00e8re sur les propri\u00e9t\u00e9s b\u00e2ties en faveur des terres agricoles.<\/td>\n<\/tr>\n<tr>\n<td width=\"85\"><strong>ARTICLE 19<\/strong><\/td>\n<td width=\"519\"><strong>Mesures d\u2019incitation \u00e0 la transmission des exploitations agricoles au profit de jeunes agriculteurs<\/strong><\/p>\n<p>Rel\u00e8vement de 100.000 \u20ac des seuils de recettes ouvrant droit \u00e0 l\u2019exon\u00e9ration de la plus-value d\u00e9gag\u00e9e en cas de cession d\u2019une entreprise agricole et renforcement de divers dispositifs d\u2019exon\u00e9ration de plus-values de cession.<\/td>\n<\/tr>\n<tr>\n<td width=\"85\"><strong>ARTICLE 20<\/strong><\/td>\n<td width=\"519\"><strong>Maintien du tarif d\u2019accise applicable au gazole utilis\u00e9 pour les travaux agricoles et forestiers<\/strong><\/p>\n<p>Maintien du tarif d\u2019accise applicable au GNR dans ces secteurs \u00e0 leur niveau applicable jusqu\u2019au 31 d\u00e9cembre 2023<\/td>\n<\/tr>\n<tr>\n<td width=\"85\"><strong>ARTICLE 21<\/strong><\/td>\n<td width=\"519\"><strong>Mesures diverses de correction, clarification et coordination en mati\u00e8re de fiscalit\u00e9 sectorielle<\/strong><\/td>\n<\/tr>\n<tr>\n<td width=\"85\"><strong>ARTICLE 22<\/strong><\/td>\n<td width=\"519\"><strong>Mise en conformit\u00e9 des dispositions fiscales avec la r\u00e8glementation europ\u00e9enne en mati\u00e8re d\u2019aides d\u2019\u00c9tat<\/strong><\/td>\n<\/tr>\n<tr>\n<td width=\"85\"><strong>ARTICLE 23<\/strong><\/td>\n<td width=\"519\"><strong>S\u00e9curisation des modalit\u00e9s d\u2019imposition applicables aux personnes non-r\u00e9sidentes de France<\/strong><\/td>\n<\/tr>\n<tr>\n<td width=\"85\"><strong>ARTICLE 24<\/strong><\/td>\n<td width=\"519\"><strong>R\u00e9int\u00e9gration des amortissements admis en d\u00e9duction dans l\u2019assiette de la plus-value imposable r\u00e9alis\u00e9e lors de la cession de locaux ayant fait l\u2019objet d\u2019une location meubl\u00e9e dans le cadre d\u2019une activit\u00e9 exerc\u00e9e \u00e0 titre non professionnel<\/strong><\/p>\n<p>Cette disposition r\u00e9duit l\u2019attractivit\u00e9 du dispositif LMNP. La r\u00e9int\u00e9gration des amortissements pour le calcul de la plus-value augmente m\u00e9caniquement le montant de cette plus-value.<\/td>\n<\/tr>\n<tr>\n<td width=\"85\"><strong>ARTICLE 25<\/strong><\/td>\n<td width=\"519\"><strong>S\u00e9curisation du r\u00e9gime des bons ou droits de souscription d\u2019actions et des titres acquis en exercice de ceux-ci<\/strong><\/p>\n<p>Interdiction d\u2019inscrire des titres souscrits en BSPCE sur un PEA et de b\u00e9n\u00e9ficier du sursis d\u2019imposition pour le gain constat\u00e9 en cas d\u2019apport de titres pareillement<\/p>\n<p>souscrits \u00e0 une soci\u00e9t\u00e9 non contr\u00f4l\u00e9e par le b\u00e9n\u00e9ficiaire.<\/td>\n<\/tr>\n<tr>\n<td width=\"85\"><strong>ARTICLE 26<\/strong><\/td>\n<td width=\"519\"><a href=\"https:\/\/www.legifiscal.fr\/actualites-fiscales\/3903-plf-2025-instauration-taxe-rachats-actions-grandes-entreprises.html\" target=\"_blank\" rel=\"noopener\">Instauration pour les grandes entreprises d\u2019une taxe sur les r\u00e9ductions de capital cons\u00e9cutives au rachat de leurs propres titres<\/a><\/p>\n<div class=\"autolink\">\n<h4>Lire aussi :\u00a0<a href=\"https:\/\/www.legifiscal.fr\/actualites-fiscales\/3903-plf-2025-instauration-taxe-rachats-actions-grandes-entreprises.html\" target=\"_blank\" rel=\"noopener\">PLF 2025 : Instauration d&#8217;une taxe sur les rachats d&#8217;actions dans les grandes entreprises\u00a0<span class=\"label \">Actualit\u00e9<\/span><\/a><\/h4>\n<p>L\u2019article 26 de la loi de finances pour 2025 pr\u00e9voit l\u2019instauration pour les grandes entreprises d\u2019une taxe de 8% en cas de rachat de ses propres titres.<\/p>\n<\/div>\n<p>Instauration d\u2019une taxe sur les rachats d\u2019actions suivis d\u2019une annulation dans les soci\u00e9t\u00e9s dont le chiffre d\u2019affaires exc\u00e8de 1 milliard \u20ac\u00a0: la taxe atteindra 8% du montant de la r\u00e9duction de capital r\u00e9sultant de l\u2019annulation des actions rachet\u00e9es.<\/td>\n<\/tr>\n<tr>\n<td width=\"85\"><strong>ARTICLE 27<\/strong><\/td>\n<td width=\"519\"><strong>Int\u00e9gration des communes anciennement class\u00e9es en zone de revitalisation rurale (ZRR) dans le nouveau zonage France ruralit\u00e9s revitalisation (FRR) et prorogation du dispositif d\u2019exon\u00e9rations fiscales et sociales dans les bassins d\u2019emploi \u00e0 redynamiser (BER)<\/strong><\/td>\n<\/tr>\n<tr>\n<td width=\"85\"><strong>ARTICLE 28<\/strong><\/td>\n<td width=\"519\"><strong>Prorogation de l&#8217;exp\u00e9rimentation des clubs de jeux \u00e0 Paris<\/strong><\/p>\n<p>Prorogation de l\u2019exp\u00e9rimentation jusqu\u2019au 31 d\u00e9cembre 2025<\/td>\n<\/tr>\n<\/tbody>\n<\/table>\n<p><ins id=\"revive-0-1\" class=\"revive\" data-revive-zoneid=\"8\" data-revive-block=\"1\" data-revive-purpose=\"nothing\" data-revive-id=\"82073693f824889de1bcd73d5b24f8ea\" data-revive-seq=\"1\" data-revive-loaded=\"1\"><\/p>\n<div id=\"beacon_20cd70ece6\"><img src=\"https:\/\/ad.netlegis.fr\/www\/delivery\/lg.php?bannerid=0&amp;campaignid=0&amp;zoneid=8&amp;loc=https%3A%2F%2Fwww.legifiscal.fr%2Factualites-fiscales%2F3899-plf-2025-tableau-synthese-mesures-fiscales.html&amp;referer=https%3A%2F%2Fwww.legifiscal.fr%2Factualites-fiscales%2F3899-plf-2025-tableau-synthese-mesures-fiscales.html%3Fmtm_campaign%3Dem-181024%26mtm_source%3Demailing%26utm_source%3DL%25C3%25A9giFiscal%2B-%2BNewsletter%26utm_medium%3Demail%26utm_campaign%3DMail%2Bmarketing%2B18%252F10%252F2024%2BLF%26hash%3D8b544a3b186bd130467daadc89c693df&amp;cb=20cd70ece6\" alt=\"\" width=\"0\" height=\"0\" \/><\/div>\n<p><\/ins>Source\u00a0:\u00a0<a href=\"https:\/\/www.assemblee-nationale.fr\/dyn\/17\/textes\/l17b0324_projet-loi.pdf\">Projet de loi de finances pour 2025 &#8211; texte complet<\/a><\/p>\n<\/div>\n<\/div>\n<\/div>\n<\/article>\n","protected":false},"excerpt":{"rendered":"<p>&nbsp; Le texte complet du projet de loi de finances pour 2025 a \u00e9t\u00e9 mis en ligne ce jeudi 10 octobre dans la soir\u00e9e sur le site de l\u2019Assembl\u00e9e nationale. Nous reprenons dans ce&#8230;<\/p>\n","protected":false},"author":2,"featured_media":0,"comment_status":"closed","ping_status":"closed","sticky":false,"template":"","format":"standard","meta":{"_mi_skip_tracking":false,"_monsterinsights_sitenote_active":false,"_monsterinsights_sitenote_note":"","_monsterinsights_sitenote_category":0},"categories":[5],"tags":[],"_links":{"self":[{"href":"https:\/\/sndll.info\/index.php?rest_route=\/wp\/v2\/posts\/6783"}],"collection":[{"href":"https:\/\/sndll.info\/index.php?rest_route=\/wp\/v2\/posts"}],"about":[{"href":"https:\/\/sndll.info\/index.php?rest_route=\/wp\/v2\/types\/post"}],"author":[{"embeddable":true,"href":"https:\/\/sndll.info\/index.php?rest_route=\/wp\/v2\/users\/2"}],"replies":[{"embeddable":true,"href":"https:\/\/sndll.info\/index.php?rest_route=%2Fwp%2Fv2%2Fcomments&post=6783"}],"version-history":[{"count":1,"href":"https:\/\/sndll.info\/index.php?rest_route=\/wp\/v2\/posts\/6783\/revisions"}],"predecessor-version":[{"id":6785,"href":"https:\/\/sndll.info\/index.php?rest_route=\/wp\/v2\/posts\/6783\/revisions\/6785"}],"wp:attachment":[{"href":"https:\/\/sndll.info\/index.php?rest_route=%2Fwp%2Fv2%2Fmedia&parent=6783"}],"wp:term":[{"taxonomy":"category","embeddable":true,"href":"https:\/\/sndll.info\/index.php?rest_route=%2Fwp%2Fv2%2Fcategories&post=6783"},{"taxonomy":"post_tag","embeddable":true,"href":"https:\/\/sndll.info\/index.php?rest_route=%2Fwp%2Fv2%2Ftags&post=6783"}],"curies":[{"name":"wp","href":"https:\/\/api.w.org\/{rel}","templated":true}]}}