{"id":6823,"date":"2024-11-22T20:51:53","date_gmt":"2024-11-22T19:51:53","guid":{"rendered":"https:\/\/sndll.info\/?p=6823"},"modified":"2024-11-21T20:54:50","modified_gmt":"2024-11-21T19:54:50","slug":"salarie-non-joignable-hors-travail","status":"publish","type":"post","link":"https:\/\/sndll.info\/?p=6823","title":{"rendered":"SALARIE NON JOIGNABLE HORS TRAVAIL"},"content":{"rendered":"<p>Une r\u00e9cente d\u00e9cision de la cour de Cassation nous am\u00e8ne \u00e0 traiter cette question et \u00e0 vous alerter sur les limites de la relation avec vos employ\u00e9s !<\/p>\n<h1 id=\"titlePage\" data-test=\"titre-page\">Peut-on sanctionner le salari\u00e9 qui n\u2019est pas joignable sur son t\u00e9l\u00e9phone hors horaires de travail ?<\/h1>\n<p class=\"sp-text--gray fr-text--xs\" data-test=\"date-page\">\n<div id=\"intro\" class=\"fr-mb-6w\">\n<p class=\"fr-text--lg\">Le salari\u00e9 qui n&#8217;est pas joignable sur son t\u00e9l\u00e9phone portable personnel en dehors de ses horaires de travail ne peut pas \u00eatre sanctionn\u00e9 par son employeur. C\u2019est ce que la Cour de cassation indique dans un arr\u00eat rendu le 9\u00a0octobre\u00a02024.<\/p>\n<\/div>\n<div class=\"fr-my-4w\">\n<div class=\"sp-actu fr-mt-n3w fr-mb-3w\">\n<div class=\"fr-mb-4w\">\n<div class=\"sp-image-container \"><\/div>\n<\/div>\n<p data-test=\"contenu-texte\">Un salari\u00e9 est licenci\u00e9 pour faute grave par son employeur. Le salari\u00e9 saisit la justice et demande l\u2019annulation des 3\u00a0avertissements qu&#8217;il a re\u00e7us pour ne pas avoir r\u00e9pondu sur son t\u00e9l\u00e9phone portable personnel en dehors des horaires de travail.<\/p>\n<p data-test=\"contenu-texte\">La cour d\u2019appel rejette sa requ\u00eate. Selon elle\u00a0:<\/p>\n<ul class=\"sp-item-list\">\n<li>le salari\u00e9 avait jusque-l\u00e0 toujours accept\u00e9 d\u2019\u00eatre contact\u00e9 durant ses jours de repos pour des motifs professionnels\u00a0;<\/li>\n<li>le fait de devoir prendre contact avec l&#8217;employeur la veille d&#8217;une reprise de service sur les missions \u00e0 r\u00e9aliser n&#8217;est pas interdit par la convention collective, ni anormal compte tenu du secteur d&#8217;activit\u00e9 (transport routier)\u00a0;<\/li>\n<li>le salari\u00e9 n&#8217;a pas respect\u00e9 les consignes relatives \u00e0 la reprise du travail apr\u00e8s une absence.<\/li>\n<\/ul>\n<p data-test=\"contenu-texte\">Le salari\u00e9 se pourvoit en cassation.<\/p>\n<p data-test=\"contenu-texte\">La Cour de cassation contredit la d\u00e9cision d\u2019appel et annule les sanctions disciplinaires prononc\u00e9es \u00e0 l&#8217;\u00e9gard du salari\u00e9. Pour elle, l\u2019employeur ne peut pas sanctionner un salari\u00e9 qui n\u2019est pas joignable sur son t\u00e9l\u00e9phone personnel\u00a0<strong>en dehors des horaires de travail<\/strong>. Le salari\u00e9 n&#8217;avait donc pas commis de faute.<\/p>\n<div class=\"fr-highlight  fr-my-4w fr-ml-0 sp-bg-white fr-py-1w\" data-test=\"citation\" data-fr-js-highlight-actionee=\"true\">\n<p class=\"fr-text--bold\">\u00c0 noter<\/p>\n<p><strong><span style=\"color: #0000ff;\">La Cour de cassation pose \u00e9galement dans cet arr\u00eat que les manquements suivants sont constitutifs d&#8217;une faute grave rendant impossible le maintien du salari\u00e9 dans l&#8217;entreprise\u00a0:<\/span><\/strong><\/p>\n<p>&nbsp;<\/p>\n<ul class=\"sp-item-list\">\n<li><strong><span style=\"color: #0000ff;\">prof\u00e9rer des insultes \u00e0 l&#8217;\u00e9gard d&#8217;un responsable sur un r\u00e9seau social via son profil public\u00a0;<\/span><\/strong><\/li>\n<li><strong><span style=\"color: #0000ff;\">r\u00e9pondre \u00e0 des commentaires sur un r\u00e9seau social tout en roulant sur une route enneig\u00e9e (caract\u00e9rise une grave imprudence).<\/span><\/strong><\/li>\n<\/ul>\n<p>&nbsp;<\/p>\n<\/div>\n<\/div>\n<div class=\"fr-mt-6w\">\n<div class=\"sp-panel\" data-test=\"textes-de-reference\">\n<h2 class=\"sp-panel-title \"><button id=\"fiche-item-annexe-ref-aria\" class=\"sp-btn sp-btn-collapse\" type=\"button\" data-toggle=\"collapse\" data-target=\"#fiche-item-annexe-ref\" aria-controls=\"fiche-item-annexe-ref\" aria-expanded=\"true\"><span class=\"fr-h6\">Textes de loi et r\u00e9f\u00e9rences<\/span><\/button><\/h2>\n<div id=\"fiche-item-annexe-ref\" class=\"sp-panel-content collapse show\" aria-hidden=\"false\">\n<ul class=\"fr-raw-list fr-ml-1v\">\n<li data-test=\"reference\">\n<div class=\"sp-link fr-mb-1w\" data-test=\"lien-reference\">\n<div class=\"sp-link--label\">\n<p class=\"fr-mb-0\"><a class=\"fr-link\" title=\"Cour de cassation, chambre sociale, 9 octobre 2024, n\u00b023-19.063 - legifrance.gouv.fr - Nouvelle fen\u00eatre\" href=\"https:\/\/www.legifrance.gouv.fr\/juri\/id\/JURITEXT000050384412\" target=\"_blank\" rel=\"noopener noreferrer\" data-test=\"href-lien-reference\" data-fr-js-link-actionee=\"true\">Cour de cassation, chambre sociale, 9 octobre 2024, n\u00b023-19.063<\/a><\/p>\n<\/div>\n<\/div>\n<\/li>\n<\/ul>\n<\/div>\n<\/div>\n<\/div>\n<\/div>\n","protected":false},"excerpt":{"rendered":"<p>Une r\u00e9cente d\u00e9cision de la cour de Cassation nous am\u00e8ne \u00e0 traiter cette question et \u00e0 vous alerter sur les limites de la relation avec vos employ\u00e9s ! Peut-on sanctionner le salari\u00e9 qui n\u2019est&#8230;<\/p>\n","protected":false},"author":2,"featured_media":0,"comment_status":"closed","ping_status":"closed","sticky":false,"template":"","format":"standard","meta":{"_mi_skip_tracking":false,"_monsterinsights_sitenote_active":false,"_monsterinsights_sitenote_note":"","_monsterinsights_sitenote_category":0},"categories":[6,9],"tags":[],"_links":{"self":[{"href":"https:\/\/sndll.info\/index.php?rest_route=\/wp\/v2\/posts\/6823"}],"collection":[{"href":"https:\/\/sndll.info\/index.php?rest_route=\/wp\/v2\/posts"}],"about":[{"href":"https:\/\/sndll.info\/index.php?rest_route=\/wp\/v2\/types\/post"}],"author":[{"embeddable":true,"href":"https:\/\/sndll.info\/index.php?rest_route=\/wp\/v2\/users\/2"}],"replies":[{"embeddable":true,"href":"https:\/\/sndll.info\/index.php?rest_route=%2Fwp%2Fv2%2Fcomments&post=6823"}],"version-history":[{"count":1,"href":"https:\/\/sndll.info\/index.php?rest_route=\/wp\/v2\/posts\/6823\/revisions"}],"predecessor-version":[{"id":6825,"href":"https:\/\/sndll.info\/index.php?rest_route=\/wp\/v2\/posts\/6823\/revisions\/6825"}],"wp:attachment":[{"href":"https:\/\/sndll.info\/index.php?rest_route=%2Fwp%2Fv2%2Fmedia&parent=6823"}],"wp:term":[{"taxonomy":"category","embeddable":true,"href":"https:\/\/sndll.info\/index.php?rest_route=%2Fwp%2Fv2%2Fcategories&post=6823"},{"taxonomy":"post_tag","embeddable":true,"href":"https:\/\/sndll.info\/index.php?rest_route=%2Fwp%2Fv2%2Ftags&post=6823"}],"curies":[{"name":"wp","href":"https:\/\/api.w.org\/{rel}","templated":true}]}}