{"id":6833,"date":"2024-11-26T21:02:50","date_gmt":"2024-11-26T20:02:50","guid":{"rendered":"https:\/\/sndll.info\/?p=6833"},"modified":"2024-11-21T21:10:09","modified_gmt":"2024-11-21T20:10:09","slug":"date-de-cloture-de-lexercice-comptable","status":"publish","type":"post","link":"https:\/\/sndll.info\/?p=6833","title":{"rendered":"DATE DE CLOTURE DE L&#8217;EXERCICE COMPTABLE"},"content":{"rendered":"<p>Pr\u00e9sentation g\u00e9n\u00e9rale. Demain nous vous expliquerons comment changer la date de cl\u00f4ture d&#8217;un exercice comptable quand on est en Soci\u00e9t\u00e9.<\/p>\n<h1 id=\"titlePage\" data-test=\"titre-page\">Choisir la date de cl\u00f4ture d&#8217;un exercice comptable<\/h1>\n<div id=\"intro\" class=\"sp-entete-etape fr-mb-6w\" aria-hidden=\"false\">\n<p class=\"fr-text--lg\">Le choix de la date de cl\u00f4ture g\u00e9n\u00e9ralement est libre. Il se fait au moment de l&#8217;immatriculation de l&#8217;entreprise. Nous vous pr\u00e9sentons les r\u00e8gles en la mati\u00e8re.<span style=\"background-color: #f0f0f0; font-size: 13.3333px; color: #000000; font-family: Arial;\">\u00a0<\/span><\/p>\n<\/div>\n<div id=\"expired\" aria-hidden=\"false\" data-test=\"div-content-fiche\">\n<div class=\"fr-my-6w fr-tabs\" data-test=\"liste-de-situations\" data-fr-js-tabs-group=\"true\">\n<div id=\"tab-content-situation1\" class=\"fr-tabs__panel fr-tabs__panel--selected\" role=\"tabpanel\" aria-labelledby=\"tab-button-situation1\" data-fr-js-tab-panel=\"true\" data-fr-js-tab-actionee=\"true\">\n<h2 class=\"fr-sr-only\" tabindex=\"-1\" data-test=\"titre-situation\" data-id=\"sr-only-focusable\">Cas g\u00e9n\u00e9ral<\/h2>\n<p data-test=\"contenu-texte\">Le choix de la date de fin de l&#8217;exercice comptable est\u00a0<strong>libre<\/strong>. L&#8217;entreprise peut d\u00e9cider de clore son exercice comptable \u00e0 n&#8217;importe quel moment de l&#8217;ann\u00e9e.<\/p>\n<p data-test=\"contenu-texte\">En revanche, l&#8217;exercice doit obligatoirement\u00a0<strong>durer 12 mois<\/strong>. La premi\u00e8re ann\u00e9e, il peut exceptionnellement \u00eatre d&#8217;une dur\u00e9e inf\u00e9rieure ou sup\u00e9rieure \u00e0 12 mois, <strong>dans la limite de 24 mois<\/strong>.<\/p>\n<p data-test=\"contenu-texte\">La date du 31 d\u00e9cembre est souvent retenue comme date de cl\u00f4ture de l&#8217;exercice comptable car elle co\u00efncide avec la fin de l&#8217;<span class=\"tool-tip\" tabindex=\"0\" data-toggle=\"tooltip\" data-definition=\"R52114\" data-original-title=\"Du 1er janvier au 31 d\u00e9cembre\">ann\u00e9e civile<span class=\"fr-sr-only\" data-test=\"titleContentForDefinition\">Du 1er janvier au 31 d\u00e9cembre<\/span><\/span>. Une date cl\u00f4turant un trimestre civil (31 mars, 30 juin, 30 septembre) est \u00e9galement souvent choisie pour des raisons de simplicit\u00e9.<\/p>\n<p data-test=\"contenu-texte\">Le choix de la date de cl\u00f4ture de l&#8217;exercice comptable est importante car elle engendre de nombreuses autres obligations comptables et fiscales\u00a0: inventaire annuel, \u00e9tablissement des comptes sociaux dans les 6 mois suivant la cl\u00f4ture, \u00e9tablissement des liasses fiscales, etc.<\/p>\n<div class=\"fr-highlight fr-my-4w fr-ml-0 sp-bg-white fr-py-1w\" data-test=\"citation\" data-fr-js-highlight-actionee=\"true\">\n<p class=\"fr-text--bold\">Attention<\/p>\n<p>Vous ne pouvez pas choisir une date variable (par exemple le premier lundi du mois de mars).<\/p>\n<\/div>\n<\/div>\n<\/div>\n<div id=\"orientation\" class=\"fr-my-6w\" aria-hidden=\"false\">\n<div class=\"sp-panel\" data-test=\"textes-de-reference\">\n<h2 class=\"sp-panel-title \"><button id=\"fiche-item-annexe-ref-aria\" class=\"sp-btn sp-btn-collapse\" type=\"button\" data-toggle=\"collapse\" data-target=\"#fiche-item-annexe-ref\" aria-controls=\"fiche-item-annexe-ref\" aria-expanded=\"true\"><span class=\"fr-h6\">Textes de loi et r\u00e9f\u00e9rences<\/span><\/button><\/h2>\n<div id=\"fiche-item-annexe-ref\" class=\"sp-panel-content collapse show\" aria-hidden=\"false\">\n<ul class=\"fr-raw-list fr-ml-1v\">\n<li data-test=\"reference\">\n<div class=\"sp-link fr-mb-1w\" data-test=\"lien-reference\">\n<div class=\"sp-link--label\">\n<p class=\"fr-mb-0\"><a class=\"fr-link\" title=\"Code de commerce\u00a0: article L123-12 - legifrance.gouv.fr - Nouvelle fen\u00eatre\" href=\"https:\/\/www.legifrance.gouv.fr\/codes\/article_lc\/LEGIARTI000006219304\" target=\"_blank\" rel=\"noopener noreferrer\" data-test=\"href-lien-reference\" data-fr-js-link-actionee=\"true\">Code de commerce\u00a0: article L123-12<\/a><\/p>\n<\/div>\n<p class=\"sp-link--source fr-text--xs fr-ml-3w fr-mb-0 fr-mt-1v\" data-test=\"source-lien-reference\">\u00c9tablissement des comptes annuels<\/p>\n<\/div>\n<\/li>\n<li data-test=\"reference\">\n<div class=\"sp-link fr-mb-1w\" data-test=\"lien-reference\">\n<div class=\"sp-link--label\">\n<p class=\"fr-mb-0\"><a class=\"fr-link\" title=\"Code de commerce\u00a0: article R123-53 - legifrance.gouv.fr - Nouvelle fen\u00eatre\" href=\"https:\/\/www.legifrance.gouv.fr\/codes\/article_lc\/LEGIARTI000041461022\" target=\"_blank\" rel=\"noopener noreferrer\" data-test=\"href-lien-reference\" data-fr-js-link-actionee=\"true\">Code de commerce\u00a0: article R123-53<\/a><\/p>\n<\/div>\n<p class=\"sp-link--source fr-text--xs fr-ml-3w fr-mb-0 fr-mt-1v\" data-test=\"source-lien-reference\">Immatriculation d&#8217;une soci\u00e9t\u00e9<\/p>\n<\/div>\n<\/li>\n<\/ul>\n<\/div>\n<\/div>\n<\/div>\n<\/div>\n","protected":false},"excerpt":{"rendered":"<p>Pr\u00e9sentation g\u00e9n\u00e9rale. Demain nous vous expliquerons comment changer la date de cl\u00f4ture d&#8217;un exercice comptable quand on est en Soci\u00e9t\u00e9. Choisir la date de cl\u00f4ture d&#8217;un exercice comptable Le choix de la date de&#8230;<\/p>\n","protected":false},"author":2,"featured_media":0,"comment_status":"closed","ping_status":"closed","sticky":false,"template":"","format":"standard","meta":{"_mi_skip_tracking":false,"_monsterinsights_sitenote_active":false,"_monsterinsights_sitenote_note":"","_monsterinsights_sitenote_category":0},"categories":[6],"tags":[],"_links":{"self":[{"href":"https:\/\/sndll.info\/index.php?rest_route=\/wp\/v2\/posts\/6833"}],"collection":[{"href":"https:\/\/sndll.info\/index.php?rest_route=\/wp\/v2\/posts"}],"about":[{"href":"https:\/\/sndll.info\/index.php?rest_route=\/wp\/v2\/types\/post"}],"author":[{"embeddable":true,"href":"https:\/\/sndll.info\/index.php?rest_route=\/wp\/v2\/users\/2"}],"replies":[{"embeddable":true,"href":"https:\/\/sndll.info\/index.php?rest_route=%2Fwp%2Fv2%2Fcomments&post=6833"}],"version-history":[{"count":3,"href":"https:\/\/sndll.info\/index.php?rest_route=\/wp\/v2\/posts\/6833\/revisions"}],"predecessor-version":[{"id":6841,"href":"https:\/\/sndll.info\/index.php?rest_route=\/wp\/v2\/posts\/6833\/revisions\/6841"}],"wp:attachment":[{"href":"https:\/\/sndll.info\/index.php?rest_route=%2Fwp%2Fv2%2Fmedia&parent=6833"}],"wp:term":[{"taxonomy":"category","embeddable":true,"href":"https:\/\/sndll.info\/index.php?rest_route=%2Fwp%2Fv2%2Fcategories&post=6833"},{"taxonomy":"post_tag","embeddable":true,"href":"https:\/\/sndll.info\/index.php?rest_route=%2Fwp%2Fv2%2Ftags&post=6833"}],"curies":[{"name":"wp","href":"https:\/\/api.w.org\/{rel}","templated":true}]}}