{"id":6852,"date":"2024-12-03T08:32:37","date_gmt":"2024-12-03T07:32:37","guid":{"rendered":"https:\/\/sndll.info\/?p=6852"},"modified":"2024-12-01T12:06:16","modified_gmt":"2024-12-01T11:06:16","slug":"medecine-du-travail","status":"publish","type":"post","link":"https:\/\/sndll.info\/?p=6852","title":{"rendered":"MEDECINE DU TRAVAIL"},"content":{"rendered":"<p>&nbsp;<\/p>\n<h1>Tout savoir sur la m\u00e9decine du travail<\/h1>\n<p>&nbsp;<\/p>\n<p>P\u00e9nibilit\u00e9, risques sanitaires, harc\u00e8lement\u2026 <strong><span style=\"color: #0000ff;\">La m\u00e9decine du travail agit pour pr\u00e9server la sant\u00e9 physique et morale des travailleurs. Tour d\u2019horizon du sujet.<\/span><\/strong><\/p>\n<h2>Sommaire<\/h2>\n<ol>\n<li><a href=\"https:\/\/www.economie.gouv.fr\/entreprises\/medecine-du-travail?eml-publisher=hubscore&amp;eml-name=Emailing-es-39-[BIE_434_20241121]-20241121&amp;eml-mediaplan=[https:\/\/www.economie.gouv.fr\/entreprises\/medecine-du-travail]#quel-est-le-r-le-du-m-decin-du-t_0\">Quel est le r\u00f4le du m\u00e9decin du travail\u00a0?<\/a><\/li>\n<li><a href=\"https:\/\/www.economie.gouv.fr\/entreprises\/medecine-du-travail?eml-publisher=hubscore&amp;eml-name=Emailing-es-39-[BIE_434_20241121]-20241121&amp;eml-mediaplan=[https:\/\/www.economie.gouv.fr\/entreprises\/medecine-du-travail]#qui-est-concern-par-la-m-decine-_1\">Qui est concern\u00e9 par la m\u00e9decine du travail\u00a0?<\/a><\/li>\n<li><a href=\"https:\/\/www.economie.gouv.fr\/entreprises\/medecine-du-travail?eml-publisher=hubscore&amp;eml-name=Emailing-es-39-[BIE_434_20241121]-20241121&amp;eml-mediaplan=[https:\/\/www.economie.gouv.fr\/entreprises\/medecine-du-travail]#quelles-sont-les-types-de-visite_2\">Quelles sont les types de visite m\u00e9dicale pour les salari\u00e9s ?<\/a><\/li>\n<\/ol>\n<h2>Quel est le r\u00f4le du m\u00e9decin du travail\u00a0?<\/h2>\n<p>Salari\u00e9 d\u2019un \u00e9tablissement ou rattach\u00e9 \u00e0 un\u00a0<a href=\"https:\/\/www.presanse.fr\/spsti-et-leurs-actions\/\" data-tracking=\"{}\">service de pr\u00e9vention et de sant\u00e9 au travail interentreprises<\/a>\u00a0(SPSTI), le m\u00e9decin du travail a\u00a0<b><strong>un r\u00f4le exclusivement pr\u00e9ventif<\/strong><\/b>.<\/p>\n<p><b><strong>Son action consiste \u00e0 \u00e9viter toute alt\u00e9ration de la sant\u00e9 des travailleurs du fait de leur travail<\/strong><\/b>, notamment en surveillant leurs conditions d&#8217;hygi\u00e8ne au travail, les risques de contagion et leur \u00e9tat de sant\u00e9, ainsi que tout risque manifeste d&#8217;atteinte \u00e0 la s\u00e9curit\u00e9 des tiers \u00e9voluant dans l&#8217;environnement imm\u00e9diat de travail. Ainsi, le m\u00e9decin du travail ou un infirmier collaborateur\u00a0<b><strong>rencontre le salari\u00e9<\/strong><\/b>\u00a0plusieurs fois au cours de son parcours professionnel.<\/p>\n<p style=\"font-weight: 500;\">\u00c0 savoir<\/p>\n<p><b><strong>L\u2019ind\u00e9pendance du m\u00e9decin du travail dans l\u2019exercice de son activit\u00e9 est un \u00e9l\u00e9ment essentiel de la d\u00e9ontologie de cette profession<\/strong><\/b>. Il ne peut ali\u00e9ner son ind\u00e9pendance professionnelle sous quelque forme que ce soit, peu importe qu\u2019il soit li\u00e9, dans son exercice professionnel, par un contrat ou un statut \u00e0 un autre m\u00e9decin, une administration, une collectivit\u00e9 ou tout autre organisme public ou priv\u00e9.<\/p>\n<p><b><strong>Le m\u00e9decin du travail doit aussi conseiller les employeurs<\/strong><\/b>\u00a0afin d\u2019am\u00e9liorer les conditions de travail et diminuer les risques professionnels. Dans ce cadre, il peut \u00eatre amen\u00e9 \u00e0 effectuer des visites sur les lieux de travail.<\/p>\n<p>Pour chaque entreprise ou \u00e9tablissement,\u00a0<b><strong>il \u00e9tablit et met \u00e0 jour une fiche d\u2019entreprise ou d\u2019\u00e9tablissement<\/strong><\/b>\u00a0sur laquelle figurent notamment les risques professionnels et les effectifs de salari\u00e9s qui y sont expos\u00e9s. Cette fiche d\u2019entreprise est transmise \u00e0 l\u2019employeur et pr\u00e9sent\u00e9e au comit\u00e9 social et \u00e9conomique (CSE) (en m\u00eame temps que le bilan annuel). Pour les entreprises adh\u00e9rentes \u00e0 un SPSTI, elle est \u00e9tablie dans l\u2019ann\u00e9e qui suit l\u2019adh\u00e9sion de l\u2019entreprise ou de l\u2019\u00e9tablissement \u00e0 ce service.<\/p>\n<h2>Qui est concern\u00e9 par la m\u00e9decine du travail\u00a0?<\/h2>\n<p>Les salari\u00e9s embauch\u00e9s avec l&#8217;un des contrats de travail suivants sont suivis par la m\u00e9decine du travail :<\/p>\n<ul>\n<li>CDI,<\/li>\n<li>CDD (contrat de professionnalisation, contrats aid\u00e9s par exemple),<\/li>\n<li>contrat de travail temporaire (int\u00e9rim),<\/li>\n<li>contrat d&#8217;apprentissage,<\/li>\n<li>contrat conclu par le biais du Cesu avec un particulier employeur,<\/li>\n<li>des r\u00e8gles particuli\u00e8res s&#8217;appliquent pour les salari\u00e9s occupant des emplois identiques aupr\u00e8s d&#8217;employeurs diff\u00e9rents.<\/li>\n<\/ul>\n<p style=\"font-weight: 500;\">\u00c0 savoir<\/p>\n<p>Les jeunes effectuant des stages dans le cadre des enseignements scolaires et universitaires ne sont pas concern\u00e9s.<\/p>\n<h2>Quelles sont les types de visite m\u00e9dicale pour les salari\u00e9s ?<\/h2>\n<h3>La visite d\u2019information et de pr\u00e9vention<\/h3>\n<p>La\u00a0<a href=\"https:\/\/www.service-public.fr\/particuliers\/vosdroits\/F34061\" data-tracking=\"{}\">visite d\u2019information et de pr\u00e9vention<\/a>\u00a0(VIP), aussi appel\u00e9e\u00a0<span style=\"color: #0000ff;\">visite d&#8217;embauche<\/span>, est effectu\u00e9e par le m\u00e9decin du travail ou l\u2019infirmier collaborateur du m\u00e9decin du travail. Elle permet :<\/p>\n<ul>\n<li>d\u2019interroger le salari\u00e9 sur son \u00e9tat de sant\u00e9,<\/li>\n<li>de l\u2019informer des risques li\u00e9s \u00e0 son poste de travail,<\/li>\n<li>de le sensibiliser sur les moyens de pr\u00e9vention \u00e0 mettre en \u0153uvre,<\/li>\n<li>d&#8217;identifier si son \u00e9tat de sant\u00e9 ou les risques auxquels il est expos\u00e9 n\u00e9cessitent une orientation vers le m\u00e9decin du travail,<\/li>\n<li>de l\u2019informer des conditions de suivi de son \u00e9tat de sant\u00e9 et de son droit \u00e0 demander une visite avec le m\u00e9decin du travail \u00e0 tout moment.<\/li>\n<\/ul>\n<p><strong><span style=\"color: #0000ff;\">Cette visite est obligatoirement r\u00e9alis\u00e9e dans les trois mois suivant la date d\u2019embauche d\u2019un salari\u00e9<\/span><\/strong>, sauf exceptions suivantes :<\/p>\n<ul>\n<li>s&#8217;il a d\u00e9j\u00e0 r\u00e9alis\u00e9 une visite au cours des cinq derni\u00e8res ann\u00e9es,<\/li>\n<li>ou des trois derni\u00e8res ann\u00e9es lorsque le salari\u00e9 d\u00e9clare \u00eatre reconnu travailleur handicap\u00e9, ou titulaire d\u2019une pension d\u2019invalidit\u00e9 ou encore d\u00e8s que le professionnel de sant\u00e9 l\u2019estime n\u00e9cessaire.<\/li>\n<\/ul>\n<p>\u00c0 l\u2019issue de la visite, le m\u00e9decin de travail d\u00e9clare si\u00a0<b><strong>le salari\u00e9 est apte<\/strong><\/b>,\u00a0<b><strong>partiellement apte\u00a0<\/strong><\/b>ou\u00a0<b><strong>compl\u00e8tement inapt<\/strong><\/b>e \u00e0 son travail.<\/p>\n<p>L<strong><span style=\"color: #ff0000;\">e m\u00e9decin du travail peut demander des examens sp\u00e9cialis\u00e9s compl\u00e9mentaires. Ils sont \u00e0 la charge de l&#8217;employeur. Il peut aussi proposer des mesures \u00e0 l\u2019employeur telles qu\u2019une mutation ou une transformation de poste.\u00a0S\u2019il refuse\u00a0les propositions du m\u00e9decin du travail,\u00a0l\u2019employeur doit alors motiver sa d\u00e9cision.<\/span><\/strong><\/p>\n<p>La VIP est renouvel\u00e9e au plus tard tous les cinq ans.<\/p>\n<p style=\"font-weight: 500;\">\u00c0 savoir<\/p>\n<p>La VIP est r\u00e9alis\u00e9e avant l\u2019affectation sur le poste pour certains travailleurs :<\/p>\n<ul>\n<li><strong><span style=\"color: #0000ff;\">travailleurs de nuit,<\/span><\/strong><\/li>\n<li>\u00e2g\u00e9s de moins de 18 ans,<\/li>\n<li>expos\u00e9s aux agents biologiques du groupe 2 qui peuvent provoquer une maladie chez l\u2019homme et constituer un danger pour les salari\u00e9s,<\/li>\n<li>expos\u00e9s \u00e0 des champs \u00e9lectromagn\u00e9tiques, etc.<\/li>\n<\/ul>\n<p>Pour les apprentis la visite doit avoir lieu dans les deux mois qui suivent l&#8217;embauche.<\/p>\n<h3>La visite de pr\u00e9-reprise<\/h3>\n<p><b><strong>En cas d&#8217;absence au travail justifi\u00e9e par une incapacit\u00e9 r\u00e9sultant de maladie ou d&#8217;accident d&#8217;une dur\u00e9e sup\u00e9rieure \u00e0 30 jours<\/strong><\/b>, et en vue de favoriser son maintien dans l\u2019emploi, le salari\u00e9 (et, plus g\u00e9n\u00e9ralement, le travailleur) peut b\u00e9n\u00e9ficier d&#8217;un examen de pr\u00e9-reprise par le m\u00e9decin du travail.<\/p>\n<p>L\u2019examen de pr\u00e9-reprise peut \u00eatre organis\u00e9 \u00e0 l\u2019initiative du salari\u00e9, du m\u00e9decin traitant, des services m\u00e9dicaux, de l\u2019assurance maladie ou du m\u00e9decin du travail, d\u00e8s lors que le retour du salari\u00e9 \u00e0 son poste est anticip\u00e9.<\/p>\n<p><span style=\"color: #0000ff;\">L&#8217;employeur informe le travailleur de <strong><span style=\"color: #ff0000;\">la possibilit\u00e9<\/span><\/strong> pour celui-ci de solliciter l&#8217;organisation de l&#8217;examen de pr\u00e9-reprise.<\/span><\/p>\n<p>Cette visite permet notamment d\u2019\u00e9tudier la mise en \u0153uvre des mesures d&#8217;adaptation individuelles pr\u00e9vues \u00e0 l&#8217;article\u00a0<a href=\"https:\/\/www.legifrance.gouv.fr\/codes\/article_lc\/LEGIARTI000033024913\" data-tracking=\"{}\">L. 4624-3 du code du travail<\/a>.<\/p>\n<p>Au cours de cette visite, le m\u00e9decin du travail peut recommander :<\/p>\n<ul>\n<li>des\u00a0<b><strong>am\u00e9nagements et adaptations<\/strong><\/b>\u00a0du poste de travail,<\/li>\n<li>des\u00a0<b><strong>pr\u00e9conisations de reclassement<\/strong><\/b>,<\/li>\n<li>des\u00a0<b><strong>formations professionnelles<\/strong><\/b>\u00a0\u00e0 organiser en vue de faciliter le reclassement du salari\u00e9 ou sa r\u00e9orientation professionnelle.<\/li>\n<\/ul>\n<p>\u00c0 cet effet, il s&#8217;appuie en tant que de besoin sur<b><strong>\u00a0le service social du travail<\/strong><\/b>\u00a0du\u00a0<b><strong>service de pr\u00e9vention et de sant\u00e9 au travail<\/strong><\/b>\u00a0interentreprises ou sur celui de l&#8217;entreprise.<\/p>\n<h3>L&#8217;examen m\u00e9dical de reprise du travail<\/h3>\n<p><strong><span style=\"color: #0000ff;\">Le salari\u00e9 b\u00e9n\u00e9ficie\u00a0obligatoirement\u00a0d&#8217;un examen m\u00e9dical de reprise du travail par le m\u00e9decin du travail dans les cas suivants<\/span> <\/strong>:<\/p>\n<ul>\n<li>apr\u00e8s un cong\u00e9 de maternit\u00e9,<\/li>\n<li>apr\u00e8s une absence pour cause de maladie professionnelle,<\/li>\n<li>apr\u00e8s une absence d&#8217;au moins 30 jours pour cause d&#8217;accident du travail,<\/li>\n<li>apr\u00e8s une absence d&#8217;au moins 60 jours pour cause de maladie ou d&#8217;accident non professionnel.<\/li>\n<\/ul>\n<p><span style=\"color: #ff0000;\">D\u00e8s que l&#8217;employeur a connaissance de la date de la fin de l&#8217;arr\u00eat de travail, il doit saisir le service de pr\u00e9vention et de sant\u00e9 au travail\u00a0qui organise l&#8217;examen m\u00e9dical de reprise le jour de la reprise effective du travail, et au plus tard dans un d\u00e9lai de huit jours suivant cette reprise.<\/span><\/p>\n<p>Cet examen m\u00e9dical de reprise du travail a pour objectif :<\/p>\n<ol>\n<li><b><strong>de v\u00e9rifier\u00a0<\/strong><\/b>si le poste de travail que doit reprendre le salari\u00e9, ou le poste de reclassement auquel il doit \u00eatre affect\u00e9 est compatible avec son \u00e9tat de sant\u00e9,<\/li>\n<li><b><strong>d&#8217;examiner les propositions d&#8217;am\u00e9nagement ou d&#8217;adaptation du poste\u00a0<\/strong><\/b>repris par le salari\u00e9 ou de reclassement faites par l&#8217;employeur \u00e0 la suite des pr\u00e9conisations \u00e9mises, le cas \u00e9ch\u00e9ant par le m\u00e9decin du travail lors de la visite de pr\u00e9-reprise,<\/li>\n<li><b><strong>de pr\u00e9coniser\u00a0<\/strong><\/b>l&#8217;am\u00e9nagement, l&#8217;adaptation du poste ou le reclassement du salari\u00e9,<\/li>\n<li><b><strong>d&#8217;\u00e9mettre,<\/strong><\/b>\u00a0le cas \u00e9ch\u00e9ant, un avis d&#8217;inaptitude.<\/li>\n<\/ol>\n<h3>Les autres visites m\u00e9dicales<\/h3>\n<p>\u00c0 la 45e ann\u00e9e ou \u00e0 l\u2019\u00e2ge pr\u00e9vu par la convention collective, les salari\u00e9s sont examin\u00e9s par le m\u00e9decin du travail au cours d&#8217;une\u00a0<a href=\"https:\/\/www.service-public.fr\/particuliers\/vosdroits\/F36290\" data-tracking=\"{}\">visite m\u00e9dicale de mi-carri\u00e8re<\/a>.<\/p>\n<p>Enfin, les salari\u00e9s expos\u00e9s \u00e0 certains risques tels que par exemple, l&#8217;exposition \u00e0 l\u2019amiante, au plomb, ou \u00e0 des agents canc\u00e9rig\u00e8nes, b\u00e9n\u00e9ficient d\u2019un\u00a0<a href=\"https:\/\/www.service-public.fr\/particuliers\/vosdroits\/F34062\" data-tracking=\"{}\">suivi individuel renforc\u00e9<\/a>. Ces m\u00eames salari\u00e9s b\u00e9n\u00e9ficieront\u00a0<a href=\"https:\/\/www.legifrance.gouv.fr\/codes\/article_lc\/LEGIARTI000036759925\/\" data-tracking=\"{}\">d\u2019une visite de fin de carri\u00e8re obligatoire<\/a>\u00a0avant leur d\u00e9part \u00e0 la retraite.<\/p>\n","protected":false},"excerpt":{"rendered":"<p>&nbsp; Tout savoir sur la m\u00e9decine du travail &nbsp; P\u00e9nibilit\u00e9, risques sanitaires, harc\u00e8lement\u2026 La m\u00e9decine du travail agit pour pr\u00e9server la sant\u00e9 physique et morale des travailleurs. Tour d\u2019horizon du sujet. Sommaire Quel est&#8230;<\/p>\n","protected":false},"author":2,"featured_media":0,"comment_status":"closed","ping_status":"closed","sticky":false,"template":"","format":"standard","meta":{"_mi_skip_tracking":false,"_monsterinsights_sitenote_active":false,"_monsterinsights_sitenote_note":"","_monsterinsights_sitenote_category":0},"categories":[9],"tags":[],"_links":{"self":[{"href":"https:\/\/sndll.info\/index.php?rest_route=\/wp\/v2\/posts\/6852"}],"collection":[{"href":"https:\/\/sndll.info\/index.php?rest_route=\/wp\/v2\/posts"}],"about":[{"href":"https:\/\/sndll.info\/index.php?rest_route=\/wp\/v2\/types\/post"}],"author":[{"embeddable":true,"href":"https:\/\/sndll.info\/index.php?rest_route=\/wp\/v2\/users\/2"}],"replies":[{"embeddable":true,"href":"https:\/\/sndll.info\/index.php?rest_route=%2Fwp%2Fv2%2Fcomments&post=6852"}],"version-history":[{"count":1,"href":"https:\/\/sndll.info\/index.php?rest_route=\/wp\/v2\/posts\/6852\/revisions"}],"predecessor-version":[{"id":6854,"href":"https:\/\/sndll.info\/index.php?rest_route=\/wp\/v2\/posts\/6852\/revisions\/6854"}],"wp:attachment":[{"href":"https:\/\/sndll.info\/index.php?rest_route=%2Fwp%2Fv2%2Fmedia&parent=6852"}],"wp:term":[{"taxonomy":"category","embeddable":true,"href":"https:\/\/sndll.info\/index.php?rest_route=%2Fwp%2Fv2%2Fcategories&post=6852"},{"taxonomy":"post_tag","embeddable":true,"href":"https:\/\/sndll.info\/index.php?rest_route=%2Fwp%2Fv2%2Ftags&post=6852"}],"curies":[{"name":"wp","href":"https:\/\/api.w.org\/{rel}","templated":true}]}}