{"id":6880,"date":"2024-12-12T10:57:43","date_gmt":"2024-12-12T09:57:43","guid":{"rendered":"https:\/\/sndll.info\/?p=6880"},"modified":"2024-11-24T21:04:24","modified_gmt":"2024-11-24T20:04:24","slug":"micro-entreprise-auto-entrepreneur","status":"publish","type":"post","link":"https:\/\/sndll.info\/?p=6880","title":{"rendered":"MICRO ENTREPRISE\/AUTO ENTREPRENEUR"},"content":{"rendered":"<p>&nbsp;<\/p>\n<h1 id=\"titlePage\" data-test=\"titre-page\">Cr\u00e9ation d&#8217;entreprise\u00a0: formalit\u00e9s d&#8217;immatriculation d&#8217;une micro-entreprise (auto-entrepreneur)<\/h1>\n<div id=\"intro\" class=\"sp-entete-etape fr-mb-6w\" aria-hidden=\"false\">\n<p class=\"fr-text--lg\">Pour cr\u00e9er une micro-entreprise, il y a tr\u00e8s peu de formalit\u00e9s \u00e0 accomplir. L&#8217;une d&#8217;entre elle est l&#8217;immatriculation. Il s&#8217;agit de la d\u00e9claration d&#8217;activit\u00e9 de la micro-entreprise aupr\u00e8s de l&#8217;administration.<\/p>\n<\/div>\n<div id=\"expired\" aria-hidden=\"false\" data-test=\"div-content-fiche\">\n<div data-toggle-scope-seeall=\"chapters\">\n<div class=\"sp-chapter\" data-test=\"div-chapter\">\n<div class=\"fiche-item-title\">\n<h2 class=\"sp-chapter-title\"><span style=\"color: #5f727f; font-family: 'Source Sans Pro'; font-size: 16px; font-weight: normal;\">La demande d&#8217;immatriculation doit \u00eatre r\u00e9alis\u00e9e en ligne sur le site internet du guichet des formalit\u00e9s des entreprises, <\/span><strong style=\"color: #5f727f; font-family: 'Source Sans Pro'; font-size: 16px;\">au plus t\u00f4t 1 mois<\/strong><span style=\"color: #5f727f; font-family: 'Source Sans Pro'; font-size: 16px; font-weight: normal;\">\u00a0avant le d\u00e9but d&#8217;activit\u00e9 ou\u00a0<\/span><strong style=\"color: #5f727f; font-family: 'Source Sans Pro'; font-size: 16px;\">au plus tard dans les 15 jours<\/strong><span style=\"color: #5f727f; font-family: 'Source Sans Pro'; font-size: 16px; font-weight: normal;\">\u00a0qui suivent la date de d\u00e9but d&#8217;activit\u00e9.<\/span><\/h2>\n<\/div>\n<div id=\"fiche-item-1\" class=\"fiche-item-content sp-chapter-collapse collapse show\" aria-labelledby=\"fiche-item-aria-1\" aria-hidden=\"false\">\n<div class=\"sp-chapter-content\">\n<p><a class=\"fr-btn fr-mb-2w\" href=\"https:\/\/entreprendre.service-public.fr\/vosdroits\/R61572\" target=\"_self\" data-test=\"a-fiche-R-link\" data-fr-js-button-actionee=\"true\" rel=\"noopener\">Guichet des formalit\u00e9s des entreprises<\/a><\/p>\n<p data-test=\"contenu-texte\">Une fois l&#8217;immatriculation r\u00e9alis\u00e9e, l&#8217;entreprise est inscrite sur un registre. Le registre est diff\u00e9rent selon la nature de l&#8217;activit\u00e9 exerc\u00e9e par le micro-entrepreneur.<\/p>\n<div data-id=\"parent-choice-tree\">\n<p class=\"fr-sr-only\">R\u00e9pondez aux questions successives et les r\u00e9ponses s\u2019afficheront automatiquement<\/p>\n<div class=\"sp-choicetree-container sp-choicetree-invert\" data-dynamic-choice-tree=\"root\">\n<div class=\"sp-choicetree-recap\" data-dynamic-choice-tree=\"recap\">\n<ul class=\"sp-choicetree-recap-list\" data-id=\"sp-choicetree-recap-list\">\n<li class=\"sp-choicetree-recap-item\">\n<div class=\"sp-choicetree-recap-content\">\n<h4 id=\"recap-0-0\" class=\"sp-choicetree-recap-title\" tabindex=\"-1\" data-dynamic-tree=\"title\">Activit\u00e9 commerciale<\/h4>\n<p style=\"text-align: center;\"><span style=\"color: #000000; font-family: Arial;\"><span style=\"font-size: 13.3333px; background-color: #f0f0f0;\">\u00a0<\/span><\/span><\/p>\n<\/div>\n<\/li>\n<\/ul>\n<\/div>\n<div class=\"sp-choicetree-result\" data-dynamic-choice-tree=\"result\" data-test=\"choiceTreeResult\">\n<p data-test=\"contenu-texte\">La micro-entreprise est inscrite au registre national des entreprises (RNE) et au registre du commerce et des soci\u00e9t\u00e9s (RCS).<\/p>\n<div class=\"fr-highlight  fr-my-4w fr-ml-0 sp-bg-white fr-py-1w\" data-test=\"citation\" data-fr-js-highlight-actionee=\"true\">\n<p class=\"fr-text--bold\">\n<\/div>\n<\/div>\n<\/div>\n<\/div>\n<\/div>\n<\/div>\n<\/div>\n<div class=\"sp-chapter\" data-test=\"div-chapter\">\n<div class=\"fiche-item-title\">\n<h2 class=\"sp-chapter-title\"><button id=\"fiche-item-aria-2\" class=\"sp-btn sp-btn-collapse\" type=\"button\" data-toggle=\"collapse\" aria-expanded=\"true\" data-target=\"#fiche-item-2\" aria-controls=\"fiche-item-2\"><span class=\"fr-text--lg fr-mb-0 sp-chapter-btn-container\"><span class=\"sp-chapter-btn-text\">Quels sont les documents \u00e0 fournir\u00a0?<\/span><\/span><\/button><\/h2>\n<\/div>\n<div id=\"fiche-item-2\" class=\"fiche-item-content sp-chapter-collapse collapse show\" aria-labelledby=\"fiche-item-aria-2\" aria-hidden=\"false\">\n<div class=\"sp-chapter-content\">\n<p data-test=\"contenu-texte\">Lors de la demande d&#8217;immatriculation sur le guichet des formalit\u00e9s des entreprises, il faut indiquer un certain nombre d&#8217;informations et joindre les documents suivants :<\/p>\n<ul class=\"sp-item-list\">\n<li>Justificatif de\u00a0<a title=\"Domicilier votre entreprise individuelle et votre activit\u00e9\u00a0\" href=\"https:\/\/entreprendre.service-public.fr\/vosdroits\/F2160\" target=\"_blank\" rel=\"noopener\">domiciliation<\/a>\u00a0de l&#8217;entreprise avec l&#8217;adresse clairement identifiable (facture d&#8217;eau, d&#8217;\u00e9lectricit\u00e9 ou de gaz par exemple)<\/li>\n<li>Copie du\u00a0<a title=\"Contrat d'appui au projet d'entreprise (Cape)\" href=\"https:\/\/entreprendre.service-public.fr\/vosdroits\/F11299\" target=\"_blank\" rel=\"noopener\">contrat d&#8217;appui au projet d&#8217;entreprise\u00a0<\/a>(Cape)<\/li>\n<li>Documents concernant l&#8217;entrepreneur\u00a0:\n<ul class=\"sp-item-list\">\n<li><a title=\"D\u00e9claration de non-condamnation et de filiation pour inscription au Registre du commerce et des soci\u00e9t\u00e9s (RCS) et sur le Registre national des entreprises (RNE)\" href=\"https:\/\/entreprendre.service-public.fr\/vosdroits\/R44809\" target=\"_blank\" rel=\"noopener\">D\u00e9claration sur l&#8217;honneur<\/a>\u00a0de non-condamnation et attestation de filiation dat\u00e9es et sign\u00e9es par l&#8217;entrepreneur<\/li>\n<li>Copie de la pi\u00e8ce d&#8217;identit\u00e9 de l&#8217;entrepreneur<\/li>\n<\/ul>\n<\/li>\n<li>Copie authentique de la d\u00e9claration relative \u00e0 l&#8217;insaisissabilit\u00e9 des biens immobiliers non affect\u00e9s \u00e0 l&#8217;activit\u00e9 professionnelle<\/li>\n<li>Si l&#8217;entrepreneur\u00a0<a title=\"Cr\u00e9er une entreprise\u00a0: v\u00e9rifier si l'activit\u00e9 envisag\u00e9e est r\u00e9glement\u00e9e\" href=\"https:\/\/entreprendre.service-public.fr\/vosdroits\/F35897\" target=\"_blank\" rel=\"noopener\">exerce une activit\u00e9 r\u00e9glement\u00e9e<\/a>\u00a0: copie de l&#8217;autorisation d&#8217;exercice de l&#8217;activit\u00e9, du dipl\u00f4me ou du titre<\/li>\n<\/ul>\n<div class=\"sp-complement fr-mb-3w\">\n<p class=\"sp-complement-title\" role=\"heading\" aria-level=\"5\"><button id=\"bloc-complement-aria-3-J2YSK\" class=\"sp-btn sp-btn-collapse\" data-toggle=\"collapse\" aria-expanded=\"true\" data-test=\"btn-bloc-complement\" data-target=\"#bloc-complement-3-J2YSK\" aria-controls=\"bloc-complement-3-J2YSK\"><span class=\"fr-mb-0 sp-complement-title-container\"><span class=\"sp-complement-btn-text\">Documents compl\u00e9mentaires si l&#8217;entrepreneur est mari\u00e9 ou pacs\u00e9<\/span><\/span><\/button><\/p>\n<div id=\"bloc-complement-3-J2YSK\" class=\"sp-complement-collapse showRS_bloc-complement-3-J2YSK collapse show\" data-test=\"target-btn-bloc-complement\" aria-labelledby=\"bloc-complement-aria-3-J2YSK\" aria-hidden=\"false\">\n<div class=\"sp-complement-content\">\n<ul class=\"sp-item-list\">\n<li>Si l&#8217;entrepreneur est mari\u00e9 sous le r\u00e9gime de la communaut\u00e9\u00a0:\u00a0<a title=\"exemplaire - www.legifrance.gouv.fr - Nouvelle fen\u00eatre\" href=\"https:\/\/www.legifrance.gouv.fr\/jorf\/id\/JORFTEXT000000613654\" target=\"_blank\" rel=\"noopener noreferrer\">exemplaire<\/a>\u00a0dat\u00e9 et sign\u00e9 de l&#8217;attestation de d\u00e9livrance de l&#8217;information donn\u00e9e \u00e0 l&#8217;\u00e9poux des cons\u00e9quences sur les biens communs des dettes contract\u00e9es dans l&#8217;exercice de la profession de l&#8217;entrepreneur<\/li>\n<li>Si le conjoint ou le partenaire de PACS travaille avec l&#8217;entrepreneur\u00a0:\n<ul class=\"sp-item-list\">\n<li>Attestation sur l&#8217;honneur sur le choix du statut (salari\u00e9, associ\u00e9 ou collaborateur<\/li>\n<li>Extrait d&#8217;acte de mariage ou de PACS ou extrait d&#8217;acte de naissance avec la mention du mariage ou du PACS.<\/li>\n<\/ul>\n<\/li>\n<\/ul>\n<\/div>\n<\/div>\n<\/div>\n<div class=\"sp-complement fr-mb-3w\">\n<p class=\"sp-complement-title\" role=\"heading\" aria-level=\"5\"><button id=\"bloc-complement-aria-4-MX7YG\" class=\"sp-btn sp-btn-collapse\" data-toggle=\"collapse\" aria-expanded=\"true\" data-test=\"btn-bloc-complement\" data-target=\"#bloc-complement-4-MX7YG\" aria-controls=\"bloc-complement-4-MX7YG\"><span class=\"fr-mb-0 sp-complement-title-container\"><span class=\"sp-complement-btn-text\">Documents compl\u00e9mentaires en cas d&#8217;achat, de location-g\u00e9rance ou de g\u00e9rance-mandat d&#8217;un fonds de commerce<\/span><\/span><\/button><\/p>\n<div id=\"bloc-complement-4-MX7YG\" class=\"sp-complement-collapse showRS_bloc-complement-4-MX7YG collapse show\" data-test=\"target-btn-bloc-complement\" aria-labelledby=\"bloc-complement-aria-4-MX7YG\" aria-hidden=\"false\">\n<div class=\"sp-complement-content\">\n<ul class=\"sp-item-list\">\n<li>En cas d&#8217;achat de fonds commerce\u00a0: copie de l&#8217;acte de vente et de l&#8217;attestation de parution dans un support d&#8217;annonces l\u00e9gales de l&#8217;avis relatif \u00e0 l&#8217;achat<\/li>\n<li>En cas de\u00a0<a title=\"Quelles sont les r\u00e8gles de la location-g\u00e9rance d'un fonds de commerce ?\" href=\"https:\/\/entreprendre.service-public.fr\/vosdroits\/F23573\" target=\"_blank\" rel=\"noopener\">location-g\u00e9rance du fonds de commerce<\/a>\u00a0: copie du contrat de location-g\u00e9rance et de l&#8217;attestation de parution dans un support d&#8217;annonces l\u00e9gales de l&#8217;avis relatif \u00e0 la prise en location-g\u00e9rance<\/li>\n<li>En cas de g\u00e9rance-mandat de fonds de commerce\u00a0: copie du contrat de g\u00e9rance-mandat et de de l&#8217;attestation de parution dans un support d&#8217;annonces l\u00e9gales de l&#8217;avis relatif \u00e0 la prise en g\u00e9rance-mandat.<\/li>\n<\/ul>\n<\/div>\n<\/div>\n<\/div>\n<div class=\"sp-complement fr-mb-3w\">\n<p class=\"sp-complement-title\" role=\"heading\" aria-level=\"5\"><button id=\"bloc-complement-aria-5-S7DKV\" class=\"sp-btn sp-btn-collapse\" data-toggle=\"collapse\" aria-expanded=\"true\" data-test=\"btn-bloc-complement\" data-target=\"#bloc-complement-5-S7DKV\" aria-controls=\"bloc-complement-5-S7DKV\"><span class=\"fr-mb-0 sp-complement-title-container\"><span class=\"sp-complement-btn-text\">Documents compl\u00e9mentaires en cas de donation ou de d\u00e9volution successorale<\/span><\/span><\/button><\/p>\n<div id=\"bloc-complement-5-S7DKV\" class=\"sp-complement-collapse showRS_bloc-complement-5-S7DKV collapse show\" data-test=\"target-btn-bloc-complement\" aria-labelledby=\"bloc-complement-aria-5-S7DKV\" aria-hidden=\"false\">\n<div class=\"sp-complement-content\">\n<ul class=\"sp-item-list\">\n<li>En cas de\u00a0<span class=\"tool-tip\" tabindex=\"0\" data-toggle=\"tooltip\" data-definition=\"R55579\" data-original-title=\"Acte par lequel une personne transmet de son vivant et gratuitement la propri\u00e9t\u00e9 d'un bien \u00e0 une autre personne\">donation (<span class=\"fr-sr-only\" data-test=\"titleContentForDefinition\">Acte par lequel une personne transmet de son vivant et gratuitement la propri\u00e9t\u00e9 d&#8217;un bien \u00e0 une autre personne)<\/span><\/span>\u00a0: copie de l&#8217;acte de donation et du\u00a0<span class=\"tool-tip\" tabindex=\"0\" data-toggle=\"tooltip\" data-definition=\"R62957\" data-original-title=\"C'est la somme vers\u00e9e par l'acheteur d'un fonds de commerce au locataire pr\u00e9c\u00e9dent. Ce droit au bail permet de prendre la suite du titulaire d'un bail commercial et d'occuper les locaux.\">droit au bail (<span class=\"fr-sr-only\" data-test=\"titleContentForDefinition\">C&#8217;est la somme vers\u00e9e par l&#8217;acheteur d&#8217;un fonds de commerce au locataire pr\u00e9c\u00e9dent. Ce droit au bail permet de prendre la suite du titulaire d&#8217;un bail commercial et d&#8217;occuper les locaux.)<\/span><\/span><\/li>\n<li>En cas de\u00a0<span class=\"tool-tip\" tabindex=\"0\" data-toggle=\"tooltip\" data-definition=\"R64663\" data-original-title=\"D\u00e9finit l\u2019ordre dans lequel les personnes ont vocation \u00e0 recueillir les biens d\u2019une personne d\u00e9c\u00e9d\u00e9e qui n\u2019a pas r\u00e9dig\u00e9 de testament\">d\u00e9volution successorale <span class=\"fr-sr-only\" data-test=\"titleContentForDefinition\">D\u00e9finit l(\u2019ordre dans lequel les personnes ont vocation \u00e0 recueillir les biens d\u2019une personne d\u00e9c\u00e9d\u00e9e qui n\u2019a pas r\u00e9dig\u00e9 de testament) <\/span><\/span>: copie de l&#8217;acte notari\u00e9 ou de l&#8217;inventaire, et du\u00a0<span class=\"tool-tip\" tabindex=\"0\" data-toggle=\"tooltip\" data-definition=\"R62957\" data-original-title=\"C'est la somme vers\u00e9e par l'acheteur d'un fonds de commerce au locataire pr\u00e9c\u00e9dent. Ce droit au bail permet de prendre la suite du titulaire d'un bail commercial et d'occuper les locaux.\">droit au bail\u00a0<\/span><\/li>\n<\/ul>\n<\/div>\n<\/div>\n<\/div>\n<div class=\"fr-highlight  fr-my-4w fr-ml-0 sp-bg-white fr-py-1w\" data-test=\"citation\" data-fr-js-highlight-actionee=\"true\">\n<p class=\"fr-text--bold\">\u00c0 savoir<\/p>\n<p>Si la personne qui r\u00e9alise la formalit\u00e9 d&#8217;immatriculation n&#8217;est pas l&#8217;entrepreneur, elle doit joindre \u00e0 la demande un\u00a0<strong>exemplaire du pouvoir<\/strong>\u00a0(<span class=\"tool-tip\" tabindex=\"0\" data-toggle=\"tooltip\" data-definition=\"R64602\" data-original-title=\"Acte r\u00e9dig\u00e9 et sign\u00e9 en pr\u00e9sence d'un notaire dans sa mission d'autorit\u00e9 publique.\">acte authentique (<span class=\"fr-sr-only\" data-test=\"titleContentForDefinition\">Acte r\u00e9dig\u00e9 et sign\u00e9 en pr\u00e9sence d&#8217;un notaire dans sa mission d&#8217;autorit\u00e9 publique).<\/span><\/span>\u00a0ou\u00a0<span class=\"tool-tip\" tabindex=\"0\" data-toggle=\"tooltip\" data-definition=\"R64601\" data-original-title=\"Acte r\u00e9dig\u00e9 et sign\u00e9 entre les parties sans l'intervention d'un officier public (ex\u00a0: notaire).\">acte sous signature priv\u00e9e (<span class=\"fr-sr-only\" data-test=\"titleContentForDefinition\">Acte r\u00e9dig\u00e9 et sign\u00e9 entre les parties sans l&#8217;intervention d&#8217;un officier public (ex\u00a0: notaire).<\/span><\/span>) l&#8217;autorisant \u00e0 effectuer des d\u00e9marches au nom de l&#8217;entrepreneur.<\/p>\n<\/div>\n<\/div>\n<\/div>\n<\/div>\n<div class=\"sp-chapter\" data-test=\"div-chapter\">\n<div class=\"fiche-item-title\">\n<h2 class=\"sp-chapter-title\"><button id=\"fiche-item-aria-3\" class=\"sp-btn sp-btn-collapse\" type=\"button\" data-toggle=\"collapse\" aria-expanded=\"true\" data-target=\"#fiche-item-3\" aria-controls=\"fiche-item-3\"><span class=\"fr-text--lg fr-mb-0 sp-chapter-btn-container\"><span class=\"sp-chapter-btn-text\">Combien co\u00fbte l&#8217;immatriculation\u00a0?<\/span><\/span><\/button><\/h2>\n<\/div>\n<div id=\"fiche-item-3\" class=\"fiche-item-content sp-chapter-collapse collapse show\" aria-labelledby=\"fiche-item-aria-3\" aria-hidden=\"false\">\n<div class=\"sp-chapter-content\">\n<p data-test=\"contenu-texte\">L&#8217;immatriculation est gratuite.<\/p>\n<\/div>\n<\/div>\n<\/div>\n<div class=\"sp-chapter\" data-test=\"div-chapter\">\n<div class=\"fiche-item-title\">\n<h2 class=\"sp-chapter-title\"><button id=\"fiche-item-aria-4\" class=\"sp-btn sp-btn-collapse\" type=\"button\" data-toggle=\"collapse\" aria-expanded=\"true\" data-target=\"#fiche-item-4\" aria-controls=\"fiche-item-4\"><span class=\"fr-text--lg fr-mb-0 sp-chapter-btn-container\"><span class=\"sp-chapter-btn-text\">Que se passe-t-il une fois le dossier d&#8217;immatriculation d\u00e9pos\u00e9\u00a0?<\/span><\/span><\/button><\/h2>\n<\/div>\n<div id=\"fiche-item-4\" class=\"fiche-item-content sp-chapter-collapse collapse show\" aria-labelledby=\"fiche-item-aria-4\" aria-hidden=\"false\">\n<div class=\"sp-chapter-content\">\n<p data-test=\"contenu-texte\">Une fois le dossier d\u00e9pos\u00e9 sur le guichet des formalit\u00e9s des entreprises, l&#8217;entreprise re\u00e7oit un r\u00e9c\u00e9piss\u00e9 de d\u00e9p\u00f4t de dossier de cr\u00e9ation d&#8217;entreprise (RDDCE) comportant la mention \u00ab\u00a0<span class=\"expression\"><em>En attente d&#8217;immatriculation<\/em><\/span>\u00a0\u00bb.<\/p>\n<p data-test=\"contenu-texte\">Ce r\u00e9c\u00e9piss\u00e9 est important car il permet d&#8217;accomplir toutes les d\u00e9marches utiles aupr\u00e8s des organismes publics et priv\u00e9s. Par exemple, elle va pouvoir souscrire les\u00a0<a title=\"Assurances du micro-entrepreneur\" href=\"https:\/\/entreprendre.service-public.fr\/vosdroits\/F23667\" target=\"_blank\" rel=\"noopener\">assurances obligatoires<\/a>\u00a0et compl\u00e9mentaires n\u00e9cessaires aux besoins de son activit\u00e9.<\/p>\n<p data-test=\"contenu-texte\">Le r\u00e9c\u00e9piss\u00e9 est valable jusqu&#8217;\u00e0 la r\u00e9ception de la\u00a0<span class=\"tool-tip\" tabindex=\"0\" data-toggle=\"tooltip\" data-definition=\"R60392\" data-original-title=\"Formalit\u00e9 pour tenir officiellement inform\u00e9 une personne du contenu d'un acte auquel elle ne fait pas partie\">notification <\/span>du guichet des formalit\u00e9s des entreprises confirmant l&#8217;immatriculation de la micro-entreprise. La\u00a0<strong>dur\u00e9e de validit\u00e9 maximale<\/strong>\u00a0du r\u00e9c\u00e9piss\u00e9 est de\u00a0<strong>1 mois<\/strong>.<\/p>\n<p data-test=\"contenu-texte\">Une fois l&#8217;immatriculation effectu\u00e9e, la micro-entreprise re\u00e7oit un\u00a0<a title=\"Comment obtenir un extrait K ou Kbis\u00a0?\" href=\"https:\/\/entreprendre.service-public.fr\/vosdroits\/F21000\" target=\"_blank\" rel=\"noopener\">justificatif (ou attestation) d&#8217;immatriculation<\/a>\u00a0contenant ses num\u00e9ros d&#8217;identification (<a title=\"Comment obtenir un num\u00e9ro Siren ou un Siret\u00a0?\" href=\"https:\/\/entreprendre.service-public.fr\/vosdroits\/F32135\" target=\"_blank\" rel=\"noopener\">Siren<\/a>,\u00a0<a title=\"\u00c0 quoi correspond le code APE\u00a0(code NAF) ?\" href=\"https:\/\/entreprendre.service-public.fr\/vosdroits\/F33050\" target=\"_blank\" rel=\"noopener\">code APE<\/a>&#8230;).<\/p>\n<p data-test=\"contenu-texte\">Si le dossier est incomplet, le guichet des formalit\u00e9s des entreprises envoie un r\u00e9c\u00e9piss\u00e9 indiquant les \u00e9l\u00e9ments manquants. Il faut alors les transmettre dans un d\u00e9lai de 15\u00a0<span class=\"tool-tip\" tabindex=\"0\" data-toggle=\"tooltip\" data-definition=\"R17508\" data-original-title=\"Correspond \u00e0 tous les jours de la semaine, \u00e0 l'exception du jour de repos hebdomadaire (g\u00e9n\u00e9ralement le dimanche) et des jours f\u00e9ri\u00e9s habituellement non travaill\u00e9s dans l'entreprise\">jours ouvrables <span class=\"fr-sr-only\" data-test=\"titleContentForDefinition\">( tous les jours de la semaine, \u00e0 l&#8217;exception du jour de repos hebdomadaire (g\u00e9n\u00e9ralement le dimanche) et des jours f\u00e9ri\u00e9s habituellement non travaill\u00e9s dans l&#8217;entreprise<\/span><\/span> \u00e0 compter de la r\u00e9ception de ce r\u00e9c\u00e9piss\u00e9).<\/p>\n<\/div>\n<\/div>\n<\/div>\n<\/div>\n<div class=\"sp-geo fr-my-6w rs_skip\" data-test=\"ou-s-informer\" data-ou-s-informer=\"\">\n<h2 class=\"geo-title fr-h6\"><\/h2>\n<\/div>\n<div id=\"orientation\" class=\"fr-my-6w\" aria-hidden=\"false\">\n<div class=\"sp-panel\" data-test=\"textes-de-reference\">\n<h2 class=\"sp-panel-title \"><a class=\"fr-link\" title=\"Code de commerce\u00a0: articles R123-31 \u00e0 R123-171-1 - legifrance.gouv.fr - Nouvelle fen\u00eatre\" href=\"https:\/\/www.legifrance.gouv.fr\/codes\/section_lc\/LEGITEXT000005634379\/LEGISCTA000006161452\/#LEGISCTA000006161452\" target=\"_blank\" rel=\"noopener noreferrer\" data-test=\"href-lien-reference\" data-fr-js-link-actionee=\"true\">Code de commerce : articles R123-31 \u00e0 R123-171-1<\/a><\/h2>\n<div id=\"fiche-item-annexe-ref\" class=\"sp-panel-content collapse show\" aria-hidden=\"false\">\n<ul class=\"fr-raw-list fr-ml-1v\">\n<li data-test=\"reference\">\n<div class=\"sp-link fr-mb-1w\" data-test=\"lien-reference\">\n<div class=\"sp-link--label\">\n<p class=\"fr-mb-0\"><a class=\"fr-link\" title=\"Code de commerce\u00a0: articles L123-1 \u00e0 L123-11-8 - legifrance.gouv.fr - Nouvelle fen\u00eatre\" href=\"https:\/\/www.legifrance.gouv.fr\/codes\/section_lc\/LEGITEXT000005634379\/LEGISCTA000006161249\/\" target=\"_blank\" rel=\"noopener noreferrer\" data-test=\"href-lien-reference\" data-fr-js-link-actionee=\"true\">Code de commerce\u00a0: articles L123-1 \u00e0 L123-11-8<\/a><\/p>\n<\/div>\n<p class=\"sp-link--source fr-text--xs fr-ml-3w fr-mb-0 fr-mt-1v\" data-test=\"source-lien-reference\">Obligations g\u00e9n\u00e9rales de commer\u00e7ant\u00a0: registre du commerce et des soci\u00e9t\u00e9s<\/p>\n<\/div>\n<\/li>\n<li data-test=\"reference\">\n<div class=\"sp-link fr-mb-1w\" data-test=\"lien-reference\">\n<div class=\"sp-link--label\">\n<p class=\"fr-mb-0\"><a class=\"fr-link\" title=\"Code de commerce\u00a0: article R123-239 - legifrance.gouv.fr - Nouvelle fen\u00eatre\" href=\"https:\/\/www.legifrance.gouv.fr\/codes\/article_lc\/LEGIARTI000046073750\" target=\"_blank\" rel=\"noopener noreferrer\" data-test=\"href-lien-reference\" data-fr-js-link-actionee=\"true\">Code de commerce\u00a0: article R123-239<\/a><\/p>\n<\/div>\n<p class=\"sp-link--source fr-text--xs fr-ml-3w fr-mb-0 fr-mt-1v\" data-test=\"source-lien-reference\">D\u00e9lai d&#8217;immatriculation du commer\u00e7ant\/soci\u00e9t\u00e9<\/p>\n<\/div>\n<\/li>\n<li data-test=\"reference\">\n<div class=\"sp-link fr-mb-1w\" data-test=\"lien-reference\">\n<div class=\"sp-link--label\">\n<p class=\"fr-mb-0\"><a class=\"fr-link\" title=\"Code de commerce\u00a0: article R123-53 - legifrance.gouv.fr - Nouvelle fen\u00eatre\" href=\"https:\/\/www.legifrance.gouv.fr\/codes\/article_lc\/LEGIARTI000041461022\" target=\"_blank\" rel=\"noopener noreferrer\" data-test=\"href-lien-reference\" data-fr-js-link-actionee=\"true\">Code de commerce\u00a0: article R123-53<\/a><\/p>\n<\/div>\n<p class=\"sp-link--source fr-text--xs fr-ml-3w fr-mb-0 fr-mt-1v\" data-test=\"source-lien-reference\">D\u00e9clarations au moment de l&#8217;immatriculation<\/p>\n<\/div>\n<\/li>\n<li data-test=\"reference\">\n<div class=\"sp-link fr-mb-1w\" data-test=\"lien-reference\">\n<div class=\"sp-link--label\">\n<p class=\"fr-mb-0\"><a class=\"fr-link\" title=\"Code de commerce\u00a0: article R123-121 - legifrance.gouv.fr - Nouvelle fen\u00eatre\" href=\"https:\/\/www.legifrance.gouv.fr\/codes\/section_lc\/LEGITEXT000005634379\/LEGISCTA000006197044?dateVersion=08%2F10%2F2024&amp;nomCode=Rg8KwQ%3D%3D&amp;page=1&amp;query=R123-121&amp;searchField=ALL&amp;tab_selection=code&amp;typeRecherche=date&amp;anchor=LEGIARTI000006257347#LEGIARTI000006257347\" target=\"_blank\" rel=\"noopener noreferrer\" data-test=\"href-lien-reference\" data-fr-js-link-actionee=\"true\">Code de commerce\u00a0: article R123-121<\/a><\/p>\n<\/div>\n<p class=\"sp-link--source fr-text--xs fr-ml-3w fr-mb-0 fr-mt-1v\" data-test=\"source-lien-reference\">Contrat d&#8217;appui au projet d&#8217;entreprise (Cape)<\/p>\n<\/div>\n<\/li>\n<li data-test=\"reference\">\n<div class=\"sp-link fr-mb-1w\" data-test=\"lien-reference\">\n<div class=\"sp-link--label\">\n<p class=\"fr-mb-0\"><a class=\"fr-link\" title=\"Code de commerce\u00a0: article R123-97 - legifrance.gouv.fr - Nouvelle fen\u00eatre\" href=\"https:\/\/www.legifrance.gouv.fr\/codes\/article_lc\/LEGIARTI000043292333?dateVersion=08%2F10%2F2024&amp;nomCode=Rg8KwQ%3D%3D&amp;page=1&amp;query=R123-97&amp;searchField=ALL&amp;tab_selection=code&amp;typeRecherche=date\" target=\"_blank\" rel=\"noopener noreferrer\" data-test=\"href-lien-reference\" data-fr-js-link-actionee=\"true\">Code de commerce\u00a0: article R123-97<\/a><\/p>\n<\/div>\n<p class=\"sp-link--source fr-text--xs fr-ml-3w fr-mb-0 fr-mt-1v\" data-test=\"source-lien-reference\">D\u00e9lai pour compl\u00e9ter le dossier<\/p>\n<\/div>\n<\/li>\n<li data-test=\"reference\">\n<div class=\"sp-link fr-mb-1w\" data-test=\"lien-reference\">\n<div class=\"sp-link--label\">\n<p class=\"fr-mb-0\"><a class=\"fr-link\" title=\"Code rural et de la p\u00eache maritime\u00a0: articles D311-8 \u00e0 D311-17 - legifrance.gouv.fr - Nouvelle fen\u00eatre\" href=\"https:\/\/www.legifrance.gouv.fr\/codes\/section_lc\/LEGITEXT000006071367\/LEGISCTA000023763080\/\" target=\"_blank\" rel=\"noopener noreferrer\" data-test=\"href-lien-reference\" data-fr-js-link-actionee=\"true\">Code rural et de la p\u00eache maritime\u00a0: articles D311-8 \u00e0 D311-17<\/a><\/p>\n<\/div>\n<p class=\"sp-link--source fr-text--xs fr-ml-3w fr-mb-0 fr-mt-1v\" data-test=\"source-lien-reference\">Immatriculation de l&#8217;agriculteur<\/p>\n<\/div>\n<\/li>\n<li data-test=\"reference\">\n<div class=\"sp-link fr-mb-1w\" data-test=\"lien-reference\">\n<div class=\"sp-link--label\">\n<p class=\"fr-mb-0\"><a class=\"fr-link\" title=\"Code de l'artisanat\u00a0: articles L111-1 \u00e0 L112-1 - legifrance.gouv.fr - Nouvelle fen\u00eatre\" href=\"https:\/\/www.legifrance.gouv.fr\/codes\/section_lc\/LEGITEXT000006075116\/LEGISCTA000047362220\" target=\"_blank\" rel=\"noopener noreferrer\" data-test=\"href-lien-reference\" data-fr-js-link-actionee=\"true\">Code de l&#8217;artisanat\u00a0: articles L111-1 \u00e0 L112-1<\/a><\/p>\n<\/div>\n<p class=\"sp-link--source fr-text--xs fr-ml-3w fr-mb-0 fr-mt-1v\" data-test=\"source-lien-reference\">Immatriculation au RNE<\/p>\n<\/div>\n<\/li>\n<\/ul>\n<\/div>\n<\/div>\n<div class=\"sp-panel\" data-test=\"services-en-ligne\">\n<h2 class=\"sp-panel-title \"><button id=\"fiche-item-annexe-slf-aria\" class=\"sp-btn sp-btn-collapse\" type=\"button\" data-toggle=\"collapse\" data-target=\"#fiche-item-annexe-slf\" aria-controls=\"fiche-item-annexe-slf\" aria-expanded=\"true\"><span class=\"fr-h6\">Services en ligne et formulaires<\/span><\/button><\/h2>\n<div id=\"fiche-item-annexe-slf\" class=\"sp-panel-content collapse show\" aria-hidden=\"false\">\n<ul id=\"listeServiceEnLigne_1\" class=\"fr-raw-list fr-ml-1v\">\n<li>\n<div class=\"sp-link fr-mb-1w\" data-test=\"lien-fiche-liee\">\n<div class=\"sp-link--label\">\n<p class=\"fr-mb-0\"><a class=\"fr-link\" href=\"https:\/\/entreprendre.service-public.fr\/vosdroits\/R61572\" data-test=\"href-lien-fiche-liee\" data-fr-js-link-actionee=\"true\">Guichet des formalit\u00e9s des entreprises<\/a><\/p>\n<\/div>\n<p class=\"sp-link--source fr-text--xs fr-ml-3w fr-mb-0 fr-mt-1v\" data-test=\"source-lien-fiche-liee\">Service en ligne<\/p>\n<\/div>\n<\/li>\n<\/ul>\n<\/div>\n<\/div>\n<\/div>\n<\/div>\n","protected":false},"excerpt":{"rendered":"<p>&nbsp; Cr\u00e9ation d&#8217;entreprise\u00a0: formalit\u00e9s d&#8217;immatriculation d&#8217;une micro-entreprise (auto-entrepreneur) Pour cr\u00e9er une micro-entreprise, il y a tr\u00e8s peu de formalit\u00e9s \u00e0 accomplir. L&#8217;une d&#8217;entre elle est l&#8217;immatriculation. Il s&#8217;agit de la d\u00e9claration d&#8217;activit\u00e9 de la&#8230;<\/p>\n","protected":false},"author":2,"featured_media":0,"comment_status":"closed","ping_status":"closed","sticky":false,"template":"","format":"standard","meta":{"_mi_skip_tracking":false,"_monsterinsights_sitenote_active":false,"_monsterinsights_sitenote_note":"","_monsterinsights_sitenote_category":0},"categories":[5,6],"tags":[],"_links":{"self":[{"href":"https:\/\/sndll.info\/index.php?rest_route=\/wp\/v2\/posts\/6880"}],"collection":[{"href":"https:\/\/sndll.info\/index.php?rest_route=\/wp\/v2\/posts"}],"about":[{"href":"https:\/\/sndll.info\/index.php?rest_route=\/wp\/v2\/types\/post"}],"author":[{"embeddable":true,"href":"https:\/\/sndll.info\/index.php?rest_route=\/wp\/v2\/users\/2"}],"replies":[{"embeddable":true,"href":"https:\/\/sndll.info\/index.php?rest_route=%2Fwp%2Fv2%2Fcomments&post=6880"}],"version-history":[{"count":1,"href":"https:\/\/sndll.info\/index.php?rest_route=\/wp\/v2\/posts\/6880\/revisions"}],"predecessor-version":[{"id":6882,"href":"https:\/\/sndll.info\/index.php?rest_route=\/wp\/v2\/posts\/6880\/revisions\/6882"}],"wp:attachment":[{"href":"https:\/\/sndll.info\/index.php?rest_route=%2Fwp%2Fv2%2Fmedia&parent=6880"}],"wp:term":[{"taxonomy":"category","embeddable":true,"href":"https:\/\/sndll.info\/index.php?rest_route=%2Fwp%2Fv2%2Fcategories&post=6880"},{"taxonomy":"post_tag","embeddable":true,"href":"https:\/\/sndll.info\/index.php?rest_route=%2Fwp%2Fv2%2Ftags&post=6880"}],"curies":[{"name":"wp","href":"https:\/\/api.w.org\/{rel}","templated":true}]}}