{"id":6884,"date":"2024-12-14T11:15:30","date_gmt":"2024-12-14T10:15:30","guid":{"rendered":"https:\/\/sndll.info\/?p=6884"},"modified":"2024-11-24T21:22:25","modified_gmt":"2024-11-24T20:22:25","slug":"tva-sur-les-frais-de-restauration-etc","status":"publish","type":"post","link":"https:\/\/sndll.info\/?p=6884","title":{"rendered":"TVA SUR LES FRAIS DE RESTAURATION ETC &#8230;"},"content":{"rendered":"<h2 class=\"flex items-center space-x-3\">Frais de d\u00e9placement : OK<a id=\"toc-clip-frais-de-deplacement-ok\" class=\"link-toc clipboard\" style=\"border: 0px solid #e5e7eb; box-sizing: border-box; --tw-border-spacing-x: 0; --tw-border-spacing-y: 0; --tw-translate-x: 0; --tw-translate-y: 0; --tw-rotate: 0; --tw-skew-x: 0; --tw-skew-y: 0; --tw-scale-x: 1; --tw-scale-y: 1; --tw-scroll-snap-strictness: proximity; --tw-ring-offset-width: 0px; --tw-ring-offset-color: #fff; --tw-ring-color: rgba(153,27,27,.5); --tw-ring-offset-shadow: 0 0 #0000; --tw-ring-shadow: 0 0 #0000; --tw-shadow: 0 0 #0000; --tw-shadow-colored: 0 0 #0000; color: inherit; text-decoration-line: underline; text-decoration-thickness: inherit; text-decoration-style: inherit; text-decoration-color: inherit; cursor: pointer; --tw-space-x-reverse: 0; margin-left: calc(.75rem*(1 - var(--tw-space-x-reverse))); margin-right: calc(.75rem*var(--tw-space-x-reverse));\" name=\"shortcut-frais-de-deplacement-ok\" data-clipboard-text=\"https:\/\/www.legifiscal.fr\/tva\/tva-francaise\/tva-recuperable\/tva-recuperable-frais-restauration.html#toc-frais-de-deplacement-ok\" data-tippy=\"\" data-tippy-theme=\"dark\" data-tippy-content=\"Lien permanent vers ce paragraphe&lt;br \/&gt;Cliquer pour copier\"><\/a><\/h2>\n<p>En mati\u00e8re de note de frais, les frais de logement des salari\u00e9s et dirigeants (h\u00f4tels) ainsi que les frais de transport (taxi, avion, train, bus) sont non-r\u00e9cup\u00e9rables.<\/p>\n<p>Aucune disposition du code g\u00e9n\u00e9ral des imp\u00f4ts n\u2019exclut cependant les frais de restauration. Toutefois, comme pour toutes les charges subies par l\u2019entreprise, <strong><span style=\"color: #0000ff;\">pour r\u00e9cup\u00e9rer la TVA, il est n\u00e9cessaire que la d\u00e9pense soit r\u00e9alis\u00e9e dans l\u2019int\u00e9r\u00eat direct de l\u2019exploitation.<\/span><\/strong><\/p>\n<p>Dans les faits, lorsque les frais de restaurant correspondent \u00e0 un d\u00e9placement professionnel, ils sont normalement d\u00e9ductibles.<\/p>\n<p>La d\u00e9duction concerne les salari\u00e9s en d\u00e9placement qui ne peuvent rentrer chez eux le midi compte tenu de l\u2019\u00e9loignement.<\/p>\n<p>La r\u00e9cup\u00e9ration est \u00e9galement autoris\u00e9e pour l\u2019invitation de clients ou fournisseurs. Dans les 2 cas, il n\u2019est pas interdit de d\u00e9duire la TVA sur les alcools.<\/p>\n<p><strong><span style=\"color: #0000ff;\">Pour justifier l\u2019int\u00e9r\u00eat direct de l\u2019exploitation dans le cadre d\u2019un contr\u00f4le, il est vivement conseill\u00e9 de mentionner le nom des participants au repas au dos de la facture (mention manuelle) ou dans le cadre d\u2019un logiciel ou tableur r\u00e9pertoriant les notes de frais.<\/span><\/strong><\/p>\n<p>&nbsp;<\/p>\n<div id=\"sas_94906\">\n<p>&nbsp;<\/p>\n<div id=\"aswift_0_host\"><span style=\"color: #ff0000;\"><strong>REPAS SUR PLACE<\/strong><\/span><iframe id=\"aswift_0\" tabindex=\"0\" title=\"Advertisement\" src=\"https:\/\/googleads.g.doubleclick.net\/pagead\/ads?gdpr=1&amp;gdpr_consent=CQEbF4AQImD0AAHABBENBQFsAP_gAEPgAAqIKaNX_H__bW9r8X73aft0eY1P9_j77sQxBhfJE-4FzLvW_JwXx2ExNA36tqIKmRIEu3bBIQNlHJDUTVigaogVryDMak2coTNKJ6BkiFMRO2dYCF5vmwtj-QKY5vr993dx2D-t_dv83dzyz8VHn3e5_2e0eJCdA5-tDfv9bROb-9IPd_58v4v8_F_rk2_eT1l_tevp7D_-ft87_XW-9_fff_9Ln_-uB_-_wUyAJMNCogD7AkJCDQMIoEAKgrCAigQAAAAkDRAQAmDAp2BgAusJEAIAUAAwQAgABBkACAAACABCIAJACgQAAQCBQABgAQDAQAEDAACACwEAgABAdAhTAggUCwASMyIhTAhCgSCAlsqEEgKBBXCEIs8ACAREwUAAAAABWAAICwWBxJICVCQQJcQbQAAEACAQQgVCCTkwADAmbLUHgwbRlaYBg-YJENMAyAAA.f_wACHwAAAAA&amp;addtl_consent=2~587~dv.&amp;client=ca-pub-8032206465155878&amp;output=html&amp;h=600&amp;slotname=8198827608&amp;adk=4082992759&amp;adf=422931413&amp;pi=t.ma~as.8198827608&amp;w=300&amp;abgtt=9&amp;fwrn=4&amp;fwrnh=100&amp;lmt=1732479216&amp;rafmt=1&amp;format=300x600&amp;url=https%3A%2F%2Fwww.legifiscal.fr%2Ftva%2Ftva-francaise%2Ftva-recuperable%2Ftva-recuperable-frais-restauration.html%3Futm_source%3DL%25C3%25A9giFiscal%2B-%2BNewsletter%26utm_medium%3Demail%26utm_campaign%3DL%25C3%2583%25C2%25A9giFiscal%2B-%2BNewsletter%2B-%2B%2523614%26hash%3D8b544a3b186bd130467daadc89c693df&amp;fwr=0&amp;fwrattr=true&amp;rpe=1&amp;resp_fmts=4&amp;wgl=1&amp;uach=WyJXaW5kb3dzIiwiMTUuMC4wIiwieDg2IiwiIiwiMTMxLjAuNjc3OC44NiIsbnVsbCwwLG51bGwsIjY0IixbWyJHb29nbGUgQ2hyb21lIiwiMTMxLjAuNjc3OC44NiJdLFsiQ2hyb21pdW0iLCIxMzEuMC42Nzc4Ljg2Il0sWyJOb3RfQSBCcmFuZCIsIjI0LjAuMC4wIl1dLDBd&amp;dt=1732479216652&amp;bpp=3&amp;bdt=962&amp;idt=19&amp;shv=r20241120&amp;mjsv=m202411180101&amp;ptt=9&amp;saldr=aa&amp;abxe=1&amp;cookie=ID%3D4bb6fe152845abf4%3AT%3D1711000230%3ART%3D1732478775%3AS%3DALNI_MYYgBujeLqXlSsXMN9-It5pT5_Q4w&amp;gpic=UID%3D00000d4ef0cf41b0%3AT%3D1711000230%3ART%3D1732478775%3AS%3DALNI_MayZP1-e0zqMZb7gbvc9g6ttXmWCA&amp;eo_id_str=ID%3D43d61cb4b803c5bd%3AT%3D1732477911%3ART%3D1732478775%3AS%3DAA-AfjbPuxeVQP_uJPMGTiSUWZW8&amp;correlator=817103786093&amp;frm=20&amp;pv=2&amp;u_tz=60&amp;u_his=1&amp;u_h=864&amp;u_w=1536&amp;u_ah=816&amp;u_aw=1536&amp;u_cd=24&amp;u_sd=1.25&amp;dmc=8&amp;adx=491&amp;ady=920&amp;biw=1519&amp;bih=695&amp;scr_x=0&amp;scr_y=123&amp;eid=31088958%2C31088960%2C95344789%2C31089091%2C31088457%2C95345967&amp;oid=2&amp;pvsid=1059098807167640&amp;tmod=1340162601&amp;uas=0&amp;nvt=1&amp;fc=896&amp;brdim=0%2C0%2C0%2C0%2C1536%2C0%2C1536%2C816%2C1536%2C695&amp;vis=1&amp;rsz=%7C%7CleEbr%7C&amp;abl=CS&amp;pfx=0&amp;fu=128&amp;bc=31&amp;bz=1&amp;td=1&amp;tdf=2&amp;psd=W251bGwsbnVsbCxudWxsLDNd&amp;nt=1&amp;ifi=1&amp;uci=a!1&amp;btvi=1&amp;fsb=1&amp;dtd=34\" name=\"aswift_0\" width=\"0\" height=\"0\" frameborder=\"0\" marginwidth=\"0\" marginheight=\"0\" scrolling=\"no\" sandbox=\"allow-forms allow-popups allow-popups-to-escape-sandbox allow-same-origin allow-scripts allow-top-navigation-by-user-activation\" data-google-container-id=\"a!1\" aria-label=\"Advertisement\" data-google-query-id=\"CIDgroLk9YkDFUeSUAYdnYoBSw\" data-load-complete=\"true\" data-mce-fragment=\"1\"><\/iframe><\/div>\n<p>&nbsp;<\/p>\n<\/div>\n<p>&nbsp;<\/p>\n<p>Pour les repas pris sur place, dans ou \u00e0 proximit\u00e9 des locaux de l\u2019entreprise, <strong><span style=\"color: #0000ff;\">il faudra prouver, pr\u00e9ciser l\u2019int\u00e9r\u00eat direct de l\u2019exploitation.<\/span> <\/strong>La TVA pourra alors \u00eatre d\u00e9duite dans les cas suivants\u00a0:<\/p>\n<ul>\n<li>Invitation d\u2019un client ou d\u2019un fournisseur dans un restaurant \u00e0 proximit\u00e9 de l\u2019entreprise<\/li>\n<li>Repas au restaurant ou plateau-repas dans le cadre d\u2019une formation<\/li>\n<li>Repas dans le cadre d\u2019un \u00e9v\u00e8nement organis\u00e9 par l\u2019entreprise (pr\u00e9sentation interne, team building, etc.).<\/li>\n<\/ul>\n<p>Pour le repas de fin d\u2019ann\u00e9e, l\u2019analyse est plus complexe. Dans un unique cadre festif, la d\u00e9duction pourrait \u00eatre rejet\u00e9e pour absence de justification de l\u2019int\u00e9r\u00eat direct de l\u2019exploitation. Si ce repas se conjugue \u00e0 un aspect plus professionnel telle une communication d\u2019entreprise (discours du pr\u00e9sident avec pr\u00e9sentation des objectifs et de la strat\u00e9gie), la d\u00e9duction pourrait \u00eatre tol\u00e9r\u00e9e. SANS COMMENTAIRE SUR CETTE HYPOCRISIE !<\/p>\n<h2 class=\"flex items-center space-x-3\">\u200bAttention au formalisme<\/h2>\n<h2 class=\"flex items-center space-x-3\">Pour rappel, pour pouvoir r\u00e9cup\u00e9rer la TVA, la facture doit comprendre toutes les mentions obligatoires. La TVA notamment doit appara\u00eetre distinctement avec son montant et son taux.<\/h2>\n<p>Toute facture \u00e9mise doit normalement comporter les mentions obligatoires \u00e9nonc\u00e9es par le CGI, notamment les \u00e9l\u00e9ments d\u2019identification du client. Afin de tenir compte des sp\u00e9cificit\u00e9s pratiques du secteur de la restauration, il est admis depuis l\u2019instruction fiscale du 10 avril 2006 (BO 3 \u2013 E-1-06) que ces derniers ne soient pas mentionn\u00e9s par l\u2019entreprise qui \u00e9met la facture, mais inscrits par le client lui-m\u00eame dans un espace r\u00e9serv\u00e9 sur le document remis.<\/p>\n<p>Cet assouplissement ne concerne pas les factures d\u2019un montant total hors taxe sup\u00e9rieur \u00e0 150 euros.<\/p>\n<p>La d\u00e9duction de la TVA figurant sur le document remis au client est subordonn\u00e9e, outre qu\u2019il doit s\u2019agir d\u2019une d\u00e9pense n\u00e9cessaire \u00e0 l\u2019exploitation, \u00e0 la mention par le client de son identification compl\u00e8te (raison sociale, adresse) sur la partie du document pr\u00e9vue \u00e0 cet effet.<\/p>\n<h2 class=\"flex items-center space-x-3\">\u200bFrais de repas habituels des salari\u00e9s<a id=\"toc-clip-frais-de-repas-habituels-des-salaries\" class=\"link-toc clipboard\" style=\"border: 0px solid #e5e7eb; box-sizing: border-box; --tw-border-spacing-x: 0; --tw-border-spacing-y: 0; --tw-translate-x: 0; --tw-translate-y: 0; --tw-rotate: 0; --tw-skew-x: 0; --tw-skew-y: 0; --tw-scale-x: 1; --tw-scale-y: 1; --tw-scroll-snap-strictness: proximity; --tw-ring-offset-width: 0px; --tw-ring-offset-color: #fff; --tw-ring-color: rgba(153,27,27,.5); --tw-ring-offset-shadow: 0 0 #0000; --tw-ring-shadow: 0 0 #0000; --tw-shadow: 0 0 #0000; --tw-shadow-colored: 0 0 #0000; color: inherit; text-decoration-line: underline; text-decoration-thickness: inherit; text-decoration-style: inherit; text-decoration-color: inherit; cursor: pointer; --tw-space-x-reverse: 0; margin-left: calc(.75rem*(1 - var(--tw-space-x-reverse))); margin-right: calc(.75rem*var(--tw-space-x-reverse));\" name=\"shortcut-frais-de-repas-habituels-des-salaries\" data-clipboard-text=\"https:\/\/www.legifiscal.fr\/tva\/tva-francaise\/tva-recuperable\/tva-recuperable-frais-restauration.html#toc-frais-de-repas-habituels-des-salaries\" data-tippy=\"\" data-tippy-theme=\"dark\" data-tippy-content=\"Lien permanent vers ce paragraphe&lt;br \/&gt;Cliquer pour copier\"><\/a><\/h2>\n<p><strong><span style=\"color: #0000ff;\">La prise en charge des frais de repas quotidien des salari\u00e9s sur le lieu de travail n\u2019entre pas dans l\u2019int\u00e9r\u00eat direct de l\u2019exploitation.<\/span><\/strong> En cons\u00e9quence, la TVA sera non r\u00e9cup\u00e9rable\u00a0:<\/p>\n<ul>\n<li>Pour les frais de gestion des titres-restaurant<\/li>\n<li>Pour la facturation des prestataires assurant les repas (self, cantine d\u2019entreprise), sauf pour la quote-part des repas fournis \u00e0 des personnes externes (clients, fournisseurs, etc.).<\/li>\n<\/ul>\n<p>En revanche, les immobilisations acquises pour le bien-\u00eatre des salari\u00e9s (tables, \u00e9quipement et \u00e9lectrom\u00e9nager pour la cuisine) sont normalement d\u00e9ductibles.<\/p>\n<p>En prenant l\u2019exemple d\u2019une machine \u00e0 caf\u00e9 acquise par l\u2019entreprise au profit des salari\u00e9s (consommation gratuite), l\u2019analyse sera la suivante\u00a0:<\/p>\n<ul>\n<li>TVA r\u00e9cup\u00e9rable pour la machine \u00e0 caf\u00e9<\/li>\n<li>TVA non-r\u00e9cup\u00e9rable pour le grain ou les dosettes de la machine \u00e0 caf\u00e9. SANS COMMENTAIRE ENCORE ! \ud83d\ude12\ud83d\ude02\ud83d\ude02<\/li>\n<\/ul>\n","protected":false},"excerpt":{"rendered":"<p>Frais de d\u00e9placement : OK En mati\u00e8re de note de frais, les frais de logement des salari\u00e9s et dirigeants (h\u00f4tels) ainsi que les frais de transport (taxi, avion, train, bus) sont non-r\u00e9cup\u00e9rables. Aucune disposition&#8230;<\/p>\n","protected":false},"author":2,"featured_media":0,"comment_status":"closed","ping_status":"closed","sticky":false,"template":"","format":"standard","meta":{"_mi_skip_tracking":false,"_monsterinsights_sitenote_active":false,"_monsterinsights_sitenote_note":"","_monsterinsights_sitenote_category":0},"categories":[5],"tags":[],"_links":{"self":[{"href":"https:\/\/sndll.info\/index.php?rest_route=\/wp\/v2\/posts\/6884"}],"collection":[{"href":"https:\/\/sndll.info\/index.php?rest_route=\/wp\/v2\/posts"}],"about":[{"href":"https:\/\/sndll.info\/index.php?rest_route=\/wp\/v2\/types\/post"}],"author":[{"embeddable":true,"href":"https:\/\/sndll.info\/index.php?rest_route=\/wp\/v2\/users\/2"}],"replies":[{"embeddable":true,"href":"https:\/\/sndll.info\/index.php?rest_route=%2Fwp%2Fv2%2Fcomments&post=6884"}],"version-history":[{"count":2,"href":"https:\/\/sndll.info\/index.php?rest_route=\/wp\/v2\/posts\/6884\/revisions"}],"predecessor-version":[{"id":6887,"href":"https:\/\/sndll.info\/index.php?rest_route=\/wp\/v2\/posts\/6884\/revisions\/6887"}],"wp:attachment":[{"href":"https:\/\/sndll.info\/index.php?rest_route=%2Fwp%2Fv2%2Fmedia&parent=6884"}],"wp:term":[{"taxonomy":"category","embeddable":true,"href":"https:\/\/sndll.info\/index.php?rest_route=%2Fwp%2Fv2%2Fcategories&post=6884"},{"taxonomy":"post_tag","embeddable":true,"href":"https:\/\/sndll.info\/index.php?rest_route=%2Fwp%2Fv2%2Ftags&post=6884"}],"curies":[{"name":"wp","href":"https:\/\/api.w.org\/{rel}","templated":true}]}}