{"id":6913,"date":"2025-01-17T06:23:57","date_gmt":"2025-01-17T05:23:57","guid":{"rendered":"https:\/\/sndll.info\/?p=6913"},"modified":"2025-01-17T06:23:57","modified_gmt":"2025-01-17T05:23:57","slug":"cvae-valeur-ajoutee-2025","status":"publish","type":"post","link":"https:\/\/sndll.info\/?p=6913","title":{"rendered":"CVAE Valeur ajout\u00e9e 2025"},"content":{"rendered":"<h1 id=\"titlePage\" data-test=\"titre-page\">CVAE\u00a0: quelles \u00e9volutions pour 2025\u00a0?<\/h1>\n<p class=\"sp-text--gray fr-text--xs\" data-test=\"date-page\">\n<div id=\"intro\" class=\"fr-mb-6w\">\n<p class=\"fr-text--lg\">Pour l&#8217;ann\u00e9e\u00a02025, le taux d&#8217;imposition de la valeur ajout\u00e9e des entreprises (CVAE) \u00e9volue. Il en va de m\u00eame pour le taux de la taxe additionnelle \u00e0 la CVAE.<\/p>\n<\/div>\n<div class=\"fr-my-4w\">\n<div class=\"sp-actu fr-mt-n3w fr-mb-3w\">\n<div class=\"fr-mb-4w\">\n<div class=\"sp-image-container \"><\/div>\n<\/div>\n<p data-test=\"contenu-texte\">Initialement fix\u00e9e \u00e0 2027, le projet de loi de finances pour l&#8217;ann\u00e9e\u00a02025 reporte la suppression de la CVAE \u00e0 2030.<\/p>\n<p data-test=\"contenu-texte\">N\u00e9anmoins, la loi de finances pour 2025 n&#8217;a\u00a0<strong>pas encore \u00e9t\u00e9 promulgu\u00e9e<\/strong>. Ainsi, les taux applicables au 1<sup>er<\/sup>\u00a0janvier\u00a02025 sont ceux \u00e9num\u00e9r\u00e9s dans la loi de finances pour\u00a02024.<\/p>\n<p data-test=\"contenu-texte\">La suppression de la CVAE a pour but de renforcer la comp\u00e9titivit\u00e9 des entreprises en supprimant une imposition et une charge administrative.<\/p>\n<h2 id=\"titreChapitre_3997320487038776076\" class=\"fr-h4 fr-mt-4w\" data-test=\"chapitre\">Une suppression progressive jusqu&#8217;en 2027<\/h2>\n<p data-test=\"contenu-texte\">La cotisation sur la valeur ajout\u00e9e des entreprises (CVAE) sera supprim\u00e9e en\u00a02027. Sont redevables de cette cotisation les entreprises ou personnes exer\u00e7ant une activit\u00e9 professionnelle non salari\u00e9e et g\u00e9n\u00e9rant un chiffre d\u2019affaires (CA) annuel hors taxe sup\u00e9rieur \u00e0 500\u00a0000\u00a0\u20ac. Il convient d\u2019ajouter que les entreprises ayant un CA\u00a0hors taxe sup\u00e9rieur \u00e0\u00a0152\u00a0500\u00a0\u20ac doivent seulement faire une d\u00e9claration de valeur ajout\u00e9e et des effectifs salari\u00e9s.<\/p>\n<p data-test=\"contenu-texte\">En 2024, la CVAE avait \u00e9t\u00e9 r\u00e9duite. Cette r\u00e9duction progressive de l&#8217;ensemble des taux d\u2019imposition de la CVAE se poursuit jusqu&#8217;\u00e0 sa suppression en 2027\u00a0:<\/p>\n<div class=\"fr-table fr-table--bordered\" data-fr-js-table=\"true\" data-fr-js-table-actionee=\"true\">\n<div class=\"fr-table__wrapper\" data-fr-js-table-wrapper=\"true\">\n<div class=\"fr-table__container\">\n<div class=\"fr-table__content\">\n<table class=\"fr-cell--multiline sp-table\" data-fr-js-table-element=\"true\">\n<caption data-fr-js-table-caption=\"true\"><span data-test=\"titre-tableau-riche\">\u00a0Tableau &#8211; Taux d&#8217;imposition de la CVAE en fonction du chiffre d&#8217;affaires en 2025 et 2026<\/span><\/caption>\n<thead>\n<tr>\n<th colspan=\"1\" rowspan=\"1\" scope=\"col\">Chiffre d&#8217;affaires hors taxe<\/th>\n<th colspan=\"1\" rowspan=\"1\" scope=\"col\">Taux effectif d&#8217;imposition 2025<\/th>\n<th colspan=\"1\" rowspan=\"1\" scope=\"col\">Taux effectif d&#8217;imposition 2026<\/th>\n<\/tr>\n<\/thead>\n<tbody>\n<tr data-fr-js-table-row=\"true\">\n<th colspan=\"1\" rowspan=\"1\" scope=\"row\">Moins de 500 000\u00a0\u20ac<\/th>\n<td colspan=\"1\" rowspan=\"1\">0\u00a0%<\/td>\n<td colspan=\"1\" rowspan=\"1\">0\u00a0%<\/td>\n<\/tr>\n<tr data-fr-js-table-row=\"true\">\n<th colspan=\"1\" rowspan=\"1\" scope=\"row\">Entre 500\u00a0000\u00a0\u20ac et 3\u00a0millions\u00a0\u20ac<\/th>\n<td colspan=\"1\" rowspan=\"1\">0,063\u00a0% x (CA &#8211; 500\u00a0000\u00a0\u20ac) \/ 2,5\u00a0millions\u00a0\u20ac<\/td>\n<td colspan=\"1\" rowspan=\"1\">0,031\u00a0% x (CA &#8211; 500\u00a0000\u00a0\u20ac) \/ 2,5\u00a0millions\u00a0\u20ac<\/td>\n<\/tr>\n<tr data-fr-js-table-row=\"true\">\n<th colspan=\"1\" rowspan=\"1\" scope=\"row\">Entre 3\u00a0millions\u00a0\u20ac et 10\u00a0millions\u00a0\u20ac<\/th>\n<td colspan=\"1\" rowspan=\"1\">0,063\u00a0% + 0,113\u00a0% x (CA &#8211; 3\u00a0millions\u00a0\u20ac) \/ 7\u00a0millions\u00a0\u20ac<\/td>\n<td colspan=\"1\" rowspan=\"1\">0,031\u00a0% + 0,056\u00a0% x (CA &#8211; 3\u00a0millions\u00a0\u20ac) \/ 7\u00a0millions\u00a0\u20ac<\/td>\n<\/tr>\n<tr data-fr-js-table-row=\"true\">\n<th colspan=\"1\" rowspan=\"1\" scope=\"row\">Entre 10\u00a0millions\u00a0\u20ac et 50\u00a0millions\u00a0\u20ac<\/th>\n<td colspan=\"1\" rowspan=\"1\">0,175\u00a0% + 0,013\u00a0% x (CA &#8211; 10\u00a0millions\u00a0\u20ac) \/ 40\u00a0millions\u00a0%<\/td>\n<td colspan=\"1\" rowspan=\"1\">0,087\u00a0% + 0,006\u00a0% x (CA &#8211; 10\u00a0millions\u00a0\u20ac) \/ 40\u00a0millions\u00a0%<\/td>\n<\/tr>\n<tr data-fr-js-table-row=\"true\">\n<th colspan=\"1\" rowspan=\"1\" scope=\"row\">Plus de 50\u00a0millions\u00a0\u20ac<\/th>\n<td colspan=\"1\" rowspan=\"1\">0,19\u00a0%<\/td>\n<td colspan=\"1\" rowspan=\"1\">0,09\u00a0%<\/td>\n<\/tr>\n<\/tbody>\n<\/table>\n<\/div>\n<\/div>\n<\/div>\n<\/div>\n<p data-test=\"contenu-texte\">Pour obtenir le montant de la CVAE, il faut multiplier ce taux par la valeur ajout\u00e9e taxable de l&#8217;entreprise.<\/p>\n<div data-content=\"sousChapitres\"><\/div>\n<h2 id=\"titreChapitre_-8290219729050387856\" class=\"fr-h4 fr-mt-4w\" data-test=\"chapitre\">Hausse du taux de la taxe additionnelle de la CVAE<\/h2>\n<p data-test=\"contenu-texte\">De plus, afin de pr\u00e9server les ressources des chambres de commerce et d\u2019industrie (CCI) de r\u00e9gion qui b\u00e9n\u00e9ficient du versement de la taxe additionnelle \u00e0 la CVAE, le taux de la taxe additionnelle est port\u00e9 \u00e0\u00a0<strong>13,84\u00a0%<\/strong>\u00a0du montant de la CVAE pour l\u2019ann\u00e9e\u00a02025 (contre 9,23\u00a0% en\u00a02024).<\/p>\n<div data-content=\"sousChapitres\"><\/div>\n<h2 id=\"titreChapitre_-2659027056916735440\" class=\"fr-h4 fr-mt-4w\" data-test=\"chapitre\">Cons\u00e9quences sur la contribution \u00e9conomique territoriale et la contribution fonci\u00e8re des entreprises<\/h2>\n<p data-test=\"contenu-texte\">La contribution \u00e9conomique territoriale (CET) \u00e9tant compos\u00e9e de la CVAE et de la contribution fonci\u00e8re des entreprises (CFE), son taux de plafonnement a \u00e9t\u00e9 modifi\u00e9 pour l&#8217;ann\u00e9e\u00a02024. Il est d\u00e9sormais fix\u00e9 \u00e0\u00a0<strong>1,438\u00a0%<\/strong>\u00a0de la valeur ajout\u00e9e. Ce taux s&#8217;applique \u00e0 la somme de la CVAE et de la CFE dues pour\u00a02025.<\/p>\n<div data-content=\"sousChapitres\"><\/div>\n<\/div>\n<div class=\"fr-mt-6w\">\n<div class=\"sp-panel sp-panel-open\" data-test=\"voir-aussi\">\n<h2 class=\"sp-panel-title\"><span class=\"fr-h6\">Voir aussi<\/span><\/h2>\n<div id=\"fiche-item-annexe-voirAussi\" class=\"sp-panel-content\">\n<ul class=\"fr-raw-list fr-ml-1v\">\n<li>\n<div class=\"sp-link fr-mb-1w\" data-test=\"lien-voir-aussi\">\n<div class=\"sp-link--label\">\n<p class=\"fr-mb-0\"><a class=\"fr-link\" href=\"https:\/\/entreprendre.service-public.fr\/vosdroits\/F23546\" data-test=\"href-lien-voir-aussi\" data-fr-js-link-actionee=\"true\">Cotisation sur la valeur ajout\u00e9e des entreprises (CVAE)<\/a><\/p>\n<\/div>\n<\/div>\n<\/li>\n<li>\n<div class=\"sp-link fr-mb-1w\" data-test=\"lien-voir-aussi\">\n<div class=\"sp-link--label\">\n<p class=\"fr-mb-0\"><a class=\"fr-link\" title=\"LOI n\u00b0 2023-1322 du 29 d\u00e9cembre 2023 de finances pour 2024 - Article 79 - legifrance.gouv.fr - Nouvelle fen\u00eatre\" href=\"https:\/\/www.legifrance.gouv.fr\/eli\/loi\/2023\/12\/29\/ECOX2322957L\/jo\/article_79\" target=\"_blank\" rel=\"noopener noreferrer\" data-test=\"href-lien-voir-aussi\" data-fr-js-link-actionee=\"true\">LOI n\u00b0 2023-1322 du 29 d\u00e9cembre 2023 de finances pour 2024 &#8211; Article 79<\/a><\/p>\n<\/div>\n<\/div>\n<\/li>\n<\/ul>\n<\/div>\n<\/div>\n<\/div>\n<\/div>\n","protected":false},"excerpt":{"rendered":"<p>CVAE\u00a0: quelles \u00e9volutions pour 2025\u00a0? Pour l&#8217;ann\u00e9e\u00a02025, le taux d&#8217;imposition de la valeur ajout\u00e9e des entreprises (CVAE) \u00e9volue. Il en va de m\u00eame pour le taux de la taxe additionnelle \u00e0 la CVAE. Initialement&#8230;<\/p>\n","protected":false},"author":2,"featured_media":0,"comment_status":"closed","ping_status":"closed","sticky":false,"template":"","format":"standard","meta":{"_mi_skip_tracking":false,"_monsterinsights_sitenote_active":false,"_monsterinsights_sitenote_note":"","_monsterinsights_sitenote_category":0},"categories":[5],"tags":[],"_links":{"self":[{"href":"https:\/\/sndll.info\/index.php?rest_route=\/wp\/v2\/posts\/6913"}],"collection":[{"href":"https:\/\/sndll.info\/index.php?rest_route=\/wp\/v2\/posts"}],"about":[{"href":"https:\/\/sndll.info\/index.php?rest_route=\/wp\/v2\/types\/post"}],"author":[{"embeddable":true,"href":"https:\/\/sndll.info\/index.php?rest_route=\/wp\/v2\/users\/2"}],"replies":[{"embeddable":true,"href":"https:\/\/sndll.info\/index.php?rest_route=%2Fwp%2Fv2%2Fcomments&post=6913"}],"version-history":[{"count":1,"href":"https:\/\/sndll.info\/index.php?rest_route=\/wp\/v2\/posts\/6913\/revisions"}],"predecessor-version":[{"id":6915,"href":"https:\/\/sndll.info\/index.php?rest_route=\/wp\/v2\/posts\/6913\/revisions\/6915"}],"wp:attachment":[{"href":"https:\/\/sndll.info\/index.php?rest_route=%2Fwp%2Fv2%2Fmedia&parent=6913"}],"wp:term":[{"taxonomy":"category","embeddable":true,"href":"https:\/\/sndll.info\/index.php?rest_route=%2Fwp%2Fv2%2Fcategories&post=6913"},{"taxonomy":"post_tag","embeddable":true,"href":"https:\/\/sndll.info\/index.php?rest_route=%2Fwp%2Fv2%2Ftags&post=6913"}],"curies":[{"name":"wp","href":"https:\/\/api.w.org\/{rel}","templated":true}]}}