{"id":6946,"date":"2025-01-15T10:06:16","date_gmt":"2025-01-15T09:06:16","guid":{"rendered":"https:\/\/sndll.info\/?p=6946"},"modified":"2025-02-06T11:45:14","modified_gmt":"2025-02-06T10:45:14","slug":"changements-2025-en-entreprise","status":"publish","type":"post","link":"https:\/\/sndll.info\/?p=6946","title":{"rendered":"CHANGEMENTS 2025 EN ENTREPRISE\ud83d\ude0a\ud83d\udc4c\ud83d\udc4c"},"content":{"rendered":"<p>Chaque ann\u00e9e apporte son lot de changements. 2025 marque un raidissement du contexte pour suivre la volont\u00e9 gouvernementale d&#8217;assainie les comptes publics ! Ce point d&#8217;exclamation (!)sera notre seul commentaire.<\/p>\n<p>Vous trouverez ci-dessous les infos transmises par BERCY.<\/p>\n<p>&nbsp;<\/p>\n<p>Bonne ann\u00e9e malgr\u00e9 tout !<\/p>\n<p>&nbsp;<\/p>\n<div id=\"block-economie-page-title\" class=\"block block-core block-page-title-block\">\n<h1 class=\"page-title\"><span class=\"field field--name-title field--type-string field--label-hidden\">Entreprises : ce qui change au 1er janvier 2025<\/span><\/h1>\n<\/div>\n<div id=\"block-economie-content\" class=\"block block-system block-system-main-block\">\n<article class=\"node node--type-article node--view-mode-full entreprise\">\n<div class=\"node__content\">\n<p class=\"fr-text--lead\">Cr\u00e9dits d\u2019imp\u00f4ts, partage de la valeur en entreprise, plafond d\u2019exon\u00e9ration de CFE\u2026 Comme chaque ann\u00e9e au 1er janvier, de nombreux changements impactent les r\u00e8gles en vigueur pour les entreprises, notamment en cette p\u00e9riode sp\u00e9ciale. Nous vous pr\u00e9sentons les principales nouveaut\u00e9s pour l\u2019ann\u00e9e 2025.<\/p>\n<div class=\"paragraph paragraph--type--sommaire paragraph--view-mode--default\">\n<nav class=\"fr-summary\" role=\"navigation\" aria-labelledby=\"fr-summary-title\">\n<h2 id=\"fr-summary-title\" class=\"fr-summary__title\">Sommaire<\/h2>\n<ol class=\"fr-summary__list\">\n<li><a class=\"fr-summary__link\" href=\"https:\/\/www.economie.gouv.fr\/entreprises\/entreprises-ce-qui-change-au-1er-janvier-2025?eml-publisher=hubscore&amp;eml-name=Emailing-es-39-[BIE_439_20250102]-20250102&amp;eml-mediaplan=[https:\/\/www.economie.gouv.fr\/entreprises\/entreprises-ce-qui-change-au-1er-janvier-2025]#mesures-applicables-p-rennes_0\">Mesures applicables p\u00e9rennes<\/a><\/li>\n<li><a class=\"fr-summary__link\" href=\"https:\/\/www.economie.gouv.fr\/entreprises\/entreprises-ce-qui-change-au-1er-janvier-2025?eml-publisher=hubscore&amp;eml-name=Emailing-es-39-[BIE_439_20250102]-20250102&amp;eml-mediaplan=[https:\/\/www.economie.gouv.fr\/entreprises\/entreprises-ce-qui-change-au-1er-janvier-2025]#mesures-applicables-en-suspens_1\">Mesures applicables en suspens<\/a><\/li>\n<\/ol>\n<\/nav>\n<\/div>\n<div class=\"paragraph paragraph--type--contenu-libre paragraph--view-mode--default\">\n<h2 id=\"mesures-applicables-p-rennes_0\">Mesures applicables p\u00e9rennes<\/h2>\n<div class=\"paragraph--type--bloc-bloc-de-texte-encadre- titre--like\">\n<p class=\"field--name-field-titre\">Qu\u2019entendre par \u00ab mesures p\u00e9rennes \u00bb ?<\/p>\n<div class=\"field--name-field-contenu-libre\">\n<p>Qu&#8217;est-ce qu&#8217;une \u00ab mesure p\u00e9renne \u00bb ? C&#8217;est une r\u00e8gle, une loi ou une d\u00e9cision qui va rester en place sur le long terme, m\u00eame si la loi de finances pour 2025 n&#8217;est pas adopt\u00e9e. En d&#8217;autres termes, ce sont toutes les nouvelles r\u00e8gles qui entreront en vigueur le 1<sup>er<\/sup>\u00a0janvier 2025 gr\u00e2ce \u00e0 des lois ou des d\u00e9crets d\u00e9j\u00e0 existants.<\/p>\n<\/div>\n<\/div>\n<h3>G\u00e9rer son entreprise<\/h3>\n<h4><em>Fin de la proc\u00e9dure de continuit\u00e9 du guichet unique au 31 d\u00e9cembre 2024<\/em><\/h4>\n<p>Afin de faciliter la vie des entreprises, l\u2019\u00c9tat a ouvert en janvier 2023 le guichet unique des formalit\u00e9s d\u2019entreprises, op\u00e9r\u00e9 par l\u2019Institut national de la propri\u00e9t\u00e9 industrielle (INPI). Une solution alternative de continuit\u00e9 \u00e9tait toutefois maintenue via Infogreffe. Le guichet \u00e9tant pleinement fonctionnel, cette proc\u00e9dure de continuit\u00e9 s\u2019arr\u00eatera le 31 d\u00e9cembre 2024.<\/p>\n<p class=\"text-align-center\"><strong><a class=\"btn--primary url-alias-convert\" href=\"https:\/\/www.economie.gouv.fr\/actualites\/guichet-unique-des-formalites-dentreprises-fin-de-la-procedure-de-continuite\" target=\"_blank\" rel=\"noopener\" data-tracking=\"{}\">En savoir plus sur le guichet unique<\/a><\/strong><\/p>\n<h4><em>Entreprises en difficult\u00e9 : d\u00e9signation et instauration des tribunaux des activit\u00e9s \u00e9conomiques<\/em><\/h4>\n<p><a class=\"url-alias-convert\" title=\"\u00ab legifrance.gouv.fr \u00bb dans une nouvelle fen\u00eatre\" href=\"https:\/\/www.legifrance.gouv.fr\/jorf\/id\/JORFTEXT000049889657\" target=\"_blank\" rel=\"noopener\" data-tracking=\"{}\">Un arr\u00eat\u00e9 du 5\u00a0juillet\u00a02024<\/a>\u00a0d\u00e9signe les 12\u00a0tribunaux de commerce qui deviendront des tribunaux des activit\u00e9s \u00e9conomiques \u00e0 partir du 1<sup>er<\/sup>\u00a0janvier\u00a02025.<\/p>\n<p class=\"text-align-center\"><strong><a class=\"url-alias-convert\" title=\"\u00ab service-public.fr \u00bb dans une nouvelle fen\u00eatre\" href=\"https:\/\/www.service-public.fr\/entreprendre\/actualites\/A17504\" target=\"_blank\" rel=\"noopener\" data-tracking=\"{}\">En savoir plus<\/a><\/strong><\/p>\n<h4><em>Mise en place obligatoire d\u2019un dispositif de partage de la valeur dans certaines entreprises<\/em><\/h4>\n<p>Afin de faciliter la g\u00e9n\u00e9ralisation des dispositifs de partage de la valeur,\u00a0<a class=\"url-alias-convert\" title=\"\u00ab legifrance.gouv.fr \u00bb dans une nouvelle fen\u00eatre\" href=\"https:\/\/www.legifrance.gouv.fr\/jorf\/id\/JORFTEXT000048480565\" target=\"_blank\" rel=\"noopener\" data-tracking=\"{}\">la loi du 29 novembre 2023<\/a>\u00a0met en place une exp\u00e9rimentation obligatoire d\u2019une dur\u00e9e de cinq ans dans les entreprises r\u00e9pondant aux crit\u00e8res suivants\u00a0:<\/p>\n<ul>\n<li>effectif compris entre 11 et 49 salari\u00e9s,<\/li>\n<li>activit\u00e9 exerc\u00e9e sous la forme juridique de soci\u00e9t\u00e9,<\/li>\n<li>b\u00e9n\u00e9fice net fiscal au moins \u00e9gal \u00e0 1\u00a0% des recettes pendant trois ann\u00e9es cons\u00e9cutives.<\/li>\n<\/ul>\n<p>Dans ces entreprises, le partage de valeur obligatoire peut correspondre\u00a0:<\/p>\n<ul>\n<li>\u00e0 la signature d&#8217;un accord de\u00a0<a class=\"url-alias-convert\" href=\"https:\/\/www.economie.gouv.fr\/entreprises\/comment-mettre-en-place-la-participation-dans-votre-entreprise\" target=\"_blank\" rel=\"noopener\" data-tracking=\"{}\">participation<\/a>\u00a0ou\u00a0<a class=\"url-alias-convert\" href=\"https:\/\/www.economie.gouv.fr\/entreprises\/comment-mettre-en-place-linteressement-dans-votre-entreprise\" target=\"_blank\" rel=\"noopener\" data-tracking=\"{}\">d&#8217;int\u00e9ressement<\/a>,<\/li>\n<li>\u00e0 l&#8217;abondement d&#8217;un plan d&#8217;<a class=\"url-alias-convert\" href=\"https:\/\/www.economie.gouv.fr\/actualites\/tout-ce-que-vous-devez-savoir-sur-lepargne-salariale\" target=\"_blank\" rel=\"noopener\" data-tracking=\"{}\">\u00e9pargne salariale<\/a>\u00a0(<a class=\"url-alias-convert\" title=\"\u00ab travail-emploi.gouv.fr \u00bb dans une nouvelle fen\u00eatre\" href=\"https:\/\/travail-emploi.gouv.fr\/droit-du-travail\/l-epargne-salariale\/article\/les-plans-d-epargne-salariale\" target=\"_blank\" rel=\"noopener\" data-tracking=\"{}\">PEE, PEI, P\u00c8RE-CO, PERE-CO-I, PERCO, PERCO-I<\/a>),<\/li>\n<li>ou au versement de la\u00a0<a class=\"url-alias-convert\" title=\"www.economie.gouv.fr\" href=\"https:\/\/www.economie.gouv.fr\/entreprises\/prime-partage-valeur\" target=\"_blank\" rel=\"noopener\" data-tracking=\"{}\">prime de partage de la valeur<\/a>.<\/li>\n<\/ul>\n<p>Cette obligation s\u2019applique aux exercices ouverts \u00e0 compter du 1<sup>er<\/sup>\u00a0janvier 2025.<\/p>\n<p>Les exercices 2022, 2023\u00a0et 2024\u00a0sont pris en compte pour l\u2019appr\u00e9ciation du respect de la condition relative \u00e0 la r\u00e9alisation du b\u00e9n\u00e9fice net fiscal.<\/p>\n<p class=\"text-align-center\"><strong><a class=\"url-alias-convert\" title=\"\u00ab travail-emploi.gouv.fr \u00bb dans une nouvelle fen\u00eatre\" href=\"https:\/\/travail-emploi.gouv.fr\/epargne-salariale-partage-de-la-valeur-principes-generaux\" target=\"_blank\" rel=\"noopener\" data-tracking=\"{}\">En savoir plus sur le partage obligatoire de la valeur en entreprise<\/a><\/strong><\/p>\n<h4><em>Aide \u00e0 l\u2019embauche d\u2019un apprenti<\/em><\/h4>\n<p>L\u2019aide exceptionnelle aux entreprises recourant \u00e0 l\u2019apprentissage est reconduite en janvier 2025. Dans le courant du mois de janvier 2025, un d\u00e9cret d\u00e9terminera l\u2019aide au recrutement d\u2019apprentis selon les nouvelles modalit\u00e9s suivantes :<\/p>\n<ul>\n<li>6 000 \u20ac maximum pour le recrutement d\u2019apprentis en situation de handicap,<\/li>\n<li>5 000 \u20ac maximum pour les entreprises de moins de 250 salari\u00e9s,<\/li>\n<li>2 000 \u20ac maximum pour les entreprises de 250 salari\u00e9s et plus.<\/li>\n<\/ul>\n<p>Par ailleurs,\u00a0<a class=\"url-alias-convert\" title=\"\u00ab travail-emploi.gouv.fr \u00bb dans une nouvelle fen\u00eatre\" href=\"https:\/\/travail-emploi.gouv.fr\/laide-aux-employeurs-qui-recrutent-en-apprentissage\" target=\"_blank\" rel=\"noopener\" data-tracking=\"{}\">comme l\u2019indique le minist\u00e8re du Travail<\/a>, dans l&#8217;attente de la publication du d\u00e9cret, pour tous les contrats d&#8217;apprentissage conclus \u00e0 partir du 1<sup>er<\/sup>\u00a0janvier 2025, une aide de 6 000 \u20ac maximum est accord\u00e9e pour la premi\u00e8re ann\u00e9e d&#8217;ex\u00e9cution du contrat pour la pr\u00e9paration d&#8217;un titre ou dipl\u00f4me jusqu&#8217;au niveau baccalaur\u00e9at (bac+2 pour les Outre-mer), uniquement pour les entreprises de moins de 250 salari\u00e9s.<\/p>\n<p class=\"text-align-center\"><strong><a class=\"url-alias-convert\" title=\"travail-emploi.gouv.fr\" href=\"https:\/\/www.economie.gouv.fr\/entreprises\/aides-embauche-apprenti\" data-tracking=\"{}\">En savoir plus sur l&#8217;aide \u00e0 l&#8217;embauche d&#8217;un apprenti<\/a><\/strong><\/p>\n<h3>Fiscalit\u00e9<\/h3>\n<h4><em>\u00c9volution des taxes sur l&#8217;affectation des v\u00e9hicules \u00e0 des fins \u00e9conomiques<\/em><\/h4>\n<p>\u00c0 compter du 1<sup>\u1d49\u02b3<\/sup>\u00a0janvier 2025, les taxes sur l&#8217;affectation des v\u00e9hicules \u00e0 des fins \u00e9conomiques, anciennement connues sous le nom de taxe sur les v\u00e9hicules de soci\u00e9t\u00e9 (TVS), subiront plusieurs modifications importantes\u00a0:<\/p>\n<ul>\n<li>les tarifs relatifs \u00e0 la taxe annuelle sur les \u00e9missions de CO\u2082 augmentent et \u00e9voluent,<\/li>\n<li>les v\u00e9hicules hybrides ne seront plus exon\u00e9r\u00e9s de la taxe annuelle sur les \u00e9missions de CO\u2082,<\/li>\n<li>la d\u00e9finition des v\u00e9hicules soumis \u00e0 ces taxes sera \u00e9galement modifi\u00e9e, notamment pour les v\u00e9hicules de type \u00ab\u00a0camionnette\u00a0\u00bb (cat\u00e9gorie N1).<\/li>\n<\/ul>\n<p class=\"text-align-center\"><strong><a class=\"url-alias-convert\" href=\"https:\/\/www.economie.gouv.fr\/entreprises\/taxes-affectation-des-vehicules-fins-economiques\" target=\"_blank\" rel=\"noopener\" data-tracking=\"{}\">En savoir plus sur les taxes sur l&#8217;affectation des v\u00e9hicules \u00e0 des fins \u00e9conomiques<\/a><\/strong><\/p>\n<h4><em>Nouveaux taux du versement mobilit\u00e9<\/em><\/h4>\n<p>Les taux du versement mobilit\u00e9 sont r\u00e9\u00e9valu\u00e9s deux fois par an : le 1<sup>er<\/sup>\u00a0janvier et le 1<sup>er<\/sup>\u00a0juillet. Ainsi, au 1<sup>er<\/sup>\u00a0janvier 2025, le champ d&#8217;application et le taux de versement mobilit\u00e9 \u00e9voluent.<\/p>\n<p class=\"text-align-center\"><strong><a class=\"url-alias-convert\" href=\"https:\/\/www.economie.gouv.fr\/entreprises\/versement-mobilite-transport\" target=\"_blank\" rel=\"noopener\" data-tracking=\"{}\">En savoir plus sur le versement mobilit\u00e9<\/a><\/strong><\/p>\n<h4><em>\u00c9volution des r\u00e8gles du r\u00e9gime franchise en base de TVA<\/em><\/h4>\n<p>Un nouveau d\u00e9cret, en vigueur au 1<sup>er<\/sup>\u00a0janvier 2025, d\u00e9finit de nouvelles r\u00e8gles pour le r\u00e9gime de franchise en base de taxe sur la valeur ajout\u00e9e (TVA) en France, tout en alignant ces dispositions sur les \u00e9volutions europ\u00e9ennes.<\/p>\n<p class=\"text-align-center\"><strong><a class=\"url-alias-convert\" href=\"https:\/\/www.economie.gouv.fr\/entreprises\/franchise-tva-entreprises\" target=\"_blank\" rel=\"noopener\" data-tracking=\"{}\">En savoir plus sur la franchise en base de TVA<\/a><\/strong><\/p>\n<h4><em>\u00c9volution des plafonds d&#8217;exon\u00e9rations de CFE dans les zones urbaines en difficult\u00e9<\/em><\/h4>\n<p>Les entreprises situ\u00e9es dans des zones urbaines en difficult\u00e9 b\u00e9n\u00e9ficient d\u2019exon\u00e9rations temporaires de cotisation fonci\u00e8re des entreprises\u00a0(CFE). Les plafonds de ces exon\u00e9rations seront relev\u00e9s pour l\u2019ann\u00e9e\u00a02025.<\/p>\n<p class=\"text-align-center\"><strong><a class=\"url-alias-convert\" title=\"\u00ab service-public.fr \u00bb dans une nouvelle fen\u00eatre\" href=\"https:\/\/www.service-public.fr\/entreprendre\/actualites\/A17911\" target=\"_blank\" rel=\"noopener\" data-tracking=\"{}\">En savoir plus<\/a><\/strong><\/p>\n<h2 id=\"mesures-applicables-en-suspens_1\">Mesures applicables en suspens<\/h2>\n<div class=\"paragraph--type--bloc-bloc-de-texte-encadre- titre--like\">\n<p class=\"field--name-field-titre\">Qu\u2019entendre par \u00ab mesures applicables en suspens \u00bb ?<\/p>\n<div class=\"field--name-field-contenu-libre\">Qu&#8217;est-ce que des \u00ab mesures applicables en suspens \u00bb ? Ce sont des r\u00e8gles qui sont en vigueur pour le moment, mais qui pourraient changer. En effet, ces r\u00e8gles pourraient \u00eatre modifi\u00e9es \u00e0 nouveau si un nouveau budget est adopt\u00e9 en 2025. Consultez \u00e9galement notre article\u00a0<a class=\"url-alias-convert\" href=\"https:\/\/www.economie.gouv.fr\/actualites\/mesures-fiscales-quelles-positions-seront-defendues-par-le-gouvernement-en-vue-de-la-loi\" data-tracking=\"{}\">Mesures fiscales : quelles positions seront d\u00e9fendues par le Gouvernement en vue de la loi de finances pour 2025 ?<\/a>\u00a0pour en savoir plus.<\/div>\n<\/div>\n<h3>Fiscalit\u00e9<\/h3>\n<h4><em>Fin du dispositif d&#8217;exon\u00e9ration d&#8217;imp\u00f4t en zones franches urbaines \u2013 territoires entrepreneurs (ZFU-TE)<\/em><\/h4>\n<p>Le dispositif d\u2019exon\u00e9ration d\u2019imp\u00f4t en zones franches urbaines ne sera plus disponible au 1<sup>er<\/sup>\u00a0janvier 2025, en l&#8217;absence de loi de finances le prorogeant.<\/p>\n<p>Ce dernier permettait aux entreprises implant\u00e9es dans les ZFU-TE de b\u00e9n\u00e9ficier d\u2019une exon\u00e9ration d&#8217;imp\u00f4t sur les b\u00e9n\u00e9fices (<a class=\"url-alias-convert\" href=\"https:\/\/www.economie.gouv.fr\/entreprises\/impot-societes-IS\" target=\"_blank\" rel=\"noopener\" data-tracking=\"{}\">imp\u00f4t sur les soci\u00e9t\u00e9s<\/a>\u00a0ou\u00a0<a class=\"url-alias-convert\" href=\"https:\/\/www.economie.gouv.fr\/entreprises\/impot-sur-revenu-bic-bnc\" target=\"_blank\" rel=\"noopener\" data-tracking=\"{}\">imp\u00f4t sur le revenu<\/a>) pendant cinq\u00a0ans aux entreprises implant\u00e9es dans ces zones.<\/p>\n<p>Toutefois, notez que les exon\u00e9rations sont toujours valables pour les cr\u00e9ations ou extensions d&#8217;entreprises intervenant jusqu&#8217;au 31 d\u00e9cembre 2024.<\/p>\n<p>D\u2019ailleurs, les plafonds d&#8217;exon\u00e9rations de CFE pour les entreprises situ\u00e9es dans une zone urbaine en difficult\u00e9 ont \u00e9t\u00e9 r\u00e9\u00e9valu\u00e9s \u00e0 la hausse (+3,6\u00a0%) compte tenu de la variation des prix constat\u00e9e par l\u2019Insee.<\/p>\n<p class=\"text-align-center\"><strong><a class=\"url-alias-convert\" href=\"https:\/\/www.economie.gouv.fr\/entreprises\/zones-franches-urbaines-zfu-te-avantages-impots\" target=\"_blank\" rel=\"noopener\" data-tracking=\"{}\">En savoir plus sur le dispositif ZFU-TE<\/a><\/strong><\/p>\n<p class=\"text-align-center\"><strong><a class=\"url-alias-convert\" title=\"\u00ab entreprendre.service-public.fr \u00bb dans une nouvelle fen\u00eatre\" href=\"https:\/\/entreprendre.service-public.fr\/actualites\/A17911\" target=\"_blank\" rel=\"noopener\" data-tracking=\"{}\">En savoir plus sur la revalorisation des plafonds d\u2019exon\u00e9rations de CFE<\/a><\/strong><\/p>\n<h4><em>Fin du dispositif d\u2019exon\u00e9ration fiscale pour les entreprises implant\u00e9es dans les quartiers prioritaires de la ville (QPV)<\/em><\/h4>\n<p>Le dispositif d\u2019all\u00e9gement fiscal destin\u00e9 aux entreprises s\u2019implantant dans quartiers urbains en difficult\u00e9 ne sera plus disponible au 1<sup>er<\/sup>\u00a0janvier 2025, en l&#8217;absence de loi de finances le prorogeant.<\/p>\n<p>Toutefois, notez que les exon\u00e9rations sont toujours valables pour les cr\u00e9ations ou extensions d&#8217;entreprises intervenant jusqu&#8217;au 31 d\u00e9cembre 2024.<\/p>\n<p>D\u2019ailleurs, les plafonds d&#8217;exon\u00e9rations de CFE pour les entreprises situ\u00e9es dans une zone urbaine en difficult\u00e9 ont \u00e9t\u00e9 r\u00e9\u00e9valu\u00e9s \u00e0 la hausse (+3,6\u00a0%) compte tenu de la variation des prix constat\u00e9e par l\u2019Insee.<\/p>\n<p class=\"text-align-center\"><strong><a class=\"url-alias-convert\" href=\"https:\/\/www.economie.gouv.fr\/entreprises\/exoneration-impots-locaux-quartiers-prioritaires-politique-ville-qpv\" target=\"_blank\" rel=\"noopener\" data-tracking=\"{}\">En savoir plus sur le dispositif QPV<\/a><\/strong><\/p>\n<p class=\"text-align-center\"><strong><a class=\"url-alias-convert\" title=\"\u00ab entreprendre.service-public.fr \u00bb dans une nouvelle fen\u00eatre\" href=\"https:\/\/entreprendre.service-public.fr\/actualites\/A17911\" target=\"_blank\" rel=\"noopener\" data-tracking=\"{}\">En savoir plus sur la revalorisation des plafonds d\u2019exon\u00e9rations de CFE<\/a><\/strong><\/p>\n<h4><em>Fin du dispositif d\u2019exon\u00e9ration d\u2019imp\u00f4t pour les entreprises implant\u00e9es dans des bassins d\u2019emploi \u00e0 redynamiser (BER)<\/em><\/h4>\n<p>Le dispositif d\u2019exon\u00e9rations fiscales et sociales destin\u00e9 aux entreprises s\u2019implantant dans des territoires dits en BER ne sera plus disponible au 1<sup>er<\/sup>\u00a0janvier 2025, en l&#8217;absence de loi de finances le prorogeant.<\/p>\n<p class=\"text-align-center\"><strong><a class=\"url-alias-convert\" href=\"https:\/\/www.economie.gouv.fr\/entreprises\/exonerations-impots-bassin-emploi-a-redynamiser-ber\" target=\"_blank\" rel=\"noopener\" data-tracking=\"{}\">En savoir plus sur le dispositif BER<\/a><\/strong><\/p>\n<div class=\"paragraph--type--bloc-bloc-de-texte-encadre- titre--like\">\n<p class=\"field--name-field-titre\">\u00c0 savoir<\/p>\n<div class=\"field--name-field-contenu-libre\">\n<p>Pour les entreprises s\u2019installant dans des zones vis\u00e9es par des encouragements fiscaux, le Gouvernement soutiendra l\u2019adoption dans le futur projet de loi de finances pour 2025 de :<\/p>\n<ul>\n<li>l\u2019octroi des avantages propres au zonage France Revitalisation Rurale (FRR) pour les entreprises install\u00e9es \u00e0 compter du 1<sup>er\u00a0<\/sup>juillet 2024 dans les communes anciennement class\u00e9es en ZRR et sorties du classement FRR,<\/li>\n<li>la reconduction pour les installations d\u2019entreprises en 2025 des avantages fiscaux inh\u00e9rents aux Zones Franches Urbaines (ZFU) et QPV (Quartiers Prioritaires de la Ville) tels qu\u2019ils s\u2019appliquaient aux installations d\u2019entreprises jusqu\u2019au 31 d\u00e9cembre 2024,<\/li>\n<li>la reconductions des avantages propres aux Bassins d\u2019Emploi \u00e0 Redynamiser (BER) pour les entreprises qui s\u2019y installeront jusqu\u2019en 2027.<\/li>\n<\/ul>\n<p><a class=\"url-alias-convert\" href=\"https:\/\/www.economie.gouv.fr\/actualites\/mesures-fiscales-quelles-positions-seront-defendues-par-le-gouvernement-en-vue-de-la-loi\" data-tracking=\"{}\">Consultez notre article pour en savoir plus<\/a>.<\/p>\n<\/div>\n<\/div>\n<h3>Ressources humaines<\/h3>\n<h4><em>Exon\u00e9ration des frais de transport des salari\u00e9s\u00a0: retour au taux l\u00e9gal obligatoire de 50\u00a0%<\/em><\/h4>\n<p>Depuis ao\u00fbt 2022, la prise en charge des frais de transports publics est exon\u00e9r\u00e9e de cotisations sociales jusqu&#8217;\u00e0 75\u00a0% du co\u00fbt des titres d&#8217;abonnement pour le salari\u00e9.<\/p>\n<p>En l&#8217;absence de l&#8217;adoption du budget 2025, la prolongation de cette mesure au-del\u00e0 du 31 d\u00e9cembre 2024 n&#8217;a pas \u00e9t\u00e9 valid\u00e9e. Par cons\u00e9quent, \u00e0 compter du 1\u1d49\u02b3 janvier 2025, la prise en charge des frais de transport par l&#8217;employeur reviendra donc au taux l\u00e9gal obligatoire de 50\u00a0%.<\/p>\n<p class=\"text-align-center\"><strong><a class=\"url-alias-convert\" href=\"https:\/\/www.economie.gouv.fr\/entreprises\/frais-transport-salaries\" target=\"_blank\" rel=\"noopener\" data-tracking=\"{}\">En savoir plus sur les frais de transports des salari\u00e9s<\/a><\/strong><\/p>\n<h3>Aides publiques et financements<\/h3>\n<h4><em>Fin du cr\u00e9dit d\u2019imp\u00f4t innovation (CII)<\/em><\/h4>\n<p>Le cr\u00e9dit d&#8217;imp\u00f4t Innovation (CII), destin\u00e9 \u00e0 soutenir les PME dans leurs projets innovants, ne sera pas prolong\u00e9 au-del\u00e0 du 31 d\u00e9cembre 2024 en raison de l&#8217;absence d&#8217;adoption du budget 2025.<\/p>\n<p class=\"text-align-center\"><strong><a class=\"url-alias-convert\" href=\"https:\/\/www.economie.gouv.fr\/entreprises\/credit-impot-innovation\" target=\"_blank\" rel=\"noopener\" data-tracking=\"{}\">En savoir plus sur le cr\u00e9dit d\u2019imp\u00f4t innovation<\/a><\/strong><\/p>\n<div class=\"paragraph--type--bloc-bloc-de-texte-encadre- titre--like\">\n<p class=\"field--name-field-titre\">\u00c0 savoir<\/p>\n<div class=\"field--name-field-contenu-libre\">\n<p>Pour le cr\u00e9dit d\u2019imp\u00f4t innovation (CII), le Gouvernement appuiera une reconduction de la d\u00e9pense fiscale \u00e0 compter du 1er janvier, mais avec un taux d\u2019aide ramen\u00e9 de 30 % \u00e0 20 %.\u00a0<a class=\"url-alias-convert\" href=\"https:\/\/www.economie.gouv.fr\/actualites\/mesures-fiscales-quelles-positions-seront-defendues-par-le-gouvernement-en-vue-de-la-loi\" data-tracking=\"{}\">En savoir plus<\/a><\/p>\n<\/div>\n<\/div>\n<h4><em>Fin du cr\u00e9dit d&#8217;imp\u00f4t pour la formation des dirigeants<\/em><\/h4>\n<p>Le cr\u00e9dit d\u2019imp\u00f4t pour la formation des dirigeants d&#8217;entreprise prendra fin au 31 d\u00e9cembre 2024 en l\u2019absence de prolongation habituellement pr\u00e9cis\u00e9e dans la loi de finances.<\/p>\n<p>Instaur\u00e9 en 2006, il permet aux entreprises de b\u00e9n\u00e9ficier d&#8217;un avantage fiscal lorsqu&#8217;elles engagent des d\u00e9penses pour la formation de leurs dirigeants.<\/p>\n<\/div>\n<\/div>\n<\/article>\n<\/div>\n","protected":false},"excerpt":{"rendered":"<p>Chaque ann\u00e9e apporte son lot de changements. 2025 marque un raidissement du contexte pour suivre la volont\u00e9 gouvernementale d&#8217;assainie les comptes publics ! Ce point d&#8217;exclamation (!)sera notre seul commentaire. Vous trouverez ci-dessous les&#8230;<\/p>\n","protected":false},"author":2,"featured_media":0,"comment_status":"closed","ping_status":"closed","sticky":false,"template":"","format":"standard","meta":{"_mi_skip_tracking":false,"_monsterinsights_sitenote_active":false,"_monsterinsights_sitenote_note":"","_monsterinsights_sitenote_category":0},"categories":[5],"tags":[],"_links":{"self":[{"href":"https:\/\/sndll.info\/index.php?rest_route=\/wp\/v2\/posts\/6946"}],"collection":[{"href":"https:\/\/sndll.info\/index.php?rest_route=\/wp\/v2\/posts"}],"about":[{"href":"https:\/\/sndll.info\/index.php?rest_route=\/wp\/v2\/types\/post"}],"author":[{"embeddable":true,"href":"https:\/\/sndll.info\/index.php?rest_route=\/wp\/v2\/users\/2"}],"replies":[{"embeddable":true,"href":"https:\/\/sndll.info\/index.php?rest_route=%2Fwp%2Fv2%2Fcomments&post=6946"}],"version-history":[{"count":2,"href":"https:\/\/sndll.info\/index.php?rest_route=\/wp\/v2\/posts\/6946\/revisions"}],"predecessor-version":[{"id":7014,"href":"https:\/\/sndll.info\/index.php?rest_route=\/wp\/v2\/posts\/6946\/revisions\/7014"}],"wp:attachment":[{"href":"https:\/\/sndll.info\/index.php?rest_route=%2Fwp%2Fv2%2Fmedia&parent=6946"}],"wp:term":[{"taxonomy":"category","embeddable":true,"href":"https:\/\/sndll.info\/index.php?rest_route=%2Fwp%2Fv2%2Fcategories&post=6946"},{"taxonomy":"post_tag","embeddable":true,"href":"https:\/\/sndll.info\/index.php?rest_route=%2Fwp%2Fv2%2Ftags&post=6946"}],"curies":[{"name":"wp","href":"https:\/\/api.w.org\/{rel}","templated":true}]}}