{"id":6993,"date":"2025-02-15T11:27:11","date_gmt":"2025-02-15T10:27:11","guid":{"rendered":"https:\/\/sndll.info\/?p=6993"},"modified":"2025-02-06T11:41:32","modified_gmt":"2025-02-06T10:41:32","slug":"calcul-des-effectifs-dune-entreprise-e-t-p","status":"publish","type":"post","link":"https:\/\/sndll.info\/?p=6993","title":{"rendered":"CALCUL DES EFFECTIFS D&#8217;UNE ENTREPRISE\/ E.T.P. ??? \ud83d\udc4d\ud83d\udc4d\ud83d\udc4d\ud83d\udc4c"},"content":{"rendered":"<p>Le calcul des effectifs d&#8217;une entreprise, surtout comme les n\u00f4tres o\u00f9 beaucoup d&#8217;emplois ne sont pas \u00e0 temps plein ou sont m\u00eames d\u00e9l\u00e9gu\u00e9s \u00e0 des entreprises ext\u00e9rieures, n&#8217;est pas ais\u00e9.<\/p>\n<p>Ci-dessous un point complet pour vous permettre d&#8217;y voir clair.<\/p>\n<p>Notamment certains services de M\u00e9decine du Travail ont tendance \u00e0 majorer les effectifs pour facturer davantage.<\/p>\n<p>Bon usage.<\/p>\n<h1 id=\"titlePage\" data-test=\"titre-page\">Comment calculer les effectifs d&#8217;une entreprise\u00a0?<\/h1>\n<div id=\"intro\" class=\"sp-entete-etape fr-mb-6w\" aria-hidden=\"false\">\n<p class=\"fr-text--lg\">Le calcul des effectifs d&#8217;une entreprise est indispensable pour conna\u00eetre les obligations et les cotisations sociales de l&#8217;employeur. Seules les personnes qui sont li\u00e9es \u00e0 l&#8217;entreprise par un contrat de travail au cours de l&#8217;ann\u00e9e pass\u00e9e sont prises en compte. Certaines cat\u00e9gories de salari\u00e9s sont exclues du d\u00e9compte. Les effectifs de tous les \u00e9tablissements sont additionn\u00e9s.<\/p>\n<\/div>\n<div id=\"expired\" class=\"fr-my-4w\" aria-hidden=\"false\" data-test=\"div-content-fiche\">\n<div class=\"sp-intro-content\" data-test=\"spacing\">\n<div class=\"fr-highlight fr-my-4w fr-ml-0 sp-bg-white fr-py-1w\" data-test=\"citation\" data-fr-js-highlight-actionee=\"true\">\n<p class=\"fr-text--bold\">\u00c0 noter<\/p>\n<p>L&#8217;<strong>Urssaf<\/strong>\u00a0calcule les effectifs de l&#8217;entreprise d&#8217;apr\u00e8s les donn\u00e9es fournies par l&#8217;employeur sur sa\u00a0<strong><a title=\"D\u00e9claration sociale nominative (DSN)\" href=\"https:\/\/entreprendre.service-public.fr\/vosdroits\/F34059\" target=\"_blank\" rel=\"noopener\">d\u00e9claration sociale nominative (DSN)<\/a><\/strong>. Ces donn\u00e9es sont consultables sur le\u00a0<a title=\"Cr\u00e9er votre espace (compte) Urssaf en ligne\" href=\"https:\/\/entreprendre.service-public.fr\/vosdroits\/R14267\" target=\"_blank\" rel=\"noopener\">compte Urssaf (espace en ligne)<\/a>\u00a0de chaque entreprise.<\/p>\n<\/div>\n<\/div>\n<div class=\"sp-chapter-intro fr-mb-3w\">\n<div class=\"sp-chapter-intro-btn rs_skip\" style=\"text-align: center;\"><span style=\"color: #000000; font-family: Arial;\"><span style=\"font-size: 13.3333px; background-color: #f0f0f0;\">\u00a0<\/span><\/span><\/div>\n<\/div>\n<div data-toggle-scope-seeall=\"chapters\">\n<div class=\"sp-chapter\" data-test=\"div-chapter\">\n<div class=\"fiche-item-title\">\n<h2 class=\"sp-chapter-title\"><button id=\"fiche-item-aria-1\" class=\"sp-btn sp-btn-collapse\" type=\"button\" data-toggle=\"collapse\" aria-expanded=\"true\" data-target=\"#fiche-item-1\" aria-controls=\"fiche-item-1\"><span class=\"fr-text--lg fr-mb-0 sp-chapter-btn-container\"><span class=\"sp-chapter-btn-text\">Pourquoi est-ce utile de calculer le nombre de salari\u00e9s d&#8217;une entreprise\u00a0?<\/span><\/span><\/button><\/h2>\n<\/div>\n<div id=\"fiche-item-1\" class=\"fiche-item-content sp-chapter-collapse collapse show\" aria-labelledby=\"fiche-item-aria-1\" aria-hidden=\"false\">\n<div class=\"sp-chapter-content\">\n<p data-test=\"contenu-texte\">Le nombre de salari\u00e9s d&#8217;une entreprise d\u00e9termine les principaux \u00e9l\u00e9ments suivants\u00a0:<\/p>\n<ul class=\"sp-item-list\">\n<li>Montant des cotisations et p\u00e9riodicit\u00e9 de leur paiement (par exemple, le\u00a0<a title=\"R\u00e9duction g\u00e9n\u00e9rale des cotisations patronales (ex-r\u00e9duction Fillon)\" href=\"https:\/\/entreprendre.service-public.fr\/vosdroits\/F24542\" target=\"_blank\" rel=\"noopener\">calcul de la r\u00e9duction g\u00e9n\u00e9rale des cotisations<\/a>)<\/li>\n<li>Obligations d\u00e9claratives (embauche,\u00a0<abbr class=\"tool-tip\" tabindex=\"0\" data-toggle=\"tooltip\" data-sigle=\"R57979\" data-original-title=\"DOETH\u00a0:\u00a0D\u00e9claration obligatoire d'emploi de travailleurs handicap\u00e9s\">DOETH<span class=\"fr-sr-only\">: DOETH\u00a0:\u00a0D\u00e9claration obligatoire d&#8217;emploi de travailleurs handicap\u00e9s<\/span><\/abbr>)<\/li>\n<li>Obligations sociales envers les employ\u00e9s (par exemple,\u00a0<a title=\"Comit\u00e9 social et \u00e9conomique (CSE)\" href=\"https:\/\/entreprendre.service-public.fr\/vosdroits\/F34474\" target=\"_blank\" rel=\"noopener\">mise en place d&#8217;un comit\u00e9 social \u00e9conomique (CSE)<\/a>,\u00a0<a title=\"Qu'est-ce que le document unique d'\u00e9valuation des risques professionnels\u00a0(DUERP)\u00a0?\" href=\"https:\/\/entreprendre.service-public.fr\/vosdroits\/F35360\" target=\"_blank\" rel=\"noopener\">modalit\u00e9s du DUERP,<\/a>\u00a0<a title=\"L'employeur doit-il am\u00e9nager un espace pour la pause d\u00e9jeuner des salari\u00e9s\u00a0?\" href=\"https:\/\/entreprendre.service-public.fr\/vosdroits\/F1731\" target=\"_blank\" rel=\"noopener\">local d\u00e9jeuner<\/a>,\u00a0<a title=\"\u00c9lections du CSE dans les entreprises de 11 salari\u00e9s et plus\" href=\"https:\/\/entreprendre.service-public.fr\/vosdroits\/F23513\" target=\"_blank\" rel=\"noopener\">\u00e9lections de repr\u00e9sentants du personnel<\/a>, etc.)<\/li>\n<li>D\u00e9termination de certaines contributions (par exemple,\u00a0<a title=\"Versement mobilit\u00e9\" href=\"https:\/\/entreprendre.service-public.fr\/vosdroits\/F31031\" target=\"_blank\" rel=\"noopener\">versement mobilit\u00e9<\/a>,\u00a0<a title=\"Forfait social\" href=\"https:\/\/entreprendre.service-public.fr\/vosdroits\/F31532\" target=\"_blank\" rel=\"noopener\">forfait social<\/a>,\u00a0<a title=\"contribution au Fnal - boss.gouv.fr - Nouvelle fen\u00eatre\" href=\"https:\/\/boss.gouv.fr\/portail\/accueil\/regles-dassujettissement\/effectif.html#titre-chapitre-4---neutralisation-des-section-3---articulation-avec-le-c-a-la-contribution-fnal\" target=\"_blank\" rel=\"noopener noreferrer\">contribution au Fnal<\/a>\u00a0,\u00a0<a title=\"Contribution \u00e0 la formation professionnelle (CFP)\" href=\"https:\/\/entreprendre.service-public.fr\/vosdroits\/F22570\" target=\"_blank\" rel=\"noopener\">contribution \u00e0 la formation professionnelle (CFP)<\/a>, etc.)<\/li>\n<li>D\u00e9termination de certaines exon\u00e9rations (par exemple,\u00a0<a title=\"Zones de revitalisation rurale (ZRR) et France ruralit\u00e9s revitalisation (FRR et FRR+)\u00a0: exon\u00e9rations sociales\" href=\"https:\/\/entreprendre.service-public.fr\/vosdroits\/F31048\" target=\"_blank\" rel=\"noopener\">exon\u00e9ration de cotisations en ZRR ou en zones FRR<\/a>, d\u00e9duction forfaitaire pour le paiement des heures suppl\u00e9mentaires, etc.)<\/li>\n<\/ul>\n<\/div>\n<\/div>\n<\/div>\n<div class=\"sp-chapter\" data-test=\"div-chapter\">\n<div class=\"fiche-item-title\">\n<h2 class=\"sp-chapter-title\"><button id=\"fiche-item-aria-2\" class=\"sp-btn sp-btn-collapse\" type=\"button\" data-toggle=\"collapse\" aria-expanded=\"true\" data-target=\"#fiche-item-2\" aria-controls=\"fiche-item-2\"><span class=\"fr-text--lg fr-mb-0 sp-chapter-btn-container\"><span class=\"sp-chapter-btn-text\">Qu&#8217;est-ce qu&#8217;un ETP, l&#8217;effectif global, l&#8217;effectif moyen annuel et mensuel\u00a0?<\/span><\/span><\/button><\/h2>\n<\/div>\n<div id=\"fiche-item-2\" class=\"fiche-item-content sp-chapter-collapse collapse show\" aria-labelledby=\"fiche-item-aria-2\" aria-hidden=\"false\">\n<div class=\"sp-chapter-content\">\n<div>\n<h4 class=\"fr-h5\">\u00c9quivalent temps plein (ETP) et dur\u00e9e l\u00e9gale de travail<\/h4>\n<h5 class=\"fr-h6\">\u00c9quivalent temps plein (ETP)<\/h5>\n<p data-test=\"contenu-texte\">Un\u00a0<strong>ETP<\/strong>\u00a0est une unit\u00e9 de mesure\u00a0<strong>proportionnelle<\/strong>\u00a0au nombre d&#8217;<strong>heures travaill\u00e9es<\/strong>\u00a0sur une ann\u00e9e par un salari\u00e9 \u00e0 temps plein.<\/p>\n<p data-test=\"contenu-texte\">Il s&#8217;agit des salari\u00e9s ayant un contrat de travail avec l&#8217;entreprise, m\u00eame s&#8217;ils sont absents momentan\u00e9ment (maternit\u00e9, maladie, cong\u00e9s, formation, etc.).<\/p>\n<p data-test=\"contenu-texte\">L&#8217;ETP sert \u00e0 calculer l&#8217;effectif moyen mensuel.<\/p>\n<div class=\"sp-example fr-mb-4w\" data-test=\"div-exemple\">\n<p class=\"sp-example-title\">Exemple\u00a0:<\/p>\n<p data-test=\"contenu-texte\">1 salari\u00e9 \u00e0 mi-temps sur 12 mois = 0,5 ETP pour l&#8217;ann\u00e9e<\/p>\n<p data-test=\"contenu-texte\">2 salari\u00e9s \u00e0 mi-temps sur 12 mois = 1 ETP (0,5 ETP x 2) pour l&#8217;ann\u00e9e<\/p>\n<p data-test=\"contenu-texte\">1 salari\u00e9 \u00e0 temps plein sur 6 mois = 0,5 ETP pour l&#8217;ann\u00e9e<\/p>\n<\/div>\n<h5 class=\"fr-h6\">Dur\u00e9e mensuelle l\u00e9gale de travail<\/h5>\n<p data-test=\"contenu-texte\">L&#8217;\u00e9quivalent temps plein (ETP) est calcul\u00e9 \u00e0 partir de la dur\u00e9e mensuelle l\u00e9gale de travail, \u00e9gale \u00e0\u00a0<strong>151,67 heures par mois<\/strong>.<\/p>\n<p data-test=\"contenu-texte\">La dur\u00e9e mensuelle l\u00e9gale de travail (\u00e9gale \u00e0 151,67 heures) est une moyenne rapport\u00e9e \u00e0 l&#8217;ann\u00e9e. Elle diff\u00e8re donc de la dur\u00e9e de 35 heures hebdomadaires multipli\u00e9e par 4 semaines.<\/p>\n<p data-test=\"contenu-texte\">Elle est\u00a0<strong>calcul\u00e9e de la fa\u00e7on suivante<\/strong>\u00a0: 35\u00a0heures hebdomadaires x 52\u00a0semaines = 1\u00a0820\u00a0heures pour l&#8217;ann\u00e9e, ce qui fait 1\u00a0820\u00a0h\/12\u00a0mois = 151,67\u00a0heures par mois.<\/p>\n<\/div>\n<div>\n<h4 class=\"fr-h5\">Effectif global<\/h4>\n<p data-test=\"contenu-texte\">L&#8217;effectif global sert \u00e0 d\u00e9terminer les cotisations dues par l&#8217;entreprise et la p\u00e9riodicit\u00e9 de ces cotisations.<\/p>\n<p data-test=\"contenu-texte\">L&#8217;effectif salari\u00e9 annuel est d\u00e9termin\u00e9 au 1<sup>er<\/sup>\u00a0janvier. Pour calculer l&#8217;effectif global, il faut prendre en compte le nombre de salari\u00e9s pr\u00e9sents dans l&#8217;entreprise au cours des mois civils de l&#8217;ann\u00e9e pass\u00e9e. Le calcul s&#8217;effectue sur les effectifs de tous les \u00e9tablissements de l&#8217;entreprise confondus.<\/p>\n<p data-test=\"contenu-texte\">Il s&#8217;agit des salari\u00e9s ayant un contrat de travail avec l&#8217;entreprise, m\u00eame s&#8217;ils sont absents momentan\u00e9ment (maternit\u00e9, maladie, cong\u00e9s, formation, etc.).<\/p>\n<p data-test=\"contenu-texte\">Chaque salari\u00e9 compte pour une\u00a0<strong>unit\u00e9<\/strong>,\u00a0<strong>quelles que soient la dur\u00e9e et les conditions de travail<\/strong>.<\/p>\n<\/div>\n<div>\n<h4 class=\"fr-h5\">Effectif moyen mensuel (EMM) et effectif moyen annuel\u00a0(EMA)<\/h4>\n<p data-test=\"contenu-texte\">L&#8217;effectif moyen annuel (EMA) et l&#8217;effectif moyen mensuel (EMM) servent \u00e0 d\u00e9terminer le\u00a0<strong>type de cotisations<\/strong>\u00a0que l&#8217;entreprise\u00a0<strong>doit ou non payer<\/strong>\u00a0et les\u00a0<strong>obligations sociales<\/strong>\u00a0auxquelles elle est soumise.<\/p>\n<p data-test=\"contenu-texte\">Ils sont calcul\u00e9s en\u00a0<strong>nombre d&#8217;ETP<\/strong>\u00a0(\u00e9quivalent temps plein).<\/p>\n<p data-test=\"contenu-texte\">Il s&#8217;agit d&#8217;<strong>une moyenne<\/strong>\u00a0rapport\u00e9e \u00e0 l&#8217;ann\u00e9e et au mois.<\/p>\n<p data-test=\"contenu-texte\">Pour calculer l&#8217;effectif moyen annuel (EMA), il faut d&#8217;abord calculer l&#8217;effectif moyen mensuel (EMM) pour chaque mois de l&#8217;ann\u00e9e pass\u00e9e.<\/p>\n<p data-test=\"contenu-texte\">Ces effectifs sont calcul\u00e9s par l&#8217;<strong>Urssaf<\/strong>\u00a0d&#8217;apr\u00e8s les donn\u00e9es remplies par l&#8217;employeur dans la\u00a0<strong><a title=\"D\u00e9claration sociale nominative (DSN)\" href=\"https:\/\/entreprendre.service-public.fr\/vosdroits\/F34059\" target=\"_blank\" rel=\"noopener\">d\u00e9claration sociale nominative (DSN)<\/a><\/strong>.<\/p>\n<div class=\"fr-highlight fr-my-4w fr-ml-0 sp-bg-white fr-py-1w\" data-test=\"citation\" data-fr-js-highlight-actionee=\"true\">\n<p class=\"fr-text--bold\">\u00c0 noter<\/p>\n<p>Parmi les obligations calcul\u00e9es en fonction de l&#8217;effectif, il y a l&#8217;<a title=\"D\u00e9claration obligatoire d'emploi des travailleurs handicap\u00e9s (DOETH)\" href=\"https:\/\/entreprendre.service-public.fr\/vosdroits\/F22523\" target=\"_blank\" rel=\"noopener\">obligation d&#8217;embauche de travailleurs handicap\u00e9s (OETH)<\/a>\u00a0(effectif moyen annuel).<\/p>\n<\/div>\n<\/div>\n<\/div>\n<\/div>\n<\/div>\n<div class=\"sp-chapter\" data-test=\"div-chapter\">\n<div class=\"fiche-item-title\">\n<h2 class=\"sp-chapter-title\"><button id=\"fiche-item-aria-3\" class=\"sp-btn sp-btn-collapse\" type=\"button\" data-toggle=\"collapse\" aria-expanded=\"true\" data-target=\"#fiche-item-3\" aria-controls=\"fiche-item-3\"><span class=\"fr-text--lg fr-mb-0 sp-chapter-btn-container\"><span class=\"sp-chapter-btn-text\">Quels sont les salari\u00e9s pris en compte dans le calcul des effectifs d&#8217;une entreprise\u00a0?<\/span><\/span><\/button><\/h2>\n<\/div>\n<div id=\"fiche-item-3\" class=\"fiche-item-content sp-chapter-collapse collapse show\" aria-labelledby=\"fiche-item-aria-3\" aria-hidden=\"false\">\n<div class=\"sp-chapter-content\">\n<p data-test=\"contenu-texte\">Pour calculer l&#8217;effectif d&#8217;une entreprise (moyen, annuel ou global), il faut prendre en compte les cat\u00e9gories de salari\u00e9s suivantes\u00a0:<\/p>\n<div class=\"fr-table fr-table--bordered\" data-fr-js-table=\"true\" data-fr-js-table-actionee=\"true\">\n<div class=\"fr-table__wrapper\" data-fr-js-table-wrapper=\"true\">\n<div class=\"fr-table__container\">\n<div class=\"fr-table__content\">\n<table class=\"fr-cell--multiline sp-table\" data-fr-js-table-element=\"true\">\n<caption data-fr-js-table-caption=\"true\"><span data-test=\"titre-tableau-riche\">\u00a0Tableau &#8211; Cat\u00e9gories de salari\u00e9s comptabilis\u00e9s et modalit\u00e9s de d\u00e9compte<\/span><\/caption>\n<thead>\n<tr>\n<th colspan=\"1\" rowspan=\"1\" scope=\"col\">Cat\u00e9gories<\/th>\n<th colspan=\"1\" rowspan=\"1\" scope=\"col\">Modalit\u00e9s de d\u00e9compte<\/th>\n<\/tr>\n<\/thead>\n<tbody>\n<tr data-fr-js-table-row=\"true\">\n<td colspan=\"1\" rowspan=\"1\">Salari\u00e9s en<strong>\u00a0<abbr class=\"tool-tip\" tabindex=\"0\" data-toggle=\"tooltip\" data-sigle=\"R24389\" data-original-title=\"CDI\u00a0:\u00a0Contrat de travail \u00e0 dur\u00e9e ind\u00e9termin\u00e9e\">CDI<span class=\"fr-sr-only\">: CDI\u00a0:\u00a0Contrat de travail \u00e0 dur\u00e9e ind\u00e9termin\u00e9e<\/span><\/abbr>\u00a0\u00e0 temps plein<\/strong>, qu&#8217;ils soient pr\u00e9sents ou absents pour maladie ou cong\u00e9<\/td>\n<td colspan=\"1\" rowspan=\"1\">Les salari\u00e9s suivants sont compt\u00e9s pour une unit\u00e9 chacun\u00a0:<\/p>\n<ul>\n<li>Salari\u00e9s ayant travaill\u00e9 la totalit\u00e9 du mois (151,67 heures)<\/li>\n<li>Salari\u00e9s en forfait jours, quelle que soit la dur\u00e9e de leur forfait<\/li>\n<li>Salari\u00e9s dont le contrat de travail est suspendu (cong\u00e9 de maternit\u00e9, d&#8217;adoption ou cong\u00e9 parental d&#8217;\u00e9ducation par exemple)<\/li>\n<\/ul>\n<\/td>\n<\/tr>\n<tr data-fr-js-table-row=\"true\">\n<td colspan=\"1\" rowspan=\"1\">Travailleurs \u00e0\u00a0<strong>domicile<\/strong><\/td>\n<td colspan=\"1\" rowspan=\"1\">Les salari\u00e9s ayant travaill\u00e9 la totalit\u00e9 du mois (151,67 heures) sont compt\u00e9s pour une unit\u00e9 chacun<\/td>\n<\/tr>\n<tr data-fr-js-table-row=\"true\">\n<td colspan=\"1\" rowspan=\"1\">Salari\u00e9s\u00a0<strong>en\u00a0<abbr class=\"tool-tip\" tabindex=\"0\" data-toggle=\"tooltip\" data-sigle=\"R2454\" data-original-title=\"CDD\u00a0:\u00a0Contrat \u00e0 dur\u00e9e d\u00e9termin\u00e9e\">CDD<span class=\"fr-sr-only\">: CDD\u00a0:\u00a0Contrat \u00e0 dur\u00e9e d\u00e9termin\u00e9e<\/span><\/abbr><\/strong><\/td>\n<td colspan=\"1\" rowspan=\"1\">\n<ul>\n<li>Les salari\u00e9s ayant travaill\u00e9 la totalit\u00e9 du mois (151,67 heures) sont compt\u00e9s pour une unit\u00e9 chacun<\/li>\n<li>Les salari\u00e9s ayant travaill\u00e9 \u00e0 temps partiel sont compt\u00e9s au prorata de leur temps de travail<\/li>\n<li>Les salari\u00e9s en\u00a0<abbr class=\"tool-tip\" tabindex=\"0\" data-toggle=\"tooltip\" data-sigle=\"R2454\" data-original-title=\"CDD\u00a0:\u00a0Contrat \u00e0 dur\u00e9e d\u00e9termin\u00e9e\">CDD<span class=\"fr-sr-only\">: CDD\u00a0:\u00a0Contrat \u00e0 dur\u00e9e d\u00e9termin\u00e9e<\/span><\/abbr>\u00a0qui remplacent un salari\u00e9 absent ne sont pas pris en compte dans le calcul de l&#8217;effectif moyen<\/li>\n<\/ul>\n<\/td>\n<\/tr>\n<tr data-fr-js-table-row=\"true\">\n<td colspan=\"1\" rowspan=\"1\"><a title=\"Qu'est-ce que le CDI intermittent (CDII ou CD2I)\u00a0?\" href=\"https:\/\/www.service-public.fr\/particuliers\/vosdroits\/F2247\" target=\"_blank\" rel=\"noopener\">Salari\u00e9s en CDI intermittent<\/a><\/td>\n<td colspan=\"1\" rowspan=\"1\">\n<ul>\n<li>Les salari\u00e9s ayant travaill\u00e9 la totalit\u00e9 du mois (151,67 heures) sont compt\u00e9s pour une unit\u00e9 chacun<\/li>\n<li>Les salari\u00e9s ayant travaill\u00e9 \u00e0 temps partiel sont compt\u00e9s au prorata de leur temps de travail<\/li>\n<\/ul>\n<\/td>\n<\/tr>\n<tr data-fr-js-table-row=\"true\">\n<td colspan=\"1\" rowspan=\"1\">Salari\u00e9s\u00a0<strong>mis \u00e0 disposition<\/strong>\u00a0par une entreprise ext\u00e9rieure et pr\u00e9sents depuis au moins 1 an, salari\u00e9s d&#8217;un contrat de travail\u00a0<strong>temporaire<\/strong>\u00a0(int\u00e9rimaires)<\/td>\n<td colspan=\"1\" rowspan=\"1\">\n<ul>\n<li style=\"list-style-type: none;\">\n<ul>\n<li>Les salari\u00e9s ayant travaill\u00e9 la totalit\u00e9 du mois (151,67 heures) sont compt\u00e9s pour une unit\u00e9 chacun<\/li>\n<li>Les salari\u00e9s ayant travaill\u00e9 \u00e0 temps partiel sont compt\u00e9s au prorata de leur temps de travail<\/li>\n<li>Les salari\u00e9s qui remplacent un salari\u00e9 absent ne sont pas pris en compte dans le calcul de l&#8217;effectif moyen<\/li>\n<\/ul>\n<\/li>\n<\/ul>\n<p><strong>\u00c0 noter<\/strong>\u00a0: les salari\u00e9s venant d&#8217;<abbr class=\"tool-tip\" tabindex=\"0\" data-toggle=\"tooltip\" data-sigle=\"R68910\" data-original-title=\"ETT\u00a0:\u00a0Entreprise de travail temporaire\">ETT<span class=\"fr-sr-only\">: ETT\u00a0:\u00a0Entreprise de travail temporaire<\/span><\/abbr>\u00a0sont compt\u00e9s uniquement dans l&#8217;entreprise d&#8217;origine (ETT) et non dans l&#8217;entreprise d&#8217;accueil utilisatrice, tout comme les salari\u00e9s en portage salarial ou issu d&#8217;un groupement d&#8217;employeurs<\/td>\n<\/tr>\n<tr data-fr-js-table-row=\"true\">\n<td colspan=\"1\" rowspan=\"1\">Salari\u00e9s \u00e0\u00a0<strong>temps partiel<\/strong>\u00a0en\u00a0<abbr class=\"tool-tip\" tabindex=\"0\" data-toggle=\"tooltip\" data-sigle=\"R2454\" data-original-title=\"CDD\u00a0:\u00a0Contrat \u00e0 dur\u00e9e d\u00e9termin\u00e9e\">CDD<span class=\"fr-sr-only\">: CDD\u00a0:\u00a0Contrat \u00e0 dur\u00e9e d\u00e9termin\u00e9e<\/span><\/abbr>\u00a0ou en\u00a0<abbr class=\"tool-tip\" tabindex=\"0\" data-toggle=\"tooltip\" data-sigle=\"R24389\" data-original-title=\"CDI\u00a0:\u00a0Contrat de travail \u00e0 dur\u00e9e ind\u00e9termin\u00e9e\">CDI<span class=\"fr-sr-only\">: CDI\u00a0:\u00a0Contrat de travail \u00e0 dur\u00e9e ind\u00e9termin\u00e9e<\/span><\/abbr>\u00a0qu&#8217;ils soient pr\u00e9sents ou absents pour maladie ou cong\u00e9<\/td>\n<td colspan=\"1\" rowspan=\"1\">Chaque salari\u00e9 est pris en compte au prorata de son temps de travail (somme totale des horaires inscrits dans le contrat de travail \/ dur\u00e9e l\u00e9gale ou conventionnelle du travail)<\/p>\n<p>Les salari\u00e9s \u00e0 temps partiel qui remplacent un salari\u00e9 absent ne sont pas pris en compte dans le calcul de l&#8217;effectif moyen<\/td>\n<\/tr>\n<\/tbody>\n<\/table>\n<\/div>\n<\/div>\n<\/div>\n<\/div>\n<div class=\"fr-highlight fr-my-4w fr-ml-0 sp-bg-white fr-py-1w\" data-test=\"citation\" data-fr-js-highlight-actionee=\"true\">\n<p class=\"fr-text--bold\">\u00c0 noter<\/p>\n<p>Pour en savoir plus vous pouvez consulter la\u00a0<a title=\"page de l'Urssaf - www.urssaf.fr - Nouvelle fen\u00eatre\" href=\"https:\/\/www.urssaf.fr\/accueil\/employeur\/cotisations\/calcul-effectif\/comment-calculer-effectif.html\" target=\"_blank\" rel=\"noopener noreferrer\">page de l&#8217;Urssaf<\/a>\u00a0et le\u00a0<a title=\"Bulletin officiel de la S\u00e9curit\u00e9 sociale - boss.gouv.fr - Nouvelle fen\u00eatre\" href=\"https:\/\/boss.gouv.fr\/portail\/accueil\/regles-dassujettissement\/effectif.html\" target=\"_blank\" rel=\"noopener noreferrer\">Bulletin officiel de la S\u00e9curit\u00e9 sociale<\/a>\u00a0consacr\u00e9 au calcul des effectifs.<\/p>\n<\/div>\n<\/div>\n<\/div>\n<\/div>\n<div class=\"sp-chapter\" data-test=\"div-chapter\">\n<div class=\"fiche-item-title\">\n<h2 class=\"sp-chapter-title\"><button id=\"fiche-item-aria-4\" class=\"sp-btn sp-btn-collapse\" type=\"button\" data-toggle=\"collapse\" aria-expanded=\"true\" data-target=\"#fiche-item-4\" aria-controls=\"fiche-item-4\"><span class=\"fr-text--lg fr-mb-0 sp-chapter-btn-container\"><span class=\"sp-chapter-btn-text\">Quels sont les salari\u00e9s exclus du calcul des effectifs\u00a0?<\/span><\/span><\/button><\/h2>\n<\/div>\n<div id=\"fiche-item-4\" class=\"fiche-item-content sp-chapter-collapse collapse show\" aria-labelledby=\"fiche-item-aria-4\" aria-hidden=\"false\">\n<div class=\"sp-chapter-content\">\n<p data-test=\"contenu-texte\">Certaines personnes ne sont pas comptabilis\u00e9es dans l&#8217;effectif (global, annuel ou mensuel).<\/p>\n<p data-test=\"contenu-texte\">Les cat\u00e9gories suivantes ne sont\u00a0<strong>pas prises en compte<\/strong>\u00a0:<\/p>\n<ul class=\"sp-item-list\">\n<li>Salari\u00e9 en CDD et travailleur temporaire lorsqu&#8217;ils sont embauch\u00e9s pour remplacer un salari\u00e9 absent<\/li>\n<li>Volontaires en service civique<\/li>\n<li>Salari\u00e9 en alternance\u00a0: contrat d&#8217;apprentissage ou de professionnalisation. Cependant, pour la tarification li\u00e9e aux accidents du travail et aux maladies professionnelles, elles sont comptabilis\u00e9es.<\/li>\n<li>Salari\u00e9 en\u00a0<a title=\"Contrat unique d'insertion (CUI) - Parcours emploi comp\u00e9tences (PEC)\" href=\"https:\/\/entreprendre.service-public.fr\/vosdroits\/F21006\" target=\"_blank\" rel=\"noopener\">contrat initiative-emploi (CUI-CIE) ou contrat d&#8217;accompagnement dans l&#8217;emploi\u00a0(CAE)<\/a>. Cependant, elles sont comptabilis\u00e9es pour appr\u00e9cier le seuil de mise en place des instances repr\u00e9sentatives du personnel.<\/li>\n<li>Salari\u00e9 fran\u00e7ais expatri\u00e9, d\u00e8s lors que leur affiliation au r\u00e9gime fran\u00e7ais de s\u00e9curit\u00e9 sociale n\u2019est pas maintenue<\/li>\n<\/ul>\n<p data-test=\"contenu-texte\">Ne sont pas non plus comptabilis\u00e9es dans les effectifs les personnes qui ne sont pas titulaires d\u2019un contrat de travail. Il s&#8217;agit par exemple des stagiaires, des mandataires sociaux, des vendeurs \u00e0 domicile ind\u00e9pendant.<\/p>\n<div class=\"fr-highlight fr-my-4w fr-ml-0 sp-bg-white fr-py-1w\" data-test=\"citation\" data-fr-js-highlight-actionee=\"true\">\n<p class=\"fr-text--bold\">\u00c0 noter<\/p>\n<p>Pour en savoir plus vous pouvez consulter la\u00a0<a title=\"page de l'Urssaf - www.urssaf.fr - Nouvelle fen\u00eatre\" href=\"https:\/\/www.urssaf.fr\/accueil\/employeur\/cotisations\/calcul-effectif\/comment-calculer-effectif.html\" target=\"_blank\" rel=\"noopener noreferrer\">page de l&#8217;Urssaf<\/a>\u00a0et le\u00a0<a title=\"Bulletin officiel de la S\u00e9curit\u00e9 sociale - boss.gouv.fr - Nouvelle fen\u00eatre\" href=\"https:\/\/boss.gouv.fr\/portail\/accueil\/regles-dassujettissement\/effectif.html\" target=\"_blank\" rel=\"noopener noreferrer\">Bulletin officiel de la S\u00e9curit\u00e9 sociale<\/a>\u00a0consacr\u00e9 au calcul des effectifs.<\/p>\n<\/div>\n<\/div>\n<\/div>\n<\/div>\n<div class=\"sp-chapter\" data-test=\"div-chapter\">\n<div class=\"fiche-item-title\">\n<h2 class=\"sp-chapter-title\"><button id=\"fiche-item-aria-5\" class=\"sp-btn sp-btn-collapse\" type=\"button\" data-toggle=\"collapse\" aria-expanded=\"true\" data-target=\"#fiche-item-5\" aria-controls=\"fiche-item-5\"><span class=\"fr-text--lg fr-mb-0 sp-chapter-btn-container\"><span class=\"sp-chapter-btn-text\">Quels sont les cas particuliers\u00a0: VRP multicarte, travailleurs temporaires, int\u00e9rimaires, salari\u00e9s en TESE et CEA\u00a0?<\/span><\/span><\/button><\/h2>\n<\/div>\n<div id=\"fiche-item-5\" class=\"fiche-item-content sp-chapter-collapse collapse show\" aria-labelledby=\"fiche-item-aria-5\" aria-hidden=\"false\">\n<div class=\"sp-chapter-content\">\n<p data-test=\"contenu-texte\">Il existe des cas particuliers, notamment\u00a0:<\/p>\n<ul class=\"sp-item-list\">\n<li>Les salari\u00e9s\u00a0<a title=\"VRP multicarte - www.urssaf.fr - Nouvelle fen\u00eatre\" href=\"https:\/\/www.urssaf.fr\/accueil\/outils-documentation\/taux-baremes\/taux-cotisations-VRP-multicarte.html\" target=\"_blank\" rel=\"noopener noreferrer\">VRP multicarte<\/a>\u00a0sont exclus de l&#8217;effectif global, mais compris dans l&#8217;effectif moyen.<\/li>\n<li>Les salari\u00e9s embauch\u00e9s dans le cadre du\u00a0<a title=\"Proc\u00e9dure et formalit\u00e9s d'embauche d'un salari\u00e9 du secteur priv\u00e9\" href=\"https:\/\/entreprendre.service-public.fr\/vosdroits\/F23107\" target=\"_blank\" rel=\"noopener\">titre emploi service entreprise (Tese) et du ch\u00e8que emploi associatif (CEA)<\/a>\u00a0sont exclus de l&#8217;effectif global, mais sont inclus dans l&#8217;effectif moyen.<\/li>\n<li>Les travailleurs int\u00e9rimaires, salari\u00e9s mis \u00e0 disposition par une entreprise ext\u00e9rieure,\u00a0<a title=\"Portage salarial\" href=\"https:\/\/entreprendre.service-public.fr\/vosdroits\/F31620\" target=\"_blank\" rel=\"noopener\">salari\u00e9s port\u00e9s<\/a>\u00a0comptabilis\u00e9s dans l\u2019effectif de l\u2019entreprise d\u2019origine, et exclus de l&#8217;effectif de l&#8217;entreprise d\u2019accueil.<\/li>\n<\/ul>\n<\/div>\n<\/div>\n<\/div>\n<div class=\"sp-chapter\" data-test=\"div-chapter\">\n<div class=\"fiche-item-title\">\n<h2 class=\"sp-chapter-title\"><button id=\"fiche-item-aria-6\" class=\"sp-btn sp-btn-collapse\" type=\"button\" data-toggle=\"collapse\" aria-expanded=\"true\" data-target=\"#fiche-item-6\" aria-controls=\"fiche-item-6\"><span class=\"fr-text--lg fr-mb-0 sp-chapter-btn-container\"><span class=\"sp-chapter-btn-text\">Besoin d&#8217;exemples\u00a0?<\/span><\/span><\/button><\/h2>\n<\/div>\n<div id=\"fiche-item-6\" class=\"fiche-item-content sp-chapter-collapse collapse show\" aria-labelledby=\"fiche-item-aria-6\" aria-hidden=\"false\">\n<div class=\"sp-chapter-content\">\n<p data-test=\"contenu-texte\">Pour calculer l&#8217;<strong>effectif moyen annuel<\/strong>\u00a0(<strong>EMA<\/strong>), il faut d&#8217;abord calculer l&#8217;<strong>effectif moyen mensuel<\/strong>\u00a0(<strong>EMM<\/strong>) pour chaque mois de l&#8217;ann\u00e9e pass\u00e9e.<\/p>\n<div class=\"fr-highlight fr-my-4w fr-ml-0 sp-bg-white fr-py-1w\" data-test=\"citation\" data-fr-js-highlight-actionee=\"true\">\n<p class=\"fr-text--bold\">\u00c0 noter<\/p>\n<p>Les effectifs moyens mensuels et annuels sont mis \u00e0 disposition des d\u00e9clarants sur le compte Urssaf en ligne.<\/p>\n<p><a class=\"fr-btn fr-mb-2w\" href=\"https:\/\/entreprendre.service-public.fr\/vosdroits\/R14267\" target=\"_self\" rel=\"noopener\" data-test=\"a-fiche-R-link\" data-fr-js-button-actionee=\"true\">Cr\u00e9er votre espace (compte) Urssaf en ligne<\/a><\/p>\n<\/div>\n<div>\n<h4 class=\"fr-h5\">Exemple d&#8217;effectif moyen mensuel<\/h4>\n<p data-test=\"contenu-texte\">Prenons les effectifs suivants en ETP pour une entreprise pour\u00a0<strong>1 mois<\/strong>\u00a0donn\u00e9\u00a0:<\/p>\n<div class=\"fr-table fr-table--bordered\" data-fr-js-table=\"true\" data-fr-js-table-actionee=\"true\">\n<div class=\"fr-table__wrapper\" data-fr-js-table-wrapper=\"true\">\n<div class=\"fr-table__container\">\n<div class=\"fr-table__content\">\n<table class=\"fr-cell--multiline sp-table\" data-fr-js-table-element=\"true\">\n<caption data-fr-js-table-caption=\"true\"><span data-test=\"titre-tableau-riche\">\u00a0Tableau &#8211; Exemple d&#8217;effectif moyen mensuel (en ETP)<\/span><\/caption>\n<thead>\n<tr>\n<th colspan=\"1\" rowspan=\"1\"><\/th>\n<th colspan=\"1\" rowspan=\"1\" scope=\"col\">Nombre de salari\u00e9s \u00e0 retenir dans le calcul = nombre d&#8217;ETP<\/th>\n<\/tr>\n<\/thead>\n<tbody>\n<tr data-fr-js-table-row=\"true\">\n<td colspan=\"1\" rowspan=\"1\">10\u00a0<abbr class=\"tool-tip\" tabindex=\"0\" data-toggle=\"tooltip\" data-sigle=\"R24389\" data-original-title=\"CDI\u00a0:\u00a0Contrat de travail \u00e0 dur\u00e9e ind\u00e9termin\u00e9e\">CDI<span class=\"fr-sr-only\">: CDI\u00a0:\u00a0Contrat de travail \u00e0 dur\u00e9e ind\u00e9termin\u00e9e<\/span><\/abbr>\u00a0\u00e0 temps complet<\/td>\n<td colspan=\"1\" rowspan=\"1\">10 ETP<\/td>\n<\/tr>\n<tr data-fr-js-table-row=\"true\">\n<td colspan=\"1\" rowspan=\"1\">2\u00a0<abbr class=\"tool-tip\" tabindex=\"0\" data-toggle=\"tooltip\" data-sigle=\"R24389\" data-original-title=\"CDI\u00a0:\u00a0Contrat de travail \u00e0 dur\u00e9e ind\u00e9termin\u00e9e\">CDI<span class=\"fr-sr-only\">: CDI\u00a0:\u00a0Contrat de travail \u00e0 dur\u00e9e ind\u00e9termin\u00e9e<\/span><\/abbr>\u00a0\u00e0 temps partiel ayant travaill\u00e9 chacun 65 heures\u00a0: 65 h\u00a0x\u00a02 \/151,67 h = 0,86<\/td>\n<td colspan=\"1\" rowspan=\"1\">0,86 ETP<\/td>\n<\/tr>\n<tr data-fr-js-table-row=\"true\">\n<td colspan=\"1\" rowspan=\"1\">1\u00a0<abbr class=\"tool-tip\" tabindex=\"0\" data-toggle=\"tooltip\" data-sigle=\"R2454\" data-original-title=\"CDD\u00a0:\u00a0Contrat \u00e0 dur\u00e9e d\u00e9termin\u00e9e\">CDD<span class=\"fr-sr-only\">: CDD\u00a0:\u00a0Contrat \u00e0 dur\u00e9e d\u00e9termin\u00e9e<\/span><\/abbr>\u00a0\u00e0 temps complet pour augmentation d&#8217;activit\u00e9 pr\u00e9sent au cours des 12 derniers mois<\/td>\n<td colspan=\"1\" rowspan=\"1\">1 ETP<\/td>\n<\/tr>\n<tr data-fr-js-table-row=\"true\">\n<td colspan=\"1\" rowspan=\"1\">1 CDD de 6 mois \u00e0 100 heures par mois<\/p>\n<p>6 mois\/12 mois x (100 heures \/ 151,67 heures) = 0,32 ETP<\/td>\n<td colspan=\"1\" rowspan=\"1\">0,32 ETP<\/td>\n<\/tr>\n<tr data-fr-js-table-row=\"true\">\n<td colspan=\"1\" rowspan=\"1\">1 apprenti<\/td>\n<td colspan=\"1\" rowspan=\"1\">0 ETP<\/td>\n<\/tr>\n<tr data-fr-js-table-row=\"true\">\n<td colspan=\"1\" rowspan=\"1\"><strong>Effectif du mois<\/strong><\/td>\n<td colspan=\"1\" rowspan=\"1\"><strong>12,18<\/strong>\u00a0ETP<\/td>\n<\/tr>\n<\/tbody>\n<\/table>\n<\/div>\n<\/div>\n<\/div>\n<\/div>\n<p data-test=\"contenu-texte\">Ce calcul doit \u00eatre fait pour\u00a0<strong>chaque mois de l&#8217;ann\u00e9e<\/strong>.<\/p>\n<p data-test=\"contenu-texte\">Ensuite il faut additionner le\u00a0<strong>nombre total d&#8217;ETP sur l&#8217;ann\u00e9e<\/strong>\u00a0et le\u00a0<strong>diviser par 12<\/strong>\u00a0mois.<\/p>\n<\/div>\n<div>\n<h4 class=\"fr-h5\">Exemple d&#8217;effectif moyen annuel<\/h4>\n<div class=\"fr-table fr-table--bordered\" data-fr-js-table=\"true\" data-fr-js-table-actionee=\"true\">\n<div class=\"fr-table__wrapper\" data-fr-js-table-wrapper=\"true\">\n<div class=\"fr-table__container\">\n<div class=\"fr-table__content\">\n<table class=\"fr-cell--multiline sp-table\" data-fr-js-table-element=\"true\">\n<caption data-fr-js-table-caption=\"true\"><span data-test=\"titre-tableau-riche\">\u00a0Tableau &#8211; Exemple d&#8217;effectif moyen annuel (en ETP)<\/span><\/caption>\n<thead>\n<tr>\n<th colspan=\"1\" rowspan=\"1\" scope=\"col\">Janvier<\/th>\n<th colspan=\"1\" rowspan=\"1\" scope=\"col\">F\u00e9vrier<\/th>\n<th colspan=\"1\" rowspan=\"1\" scope=\"col\">Mars<\/th>\n<th colspan=\"1\" rowspan=\"1\" scope=\"col\">Avril<\/th>\n<th colspan=\"1\" rowspan=\"1\" scope=\"col\">Mai<\/th>\n<th colspan=\"1\" rowspan=\"1\" scope=\"col\">Juin<\/th>\n<th colspan=\"1\" rowspan=\"1\" scope=\"col\">Juillet<\/th>\n<th colspan=\"1\" rowspan=\"1\" scope=\"col\">Ao\u00fbt<\/th>\n<th colspan=\"1\" rowspan=\"1\" scope=\"col\">Sept.<\/th>\n<th colspan=\"1\" rowspan=\"1\" scope=\"col\">Oct.<\/th>\n<th colspan=\"1\" rowspan=\"1\" scope=\"col\">Nov.<\/th>\n<th colspan=\"1\" rowspan=\"1\" scope=\"col\">D\u00e9c.<\/th>\n<th colspan=\"1\" rowspan=\"1\" scope=\"col\"><strong>Total<\/strong><\/th>\n<\/tr>\n<\/thead>\n<tbody>\n<tr data-fr-js-table-row=\"true\">\n<td colspan=\"1\" rowspan=\"1\">14,86<\/td>\n<td colspan=\"1\" rowspan=\"1\">11<\/td>\n<td colspan=\"1\" rowspan=\"1\">9<\/td>\n<td colspan=\"1\" rowspan=\"1\">10<\/td>\n<td colspan=\"1\" rowspan=\"1\">8<\/td>\n<td colspan=\"1\" rowspan=\"1\">8<\/td>\n<td colspan=\"1\" rowspan=\"1\">7<\/td>\n<td colspan=\"1\" rowspan=\"1\">7<\/td>\n<td colspan=\"1\" rowspan=\"1\">10<\/td>\n<td colspan=\"1\" rowspan=\"1\">11<\/td>\n<td colspan=\"1\" rowspan=\"1\">13<\/td>\n<td colspan=\"1\" rowspan=\"1\">10<\/td>\n<td colspan=\"1\" rowspan=\"1\"><strong>118,86<\/strong><\/td>\n<\/tr>\n<\/tbody>\n<\/table>\n<\/div>\n<\/div>\n<\/div>\n<\/div>\n<p data-test=\"contenu-texte\">Dans cet exemple, l&#8217;<strong>effectif moyen annuel<\/strong>\u00a0est \u00e9gal \u00e0 118,86\u00a0<abbr class=\"tool-tip\" tabindex=\"0\" data-toggle=\"tooltip\" data-sigle=\"R57981\" data-original-title=\"ETP\u00a0:\u00a0\u00c9quivalent temps plein\">ETP<span class=\"fr-sr-only\">: ETP\u00a0:\u00a0\u00c9quivalent temps plein<\/span><\/abbr>\u00a0divis\u00e9 par 12 mois, soit\u00a0<strong>9,90 ETP<\/strong>.<\/p>\n<p data-test=\"contenu-texte\">Le chiffre est arrondi au\u00a0<strong>centi\u00e8me inf\u00e9rieur, soit 2 chiffres apr\u00e8s la virgule<\/strong>.<\/p>\n<div class=\"fr-highlight fr-my-4w fr-ml-0 sp-bg-white fr-py-1w\" data-test=\"citation\" data-fr-js-highlight-actionee=\"true\">\n<p class=\"fr-text--bold\">Attention<\/p>\n<p>Il faut compter uniquement le nombre de mois o\u00f9 l&#8217;entreprise a embauch\u00e9 et accueilli r\u00e9ellement des salari\u00e9s. Donc pour une entreprise\u00a0<strong>cr\u00e9\u00e9e en cours d&#8217;ann\u00e9e<\/strong>, il faut faire la somme des effectifs mensuels depuis la date de cr\u00e9ation de l&#8217;entreprise jusqu&#8217;au 31 d\u00e9cembre et diviser par le\u00a0<strong>nombre r\u00e9el de mois<\/strong>. C&#8217;est aussi le cas si l&#8217;entreprise n&#8217;a embauch\u00e9\u00a0<strong>aucun salari\u00e9<\/strong>\u00a0pendant certains mois de l&#8217;ann\u00e9e.<\/p>\n<\/div>\n<\/div>\n<div>\n<h4 class=\"fr-h5\">Exemple d&#8217;effectifs pour une entreprise d&#8217;activit\u00e9 saisonni\u00e8re<\/h4>\n<p data-test=\"contenu-texte\">Prenons une entreprise qui a eu une activit\u00e9 saisonni\u00e8re sur\u00a0<strong>6 mois<\/strong>\u00a0dans l&#8217;ann\u00e9e pass\u00e9e, du 1<sup>er<\/sup>\u00a0mai au 31 octobre.<\/p>\n<p data-test=\"contenu-texte\">Elle comprenait 11 ETP en mai et en octobre, 15 ETP en juin et 23 en juillet, en ao\u00fbt et en septembre.<\/p>\n<p data-test=\"contenu-texte\">L&#8217;<strong>effectif moyen annuel<\/strong>\u00a0est \u00e9gal \u00e0 : (11 + 15 + 23 + 23 + 23 + 11) \/ 6 = 106\/6, soit\u00a0<strong>17,66 ETP<\/strong>.<\/p>\n<p data-test=\"contenu-texte\">Le chiffre est arrondi au centi\u00e8me le plus proche (soit 2 chiffres apr\u00e8s la virgule).<\/p>\n<div class=\"fr-table fr-table--bordered\" data-fr-js-table=\"true\" data-fr-js-table-actionee=\"true\">\n<div class=\"fr-table__wrapper\" data-fr-js-table-wrapper=\"true\">\n<div class=\"fr-table__container\">\n<div class=\"fr-table__content\">\n<table class=\"fr-cell--multiline sp-table\" data-fr-js-table-element=\"true\">\n<caption data-fr-js-table-caption=\"true\"><span data-test=\"titre-tableau-riche\">\u00a0Tableau &#8211; Nombre d&#8217;ETP par mois pour une entreprise d&#8217;activit\u00e9 saisonni\u00e8re<\/span><\/caption>\n<thead>\n<tr>\n<th colspan=\"1\" rowspan=\"1\" scope=\"col\">Janvier<\/th>\n<th colspan=\"1\" rowspan=\"1\" scope=\"col\">F\u00e9vrier<\/th>\n<th colspan=\"1\" rowspan=\"1\" scope=\"col\">Mars<\/th>\n<th colspan=\"1\" rowspan=\"1\" scope=\"col\">Avril<\/th>\n<th colspan=\"1\" rowspan=\"1\" scope=\"col\">Mai<\/th>\n<th colspan=\"1\" rowspan=\"1\" scope=\"col\">Juin<\/th>\n<th colspan=\"1\" rowspan=\"1\" scope=\"col\">Juillet<\/th>\n<th colspan=\"1\" rowspan=\"1\" scope=\"col\">Ao\u00fbt<\/th>\n<th colspan=\"1\" rowspan=\"1\" scope=\"col\">Sept.<\/th>\n<th colspan=\"1\" rowspan=\"1\" scope=\"col\">Oct.<\/th>\n<th colspan=\"1\" rowspan=\"1\" scope=\"col\">Nov.<\/th>\n<th colspan=\"1\" rowspan=\"1\" scope=\"col\">D\u00e9c.<\/th>\n<th colspan=\"1\" rowspan=\"1\" scope=\"col\"><strong>Total<\/strong><\/th>\n<\/tr>\n<\/thead>\n<tbody>\n<tr data-fr-js-table-row=\"true\">\n<td colspan=\"1\" rowspan=\"1\">0<\/td>\n<td colspan=\"1\" rowspan=\"1\">0<\/td>\n<td colspan=\"1\" rowspan=\"1\">0<\/td>\n<td colspan=\"1\" rowspan=\"1\">0<\/td>\n<td colspan=\"1\" rowspan=\"1\">11<\/td>\n<td colspan=\"1\" rowspan=\"1\">15<\/td>\n<td colspan=\"1\" rowspan=\"1\">23<\/td>\n<td colspan=\"1\" rowspan=\"1\">23<\/td>\n<td colspan=\"1\" rowspan=\"1\">23<\/td>\n<td colspan=\"1\" rowspan=\"1\">11<\/td>\n<td colspan=\"1\" rowspan=\"1\">0<\/td>\n<td colspan=\"1\" rowspan=\"1\">0<\/td>\n<td colspan=\"1\" rowspan=\"1\"><strong>106<\/strong><\/td>\n<\/tr>\n<\/tbody>\n<\/table>\n<\/div>\n<\/div>\n<\/div>\n<\/div>\n<\/div>\n<\/div>\n<\/div>\n<\/div>\n<\/div>\n<div class=\"sp-geo sp-bloc-autocomplete fr-my-6w rs_skip\" data-test=\"ou-s-informer-pde\" data-ou-s-informer=\"\">\n<div class=\"sp-panel fr-mt-n1v sp-panel-open\" data-test=\"div_ouSInformerPde\">\n<div class=\"sp-panel-content\" data-test=\"div_contenuIntroductionSimple\">\n<p class=\"fr-mt-2w fr-mb-0 fr-mx-1w sp-text--center\" data-test=\"p_paragrapheBouton\">\n<\/div>\n<\/div>\n<\/div>\n<div id=\"orientation\" class=\"fr-my-6w\" aria-hidden=\"false\">\n<div class=\"sp-panel\" data-test=\"textes-de-reference\">\n<h2 class=\"sp-panel-title \"><button id=\"fiche-item-annexe-ref-aria\" class=\"sp-btn sp-btn-collapse\" type=\"button\" data-toggle=\"collapse\" data-target=\"#fiche-item-annexe-ref\" aria-controls=\"fiche-item-annexe-ref\" aria-expanded=\"true\"><span class=\"fr-h6\">Textes de loi et r\u00e9f\u00e9rences<\/span><\/button><\/h2>\n<div id=\"fiche-item-annexe-ref\" class=\"sp-panel-content collapse show\" aria-hidden=\"false\">\n<ul class=\"fr-raw-list fr-ml-1v\">\n<li data-test=\"reference\">\n<div class=\"sp-link fr-mb-1w\" data-test=\"lien-reference\">\n<div class=\"sp-link--label\">\n<p class=\"fr-mb-0\"><a class=\"fr-link\" title=\"Code du travail : articles L1111-1 \u00e0 L1111-3 - legifrance.gouv.fr - Nouvelle fen\u00eatre\" href=\"https:\/\/www.legifrance.gouv.fr\/codes\/section_lc\/LEGITEXT000006072050\/LEGISCTA000006160702\" target=\"_blank\" rel=\"noopener noreferrer\" data-test=\"href-lien-reference\" data-fr-js-link-actionee=\"true\">Code du travail : articles L1111-1 \u00e0 L1111-3<\/a><\/p>\n<\/div>\n<p class=\"sp-link--source fr-text--xs fr-ml-3w fr-mb-0 fr-mt-1v\" data-test=\"source-lien-reference\">Salari\u00e9s et types de contrats entrant ou n&#8217;entrant pas dans le d\u00e9compte des effectifs d&#8217;une entreprise<\/p>\n<\/div>\n<\/li>\n<li data-test=\"reference\">\n<div class=\"sp-link fr-mb-1w\" data-test=\"lien-reference\">\n<div class=\"sp-link--label\">\n<p class=\"fr-mb-0\"><a class=\"fr-link\" title=\"Code du travail : articles L5134-65 \u00e0 L5134-73 - legifrance.gouv.fr - Nouvelle fen\u00eatre\" href=\"https:\/\/www.legifrance.gouv.fr\/codes\/section_lc\/LEGITEXT000006072050\/LEGISCTA000006189788\" target=\"_blank\" rel=\"noopener noreferrer\" data-test=\"href-lien-reference\" data-fr-js-link-actionee=\"true\">Code du travail : articles L5134-65 \u00e0 L5134-73<\/a><\/p>\n<\/div>\n<p class=\"sp-link--source fr-text--xs fr-ml-3w fr-mb-0 fr-mt-1v\" data-test=\"source-lien-reference\">Salari\u00e9s en contrat initiative-emploi (CUI-CIE) non pris en compte dans les effectifs d&#8217;une entreprise<\/p>\n<\/div>\n<\/li>\n<li data-test=\"reference\">\n<div class=\"sp-link fr-mb-1w\" data-test=\"lien-reference\">\n<div class=\"sp-link--label\">\n<p class=\"fr-mb-0\"><a class=\"fr-link\" title=\"Code de la s\u00e9curit\u00e9 sociale\u00a0: article L130-1 - legifrance.gouv.fr - Nouvelle fen\u00eatre\" href=\"https:\/\/www.legifrance.gouv.fr\/codes\/id\/LEGISCTA000038610272\/\" target=\"_blank\" rel=\"noopener noreferrer\" data-test=\"href-lien-reference\" data-fr-js-link-actionee=\"true\">Code de la s\u00e9curit\u00e9 sociale\u00a0: article L130-1<\/a><\/p>\n<\/div>\n<p class=\"sp-link--source fr-text--xs fr-ml-3w fr-mb-0 fr-mt-1v\" data-test=\"source-lien-reference\">D\u00e9compte et d\u00e9claration des effectifs<\/p>\n<\/div>\n<\/li>\n<li data-test=\"reference\">\n<div class=\"sp-link fr-mb-1w\" data-test=\"lien-reference\">\n<div class=\"sp-link--label\">\n<p class=\"fr-mb-0\"><a class=\"fr-link\" title=\"Code de la s\u00e9curit\u00e9 sociale\u00a0: articles R130-1 \u00e0 R130-2 - legifrance.gouv.fr - Nouvelle fen\u00eatre\" href=\"https:\/\/www.legifrance.gouv.fr\/codes\/section_lc\/LEGITEXT000006073189\/LEGISCTA000006156502\" target=\"_blank\" rel=\"noopener noreferrer\" data-test=\"href-lien-reference\" data-fr-js-link-actionee=\"true\">Code de la s\u00e9curit\u00e9 sociale\u00a0: articles R130-1 \u00e0 R130-2<\/a><\/p>\n<\/div>\n<p class=\"sp-link--source fr-text--xs fr-ml-3w fr-mb-0 fr-mt-1v\" data-test=\"source-lien-reference\">D\u00e9tails du d\u00e9compte par cat\u00e9gories de salari\u00e9s<\/p>\n<\/div>\n<\/li>\n<li data-test=\"reference\">\n<div class=\"sp-link fr-mb-1w\" data-test=\"lien-reference\">\n<div class=\"sp-link--label\">\n<p class=\"fr-mb-0\"><a class=\"fr-link\" title=\"Bulletin officiel de la S\u00e9curit\u00e9 sociale\u00a0(BOSS) : comptabilisation des effectifs - boss.gouv.fr - Nouvelle fen\u00eatre\" href=\"https:\/\/boss.gouv.fr\/portail\/accueil\/regles-dassujettissement\/effectif.html\" target=\"_blank\" rel=\"noopener noreferrer\" data-test=\"href-lien-reference\" data-fr-js-link-actionee=\"true\">Bulletin officiel de la S\u00e9curit\u00e9 sociale\u00a0(BOSS) : comptabilisation des effectifs<\/a><\/p>\n<\/div>\n<\/div>\n<\/li>\n<\/ul>\n<\/div>\n<\/div>\n<div class=\"sp-panel sp-panel-open\" data-test=\"question-reponse\">\n<h2 class=\"sp-panel-title \"><\/h2>\n<\/div>\n<\/div>\n<\/div>\n","protected":false},"excerpt":{"rendered":"<p>Le calcul des effectifs d&#8217;une entreprise, surtout comme les n\u00f4tres o\u00f9 beaucoup d&#8217;emplois ne sont pas \u00e0 temps plein ou sont m\u00eames d\u00e9l\u00e9gu\u00e9s \u00e0 des entreprises ext\u00e9rieures, n&#8217;est pas ais\u00e9. Ci-dessous un point complet&#8230;<\/p>\n","protected":false},"author":2,"featured_media":0,"comment_status":"closed","ping_status":"closed","sticky":false,"template":"","format":"standard","meta":{"_mi_skip_tracking":false,"_monsterinsights_sitenote_active":false,"_monsterinsights_sitenote_note":"","_monsterinsights_sitenote_category":0},"categories":[1],"tags":[],"_links":{"self":[{"href":"https:\/\/sndll.info\/index.php?rest_route=\/wp\/v2\/posts\/6993"}],"collection":[{"href":"https:\/\/sndll.info\/index.php?rest_route=\/wp\/v2\/posts"}],"about":[{"href":"https:\/\/sndll.info\/index.php?rest_route=\/wp\/v2\/types\/post"}],"author":[{"embeddable":true,"href":"https:\/\/sndll.info\/index.php?rest_route=\/wp\/v2\/users\/2"}],"replies":[{"embeddable":true,"href":"https:\/\/sndll.info\/index.php?rest_route=%2Fwp%2Fv2%2Fcomments&post=6993"}],"version-history":[{"count":2,"href":"https:\/\/sndll.info\/index.php?rest_route=\/wp\/v2\/posts\/6993\/revisions"}],"predecessor-version":[{"id":7011,"href":"https:\/\/sndll.info\/index.php?rest_route=\/wp\/v2\/posts\/6993\/revisions\/7011"}],"wp:attachment":[{"href":"https:\/\/sndll.info\/index.php?rest_route=%2Fwp%2Fv2%2Fmedia&parent=6993"}],"wp:term":[{"taxonomy":"category","embeddable":true,"href":"https:\/\/sndll.info\/index.php?rest_route=%2Fwp%2Fv2%2Fcategories&post=6993"},{"taxonomy":"post_tag","embeddable":true,"href":"https:\/\/sndll.info\/index.php?rest_route=%2Fwp%2Fv2%2Ftags&post=6993"}],"curies":[{"name":"wp","href":"https:\/\/api.w.org\/{rel}","templated":true}]}}