{"id":7000,"date":"2025-02-19T11:27:14","date_gmt":"2025-02-19T10:27:14","guid":{"rendered":"https:\/\/sndll.info\/?p=7000"},"modified":"2025-02-06T11:29:52","modified_gmt":"2025-02-06T10:29:52","slug":"entrepreneurs-individuels-reevaluer-cotisations-et-contributions-sociales","status":"publish","type":"post","link":"https:\/\/sndll.info\/?p=7000","title":{"rendered":"ENTREPRENEURS INDIVIDUELS: R\u00e9\u00e9valuer cotisations et contributions sociales"},"content":{"rendered":"<p>&nbsp;<\/p>\n<h1 id=\"titlePage\" data-test=\"titre-page\">Demander la r\u00e9\u00e9valuation du montant de ses cotisations et contributions sociales<\/h1>\n<p class=\"fr-text--xs sp-text--mention\" data-test=\"date-maj\">\n<div id=\"intro\" class=\"sp-entete-etape fr-mb-6w\" aria-hidden=\"false\">\n<p class=\"fr-text--lg\">Un entrepreneur individuel qui rencontre des difficult\u00e9s financi\u00e8res peut demander \u00e0 l&#8217;Urssaf de r\u00e9\u00e9valuer le montant de ses cotisations sociales provisionnelles. Il a le choix entre la r\u00e9\u00e9valuation sur la base de son revenu annuel estim\u00e9 pour l&#8217;ann\u00e9e en cours ou l&#8217;adh\u00e9sion \u00e0 la modulation du montant de ses cotisations et contributions sociales.<\/p>\n<p class=\"fr-text--lg\"><span style=\"color: #3c3950; font-family: Montserrat; font-size: 36px; font-weight: bold; letter-spacing: 0.05em; text-transform: uppercase;\">Qui est concern\u00e9\u00a0?<\/span><\/p>\n<\/div>\n<div id=\"expired\" class=\"fr-my-4w\" aria-hidden=\"false\" data-test=\"div-content-fiche\">\n<div data-toggle-scope-seeall=\"chapters\">\n<div class=\"sp-chapter\" data-test=\"div-chapter\">\n<div id=\"fiche-item-1\" class=\"fiche-item-content sp-chapter-collapse collapse show\" aria-labelledby=\"fiche-item-aria-1\" aria-hidden=\"false\">\n<div class=\"sp-chapter-content\">\n<p data-test=\"contenu-texte\">Les entrepreneurs individuels soumis \u00e0 un\u00a0<strong>r\u00e9gime r\u00e9el d&#8217;imposition\u00a0<\/strong>peuvent demander la r\u00e9\u00e9valuation de leurs cotisations et contributions sociales, peu importe l&#8217;activit\u00e9 exerc\u00e9e.<\/p>\n<p data-test=\"contenu-texte\">Les entrepreneurs soumis\u00a0<strong>au r\u00e9gime de la micro-entreprise ne sont pas concern\u00e9s<\/strong>\u00a0par cette r\u00e9\u00e9valuation. En effet, leurs cotisations et contributions sociales sont calcul\u00e9es en fonction des revenus qu&#8217;ils d\u00e9clarent tous les mois ou tous les 3 mois. Ainsi les cotisations et contributions sociales\u00a0<strong>sont calcul\u00e9es en temps r\u00e9el<\/strong>\u00a0et ne peuvent donc pas b\u00e9n\u00e9ficier d&#8217;une r\u00e9\u00e9valuation. Pour en savoir plus sur le r\u00e9gime social du micro-entrepreneur, vous pouvez consulter notre\u00a0<a title=\"R\u00e9gime social du micro-entrepreneur\" href=\"https:\/\/entreprendre.service-public.fr\/vosdroits\/F37353\" target=\"_blank\" rel=\"noopener\">fiche d\u00e9di\u00e9e<\/a>.<\/p>\n<\/div>\n<\/div>\n<\/div>\n<div class=\"sp-chapter\" data-test=\"div-chapter\">\n<div class=\"fiche-item-title\">\n<h2 class=\"sp-chapter-title\"><button id=\"fiche-item-aria-2\" class=\"sp-btn sp-btn-collapse\" type=\"button\" data-toggle=\"collapse\" aria-expanded=\"true\" data-target=\"#fiche-item-2\" aria-controls=\"fiche-item-2\"><span class=\"fr-text--lg fr-mb-0 sp-chapter-btn-container\"><span class=\"sp-chapter-btn-text\">Comment sont calcul\u00e9es les cotisations et contributions sociales\u00a0?<\/span><\/span><\/button><\/h2>\n<\/div>\n<div id=\"fiche-item-2\" class=\"fiche-item-content sp-chapter-collapse collapse show\" aria-labelledby=\"fiche-item-aria-2\" aria-hidden=\"false\">\n<div class=\"sp-chapter-content\">\n<p data-test=\"contenu-texte\">Les cotisations et contributions sociales d&#8217;un entrepreneur individuel sont calcul\u00e9es en fonction\u00a0<strong>des derniers revenus d\u00e9clar\u00e9s<\/strong>. Elles sont dues pour l&#8217;ann\u00e9e en cours par rapport au dernier chiffre d&#8217;affaires d\u00e9clar\u00e9.<\/p>\n<p data-test=\"contenu-texte\">On parle g\u00e9n\u00e9ralement de cotisations\u00a0<strong>provisionnelles<\/strong>. Ce n&#8217;est qu&#8217;au moment de la prochaine d\u00e9claration de revenus que celles-ci sont recalcul\u00e9es. Les cotisations et contributions sociales pour l&#8217;ann\u00e9e 2024 sont calcul\u00e9es et ajust\u00e9es aux \u00e9ch\u00e9ances suivantes\u00a0:<\/p>\n<ul class=\"sp-item-list\">\n<li><strong>Au moment de la d\u00e9claration de revenus de l&#8217;ann\u00e9e 2023<\/strong>\u00a0(mai\/juin 2024), les cotisations vers\u00e9es en 2023 et au d\u00e9but de l&#8217;ann\u00e9e 2024 sont ajust\u00e9es.<\/li>\n<li><strong>Apr\u00e8s la d\u00e9claration des revenus de l&#8217;ann\u00e9e 2023<\/strong>, l&#8217;entrepreneur individuel va verser des cotisations et contributions calcul\u00e9es en fonction des revenus de l&#8217;ann\u00e9e 2023 pour le reste de l&#8217;ann\u00e9e 2024 et pour les mois qui pr\u00e9c\u00e8dent la d\u00e9claration des revenus de l&#8217;ann\u00e9e 2024.<\/li>\n<li><strong>\u00c0 partir de la d\u00e9claration des revenus de l&#8217;ann\u00e9e 2024<\/strong>(mai\/juin 2025), les cotisations vers\u00e9es en 2024 sont recalcul\u00e9es et r\u00e9ajust\u00e9es si besoin.<\/li>\n<\/ul>\n<p data-test=\"contenu-texte\">Ainsi lorsque l&#8217;entrepreneur individuel rencontre des difficult\u00e9s financi\u00e8res, les cotisations et contributions sociales n&#8217;\u00e9tant\u00a0<strong>pas calcul\u00e9es en temps r\u00e9el<\/strong>, elles peuvent devenir une trop grande charge pour l&#8217;entrepreneur.<\/p>\n<p data-test=\"contenu-texte\">Pour en savoir plus sur les cotisations et contributions sociales d&#8217;un entrepreneur individuel, vous pouvez consulter nos fiches d\u00e9di\u00e9es\u00a0:\u00a0<a title=\"Protection sociale du commer\u00e7ant et de l'artisan\" href=\"https:\/\/entreprendre.service-public.fr\/vosdroits\/F23890\" target=\"_blank\" rel=\"noopener\">commer\u00e7ants et artisans<\/a>\u00a0ou\u00a0<a title=\"Protection sociale du professionnel lib\u00e9ral\" href=\"https:\/\/entreprendre.service-public.fr\/vosdroits\/F31233\" target=\"_blank\" rel=\"noopener\">lib\u00e9raux<\/a>.<\/p>\n<\/div>\n<\/div>\n<\/div>\n<div class=\"sp-chapter\" data-test=\"div-chapter\">\n<div class=\"fiche-item-title\">\n<h2 class=\"sp-chapter-title\"><button id=\"fiche-item-aria-3\" class=\"sp-btn sp-btn-collapse\" type=\"button\" data-toggle=\"collapse\" aria-expanded=\"true\" data-target=\"#fiche-item-3\" aria-controls=\"fiche-item-3\"><span class=\"fr-text--lg fr-mb-0 sp-chapter-btn-container\"><span class=\"sp-chapter-btn-text\">Comment demander la r\u00e9\u00e9valuation du montant de ses cotisations et contributions sociales\u00a0?<\/span><\/span><\/button><\/h2>\n<\/div>\n<div id=\"fiche-item-3\" class=\"fiche-item-content sp-chapter-collapse collapse show\" aria-labelledby=\"fiche-item-aria-3\" aria-hidden=\"false\">\n<div class=\"sp-chapter-content\">\n<p data-test=\"contenu-texte\">Pour r\u00e9\u00e9valuer le montant des cotisations et contributions sociales d&#8217;un entrepreneur individuel, l&#8217;Urssaf propose 2 solutions\u00a0: la r\u00e9\u00e9valuation sur la base d&#8217;un revenu annuel estim\u00e9 ou l&#8217;adh\u00e9sion \u00e0 la modulation.<\/p>\n<div>\n<h4 class=\"fr-h5\">Estimation du revenu annuel<\/h4>\n<p data-test=\"contenu-texte\">Lorsqu&#8217;un entrepreneur est en difficult\u00e9 et constate une perte de revenus, il a la possibilit\u00e9 de demander \u00e0 l&#8217;Urssaf de recalculer ses cotisations et contributions sociales.<\/p>\n<p data-test=\"contenu-texte\">Pour demander le recalcul de ses cotisations et contributions sociales, il doit faire parvenir une estimation annuelle de ses revenus de l&#8217;ann\u00e9e en cours.<\/p>\n<p data-test=\"contenu-texte\">Cette demande se fait sur la messagerie de l&#8217;espace en ligne de l&#8217;entrepreneur sur le site Urssaf.fr<\/p>\n<p><a class=\"fr-btn fr-mb-2w\" href=\"https:\/\/entreprendre.service-public.fr\/vosdroits\/R68227\" target=\"_self\" data-test=\"a-fiche-R-link\" data-fr-js-button-actionee=\"true\" rel=\"noopener\">Se connecter \u00e0 son espace Urssaf<\/a><\/p>\n<p data-test=\"contenu-texte\">L&#8217;Urssaf met \u00e0 la disposition des entrepreneurs une\u00a0<a title=\"fiche explicative - www.urssaf.fr - Nouvelle fen\u00eatre\" href=\"https:\/\/www.urssaf.fr\/accueil\/services\/services-independants\/service-plr\/adapter-montant-cotisations.html\" target=\"_blank\" rel=\"noopener noreferrer\">fiche explicative<\/a>\u00a0sur les \u00e9tapes \u00e0 suivre pour demander la r\u00e9\u00e9valuation du montant des cotisations et contributions sociales.<\/p>\n<\/div>\n<div>\n<h4 class=\"fr-h5\">Adh\u00e9sion \u00e0 la modulation<\/h4>\n<p data-test=\"contenu-texte\">L&#8217;entrepreneur dont les revenus varient d&#8217;un mois \u00e0 l&#8217;autre peut demander la modulation du montant de ses cotisations et contributions sociales. Cette modulation est particuli\u00e8rement utile pour l&#8217;entrepreneur qui a une activit\u00e9 saisonni\u00e8re ou dont les revenus peuvent varier drastiquement d&#8217;un mois \u00e0 un autre.<\/p>\n<p data-test=\"contenu-texte\">L&#8217;entrepreneur doit adh\u00e9rer au service de modulation de l&#8217;Urssaf \u00e0 partir de son espace en ligne sur le site Urssaf.fr. Il peut ensuite d\u00e9clarer ses revenus pour le mois en cours. L&#8217;Urssaf calcule les cotisations et contributions sociales mensuelles en fonction du dernier revenu d\u00e9clar\u00e9.<\/p>\n<p><a class=\"fr-btn fr-mb-2w\" href=\"https:\/\/entreprendre.service-public.fr\/vosdroits\/R68227\" target=\"_self\" data-test=\"a-fiche-R-link\" data-fr-js-button-actionee=\"true\" rel=\"noopener\">Se connecter \u00e0 son espace Urssaf<\/a><\/p>\n<p data-test=\"contenu-texte\">L&#8217;entrepreneur n&#8217;est pas oblig\u00e9 de d\u00e9clarer ses revenus tous les mois. Lorsqu&#8217;il ne d\u00e9clare pas de nouveau revenu mensuel, l&#8217;Urssaf prendra en compte le dernier revenu d\u00e9clar\u00e9.<\/p>\n<div class=\"fr-highlight  fr-my-4w fr-ml-0 sp-bg-white fr-py-1w\" data-test=\"citation\" data-fr-js-highlight-actionee=\"true\">\n<p class=\"fr-text--bold\">Attention<\/p>\n<p>La modulation n&#8217;est possible que pour les entrepreneurs individuels exer\u00e7ant une activit\u00e9 artisanale, commerciale ou lib\u00e9rale non r\u00e9glement\u00e9e. Il doivent \u00e9galement exercer en France m\u00e9tropolitaine depuis au moins 2 ans.<\/p>\n<\/div>\n<p data-test=\"contenu-texte\">L&#8217;Urssaf met \u00e0 la disposition des entrepreneurs une\u00a0<a title=\"fiche explicative - www.urssaf.fr - Nouvelle fen\u00eatre\" href=\"https:\/\/www.urssaf.fr\/accueil\/services\/services-independants\/service-acplnr\/adherer-modulation-cotisations.html\" target=\"_blank\" rel=\"noopener noreferrer\">fiche explicative<\/a>\u00a0sur les \u00e9tapes \u00e0 suivre pour adh\u00e9rer \u00e0 la modulation du montant des cotisations et contributions sociales.<\/p>\n<\/div>\n<\/div>\n<\/div>\n<\/div>\n<div class=\"sp-chapter\" data-test=\"div-chapter\">\n<div class=\"fiche-item-title\">\n<h2 class=\"sp-chapter-title\"><button id=\"fiche-item-aria-4\" class=\"sp-btn sp-btn-collapse\" type=\"button\" data-toggle=\"collapse\" aria-expanded=\"true\" data-target=\"#fiche-item-4\" aria-controls=\"fiche-item-4\"><span class=\"fr-text--lg fr-mb-0 sp-chapter-btn-container\"><span class=\"sp-chapter-btn-text\">Quelles sont les cons\u00e9quences de la r\u00e9\u00e9valuation\u00a0?<\/span><\/span><\/button><\/h2>\n<\/div>\n<div id=\"fiche-item-4\" class=\"fiche-item-content sp-chapter-collapse collapse show\" aria-labelledby=\"fiche-item-aria-4\" aria-hidden=\"false\">\n<div class=\"sp-chapter-content\">\n<p data-test=\"contenu-texte\">Les cons\u00e9quences varient en fonction de l&#8217;option choisie par l&#8217;entrepreneur individuel\u00a0:<\/p>\n<ul class=\"sp-item-list\">\n<li>Il a demand\u00e9 la r\u00e9\u00e9valuation en fonction d&#8217;une estimation de son revenu annuel<\/li>\n<li>Il a adh\u00e9r\u00e9 \u00e0 la modulation de ses cotisations et contributions sociales.<\/li>\n<\/ul>\n<div>\n<h4 class=\"fr-h5\">Estimation du revenu annuel<\/h4>\n<p data-test=\"contenu-texte\">Une fois la demande avec l&#8217;estimation de revenus de l&#8217;ann\u00e9e en cours faite, l&#8217;Urssaf va\u00a0<strong>recalculer<\/strong>\u00a0le montant des cotisations et contributions sociales en se basant sur\u00a0<strong>ce revenu estim\u00e9<\/strong>. L&#8217;entrepreneur individuel re\u00e7oit par courrier, dans les 15 jours qui suivent sa demande, un avis d\u2019appel rectificatif.<\/p>\n<p data-test=\"contenu-texte\">Il s&#8217;agit toujours de cotisations et contributions sociales\u00a0<strong>provisionnelles<\/strong>. Lorsque l&#8217;entrepreneur fera sa d\u00e9claration de revenu pour l&#8217;ann\u00e9e en cours, l&#8217;Urssaf proc\u00e8dera \u00e0 une\u00a0<strong>r\u00e9gularisation du montant<\/strong>\u00a0des cotisations et contributions sociales si le revenu d\u00e9clar\u00e9 est diff\u00e9rent du revenu estim\u00e9.<\/p>\n<p data-test=\"contenu-texte\">La r\u00e9\u00e9valuation du montant des cotisations et contributions sociales peut permettre \u00e0 l&#8217;entrepreneur individuel de\u00a0<strong>mieux g\u00e9rer sa tr\u00e9sorerie<\/strong>.<\/p>\n<\/div>\n<div>\n<h4 class=\"fr-h5\">Adh\u00e9sion \u00e0 la modulation<\/h4>\n<p data-test=\"contenu-texte\">Apr\u00e8s l&#8217;adh\u00e9sion au service de modulation et la d\u00e9claration du revenu du mois en cours, l&#8217;Urssaf\u00a0<strong>recalcule<\/strong>\u00a0le montant des cotisations et contributions sociales en fonction de ce que l&#8217;entrepreneur a d\u00e9clar\u00e9. Le paiement des cotisations et contributions sociales se fait alors par carte bancaire ou par t\u00e9l\u00e9paiement pour le mois modul\u00e9.<\/p>\n<p data-test=\"contenu-texte\">Lorsque l&#8217;entrepreneur ne d\u00e9clare pas de nouveau revenu mensuel, le paiement des cotisations se fait par pr\u00e9l\u00e8vement automatique sur la base du dernier revenu d\u00e9clar\u00e9.<\/p>\n<p data-test=\"contenu-texte\">Il s&#8217;agit toujours de cotisations et contributions sociales\u00a0<strong>provisionnelles<\/strong>. Lorsque l&#8217;entrepreneur individuel fera sa d\u00e9claration de revenus pour l&#8217;ann\u00e9e en cours, l&#8217;Urssaf proc\u00e8dera \u00e0 une\u00a0<strong>r\u00e9gularisation du montant<\/strong>\u00a0des cotisations et contributions sociales si le revenu d\u00e9clar\u00e9 est diff\u00e9rent du revenu annuel estim\u00e9 et modul\u00e9.<\/p>\n<p data-test=\"contenu-texte\">La modulation permet \u00e0 l&#8217;entrepreneur de\u00a0<strong>mieux g\u00e9rer sa tr\u00e9sorerie<\/strong>. En adh\u00e9rent \u00e0 la modulation, celui-ci peut augmenter ou diminuer le montant de ses cotisations et contributions sociales en fonction de ses revenus r\u00e9els. Cela permet \u00e9galement de\u00a0<strong>limiter les \u00e9carts<\/strong>\u00a0au moment de la r\u00e9gularisation des cotisations et contributions provisionnelles r\u00e9alis\u00e9e lors de la d\u00e9claration de revenus.<\/p>\n<div class=\"sp-example fr-mb-4w\" data-test=\"div-exemple\">\n<p class=\"sp-example-title\">Exemple\u00a0:<\/p>\n<p data-test=\"contenu-texte\">Un entrepreneur qui a une activit\u00e9 saisonni\u00e8re et qui travaille r\u00e9ellement 6 ou 9 mois dans l&#8217;ann\u00e9e, va pouvoir diminuer le montant de ses cotisations et contributions sociales les mois o\u00f9 il ne g\u00e9n\u00e8re pas de chiffre d&#8217;affaires. \u00c0 l&#8217;inverse, il va pouvoir les augmenter les mois o\u00f9 son activit\u00e9 est plus rentable.<\/p>\n<\/div>\n<\/div>\n<\/div>\n<\/div>\n<\/div>\n<\/div>\n<div class=\"sp-geo sp-bloc-autocomplete fr-my-6w rs_skip\" data-test=\"ou-s-informer-pde\" data-ou-s-informer=\"\">\n<div class=\"sp-panel fr-mt-n1v sp-panel-open\" data-test=\"div_ouSInformerPde\">\n<div class=\"sp-panel-content\" data-test=\"div_contenuIntroductionSimple\">\n<p class=\"fr-mt-2w fr-mb-0 fr-mx-1w sp-text--center\" data-test=\"p_paragrapheBouton\">\n<\/div>\n<\/div>\n<\/div>\n<\/div>\n","protected":false},"excerpt":{"rendered":"<p>&nbsp; Demander la r\u00e9\u00e9valuation du montant de ses cotisations et contributions sociales Un entrepreneur individuel qui rencontre des difficult\u00e9s financi\u00e8res peut demander \u00e0 l&#8217;Urssaf de r\u00e9\u00e9valuer le montant de ses cotisations sociales provisionnelles. Il&#8230;<\/p>\n","protected":false},"author":2,"featured_media":0,"comment_status":"closed","ping_status":"closed","sticky":false,"template":"","format":"standard","meta":{"_mi_skip_tracking":false,"_monsterinsights_sitenote_active":false,"_monsterinsights_sitenote_note":"","_monsterinsights_sitenote_category":0},"categories":[5],"tags":[],"_links":{"self":[{"href":"https:\/\/sndll.info\/index.php?rest_route=\/wp\/v2\/posts\/7000"}],"collection":[{"href":"https:\/\/sndll.info\/index.php?rest_route=\/wp\/v2\/posts"}],"about":[{"href":"https:\/\/sndll.info\/index.php?rest_route=\/wp\/v2\/types\/post"}],"author":[{"embeddable":true,"href":"https:\/\/sndll.info\/index.php?rest_route=\/wp\/v2\/users\/2"}],"replies":[{"embeddable":true,"href":"https:\/\/sndll.info\/index.php?rest_route=%2Fwp%2Fv2%2Fcomments&post=7000"}],"version-history":[{"count":1,"href":"https:\/\/sndll.info\/index.php?rest_route=\/wp\/v2\/posts\/7000\/revisions"}],"predecessor-version":[{"id":7002,"href":"https:\/\/sndll.info\/index.php?rest_route=\/wp\/v2\/posts\/7000\/revisions\/7002"}],"wp:attachment":[{"href":"https:\/\/sndll.info\/index.php?rest_route=%2Fwp%2Fv2%2Fmedia&parent=7000"}],"wp:term":[{"taxonomy":"category","embeddable":true,"href":"https:\/\/sndll.info\/index.php?rest_route=%2Fwp%2Fv2%2Fcategories&post=7000"},{"taxonomy":"post_tag","embeddable":true,"href":"https:\/\/sndll.info\/index.php?rest_route=%2Fwp%2Fv2%2Ftags&post=7000"}],"curies":[{"name":"wp","href":"https:\/\/api.w.org\/{rel}","templated":true}]}}