{"id":7029,"date":"2025-02-25T12:30:22","date_gmt":"2025-02-25T11:30:22","guid":{"rendered":"https:\/\/sndll.info\/?p=7029"},"modified":"2025-02-06T12:40:40","modified_gmt":"2025-02-06T11:40:40","slug":"medecine-du-travail-rappel-mises-au-point","status":"publish","type":"post","link":"https:\/\/sndll.info\/?p=7029","title":{"rendered":"MEDECINE DU TRAVAIL RAPPEL MISES AU POINT"},"content":{"rendered":"<div class=\"title-h6\" data-test=\"titre-page\">Notre article du 3 decembre dernier (2024) sur la medecine du travail a engendr\u00e9 de nombreuses questions.<\/div>\n<div data-test=\"titre-page\">Nous reprenons l&#8217;essentiel ci-dessous. Relisez aussi l&#8217;article du 3 d\u00e9cembre 2024.<\/div>\n<div data-test=\"titre-page\"><strong><span style=\"color: #0000ff;\">Vous avez l&#8217;obligation d&#8217;adh\u00e9rer \u00e0 un service de m\u00e9decine du travail (SPST) interentreprises.<\/span><\/strong><\/div>\n<div data-test=\"titre-page\"><\/div>\n<div data-test=\"titre-page\">Nous reviendrons dans un p<span style=\"color: #ff0000;\">rochain article sur les r\u00e8gles de facturation de ces services de sant\u00e9<\/span> parfois abusives.<\/div>\n<div data-test=\"titre-page\"><\/div>\n<h1 id=\"titlePage\" data-test=\"titre-page\">M\u00e9decine du travail pour un salari\u00e9 du secteur priv\u00e9<\/h1>\n<div id=\"intro\" class=\"sp-entete-etape fr-mb-6w\" aria-hidden=\"false\">\n<p class=\"fr-text--lg\">L&#8217;employeur doit prot\u00e9ger la sant\u00e9 et la s\u00e9curit\u00e9 de ses salari\u00e9s. En fonction de l&#8217;effectif de l&#8217;entreprise, il doit mettre en place un service de pr\u00e9vention et de sant\u00e9 au travail dans l&#8217;entreprise ou adh\u00e9rer \u00e0 un tel service, appel\u00e9 commun\u00e9ment \u00ab\u00a0<span class=\"expression\"><em>m\u00e9decine du travail<\/em><\/span>\u00a0\u00bb.<\/p>\n<p class=\"fr-text--lg\">Quel est le r\u00f4le du m\u00e9decin du travail\u00a0? Quel employeur doit adh\u00e9rer \u00e0 la m\u00e9decine du travail\u00a0? Quels sont les salari\u00e9s concern\u00e9s par un suivi m\u00e9dical\u00a0?<\/p>\n<p class=\"fr-text--lg\">Nous faisons un point sur la r\u00e9glementation.<\/p>\n<\/div>\n<div id=\"expired\" class=\"fr-my-4w\" aria-hidden=\"false\" data-test=\"div-content-fiche\">\n<div class=\"sp-intro-content\" data-test=\"spacing\">\n<div class=\"fr-highlight fr-my-4w fr-ml-0 sp-bg-white fr-py-1w\" data-test=\"citation\" data-fr-js-highlight-actionee=\"true\">\n<p>&nbsp;<\/p>\n<\/div>\n<\/div>\n<div class=\"sp-chapter-intro fr-mb-3w\"><\/div>\n<div data-toggle-scope-seeall=\"chapters\">\n<div class=\"sp-chapter\" data-test=\"div-chapter\">\n<div class=\"fiche-item-title\">\n<h2 class=\"sp-chapter-title\"><button id=\"fiche-item-aria-1\" class=\"sp-btn sp-btn-collapse\" type=\"button\" data-toggle=\"collapse\" aria-expanded=\"true\" data-target=\"#fiche-item-1\" aria-controls=\"fiche-item-1\"><span class=\"fr-text--lg fr-mb-0 sp-chapter-btn-container\"><span class=\"sp-chapter-btn-text\">Quelles entreprises doivent adh\u00e9rer \u00e0 la m\u00e9decine du travail\u00a0?<\/span><\/span><\/button><\/h2>\n<\/div>\n<div id=\"fiche-item-1\" class=\"fiche-item-content sp-chapter-collapse collapse show\" aria-labelledby=\"fiche-item-aria-1\" aria-hidden=\"false\">\n<div class=\"sp-chapter-content\">\n<p data-test=\"contenu-texte\">Les employeurs suivants doivent mettre en place ou adh\u00e9rer \u00e0 un service de pr\u00e9vention et de sant\u00e9 au travail (SPST)\u00a0:<\/p>\n<ul class=\"sp-item-list\">\n<li>Entreprises priv\u00e9es<\/li>\n<li>\u00c9tablissements publics industriels et commerciaux (\u00c9pic)<\/li>\n<li>\u00c9tablissements publics \u00e0 caract\u00e8re administratif (\u00c9pa) employant du personnel de droit priv\u00e9<\/li>\n<\/ul>\n<p data-test=\"contenu-texte\">La mise en place d&#8217;un SPST au sein de l&#8217;entreprise ou l&#8217;obligation d&#8217;adh\u00e9rer \u00e0 un SPST interentreprises varie selon l&#8217;effectif de l&#8217;entreprise.<\/p>\n<div data-id=\"parent-choice-tree\">\n<p class=\"fr-sr-only\">R\u00e9pondez aux questions successives et les r\u00e9ponses s\u2019afficheront automatiquement<\/p>\n<div class=\"sp-choicetree-container sp-choicetree-invert\" data-dynamic-choice-tree=\"root\">\n<div class=\"sp-choicetree-recap\" data-dynamic-choice-tree=\"recap\">\n<ul class=\"sp-choicetree-recap-list\" data-id=\"sp-choicetree-recap-list\">\n<li class=\"sp-choicetree-recap-item\">\n<div class=\"sp-choicetree-recap-content\">\n<h4 id=\"recap-0-0\" class=\"sp-choicetree-recap-title\" tabindex=\"-1\" data-dynamic-tree=\"title\">Entreprise de moins de 500 salari\u00e9s<\/h4>\n<p style=\"text-align: center;\"><span style=\"color: #000000; font-family: Arial;\"><span style=\"font-size: 13.3333px; background-color: #f0f0f0;\">\u00a0<\/span><\/span><\/p>\n<\/div>\n<\/li>\n<\/ul>\n<\/div>\n<div class=\"sp-choicetree-result\" data-dynamic-choice-tree=\"result\" data-test=\"choiceTreeResult\">\n<p data-test=\"contenu-texte\">L&#8217;employeur\u00a0<strong>adh\u00e8re<\/strong>\u00a0\u00e0 un service de pr\u00e9vention et de sant\u00e9 au travail\u00a0<strong>interentreprises<\/strong>.<\/p>\n<\/div>\n<\/div>\n<\/div>\n<\/div>\n<\/div>\n<\/div>\n<div class=\"sp-chapter\" data-test=\"div-chapter\">\n<div class=\"fiche-item-title\">\n<h2 class=\"sp-chapter-title\"><button id=\"fiche-item-aria-2\" class=\"sp-btn sp-btn-collapse\" type=\"button\" data-toggle=\"collapse\" aria-expanded=\"true\" data-target=\"#fiche-item-2\" aria-controls=\"fiche-item-2\"><span class=\"fr-text--lg fr-mb-0 sp-chapter-btn-container\"><span class=\"sp-chapter-btn-text\">Quels salari\u00e9s doivent \u00eatre suivis par la m\u00e9decine du travail\u00a0?<\/span><\/span><\/button><\/h2>\n<\/div>\n<div id=\"fiche-item-2\" class=\"fiche-item-content sp-chapter-collapse collapse show\" aria-labelledby=\"fiche-item-aria-2\" aria-hidden=\"false\">\n<div class=\"sp-chapter-content\">\n<p data-test=\"contenu-texte\">Les salari\u00e9s embauch\u00e9s avec l&#8217;un des contrats de travail suivants sont suivis par la m\u00e9decine du travail\u00a0:<\/p>\n<ul class=\"sp-item-list\">\n<li><abbr class=\"tool-tip\" tabindex=\"0\" data-toggle=\"tooltip\" data-sigle=\"R24389\" data-original-title=\"CDI\u00a0:\u00a0Contrat de travail \u00e0 dur\u00e9e ind\u00e9termin\u00e9e\">CDI<span class=\"fr-sr-only\">: CDI\u00a0:\u00a0Contrat de travail \u00e0 dur\u00e9e ind\u00e9termin\u00e9e<\/span><\/abbr><\/li>\n<li><abbr class=\"tool-tip\" tabindex=\"0\" data-toggle=\"tooltip\" data-sigle=\"R2454\" data-original-title=\"CDD\u00a0:\u00a0Contrat \u00e0 dur\u00e9e d\u00e9termin\u00e9e\">CDD<span class=\"fr-sr-only\">: CDD\u00a0:\u00a0Contrat \u00e0 dur\u00e9e d\u00e9termin\u00e9e<\/span><\/abbr>\u00a0(<a title=\"Contrat de professionnalisation\" href=\"https:\/\/www.service-public.fr\/particuliers\/vosdroits\/F15478\">contrat de professionnalisation,<\/a>\u00a0<a title=\"Quels sont les contrats aid\u00e9s qui existent aujourd'hui\u00a0?\" href=\"https:\/\/www.service-public.fr\/particuliers\/vosdroits\/F542\">contrats aid\u00e9s<\/a>\u00a0par exemple)<\/li>\n<li>Contrat de travail temporaire (int\u00e9rim)<\/li>\n<li><a title=\"Contrat d'apprentissage\" href=\"https:\/\/www.service-public.fr\/particuliers\/vosdroits\/F2918\">Contrat d&#8217;apprentissage<\/a><\/li>\n<li>Contrat conclu avec un\u00a0<a title=\"Particulier employeur\u00a0: contrat de travail du salari\u00e9 \u00e0 domicile\" href=\"https:\/\/www.service-public.fr\/particuliers\/vosdroits\/F12202\">salari\u00e9 du particulier employeur<\/a>\u00a0ou avec une<a title=\"Contrat de travail et formalit\u00e9s d'embauche de l'assistante maternelle\" href=\"https:\/\/www.service-public.fr\/particuliers\/vosdroits\/F16841\">\u00a0assistante maternelle<\/a>.<\/li>\n<\/ul>\n<p data-test=\"contenu-texte\">Des r\u00e8gles particuli\u00e8res s&#8217;appliquent pour les salari\u00e9s\u00a0<a title=\"occupant des emplois identiques aupr\u00e8s d'employeurs diff\u00e9rents - travail-emploi.gouv.fr - Nouvelle fen\u00eatre\" href=\"https:\/\/travail-emploi.gouv.fr\/questions-reponses-le-suivi-de-letat-de-sante-des-salaries-ayant-une-pluralite-demployeurs?var_mode=calcul\" target=\"_blank\" rel=\"noopener noreferrer\">occupant des emplois identiques aupr\u00e8s d&#8217;employeurs diff\u00e9rents<\/a>.<\/p>\n<div class=\"fr-highlight fr-my-4w fr-ml-0 sp-bg-white fr-py-1w\" data-test=\"citation\" data-fr-js-highlight-actionee=\"true\">\n<p class=\"fr-text--bold\">\u00c0 noter<\/p>\n<p>les jeunes effectuant des stages dans le cadre des enseignements scolaires et universitaires ne sont pas concern\u00e9s.<\/p>\n<\/div>\n<\/div>\n<\/div>\n<\/div>\n<div class=\"sp-chapter\" data-test=\"div-chapter\">\n<div class=\"fiche-item-title\">\n<h2 class=\"sp-chapter-title\"><button id=\"fiche-item-aria-3\" class=\"sp-btn sp-btn-collapse\" type=\"button\" data-toggle=\"collapse\" aria-expanded=\"true\" data-target=\"#fiche-item-3\" aria-controls=\"fiche-item-3\"><span class=\"fr-text--lg fr-mb-0 sp-chapter-btn-container\"><span class=\"sp-chapter-btn-text\">O\u00f9 trouver les coordonn\u00e9es de la m\u00e9decine du travail dans l&#8217;entreprise\u00a0?<\/span><\/span><\/button><\/h2>\n<\/div>\n<div id=\"fiche-item-3\" class=\"fiche-item-content sp-chapter-collapse collapse show\" aria-labelledby=\"fiche-item-aria-3\" aria-hidden=\"false\">\n<div class=\"sp-chapter-content\">\n<p data-test=\"contenu-texte\">Les coordonn\u00e9es de la m\u00e9decine du travail\u00a0<strong>doivent \u00eatre affich\u00e9es<\/strong>\u00a0par l\u2019employeur sur le\u00a0<strong>lieu de travail<\/strong>.<\/p>\n<\/div>\n<\/div>\n<\/div>\n<div class=\"sp-chapter\" data-test=\"div-chapter\">\n<div class=\"fiche-item-title\">\n<h2 class=\"sp-chapter-title\"><button id=\"fiche-item-aria-4\" class=\"sp-btn sp-btn-collapse\" type=\"button\" data-toggle=\"collapse\" aria-expanded=\"true\" data-target=\"#fiche-item-4\" aria-controls=\"fiche-item-4\"><span class=\"fr-text--lg fr-mb-0 sp-chapter-btn-container\"><span class=\"sp-chapter-btn-text\">Un salari\u00e9 peut-il lui-m\u00eame contacter la m\u00e9decine du travail\u00a0?<\/span><\/span><\/button><\/h2>\n<\/div>\n<div id=\"fiche-item-4\" class=\"fiche-item-content sp-chapter-collapse collapse show\" aria-labelledby=\"fiche-item-aria-4\" aria-hidden=\"false\">\n<div class=\"sp-chapter-content\">\n<p data-test=\"contenu-texte\">Oui, le salari\u00e9\u00a0<strong>peut contacter directement<\/strong>\u00a0la m\u00e9decine du travail. Il n&#8217;est pas oblig\u00e9 de demander l&#8217;accord \u00e0 son employeur.<\/p>\n<p data-test=\"contenu-texte\">Le salari\u00e9 ne peut pas \u00eatre sanctionn\u00e9 par son employeur.<\/p>\n<\/div>\n<\/div>\n<\/div>\n<div class=\"sp-chapter\" data-test=\"div-chapter\">\n<div class=\"fiche-item-title\">\n<h2 class=\"sp-chapter-title\"><button id=\"fiche-item-aria-5\" class=\"sp-btn sp-btn-collapse\" type=\"button\" data-toggle=\"collapse\" aria-expanded=\"true\" data-target=\"#fiche-item-5\" aria-controls=\"fiche-item-5\"><span class=\"fr-text--lg fr-mb-0 sp-chapter-btn-container\"><span class=\"sp-chapter-btn-text\">Comment est organis\u00e9 le service de pr\u00e9vention et de sant\u00e9 au travail\u00a0?<\/span><\/span><\/button><\/h2>\n<\/div>\n<div id=\"fiche-item-5\" class=\"fiche-item-content sp-chapter-collapse collapse show\" aria-labelledby=\"fiche-item-aria-5\" aria-hidden=\"false\">\n<div class=\"sp-chapter-content\">\n<p data-test=\"contenu-texte\">Le m\u00e9decin du travail exerce dans un service de pr\u00e9vention et de sant\u00e9 au travail (SPST).<\/p>\n<p data-test=\"contenu-texte\">Les missions des services de pr\u00e9vention et de sant\u00e9 au travail sont assur\u00e9es par une \u00e9quipe pluridisciplinaire comprenant notamment des m\u00e9decins du travail, des intervenants en pr\u00e9vention des risques professionnels et des infirmiers.<\/p>\n<div>\n<h4 class=\"fr-h5\">Pr\u00e9vention<\/h4>\n<p data-test=\"contenu-texte\">Le r\u00f4le du m\u00e9decin du travail est principalement pr\u00e9ventif.<\/p>\n<p data-test=\"contenu-texte\">Le m\u00e9decin du travail conduit les actions de sant\u00e9 au travail pour pr\u00e9server la sant\u00e9 des travailleurs tout au long de leur parcours professionnel.<\/p>\n<p data-test=\"contenu-texte\">Il surveille l&#8217;\u00e9tat de sant\u00e9 des travailleurs en fonction de leur \u00e2ge, des risques concernant leur s\u00e9curit\u00e9, leur sant\u00e9 et la p\u00e9nibilit\u00e9 au travail.<\/p>\n<p data-test=\"contenu-texte\">Il conseille l&#8217;employeur, les travailleurs et les repr\u00e9sentants du personnel sur les mesures n\u00e9cessaires portant sur les points suivants\u00a0:<\/p>\n<ul class=\"sp-item-list\">\n<li>Risques professionnels (produits chimiques, travail en hauteur par exemple)<\/li>\n<li>Am\u00e9lioration de la qualit\u00e9 de vie et des conditions de travail<\/li>\n<li>Pr\u00e9vention de la\u00a0<a title=\"Peut-on consommer de l'alcool au travail\u00a0?\" href=\"https:\/\/www.service-public.fr\/particuliers\/vosdroits\/F32177\">consommation d&#8217;alcool<\/a>\u00a0et de drogue sur le lieu de travail<\/li>\n<li>Pr\u00e9vention du\u00a0<a title=\"Harc\u00e8lement moral\" href=\"https:\/\/www.service-public.fr\/particuliers\/vosdroits\/F2354\">harc\u00e8lement moral<\/a>\u00a0ou\u00a0<a title=\"Harc\u00e8lement sexuel\" href=\"https:\/\/www.service-public.fr\/particuliers\/vosdroits\/F1043\">sexuel<\/a><\/li>\n<li><a title=\"Compte professionnel de pr\u00e9vention (C2P)\" href=\"https:\/\/www.service-public.fr\/particuliers\/vosdroits\/F15504\">Exposition des salari\u00e9s \u00e0 des facteurs de risques professionnels<\/a>\u00a0et\u00a0<span class=\"tool-tip\" tabindex=\"0\" data-toggle=\"tooltip\" data-definition=\"R61907\" data-original-title=\"Perte de son activit\u00e9 professionnelle pour des raisons de sant\u00e9 ou de situation de handicap\">d\u00e9sinsertion professionnelle<span class=\"fr-sr-only\" data-test=\"titleContentForDefinition\">Perte de son activit\u00e9 professionnelle pour des raisons de sant\u00e9 ou de situation de handicap<\/span><\/span><\/li>\n<li>Maintien dans l&#8217;emploi des travailleurs (travailleurs handicap\u00e9s par exemple)<\/li>\n<li>Campagnes de vaccination et de d\u00e9pistage (grippe par exemple)<\/li>\n<\/ul>\n<div class=\"fr-highlight fr-my-4w fr-ml-0 sp-bg-white fr-py-1w\" data-test=\"citation\" data-fr-js-highlight-actionee=\"true\">\n<p class=\"fr-text--bold\">\u00c0 noter<\/p>\n<p>le m\u00e9decin du travail ne dispense pas de soins. Il ne d\u00e9livre pas d&#8217;ordonnance, ni d&#8217;arr\u00eat maladie.<\/p>\n<\/div>\n<p data-test=\"contenu-texte\">Dans le cadre de ses missions, le m\u00e9decin r\u00e9dige une\u00a0<span class=\"tool-tip\" tabindex=\"0\" data-toggle=\"tooltip\" data-definition=\"R54508\" data-original-title=\"Document \u00e9tabli et mis \u00e0 jour par la m\u00e9decine du travail dans lequel figurent notamment les risques professionnels de l'entreprise et les effectifs de salari\u00e9s qui y sont expos\u00e9s\">fiche d&#8217;entreprise (<span class=\"fr-sr-only\" data-test=\"titleContentForDefinition\">Document \u00e9tabli et mis \u00e0 jour par la m\u00e9decine du travail dans lequel figurent notamment les risques professionnels de l&#8217;entreprise et les effectifs de salari\u00e9s qui y sont expos\u00e9s) <\/span><\/span>qui est transmise \u00e0 l&#8217;employeur.<\/p>\n<p data-test=\"contenu-texte\">Le m\u00e9decin du travail \u00e9tablit \u00e9galement un rapport annuel de son activit\u00e9. Ce rapport est transmis notamment au\u00a0<a title=\"Comit\u00e9 social et \u00e9conomique (CSE)\" href=\"https:\/\/www.service-public.fr\/particuliers\/vosdroits\/F34474\">comit\u00e9 social et \u00e9conomique (CSE)<\/a>\u00a0et \u00e0 l&#8217;employeur.<\/p>\n<\/div>\n<div>\n<h4 class=\"fr-h5\">Actions et organisation<\/h4>\n<p data-test=\"contenu-texte\">Le m\u00e9decin du travail a libre acc\u00e8s aux lieux de travail.<\/p>\n<p data-test=\"contenu-texte\">Il r\u00e9alise des visites de sa propre initiative ou \u00e0 la demande\u00a0de l&#8217;employeur ou du\u00a0<a title=\"Comit\u00e9 social et \u00e9conomique (CSE)\" href=\"https:\/\/www.service-public.fr\/particuliers\/vosdroits\/F34474\">comit\u00e9 social et \u00e9conomique (CSE)<\/a>.<\/p>\n<\/div>\n<\/div>\n<\/div>\n<\/div>\n<div class=\"sp-chapter\" data-test=\"div-chapter\">\n<div class=\"fiche-item-title\">\n<h2 class=\"sp-chapter-title\"><button id=\"fiche-item-aria-6\" class=\"sp-btn sp-btn-collapse\" type=\"button\" data-toggle=\"collapse\" aria-expanded=\"true\" data-target=\"#fiche-item-6\" aria-controls=\"fiche-item-6\"><span class=\"fr-text--lg fr-mb-0 sp-chapter-btn-container\"><span class=\"sp-chapter-btn-text\">Quelles sont les diff\u00e9rentes visites m\u00e9dicales organis\u00e9es par la m\u00e9decine du travail\u00a0?<\/span><\/span><\/button><\/h2>\n<\/div>\n<div id=\"fiche-item-6\" class=\"fiche-item-content sp-chapter-collapse collapse show\" aria-labelledby=\"fiche-item-aria-6\" aria-hidden=\"false\">\n<div class=\"sp-chapter-content\">\n<p data-test=\"contenu-texte\">Le m\u00e9decin du travail ou l&#8217;infirmier rencontre le salari\u00e9\u00a0plusieurs fois au cours de son parcours professionnel.<\/p>\n<div class=\"fr-my-4w fr-tabs fr-transition-none\" data-fr-js-tabs-group=\"true\">\n<ul class=\"fr-tabs__list\" role=\"tablist\" data-test=\"bloc-cas\" data-fr-js-tabs-list=\"true\">\n<li style=\"text-align: center;\" role=\"presentation\" data-test=\"cas-only-onglet\"><span style=\"color: #000000; font-family: Arial;\"><span style=\"font-size: 13.3333px; background-color: #f0f0f0;\">\u00a0 \u00a0<\/span><\/span><\/li>\n<\/ul>\n<div id=\"onglet-cas4728676827986539331-content-1-panel\" class=\"fr-tabs__panel fr-tabs__panel--selected\" tabindex=\"-1\" role=\"tabpanel\" aria-labelledby=\"onglet-cas-tab-1\" data-fr-js-tab-panel=\"true\" data-fr-js-tab-actionee=\"true\">\n<h5 class=\"fr-sr-only\" data-id=\"sr-only-focusable\">Cas g\u00e9n\u00e9ral<\/h5>\n<p data-test=\"contenu-texte\">Il existe plusieurs types de visites m\u00e9dicales pour les salari\u00e9s\u00a0:<\/p>\n<ul class=\"sp-item-list\">\n<li><a title=\"M\u00e9decine au travail\u00a0: qu'est-ce que la visite d'information et de pr\u00e9vention (Vip)\u00a0?\" href=\"https:\/\/www.service-public.fr\/particuliers\/vosdroits\/F34061\">Visite d&#8217;information et de pr\u00e9vention<\/a><\/li>\n<li><a title=\"M\u00e9decine du travail\u00a0: qu'est-ce que le suivi individuel renforc\u00e9 d'un salari\u00e9\u00a0?\" href=\"https:\/\/www.service-public.fr\/particuliers\/vosdroits\/F34062\">Suivi individuel renforc\u00e9<\/a>\u00a0concerne les salari\u00e9s expos\u00e9s \u00e0 certains risques (par exemple, amiante, plomb, risque\u00a0<span class=\"tool-tip\" tabindex=\"0\" data-toggle=\"tooltip\" data-definition=\"R46445\" data-original-title=\"Lieu o\u00f9 la pression est sup\u00e9rieure \u00e0 la pression atmosph\u00e9rique (par exemple, sous l'eau, caisson hyperbare, enceinte de confinement de r\u00e9acteur nucl\u00e9aire)\">hyperbare<span class=\"fr-sr-only\" data-test=\"titleContentForDefinition\">Lieu o\u00f9 la pression est sup\u00e9rieure \u00e0 la pression atmosph\u00e9rique (par exemple, sous l&#8217;eau, caisson hyperbare, enceinte de confinement de r\u00e9acteur nucl\u00e9aire)<\/span><\/span>).<\/li>\n<li>Visites de\u00a0<span class=\"tool-tip\" tabindex=\"0\" data-toggle=\"tooltip\" data-definition=\"R54825\" data-original-title=\"Visite organis\u00e9e par le m\u00e9decin du travail \u00e0 la demande du salari\u00e9, de son m\u00e9decin traitant ou du m\u00e9decin conseil de la S\u00e9curit\u00e9 sociale pour un arr\u00eat de travail de plus de 30 jours d\u00e9butant apr\u00e8s le 31 mars 2022\">pr\u00e9reprise<span class=\"fr-sr-only\" data-test=\"titleContentForDefinition\">Visite organis\u00e9e par le m\u00e9decin du travail \u00e0 la demande du salari\u00e9, de son m\u00e9decin traitant ou du m\u00e9decin conseil de la S\u00e9curit\u00e9 sociale pour un arr\u00eat de travail de plus de 30 jours d\u00e9butant apr\u00e8s le 31 mars 2022<\/span><\/span>\u00a0et de\u00a0<a title=\"Un salari\u00e9 doit-il passer une visite m\u00e9dicale apr\u00e8s un arr\u00eat de travail\u00a0?\" href=\"https:\/\/www.service-public.fr\/particuliers\/vosdroits\/F2871\">reprise du travail<\/a><\/li>\n<li><a title=\"Arr\u00eat maladie : reprise du travail du salari\u00e9\" href=\"https:\/\/www.service-public.fr\/particuliers\/vosdroits\/F144\">Rendez-vous de liaison<\/a><\/li>\n<li><a title=\"Qu'est-ce que la visite m\u00e9dicale de mi-carri\u00e8re pour un salari\u00e9\u00a0?\" href=\"https:\/\/www.service-public.fr\/particuliers\/vosdroits\/F36290\">Visite m\u00e9dicale de mi-carri\u00e8re<\/a><\/li>\n<li>Visites effectu\u00e9es \u00e0 la demande de l&#8217;employeur, du travailleur ou du m\u00e9decin du travai<\/li>\n<\/ul>\n<\/div>\n<\/div>\n<\/div>\n<\/div>\n<\/div>\n<div class=\"sp-chapter\" data-test=\"div-chapter\">\n<div class=\"fiche-item-title\">\n<h2 class=\"sp-chapter-title\"><button id=\"fiche-item-aria-7\" class=\"sp-btn sp-btn-collapse\" type=\"button\" data-toggle=\"collapse\" aria-expanded=\"true\" data-target=\"#fiche-item-7\" aria-controls=\"fiche-item-7\"><span class=\"fr-text--lg fr-mb-0 sp-chapter-btn-container\"><span class=\"sp-chapter-btn-text\">La m\u00e9decine du travail peut-elle imposer des mesures \u00e0 l&#8217;employeur\u00a0?<\/span><\/span><\/button><\/h2>\n<\/div>\n<div id=\"fiche-item-7\" class=\"fiche-item-content sp-chapter-collapse collapse show\" aria-labelledby=\"fiche-item-aria-7\" aria-hidden=\"false\">\n<div class=\"sp-chapter-content\">\n<p data-test=\"contenu-texte\">Le m\u00e9decin du travail peut proposer \u00e0 l&#8217;employeur\u00a0des mesures individuelles d&#8217;am\u00e9nagement, d&#8217;adaptation ou de transformation du poste de travail.<\/p>\n<p data-test=\"contenu-texte\">Il peut proposer \u00e9galement des mesures d&#8217;am\u00e9nagement du temps de travail.<\/p>\n<p data-test=\"contenu-texte\">En cas d&#8217;impossibilit\u00e9, et lorsque l&#8217;\u00e9tat de sant\u00e9 du travailleur justifie un changement de poste, il d\u00e9clare le travailleur inapte \u00e0 son poste de travail.<\/p>\n<p data-test=\"contenu-texte\"><a title=\"Inaptitude au travail d'un salari\u00e9 apr\u00e8s un arr\u00eat maladie\" href=\"https:\/\/www.service-public.fr\/particuliers\/vosdroits\/F726\">L&#8217;avis d&#8217;inaptitude<\/a>\u00a0comporte des indications sur le reclassement du travailleur.<\/p>\n<p data-test=\"contenu-texte\">Dans le cadre du suivi individuel renforc\u00e9, le m\u00e9decin du travail peut remettre un avis d&#8217;aptitude ou d&#8217;inaptitude au salari\u00e9 et \u00e0 l&#8217;employeur.<\/p>\n<\/div>\n<\/div>\n<\/div>\n<div class=\"sp-chapter\" data-test=\"div-chapter\">\n<div class=\"fiche-item-title\">\n<h2 class=\"sp-chapter-title\"><button id=\"fiche-item-aria-8\" class=\"sp-btn sp-btn-collapse\" type=\"button\" data-toggle=\"collapse\" aria-expanded=\"true\" data-target=\"#fiche-item-8\" aria-controls=\"fiche-item-8\"><span class=\"fr-text--lg fr-mb-0 sp-chapter-btn-container\"><span class=\"sp-chapter-btn-text\">Les visites m\u00e9dicales du salari\u00e9 se font-elles sur le temps de travail\u00a0?<\/span><\/span><\/button><\/h2>\n<\/div>\n<div id=\"fiche-item-8\" class=\"fiche-item-content sp-chapter-collapse collapse show\" aria-labelledby=\"fiche-item-aria-8\" aria-hidden=\"false\">\n<div class=\"sp-chapter-content\">\n<p data-test=\"contenu-texte\">Le temps consacr\u00e9 aux visites et examens m\u00e9dicaux, y compris les examens compl\u00e9mentaires, est\u00a0:<\/p>\n<ul class=\"sp-item-list\">\n<li>Pris sur les heures de travail. Dans ce cas, le salari\u00e9 est pay\u00e9 comme s&#8217;il avait travaill\u00e9<\/li>\n<li>Ou r\u00e9mun\u00e9r\u00e9 comme du temps de travail effectif lorsque ces examens ne peuvent pas avoir lieu pendant les heures de travail<\/li>\n<\/ul>\n<p data-test=\"contenu-texte\">Le temps de transport et les frais rendus n\u00e9cessaires pour ces visites et examens sont pris en charge par l&#8217;employeur.<\/p>\n<\/div>\n<\/div>\n<\/div>\n<div class=\"sp-chapter\" data-test=\"div-chapter\">\n<div class=\"fiche-item-title\">\n<h2 class=\"sp-chapter-title\"><button id=\"fiche-item-aria-9\" class=\"sp-btn sp-btn-collapse\" type=\"button\" data-toggle=\"collapse\" aria-expanded=\"true\" data-target=\"#fiche-item-9\" aria-controls=\"fiche-item-9\"><span class=\"fr-text--lg fr-mb-0 sp-chapter-btn-container\"><span class=\"sp-chapter-btn-text\">Peut-on contester un avis d&#8217;aptitude ou d&#8217;inaptitude d\u00e9livr\u00e9 par le m\u00e9decin du travail\u00a0?<\/span><\/span><\/button><\/h2>\n<\/div>\n<div id=\"fiche-item-9\" class=\"fiche-item-content sp-chapter-collapse collapse show\" aria-labelledby=\"fiche-item-aria-9\" aria-hidden=\"false\">\n<div class=\"sp-chapter-content\">\n<p data-test=\"contenu-texte\">Si le salari\u00e9 ou l&#8217;employeur souhaite contester les avis, propositions, conclusions \u00e9crites ou indications reposant sur des \u00e9l\u00e9ments de nature m\u00e9dicale, il\u00a0<a title=\"Saisir le conseil de prud'hommes (CPH)\" href=\"https:\/\/www.service-public.fr\/particuliers\/vosdroits\/F2360\">saisit le conseil de prud&#8217;hommes<\/a>. Cette d\u00e9marche doit \u00eatre effectu\u00e9e dans les 15 jours suivant leur\u00a0<span class=\"tool-tip\" tabindex=\"0\" data-toggle=\"tooltip\" data-definition=\"R60392\" data-original-title=\"Formalit\u00e9 pour tenir officiellement inform\u00e9 une personne du contenu d'un acte auquel elle ne fait pas partie\">notification (<span class=\"fr-sr-only\" data-test=\"titleContentForDefinition\">Formalit\u00e9 pour tenir officiellement inform\u00e9 une personne du contenu d&#8217;un acte auquel elle ne fait pas partie<\/span><\/span>.)<\/p>\n<p data-test=\"contenu-texte\">Le conseil de prud&#8217;hommes peut consulter le m\u00e9decin-inspecteur du travail.<\/p>\n<p data-test=\"contenu-texte\">Le m\u00e9decin du travail est inform\u00e9 de la contestation et peut \u00eatre entendu par le m\u00e9decin-inspecteur du travail.<\/p>\n<\/div>\n<\/div>\n<\/div>\n<\/div>\n<div id=\"orientation\" class=\"fr-my-6w\" aria-hidden=\"false\">\n<div class=\"sp-panel\" data-test=\"textes-de-reference\">\n<h2 class=\"sp-panel-title \"><button id=\"fiche-item-annexe-ref-aria\" class=\"sp-btn sp-btn-collapse\" type=\"button\" data-toggle=\"collapse\" data-target=\"#fiche-item-annexe-ref\" aria-controls=\"fiche-item-annexe-ref\" aria-expanded=\"true\"><span class=\"fr-h6\">Textes de loi et r\u00e9f\u00e9rences<\/span><\/button><\/h2>\n<div id=\"fiche-item-annexe-ref\" class=\"sp-panel-content collapse show\" aria-hidden=\"false\">\n<ul class=\"fr-raw-list fr-ml-1v\">\n<li data-test=\"reference\">\n<div class=\"sp-link fr-mb-1w\" data-test=\"lien-reference\">\n<div class=\"sp-link--label\">\n<p class=\"fr-mb-0\"><a class=\"fr-link\" title=\"Code du travail\u00a0: articles L4624-1 \u00e0 L4624-10 - legifrance.gouv.fr - Nouvelle fen\u00eatre\" href=\"https:\/\/www.legifrance.gouv.fr\/codes\/section_lc\/LEGITEXT000006072050\/LEGISCTA000006178106\/\" target=\"_blank\" rel=\"noopener noreferrer\" data-test=\"href-lien-reference\" data-fr-js-link-actionee=\"true\">Code du travail\u00a0: articles L4624-1 \u00e0 L4624-10<\/a><\/p>\n<\/div>\n<p class=\"sp-link--source fr-text--xs fr-ml-3w fr-mb-0 fr-mt-1v\" data-test=\"source-lien-reference\">Actions et moyens des membres des \u00e9quipes pluridisciplinaires de sant\u00e9 au travail<\/p>\n<\/div>\n<\/li>\n<li data-test=\"reference\">\n<div class=\"sp-link fr-mb-1w\" data-test=\"lien-reference\">\n<div class=\"sp-link--label\">\n<p class=\"fr-mb-0\"><a class=\"fr-link\" title=\"Code du travail\u00a0: articles D4153-15 \u00e0 D4153-37 - legifrance.gouv.fr - Nouvelle fen\u00eatre\" href=\"https:\/\/www.legifrance.gouv.fr\/codes\/id\/LEGIARTI000037000998\" target=\"_blank\" rel=\"noopener noreferrer\" data-test=\"href-lien-reference\" data-fr-js-link-actionee=\"true\">Code du travail\u00a0: articles D4153-15 \u00e0 D4153-37<\/a><\/p>\n<\/div>\n<p class=\"sp-link--source fr-text--xs fr-ml-3w fr-mb-0 fr-mt-1v\" data-test=\"source-lien-reference\">Travaux interdits et r\u00e9glement\u00e9s pour les jeunes de 15 ans au moins et de moins de 18 ans<\/p>\n<\/div>\n<\/li>\n<li data-test=\"reference\">\n<div class=\"sp-link fr-mb-1w\" data-test=\"lien-reference\">\n<div class=\"sp-link--label\">\n<p class=\"fr-mb-0\"><a class=\"fr-link\" title=\"Code du travail\u00a0: articles L4622-1 \u00e0 L4622-6-1 - legifrance.gouv.fr - Nouvelle fen\u00eatre\" href=\"https:\/\/www.legifrance.gouv.fr\/codes\/id\/LEGISCTA000006189752\/\" target=\"_blank\" rel=\"noopener noreferrer\" data-test=\"href-lien-reference\" data-fr-js-link-actionee=\"true\">Code du travail\u00a0: articles L4622-1 \u00e0 L4622-6-1<\/a><\/p>\n<\/div>\n<p class=\"sp-link--source fr-text--xs fr-ml-3w fr-mb-0 fr-mt-1v\" data-test=\"source-lien-reference\">M\u00e9decine du travail\u00a0: champ d&#8217;application, missions, actions et moyens<\/p>\n<\/div>\n<\/li>\n<li data-test=\"reference\">\n<div class=\"sp-link fr-mb-1w\" data-test=\"lien-reference\">\n<div class=\"sp-link--label\">\n<p class=\"fr-mb-0\"><a class=\"fr-link\" title=\"Code du travail\u00a0: articles D4622-1 \u00e0 R4622-4 - legifrance.gouv.fr - Nouvelle fen\u00eatre\" href=\"https:\/\/www.legifrance.gouv.fr\/codes\/id\/LEGIARTI000045677037\/2023-06-13\/?isSuggest=true\" target=\"_blank\" rel=\"noopener noreferrer\" data-test=\"href-lien-reference\" data-fr-js-link-actionee=\"true\">Code du travail\u00a0: articles D4622-1 \u00e0 R4622-4<\/a><\/p>\n<\/div>\n<p class=\"sp-link--source fr-text--xs fr-ml-3w fr-mb-0 fr-mt-1v\" data-test=\"source-lien-reference\">Organisation des services de sant\u00e9 au travail<\/p>\n<\/div>\n<\/li>\n<li data-test=\"reference\">\n<div class=\"sp-link fr-mb-1w\" data-test=\"lien-reference\">\n<div class=\"sp-link--label\">\n<p class=\"fr-mb-0\"><a class=\"fr-link\" title=\"Code du travail \u00a0: article D4711-1 - legifrance.gouv.fr - Nouvelle fen\u00eatre\" href=\"https:\/\/www.legifrance.gouv.fr\/codes\/article_lc\/LEGIARTI000018527636\" target=\"_blank\" rel=\"noopener noreferrer\" data-test=\"href-lien-reference\" data-fr-js-link-actionee=\"true\">Code du travail \u00a0: article D4711-1<\/a><\/p>\n<\/div>\n<p class=\"sp-link--source fr-text--xs fr-ml-3w fr-mb-0 fr-mt-1v\" data-test=\"source-lien-reference\">Affichage coordonn\u00e9es m\u00e9decine du travail<\/p>\n<\/div>\n<\/li>\n<li data-test=\"reference\">\n<div class=\"sp-link fr-mb-1w\" data-test=\"lien-reference\">\n<div class=\"sp-link--label\">\n<p class=\"fr-mb-0\"><a class=\"fr-link\" title=\"Code du travail\u00a0: articles R4624-10 \u00e0 R4624-15 - legifrance.gouv.fr - Nouvelle fen\u00eatre\" href=\"https:\/\/www.legifrance.gouv.fr\/codes\/id\/LEGIARTI000033769085\/\" target=\"_blank\" rel=\"noopener noreferrer\" data-test=\"href-lien-reference\" data-fr-js-link-actionee=\"true\">Code du travail\u00a0: articles R4624-10 \u00e0 R4624-15<\/a><\/p>\n<\/div>\n<p class=\"sp-link--source fr-text--xs fr-ml-3w fr-mb-0 fr-mt-1v\" data-test=\"source-lien-reference\">Visite d&#8217;information et de pr\u00e9vention<\/p>\n<\/div>\n<\/li>\n<li data-test=\"reference\">\n<div class=\"sp-link fr-mb-1w\" data-test=\"lien-reference\">\n<div class=\"sp-link--label\">\n<p class=\"fr-mb-0\"><a class=\"fr-link\" title=\"Code du travail\u00a0: article R4624-16 - legifrance.gouv.fr - Nouvelle fen\u00eatre\" href=\"https:\/\/www.legifrance.gouv.fr\/codes\/id\/LEGIARTI000033769063\" target=\"_blank\" rel=\"noopener noreferrer\" data-test=\"href-lien-reference\" data-fr-js-link-actionee=\"true\">Code du travail\u00a0: article R4624-16<\/a><\/p>\n<\/div>\n<p class=\"sp-link--source fr-text--xs fr-ml-3w fr-mb-0 fr-mt-1v\" data-test=\"source-lien-reference\">P\u00e9riodicit\u00e9 du suivi individuel de l&#8217;\u00e9tat de sant\u00e9 des travailleurs<\/p>\n<\/div>\n<\/li>\n<li data-test=\"reference\">\n<div class=\"sp-link fr-mb-1w\" data-test=\"lien-reference\">\n<div class=\"sp-link--label\">\n<p class=\"fr-mb-0\"><a class=\"fr-link\" title=\"Code du travail\u00a0: articles R4624-17 \u00e0 R4624-21 - legifrance.gouv.fr - Nouvelle fen\u00eatre\" href=\"https:\/\/www.legifrance.gouv.fr\/codes\/section_lc\/LEGITEXT000006072050\/LEGISCTA000033738885?\" target=\"_blank\" rel=\"noopener noreferrer\" data-test=\"href-lien-reference\" data-fr-js-link-actionee=\"true\">Code du travail\u00a0: articles R4624-17 \u00e0 R4624-21<\/a><\/p>\n<\/div>\n<p class=\"sp-link--source fr-text--xs fr-ml-3w fr-mb-0 fr-mt-1v\" data-test=\"source-lien-reference\">Adaptation du suivi individuel de l&#8217;\u00e9tat de sant\u00e9 des travailleurs<\/p>\n<\/div>\n<\/li>\n<li data-test=\"reference\">\n<div class=\"sp-link fr-mb-1w\" data-test=\"lien-reference\">\n<div class=\"sp-link--label\">\n<p class=\"fr-mb-0\"><a class=\"fr-link\" title=\"Code du travail\u00a0: article R4624-22 - legifrance.gouv.fr - Nouvelle fen\u00eatre\" href=\"https:\/\/www.legifrance.gouv.fr\/codes\/article_lc\/LEGIARTI000033769092\" target=\"_blank\" rel=\"noopener noreferrer\" data-test=\"href-lien-reference\" data-fr-js-link-actionee=\"true\">Code du travail\u00a0: article R4624-22<\/a><\/p>\n<\/div>\n<p class=\"sp-link--source fr-text--xs fr-ml-3w fr-mb-0 fr-mt-1v\" data-test=\"source-lien-reference\">Suivi individuel renforc\u00e9 de l&#8217;\u00e9tat de sant\u00e9 des travailleurs<\/p>\n<\/div>\n<\/li>\n<li data-test=\"reference\">\n<div class=\"sp-link fr-mb-1w\" data-test=\"lien-reference\">\n<div class=\"sp-link--label\">\n<p class=\"fr-mb-0\"><a class=\"fr-link\" title=\"Code du travail\u00a0: articles R4624-39 \u00e0 R4624-41 - legifrance.gouv.fr - Nouvelle fen\u00eatre\" href=\"https:\/\/www.legifrance.gouv.fr\/codes\/id\/LEGISCTA000033769135\/\" target=\"_blank\" rel=\"noopener noreferrer\" data-test=\"href-lien-reference\" data-fr-js-link-actionee=\"true\">Code du travail\u00a0: articles R4624-39 \u00e0 R4624-41<\/a><\/p>\n<\/div>\n<p class=\"sp-link--source fr-text--xs fr-ml-3w fr-mb-0 fr-mt-1v\" data-test=\"source-lien-reference\">D\u00e9roulement des visites et des examens m\u00e9dicaux<\/p>\n<\/div>\n<\/li>\n<li data-test=\"reference\">\n<div class=\"sp-link fr-mb-1w\" data-test=\"lien-reference\">\n<div class=\"sp-link--label\">\n<p class=\"fr-mb-0\"><a class=\"fr-link\" title=\"Code du travail\u00a0: articles R4624-35 \u00e0 R4624-38 - legifrance.gouv.fr - Nouvelle fen\u00eatre\" href=\"https:\/\/www.legifrance.gouv.fr\/codes\/section_lc\/LEGITEXT000006072050\/LEGISCTA000018493180\/\" target=\"_blank\" rel=\"noopener noreferrer\" data-test=\"href-lien-reference\" data-fr-js-link-actionee=\"true\">Code du travail\u00a0: articles R4624-35 \u00e0 R4624-38<\/a><\/p>\n<\/div>\n<p class=\"sp-link--source fr-text--xs fr-ml-3w fr-mb-0 fr-mt-1v\" data-test=\"source-lien-reference\">Examens compl\u00e9mentaires<\/p>\n<\/div>\n<\/li>\n<li data-test=\"reference\">\n<div class=\"sp-link fr-mb-1w\" data-test=\"lien-reference\">\n<div class=\"sp-link--label\">\n<p class=\"fr-mb-0\"><a class=\"fr-link\" title=\"Code du travail\u00a0: articles R4624-45 \u00e0 R4624-45-2 - legifrance.gouv.fr - Nouvelle fen\u00eatre\" href=\"https:\/\/www.legifrance.gouv.fr\/codes\/section_lc\/LEGITEXT000006072050\/LEGISCTA000025274608\/\" target=\"_blank\" rel=\"noopener noreferrer\" data-test=\"href-lien-reference\" data-fr-js-link-actionee=\"true\">Code du travail\u00a0: articles R4624-45 \u00e0 R4624-45-2<\/a><\/p>\n<\/div>\n<p class=\"sp-link--source fr-text--xs fr-ml-3w fr-mb-0 fr-mt-1v\" data-test=\"source-lien-reference\">Contestation des avis et mesures \u00e9mis par le m\u00e9decin du travail<\/p>\n<\/div>\n<\/li>\n<li data-test=\"reference\">\n<div class=\"sp-link fr-mb-1w\" data-test=\"lien-reference\">\n<div class=\"sp-link--label\">\n<p class=\"fr-mb-0\"><a class=\"fr-link\" title=\"Arr\u00eat\u00e9 du 16 octobre 2017 fixant le mod\u00e8le d'avis d'aptitude, d'avis d'inaptitude, d'attestation de suivi individuel de l'\u00e9tat de sant\u00e9 et de proposition de mesures d'am\u00e9nagement de poste - legifrance.gouv.fr - Nouvelle fen\u00eatre\" href=\"https:\/\/www.legifrance.gouv.fr\/jorf\/id\/JORFTEXT000035840515\" target=\"_blank\" rel=\"noopener noreferrer\" data-test=\"href-lien-reference\" data-fr-js-link-actionee=\"true\">Arr\u00eat\u00e9 du 16 octobre 2017 fixant le mod\u00e8le d&#8217;avis d&#8217;aptitude, d&#8217;avis d&#8217;inaptitude, d&#8217;attestation de suivi individuel de l&#8217;\u00e9tat de sant\u00e9 et de proposition de mesures d&#8217;am\u00e9nagement de poste<\/a>0.0.0<\/p>\n<\/div>\n<\/div>\n<\/li>\n<\/ul>\n<\/div>\n<\/div>\n<\/div>\n<\/div>\n<p>&nbsp;<\/p>\n","protected":false},"excerpt":{"rendered":"<p>Notre article du 3 decembre dernier (2024) sur la medecine du travail a engendr\u00e9 de nombreuses questions. Nous reprenons l&#8217;essentiel ci-dessous. Relisez aussi l&#8217;article du 3 d\u00e9cembre 2024. Vous avez l&#8217;obligation d&#8217;adh\u00e9rer \u00e0 un&#8230;<\/p>\n","protected":false},"author":2,"featured_media":0,"comment_status":"closed","ping_status":"closed","sticky":false,"template":"","format":"standard","meta":{"_mi_skip_tracking":false,"_monsterinsights_sitenote_active":false,"_monsterinsights_sitenote_note":"","_monsterinsights_sitenote_category":0},"categories":[9],"tags":[],"_links":{"self":[{"href":"https:\/\/sndll.info\/index.php?rest_route=\/wp\/v2\/posts\/7029"}],"collection":[{"href":"https:\/\/sndll.info\/index.php?rest_route=\/wp\/v2\/posts"}],"about":[{"href":"https:\/\/sndll.info\/index.php?rest_route=\/wp\/v2\/types\/post"}],"author":[{"embeddable":true,"href":"https:\/\/sndll.info\/index.php?rest_route=\/wp\/v2\/users\/2"}],"replies":[{"embeddable":true,"href":"https:\/\/sndll.info\/index.php?rest_route=%2Fwp%2Fv2%2Fcomments&post=7029"}],"version-history":[{"count":3,"href":"https:\/\/sndll.info\/index.php?rest_route=\/wp\/v2\/posts\/7029\/revisions"}],"predecessor-version":[{"id":7033,"href":"https:\/\/sndll.info\/index.php?rest_route=\/wp\/v2\/posts\/7029\/revisions\/7033"}],"wp:attachment":[{"href":"https:\/\/sndll.info\/index.php?rest_route=%2Fwp%2Fv2%2Fmedia&parent=7029"}],"wp:term":[{"taxonomy":"category","embeddable":true,"href":"https:\/\/sndll.info\/index.php?rest_route=%2Fwp%2Fv2%2Fcategories&post=7029"},{"taxonomy":"post_tag","embeddable":true,"href":"https:\/\/sndll.info\/index.php?rest_route=%2Fwp%2Fv2%2Ftags&post=7029"}],"curies":[{"name":"wp","href":"https:\/\/api.w.org\/{rel}","templated":true}]}}