{"id":7083,"date":"2025-03-17T13:42:29","date_gmt":"2025-03-17T12:42:29","guid":{"rendered":"https:\/\/sndll.info\/?p=7083"},"modified":"2025-03-09T15:19:59","modified_gmt":"2025-03-09T14:19:59","slug":"indemnites-maladie-et-aides-apprentissage-en-berne","status":"publish","type":"post","link":"https:\/\/sndll.info\/?p=7083","title":{"rendered":"INDEMNITES MALADIE ET AIDES APPRENTISSAGE EN BERNE"},"content":{"rendered":"<p>La loi de financement de la S\u00e9curit\u00e9 sociale ob\u00e9it aussi \u00e0 l&#8217;aust\u00e9rit\u00e9 et bien s\u00fbr (?!!) les salari\u00e9s et entreprises en paient le prix &#8230;.<\/p>\n<h3>Baisse du plafond des indemnit\u00e9s journali\u00e8res en cas d\u2019arr\u00eat de travail<\/h3>\n<p>La loi de financement de la S\u00e9curit\u00e9 sociale et le\u00a0<a class=\"url-alias-convert ext\" title=\"\u00ab legifrance.gouv.fr \u00bb dans une nouvelle fen\u00eatre (ouvrir dans une nouvelle fen\u00eatre)\" href=\"https:\/\/www.legifrance.gouv.fr\/jorf\/id\/JORFTEXT000051223695\" target=\"_blank\" rel=\"noopener\" data-tracking=\"{}\" data-extlink=\"\">d\u00e9cret du 20 f\u00e9vrier 2025<\/a>\u00a0actent une baisse des indemnit\u00e9s journali\u00e8res vers\u00e9es par l\u2019Assurance maladie lors d\u2019un arr\u00eat de travail<strong>\u00a0\u00e0 partir du 1<sup>er\u00a0<\/sup>avril 2025.<\/strong><\/p>\n<p>Les indemnit\u00e9s journali\u00e8res \u00e9taient calcul\u00e9es sur 50 % du salaire journalier de base avec un plafond fix\u00e9 \u00e0 1,8 SMIC. En 2025,\u00a0<strong>le plafond est abaiss\u00e9 \u00e0 1,4 SMIC<\/strong>.<\/p>\n<p>&nbsp;<\/p>\n<h3>R\u00e9vision de la r\u00e9mun\u00e9ration des contrats d\u2019apprentissage<\/h3>\n<p>L\u2019article 23 de la loi de financement de la S\u00e9curit\u00e9 sociale baisse le seuil d\u2019exon\u00e9ration de cotisations sociales (CSG et CRDS) sur la r\u00e9mun\u00e9ration des apprentis. Jusqu\u2019\u00e0 pr\u00e9sent, le plafond d\u2019exon\u00e9ration \u00e9tait fix\u00e9 \u00e0 79 % du SMIC. <strong>\u00c0 partir du 1<sup>er<\/sup>\u00a0mars 2025, ce seuil est abaiss\u00e9 50 % du SMIC.<\/strong><\/p>\n<p>&nbsp;<\/p>\n","protected":false},"excerpt":{"rendered":"<p>La loi de financement de la S\u00e9curit\u00e9 sociale ob\u00e9it aussi \u00e0 l&#8217;aust\u00e9rit\u00e9 et bien s\u00fbr (?!!) les salari\u00e9s et entreprises en paient le prix &#8230;. Baisse du plafond des indemnit\u00e9s journali\u00e8res en cas d\u2019arr\u00eat&#8230;<\/p>\n","protected":false},"author":2,"featured_media":0,"comment_status":"closed","ping_status":"closed","sticky":false,"template":"","format":"standard","meta":{"_mi_skip_tracking":false,"_monsterinsights_sitenote_active":false,"_monsterinsights_sitenote_note":"","_monsterinsights_sitenote_category":0},"categories":[1,9],"tags":[],"_links":{"self":[{"href":"https:\/\/sndll.info\/index.php?rest_route=\/wp\/v2\/posts\/7083"}],"collection":[{"href":"https:\/\/sndll.info\/index.php?rest_route=\/wp\/v2\/posts"}],"about":[{"href":"https:\/\/sndll.info\/index.php?rest_route=\/wp\/v2\/types\/post"}],"author":[{"embeddable":true,"href":"https:\/\/sndll.info\/index.php?rest_route=\/wp\/v2\/users\/2"}],"replies":[{"embeddable":true,"href":"https:\/\/sndll.info\/index.php?rest_route=%2Fwp%2Fv2%2Fcomments&post=7083"}],"version-history":[{"count":2,"href":"https:\/\/sndll.info\/index.php?rest_route=\/wp\/v2\/posts\/7083\/revisions"}],"predecessor-version":[{"id":7089,"href":"https:\/\/sndll.info\/index.php?rest_route=\/wp\/v2\/posts\/7083\/revisions\/7089"}],"wp:attachment":[{"href":"https:\/\/sndll.info\/index.php?rest_route=%2Fwp%2Fv2%2Fmedia&parent=7083"}],"wp:term":[{"taxonomy":"category","embeddable":true,"href":"https:\/\/sndll.info\/index.php?rest_route=%2Fwp%2Fv2%2Fcategories&post=7083"},{"taxonomy":"post_tag","embeddable":true,"href":"https:\/\/sndll.info\/index.php?rest_route=%2Fwp%2Fv2%2Ftags&post=7083"}],"curies":[{"name":"wp","href":"https:\/\/api.w.org\/{rel}","templated":true}]}}