{"id":7096,"date":"2025-03-20T14:15:48","date_gmt":"2025-03-20T13:15:48","guid":{"rendered":"https:\/\/sndll.info\/?p=7096"},"modified":"2025-03-20T14:15:48","modified_gmt":"2025-03-20T13:15:48","slug":"activite-partielle-de-longue-duree","status":"publish","type":"post","link":"https:\/\/sndll.info\/?p=7096","title":{"rendered":"ACTIVITE PARTIELLE DE LONGUE DUREE"},"content":{"rendered":"<p>&nbsp;<\/p>\n<h1 id=\"titlePage\" data-test=\"titre-page\">Entreprises en difficult\u00e9\u00a0: b\u00e9n\u00e9ficiez de l\u2019activit\u00e9 partielle de longue dur\u00e9e rebond (APLD-R)<\/h1>\n<p class=\"sp-text--gray fr-text--xs\" data-test=\"date-page\">\n<div id=\"intro\" class=\"fr-mb-6w\">\n<p class=\"fr-text--lg\">Afin de prot\u00e9ger l\u2019emploi des salari\u00e9s des entreprises en difficult\u00e9, la loi de finances pour\u00a02025 introduit le dispositif d&#8217;activit\u00e9 partielle de longue dur\u00e9e rebond (APLD-R). Celui-ci s&#8217;appliquera d\u00e8s la parution du d\u00e9cret d&#8217;application.<\/p>\n<\/div>\n<div class=\"fr-my-4w\">\n<div class=\"sp-actu fr-mt-n3w fr-mb-3w\">\n<div class=\"fr-mb-4w\">\n<div class=\"sp-image-container \"><\/div>\n<\/div>\n<h2 id=\"titreChapitre_-8612560306617776863\" class=\"fr-h4 fr-mt-4w\" data-test=\"chapitre\">Qu&#8217;est-ce que l&#8217;APLD-R\u00a0?<\/h2>\n<p data-test=\"contenu-texte\">L&#8217;activit\u00e9 partielle de longue dur\u00e9e rebond est un dispositif cr\u00e9\u00e9 afin de r\u00e9pondre au nombre important de restructurations et de d\u00e9faillances d&#8217;entreprises. Il vise donc \u00e0 \u00e9viter les licenciements \u00e9conomiques et \u00e0 prot\u00e9ger l&#8217;emploi.<\/p>\n<p data-test=\"contenu-texte\">Ce dispositif permet aux entreprises rencontrant des difficult\u00e9s financi\u00e8res de\u00a0<strong>r\u00e9duire<\/strong>\u00a0ou de\u00a0<strong>suspendre<\/strong>\u00a0l&#8217;activit\u00e9 de leurs salari\u00e9s tout en pr\u00e9servant leur emploi.<\/p>\n<p data-test=\"contenu-texte\">Le salari\u00e9 plac\u00e9 en temps partiel b\u00e9n\u00e9ficie d&#8217;une indemnisation, vers\u00e9e par l&#8217;employeur, visant \u00e0 compenser sa perte de salaire. En contrepartie, l&#8217;employeur per\u00e7oit sous forme d&#8217;allocation un remboursement partiel de l&#8217;\u00c9tat et de l&#8217;Un\u00e9dic.<\/p>\n<p data-test=\"contenu-texte\">Le d\u00e9cret d&#8217;application, dont nous attendons la publication, apportera selon le minist\u00e8re du Travail les pr\u00e9cisions suivantes\u00a0:<\/p>\n<ul class=\"sp-item-list\">\n<li>les entreprises pourront b\u00e9n\u00e9ficier du dispositif\u00a0<strong>pendant 18\u00a0mois, cons\u00e9cutifs ou non<\/strong>, sur une p\u00e9riode de r\u00e9f\u00e9rence de 24 mois cons\u00e9cutifs\u00a0;<\/li>\n<li>le placement en APLD-R des salari\u00e9s par l&#8217;employeur autorisera le versement d&#8217;une\u00a0<strong>indemnit\u00e9<\/strong>\u00a0au salari\u00e9\u00a0<strong>\u00e0 hauteur de 70\u00a0% de sa r\u00e9mun\u00e9ration ant\u00e9rieure brute<\/strong>\u00a0(indemnit\u00e9 port\u00e9e \u00e0 100\u00a0% du salaire net si le salari\u00e9 entre en formation pendant sa p\u00e9riode de placement en activit\u00e9 partielle)\u00a0;<\/li>\n<li>le montant de l&#8217;<strong>allocation<\/strong>\u00a0vers\u00e9e \u00e0 l&#8217;employeur sera fix\u00e9 \u00e0\u00a0<strong>60\u00a0% de la r\u00e9mun\u00e9ration ant\u00e9rieure brute du salari\u00e9<\/strong>.<\/li>\n<\/ul>\n<div data-content=\"sousChapitres\"><\/div>\n<h2 id=\"titreChapitre_-318104741731772476\" class=\"fr-h4 fr-mt-4w\" data-test=\"chapitre\">Quelles conditions\u00a0?<\/h2>\n<p data-test=\"contenu-texte\">L&#8217;employeur qui souhaite b\u00e9n\u00e9ficier de ce dispositif doit, au choix, conclure et faire valider par le pr\u00e9fet de son d\u00e9partement\u00a0:<\/p>\n<ul class=\"sp-item-list\">\n<li>un accord collectif d&#8217;\u00e9tablissement, d&#8217;entreprise ou de groupe\u00a0;<\/li>\n<li>un accord collectif de branche \u00e9tendu.<\/li>\n<\/ul>\n<p data-test=\"contenu-texte\">La mise en \u0153uvre de l&#8217;APLD-R peut aussi r\u00e9sulter de l&#8217;homologation d&#8217;un document unilat\u00e9ral d&#8217;application d&#8217;un\u00a0<span class=\"tool-tip\" tabindex=\"0\" data-toggle=\"tooltip\" data-definition=\"R59802\" data-original-title=\"\">accord collectif de branche \u00e9tendu<\/span>. Ce document est \u00e9labor\u00e9 par l&#8217;employeur.<\/p>\n<p data-test=\"contenu-texte\">Cet accord doit indiquer\u00a0:<\/p>\n<ul class=\"sp-item-list\">\n<li>la\u00a0<strong>dur\u00e9e de son application<\/strong>\u00a0;<\/li>\n<li>les\u00a0<strong>activit\u00e9s et les salari\u00e9s concern\u00e9s par l&#8217;APLD<\/strong>\u00a0;<\/li>\n<li>les\u00a0<strong>r\u00e9ductions de l&#8217;horaire de travail<\/strong>\u00a0pouvant donner lieu une indemnisation\u00a0;<\/li>\n<li>les engagements sp\u00e9cifiques, notamment en mati\u00e8re de maintien de l&#8217;emploi et de\u00a0<strong>formation professionnelle<\/strong>\u00a0(n\u00e9cessaire d&#8217;\u00e9laborer un document \u00e9num\u00e9rant ces engagements, apr\u00e8s avoir consult\u00e9 le\u00a0<abbr class=\"tool-tip\" tabindex=\"0\" data-toggle=\"tooltip\" data-acronyme=\"R51167\" data-original-title=\"CSE\u00a0:\u00a0Comit\u00e9 social et \u00e9conomique\">CSE<span class=\"fr-sr-only\">: CSE\u00a0:\u00a0Comit\u00e9 social et \u00e9conomique<\/span><\/abbr>\u00a0lorsqu&#8217;il existe).<\/li>\n<\/ul>\n<p data-test=\"contenu-texte\">Enfin, il est n\u00e9cessaire de mentionner dans l&#8217;accord collectif les\u00a0<a title=\"actions de d\u00e9veloppement des comp\u00e9tences - www.legifrance.gouv.fr - Nouvelle fen\u00eatre\" href=\"https:\/\/www.legifrance.gouv.fr\/codes\/article_lc\/LEGIARTI000037385660\" target=\"_blank\" rel=\"noopener noreferrer\">actions de d\u00e9veloppement des comp\u00e9tences<\/a>\u00a0propos\u00e9es aux salari\u00e9s plac\u00e9s en APLD.<\/p>\n<p data-test=\"contenu-texte\">Le d\u00e9cret d&#8217;application pr\u00e9voit que l&#8217;accord collectif (ou le document unilat\u00e9ral) transmis \u00e0 l&#8217;administration comportera un\u00a0<strong>diagnostic<\/strong>\u00a0int\u00e9grant les informations suivantes\u00a0:<\/p>\n<ul class=\"sp-item-list\">\n<li>le d\u00e9tail de la baisse d&#8217;activit\u00e9 durable subie par l&#8217;entreprise\u00a0;<\/li>\n<li>les \u00ab\u00a0perspectives d&#8217;activit\u00e9 envisag\u00e9es\u00a0\u00bb\u00a0;<\/li>\n<li>les besoins en comp\u00e9tence des salari\u00e9s.<\/li>\n<\/ul>\n<div class=\"fr-highlight  fr-my-4w fr-ml-0 sp-bg-white fr-py-1w\" data-test=\"citation\" data-fr-js-highlight-actionee=\"true\">\n<p class=\"fr-text--bold\">\u00c0 noter<\/p>\n<p>L&#8217;employeur qui ne respecte pas ses engagements devra rembourser les allocations d&#8217;activit\u00e9 partielle rebond per\u00e7ues.<\/p>\n<\/div>\n<div data-content=\"sousChapitres\"><\/div>\n<h2 id=\"titreChapitre_-5473191985436612317\" class=\"fr-h4 fr-mt-4w\" data-test=\"chapitre\">Quand s&#8217;appliquera ce dispositif\u00a0?<\/h2>\n<p data-test=\"contenu-texte\">L&#8217;APLD-R ne sera\u00a0<strong>applicable qu&#8217;apr\u00e8s la publication de son d\u00e9cret d&#8217;application<\/strong>.<\/p>\n<p data-test=\"contenu-texte\">Ce dispositif sera en vigueur jusqu&#8217;au 28\u00a0f\u00e9vrier\u00a02026.<\/p>\n<div data-content=\"sousChapitres\"><\/div>\n<\/div>\n<div class=\"fr-mt-6w\">\n<div class=\"sp-panel\" data-test=\"textes-de-reference\">\n<h2 class=\"sp-panel-title \"><button id=\"fiche-item-annexe-ref-aria\" class=\"sp-btn sp-btn-collapse\" type=\"button\" data-toggle=\"collapse\" data-target=\"#fiche-item-annexe-ref\" aria-controls=\"fiche-item-annexe-ref\" aria-expanded=\"true\"><span class=\"fr-h6\">Textes de loi et r\u00e9f\u00e9rences<\/span><\/button><\/h2>\n<div id=\"fiche-item-annexe-ref\" class=\"sp-panel-content collapse show\" aria-hidden=\"false\">\n<ul class=\"fr-raw-list fr-ml-1v\">\n<li data-test=\"reference\">\n<div class=\"sp-link fr-mb-1w\" data-test=\"lien-reference\">\n<div class=\"sp-link--label\">\n<p class=\"fr-mb-0\"><a class=\"fr-link\" title=\"LOI n\u00b0 2025-127 du 14 f\u00e9vrier 2025 de finances pour 2025 - Article 193 - legifrance.gouv.fr - Nouvelle fen\u00eatre\" href=\"https:\/\/www.legifrance.gouv.fr\/eli\/loi\/2025\/2\/14\/ECOX2423405L\/jo\/article_193\" target=\"_blank\" rel=\"noopener noreferrer\" data-test=\"href-lien-reference\" data-fr-js-link-actionee=\"true\">LOI n\u00b0 2025-127 du 14 f\u00e9vrier 2025 de finances pour 2025 &#8211; Article 193<\/a><\/p>\n<\/div>\n<\/div>\n<\/li>\n<li data-test=\"reference\">\n<div class=\"sp-link fr-mb-1w\" data-test=\"lien-reference\">\n<div class=\"sp-link--label\">\n<p class=\"fr-mb-0\"><a class=\"fr-link\" title=\"Code du travail - Articles L5122-1 \u00e0 L5122-6 - legifrance.gouv.fr - Nouvelle fen\u00eatre\" href=\"https:\/\/www.legifrance.gouv.fr\/codes\/section_lc\/LEGITEXT000006072050\/LEGISCTA000006178128\" target=\"_blank\" rel=\"noopener noreferrer\" data-test=\"href-lien-reference\" data-fr-js-link-actionee=\"true\">Code du travail &#8211; Articles L5122-1 \u00e0 L5122-6<\/a><\/p>\n<\/div>\n<\/div>\n<\/li>\n<\/ul>\n<\/div>\n<\/div>\n<\/div>\n<\/div>\n","protected":false},"excerpt":{"rendered":"<p>&nbsp; Entreprises en difficult\u00e9\u00a0: b\u00e9n\u00e9ficiez de l\u2019activit\u00e9 partielle de longue dur\u00e9e rebond (APLD-R) Afin de prot\u00e9ger l\u2019emploi des salari\u00e9s des entreprises en difficult\u00e9, la loi de finances pour\u00a02025 introduit le dispositif d&#8217;activit\u00e9 partielle de&#8230;<\/p>\n","protected":false},"author":2,"featured_media":0,"comment_status":"closed","ping_status":"closed","sticky":false,"template":"","format":"standard","meta":{"_mi_skip_tracking":false,"_monsterinsights_sitenote_active":false,"_monsterinsights_sitenote_note":"","_monsterinsights_sitenote_category":0},"categories":[9],"tags":[],"_links":{"self":[{"href":"https:\/\/sndll.info\/index.php?rest_route=\/wp\/v2\/posts\/7096"}],"collection":[{"href":"https:\/\/sndll.info\/index.php?rest_route=\/wp\/v2\/posts"}],"about":[{"href":"https:\/\/sndll.info\/index.php?rest_route=\/wp\/v2\/types\/post"}],"author":[{"embeddable":true,"href":"https:\/\/sndll.info\/index.php?rest_route=\/wp\/v2\/users\/2"}],"replies":[{"embeddable":true,"href":"https:\/\/sndll.info\/index.php?rest_route=%2Fwp%2Fv2%2Fcomments&post=7096"}],"version-history":[{"count":1,"href":"https:\/\/sndll.info\/index.php?rest_route=\/wp\/v2\/posts\/7096\/revisions"}],"predecessor-version":[{"id":7098,"href":"https:\/\/sndll.info\/index.php?rest_route=\/wp\/v2\/posts\/7096\/revisions\/7098"}],"wp:attachment":[{"href":"https:\/\/sndll.info\/index.php?rest_route=%2Fwp%2Fv2%2Fmedia&parent=7096"}],"wp:term":[{"taxonomy":"category","embeddable":true,"href":"https:\/\/sndll.info\/index.php?rest_route=%2Fwp%2Fv2%2Fcategories&post=7096"},{"taxonomy":"post_tag","embeddable":true,"href":"https:\/\/sndll.info\/index.php?rest_route=%2Fwp%2Fv2%2Ftags&post=7096"}],"curies":[{"name":"wp","href":"https:\/\/api.w.org\/{rel}","templated":true}]}}