{"id":7111,"date":"2025-04-03T13:09:40","date_gmt":"2025-04-03T11:09:40","guid":{"rendered":"https:\/\/sndll.info\/?p=7111"},"modified":"2025-04-14T13:16:04","modified_gmt":"2025-04-14T11:16:04","slug":"delais-de-conservation-des-documents-pour-un-particulier","status":"publish","type":"post","link":"https:\/\/sndll.info\/?p=7111","title":{"rendered":"DELAIS DE CONSERVATION DES DOCUMENTS POUR UN PARTICULIER"},"content":{"rendered":"<p>Notre r\u00e9ponse rapide \u00e0 un adh\u00e9rent (article d&#8217;hier) ayant entrain\u00e9 des questions, nous le compl\u00e9tons sur les d\u00e9lais de conservation des documents par un particulier.<\/p>\n<p>Nous avons d\u00e9j\u00e0 trait\u00e9 des d\u00e9lais de conservation des documents d&#8217;entreprise. Nous y reviendrons pour faire un ensemble complet<\/p>\n<h1 id=\"titlePage\" data-test=\"titre-page\">Dur\u00e9e de conservation des papiers<\/h1>\n<div id=\"autreCas\" class=\"sp-no-print rs_skip\">\n<ul class=\"sp-text--right fr-raw-list sp-list-inline\">\n<li class=\"fr-ml-1w\"><\/li>\n<\/ul>\n<\/div>\n<div id=\"intro\" class=\"sp-entete-etape fr-mb-6w\" aria-hidden=\"false\">\n<p class=\"fr-text--lg\">Combien de temps faut-il garder\u00a0 les papiers administratifs ? Nous vous indiquons les r\u00e8gles \u00e0 conna\u00eetre pour les principaux documents de la vie courante\u00a0: assurance, banque, famille, imp\u00f4ts, logement, travail, v\u00e9hicule, sant\u00e9&#8230;<\/p>\n<\/div>\n<div id=\"expired\" class=\"fr-my-4w\" aria-hidden=\"false\" data-test=\"div-content-fiche\">\n<div class=\"sp-intro-content\" data-test=\"spacing\">\n<p data-test=\"contenu-texte\">Les dur\u00e9es indiqu\u00e9es sont des\u00a0<strong>dur\u00e9es minimales<\/strong>\u00a0durant lesquelles il est prudent de garder les documents. Il s&#8217;agit des\u00a0<strong>d\u00e9lais durant lesquels vous pouvez exercer un droit<\/strong>. Par exemple, demander un remboursement. Il peut aussi s&#8217;agir des\u00a0<strong>d\u00e9lais pendant lesquels on peut vous r\u00e9clamer quelque chose<\/strong>. Par exemple, payer une amende.<\/p>\n<p data-test=\"contenu-texte\">Vous pouvez bien s\u00fbr\u00a0<strong>garder vos documents plus longtemps<\/strong>, notamment pour\u00a0<strong>apporter une preuve devant la justice<\/strong>. En effet,\u00a0<strong>les d\u00e9lais indiqu\u00e9s ne prennent pas en compte tous les cas de figure<\/strong>. Ainsi,\u00a0<strong>les d\u00e9lais peuvent \u00eatre allong\u00e9s<\/strong>\u00a0si la\u00a0<span id=\"sp-tooltip-R16087-ZJEQT\" class=\"sp-tooltip\" tabindex=\"0\" data-definition=\"R16087\" data-id=\"R16087-ZJEQT\" aria-describedby=\"tooltip-R16087-ZJEQT\" data-fr-js-tooltip-referent=\"true\" data-original-title=\"Expiration d'un droit apr\u00e8s un certain d\u00e9lai.\">prescription<\/span>\u00a0est suspendue ou interrompue. Par exemple, certains d\u00e9lais sont suspendus tant qu&#8217;une personne est mineure et commencent \u00e0 courir uniquement \u00e0 partir de la majorit\u00e9. Les documents peuvent aussi\u00a0<strong>servir de preuve \u00e0 l&#8217;appui d&#8217;actions tr\u00e8s diff\u00e9rentes<\/strong>.<\/p>\n<p data-test=\"contenu-texte\">Un\u00a0<strong>simulateur<\/strong>\u00a0vous permet de v\u00e9rifier rapidement la dur\u00e9e minimale de conservation d&#8217;un document. Des\u00a0<strong>pr\u00e9cisions utiles<\/strong>\u00a0sont indiqu\u00e9es dans les\u00a0<strong>rubriques th\u00e9matiques ci-dessous<\/strong>.<\/p>\n<p><a class=\"fr-btn fr-mb-2w\" title=\"V\u00e9rifier combien de temps conserver un document - Acc\u00e9der au simulateur - Nouvelle fen\u00eatre\" href=\"https:\/\/www.service-public.fr\/simulateur\/calcul\/ConserverSesPapiers\" target=\"_blank\" rel=\"noopener\" data-test=\"a-fiche-R-link\" data-fr-js-button-actionee=\"true\">V\u00e9rifier combien de temps conserver un document<\/a><\/p>\n<\/div>\n<div class=\"sp-chapter-intro fr-mb-3w\">\n<div class=\"sp-chapter-intro-btn rs_skip\"><\/div>\n<\/div>\n<div data-toggle-scope-seeall=\"chapters\">\n<div class=\"sp-chapter\" data-test=\"div-chapter\" data-type=\"important\">\n<div class=\"fiche-item-title printArea\">\n<h2 class=\"sp-chapter-title\"><button id=\"fiche-item-aria-1\" class=\"sp-btn sp-btn-collapse\" type=\"button\" data-toggle=\"collapse\" aria-expanded=\"true\" data-target=\"#fiche-item-1\" aria-controls=\"fiche-item-1\"><span class=\"fr-text--lg fr-mb-0 sp-chapter-btn-container\"><span class=\"sp-chapter-btn-text\">Assurance<\/span><\/span><\/button><\/h2>\n<\/div>\n<div id=\"fiche-item-1\" class=\"fiche-item-content sp-chapter-collapse printArea collapse show\" aria-labelledby=\"fiche-item-aria-1\" aria-hidden=\"false\">\n<div class=\"sp-chapter-content\">\n<div class=\"fr-table fr-table--bordered\" data-fr-js-table=\"true\" data-fr-js-table-actionee=\"true\">\n<div class=\"fr-table__wrapper\" data-fr-js-table-wrapper=\"true\">\n<div class=\"fr-table__container\">\n<div class=\"fr-table__content\">\n<table class=\"fr-cell--multiline sp-table\" data-fr-js-table-element=\"true\">\n<caption data-fr-js-table-caption=\"true\"><span data-test=\"titre-tableau-riche\">\u00a0Tableau &#8211; Dur\u00e9e\u00a0<strong>minimale<\/strong>\u00a0de conservation des documents li\u00e9s \u00e0 l&#8217;assurance<\/span><\/caption>\n<thead>\n<tr>\n<th colspan=\"1\" rowspan=\"1\" scope=\"col\">Type de document<\/th>\n<th colspan=\"1\" rowspan=\"1\" scope=\"col\">Dur\u00e9e de conservation<\/th>\n<th colspan=\"1\" rowspan=\"1\" scope=\"col\">Pr\u00e9cisions<\/th>\n<\/tr>\n<\/thead>\n<tbody>\n<tr data-fr-js-table-row=\"true\">\n<td colspan=\"1\" rowspan=\"1\">\n<ul>\n<li>Quittance<\/li>\n<li>Avis d&#8217;\u00e9ch\u00e9ance<\/li>\n<li>Courrier de r\u00e9siliation<\/li>\n<li>Preuve du r\u00e8glement<\/li>\n<\/ul>\n<\/td>\n<td colspan=\"1\" rowspan=\"1\">Date du document + 2 ans<\/td>\n<td colspan=\"1\" rowspan=\"1\"><\/td>\n<\/tr>\n<tr data-fr-js-table-row=\"true\">\n<td colspan=\"1\" rowspan=\"1\">Contrat<\/td>\n<td colspan=\"1\" rowspan=\"1\">Dur\u00e9e du contrat + 2 ans<\/td>\n<td colspan=\"1\" rowspan=\"1\"><\/td>\n<\/tr>\n<tr data-fr-js-table-row=\"true\">\n<td colspan=\"1\" rowspan=\"1\">Relev\u00e9 d&#8217;informations automobile<\/td>\n<td colspan=\"1\" rowspan=\"1\">Permanente<\/td>\n<td colspan=\"1\" rowspan=\"1\">Le relev\u00e9 d&#8217;informations est d\u00e9livr\u00e9 par votre assureur \u00e0 la fin du contrat ou sur demande<\/p>\n<p>Le relev\u00e9 indique le coefficient de r\u00e9duction-majoration de votre prime d&#8217;assurance (<a title=\"Bonus-malus dans l'assurance automobile\" href=\"https:\/\/www.service-public.fr\/particuliers\/vosdroits\/F2655\">bonus-malus<\/a>)<\/td>\n<\/tr>\n<tr data-fr-js-table-row=\"true\">\n<td colspan=\"1\" rowspan=\"1\"><a title=\"Quel est le d\u00e9lai de prescription applicable aux contrats d'assurance-vie\u00a0?\" href=\"https:\/\/www.service-public.fr\/particuliers\/vosdroits\/F15337\">Assurance-vie<\/a><\/td>\n<td colspan=\"1\" rowspan=\"1\">10 ans<\/td>\n<td colspan=\"1\" rowspan=\"1\">Ce d\u00e9lai s&#8217;applique d\u00e8s que vous avez connaissance du contrat en tant que b\u00e9n\u00e9ficiaire de l&#8217;assurance-vie<\/td>\n<\/tr>\n<tr data-fr-js-table-row=\"true\">\n<td colspan=\"1\" rowspan=\"1\">Dommage corporel<\/td>\n<td colspan=\"1\" rowspan=\"1\">10 ans<\/td>\n<td colspan=\"1\" rowspan=\"1\"><\/td>\n<\/tr>\n<\/tbody>\n<\/table>\n<\/div>\n<\/div>\n<\/div>\n<\/div>\n<\/div>\n<\/div>\n<\/div>\n<div class=\"sp-chapter\" data-test=\"div-chapter\" data-type=\"important\">\n<div class=\"fiche-item-title printArea\">\n<h2 class=\"sp-chapter-title\"><button id=\"fiche-item-aria-2\" class=\"sp-btn sp-btn-collapse\" type=\"button\" data-toggle=\"collapse\" aria-expanded=\"true\" data-target=\"#fiche-item-2\" aria-controls=\"fiche-item-2\"><span class=\"fr-text--lg fr-mb-0 sp-chapter-btn-container\"><span class=\"sp-chapter-btn-text\">V\u00e9hicule\u00a0: voiture, utilitaire&#8230;<\/span><\/span><\/button><\/h2>\n<\/div>\n<div id=\"fiche-item-2\" class=\"fiche-item-content sp-chapter-collapse printArea collapse show\" aria-labelledby=\"fiche-item-aria-2\" aria-hidden=\"false\">\n<div class=\"sp-chapter-content\">\n<div class=\"fr-table fr-table--bordered\" data-fr-js-table=\"true\" data-fr-js-table-actionee=\"true\">\n<div class=\"fr-table__wrapper\" data-fr-js-table-wrapper=\"true\">\n<div class=\"fr-table__container\">\n<div class=\"fr-table__content\">\n<table class=\"fr-cell--multiline sp-table\" data-fr-js-table-element=\"true\">\n<caption data-fr-js-table-caption=\"true\"><span data-test=\"titre-tableau-riche\">\u00a0Tableau &#8211; Dur\u00e9e\u00a0<strong>minimale<\/strong>\u00a0de conservation des documents li\u00e9s au v\u00e9hicule<\/span><\/caption>\n<thead>\n<tr>\n<th colspan=\"1\" rowspan=\"1\" scope=\"col\">Type de document<\/th>\n<th colspan=\"1\" rowspan=\"1\" scope=\"col\">Dur\u00e9e de conservation<\/th>\n<th colspan=\"1\" rowspan=\"1\" scope=\"col\">Pr\u00e9cisions<\/th>\n<\/tr>\n<\/thead>\n<tbody>\n<tr data-fr-js-table-row=\"true\">\n<td colspan=\"1\" rowspan=\"1\">PV pour\u00a0<a title=\"Contravention au code de la route\u00a0: paiement de l'amende\" href=\"https:\/\/www.service-public.fr\/particuliers\/vosdroits\/F18509\">amende forfaitaire<\/a><\/td>\n<td colspan=\"1\" rowspan=\"1\">3 ans<\/td>\n<td colspan=\"1\" rowspan=\"1\">Vous ne devez plus rien si le Tr\u00e9sor public n&#8217;a rien fait pour obtenir le paiement de l&#8217;amende 3 ans apr\u00e8s sa\u00a0<span id=\"sp-tooltip-R14732-J35EW\" class=\"sp-tooltip\" tabindex=\"0\" data-definition=\"R14732\" data-id=\"R14732-J35EW\" aria-describedby=\"tooltip-R14732-J35EW\" data-fr-js-tooltip-referent=\"true\" data-original-title=\"Formalit\u00e9 par laquelle un acte de proc\u00e9dure ou une d\u00e9cision est port\u00e9 \u00e0 la connaissance d\u2019une personne\">notification<\/span><\/td>\n<\/tr>\n<tr data-fr-js-table-row=\"true\">\n<td colspan=\"1\" rowspan=\"1\">Facture\u00a0: achat, r\u00e9paration\u2026<\/td>\n<td colspan=\"1\" rowspan=\"1\">Dur\u00e9e de conservation du v\u00e9hicule<\/td>\n<td colspan=\"1\" rowspan=\"1\">+ 2 ans en cas de revente compte tenu de la\u00a0<a title=\"Achat d'un produit\u00a0: garantie l\u00e9gale des vices cach\u00e9s\" href=\"https:\/\/www.service-public.fr\/particuliers\/vosdroits\/F11007\">garantie des vices cach\u00e9s<\/a><\/td>\n<\/tr>\n<tr data-fr-js-table-row=\"true\">\n<td colspan=\"1\" rowspan=\"1\">Certificat d&#8217;examen du permis de conduire<\/td>\n<td colspan=\"1\" rowspan=\"1\">4 mois<\/td>\n<td colspan=\"1\" rowspan=\"1\">+ jusqu&#8217;\u00e0 r\u00e9ception du permis<\/td>\n<\/tr>\n<tr data-fr-js-table-row=\"true\">\n<td colspan=\"1\" rowspan=\"1\">Certificat de cession du v\u00e9hicule<\/td>\n<td colspan=\"1\" rowspan=\"1\">Dur\u00e9e de conservation du v\u00e9hicule<\/td>\n<td colspan=\"1\" rowspan=\"1\">Il peut \u00eatre utile \u00e0 l\u2019acheteur de garder ce\u00a0<a title=\"Certificat de cession d'un v\u00e9hicule d'occasion\" href=\"https:\/\/www.service-public.fr\/particuliers\/vosdroits\/R20300\">certificat<\/a>\u00a0tant qu\u2019il conserve le v\u00e9hicule, en cas de litige avec l&#8217;ancien propri\u00e9taire.<\/td>\n<\/tr>\n<\/tbody>\n<\/table>\n<\/div>\n<\/div>\n<\/div>\n<\/div>\n<\/div>\n<\/div>\n<\/div>\n<div class=\"sp-chapter\" data-test=\"div-chapter\" data-type=\"important\">\n<div class=\"fiche-item-title printArea\">\n<h2 class=\"sp-chapter-title\"><button id=\"fiche-item-aria-3\" class=\"sp-btn sp-btn-collapse\" type=\"button\" data-toggle=\"collapse\" aria-expanded=\"true\" data-target=\"#fiche-item-3\" aria-controls=\"fiche-item-3\"><span class=\"fr-text--lg fr-mb-0 sp-chapter-btn-container\"><span class=\"sp-chapter-btn-text\">Banque<\/span><\/span><\/button><\/h2>\n<\/div>\n<div id=\"fiche-item-3\" class=\"fiche-item-content sp-chapter-collapse printArea collapse show\" aria-labelledby=\"fiche-item-aria-3\" aria-hidden=\"false\">\n<div class=\"sp-chapter-content\">\n<div class=\"fr-table fr-table--bordered\" data-fr-js-table=\"true\" data-fr-js-table-actionee=\"true\">\n<div class=\"fr-table__wrapper\" data-fr-js-table-wrapper=\"true\">\n<div class=\"fr-table__container\">\n<div class=\"fr-table__content\">\n<table class=\"fr-cell--multiline sp-table\" data-fr-js-table-element=\"true\">\n<caption data-fr-js-table-caption=\"true\"><span data-test=\"titre-tableau-riche\">\u00a0Tableau &#8211; Dur\u00e9e\u00a0<strong>minimale<\/strong>\u00a0de conservation des documents li\u00e9s \u00e0 la banque<\/span><\/caption>\n<thead>\n<tr>\n<th colspan=\"1\" rowspan=\"1\" scope=\"col\">Type de document<\/th>\n<th colspan=\"1\" rowspan=\"1\" scope=\"col\">Dur\u00e9e de conservation<\/th>\n<th colspan=\"1\" rowspan=\"1\" scope=\"col\">Pr\u00e9cisions<\/th>\n<\/tr>\n<\/thead>\n<tbody>\n<tr data-fr-js-table-row=\"true\">\n<td colspan=\"1\" rowspan=\"1\">Ch\u00e8que \u00e0 encaisser<\/td>\n<td colspan=\"1\" rowspan=\"1\">1 an et 8 jours<\/td>\n<td colspan=\"1\" rowspan=\"1\">Pass\u00e9 ce d\u00e9lai, le ch\u00e8que ne peut plus \u00eatre encaiss\u00e9 mais la dette reste due<\/td>\n<\/tr>\n<tr data-fr-js-table-row=\"true\">\n<td colspan=\"1\" rowspan=\"1\">Contrat de\u00a0<a title=\"Cr\u00e9dit immobilier\" href=\"https:\/\/www.service-public.fr\/particuliers\/vosdroits\/N20373\">cr\u00e9dit immobilier<\/a>\u00a0et\u00a0<a title=\"Cr\u00e9dit \u00e0 la consommation\" href=\"https:\/\/www.service-public.fr\/particuliers\/vosdroits\/N96\">cr\u00e9dit \u00e0 la consommation<\/a>\u00a0+ justificatifs<\/td>\n<td colspan=\"1\" rowspan=\"1\">2 ans \u00e0 partir de la derni\u00e8re \u00e9ch\u00e9ance<\/td>\n<td colspan=\"1\" rowspan=\"1\"><\/td>\n<\/tr>\n<tr data-fr-js-table-row=\"true\">\n<td colspan=\"1\" rowspan=\"1\">Dossier concernant un compte (compte courant, PEL, livret A&#8230;)<\/p>\n<p>Exemple : convention d&#8217;ouverture de compte<\/td>\n<td colspan=\"1\" rowspan=\"1\">5 ans \u00e0 partir de la cl\u00f4ture du compte<\/td>\n<td colspan=\"1\" rowspan=\"1\"><\/td>\n<\/tr>\n<tr data-fr-js-table-row=\"true\">\n<td colspan=\"1\" rowspan=\"1\">\n<ul>\n<li>Relev\u00e9 de compte (compte courant,\u00a0<a title=\"Plan \u00e9pargne logement (PEL)\" href=\"https:\/\/www.service-public.fr\/particuliers\/vosdroits\/F16140\">PEL<\/a>,\u00a0<a title=\"Livret A\" href=\"https:\/\/www.service-public.fr\/particuliers\/vosdroits\/F2365\">livret A<\/a>&#8230;)<\/li>\n<li>Talon de ch\u00e8que<\/li>\n<\/ul>\n<\/td>\n<td colspan=\"1\" rowspan=\"1\">5 ans \u00e0 partir de l&#8217;op\u00e9ration<\/td>\n<td colspan=\"1\" rowspan=\"1\">Un d\u00e9bit frauduleux doit \u00eatre contest\u00e9 dans un d\u00e9lai maximum de\u00a0<strong>13 mois<\/strong><\/td>\n<\/tr>\n<tr data-fr-js-table-row=\"true\">\n<td colspan=\"1\" rowspan=\"1\">Ticket de carte bancaire\u00a0: paiement et retrait<\/td>\n<td colspan=\"1\" rowspan=\"1\">Jusqu&#8217;\u00e0 r\u00e9ception du relev\u00e9 de compte o\u00f9 figure le solde correspondant<\/td>\n<td colspan=\"1\" rowspan=\"1\">Un d\u00e9bit frauduleux peut \u00eatre contest\u00e9 dans un d\u00e9lai maximum de\u00a0<strong>13 mois<\/strong><\/td>\n<\/tr>\n<\/tbody>\n<\/table>\n<\/div>\n<\/div>\n<\/div>\n<\/div>\n<\/div>\n<\/div>\n<\/div>\n<div class=\"sp-chapter\" data-test=\"div-chapter\">\n<div class=\"fiche-item-title\">\n<h2 class=\"sp-chapter-title\"><button id=\"fiche-item-aria-4\" class=\"sp-btn sp-btn-collapse\" type=\"button\" data-toggle=\"collapse\" aria-expanded=\"true\" data-target=\"#fiche-item-4\" aria-controls=\"fiche-item-4\"><span class=\"fr-text--lg fr-mb-0 sp-chapter-btn-container\"><span class=\"sp-chapter-btn-text\">Consommation &#8211; Appareil m\u00e9nager<\/span><\/span><\/button><\/h2>\n<\/div>\n<div id=\"fiche-item-4\" class=\"fiche-item-content sp-chapter-collapse collapse show\" aria-labelledby=\"fiche-item-aria-4\" aria-hidden=\"false\">\n<div class=\"sp-chapter-content\">\n<div class=\"fr-table fr-table--bordered\" data-fr-js-table=\"true\" data-fr-js-table-actionee=\"true\">\n<div class=\"fr-table__wrapper\" data-fr-js-table-wrapper=\"true\">\n<div class=\"fr-table__container\">\n<div class=\"fr-table__content\">\n<table class=\"fr-cell--multiline sp-table\" data-fr-js-table-element=\"true\">\n<caption data-fr-js-table-caption=\"true\"><span data-test=\"titre-tableau-riche\">\u00a0Tableau &#8211; Dur\u00e9e\u00a0<strong>minimale<\/strong>\u00a0de conservation des documents li\u00e9s \u00e0 la consommation<\/span><\/caption>\n<thead>\n<tr>\n<th colspan=\"1\" rowspan=\"1\" scope=\"col\">Type de document<\/th>\n<th colspan=\"1\" rowspan=\"1\" scope=\"col\">Dur\u00e9e de conservation<\/th>\n<th colspan=\"1\" rowspan=\"1\" scope=\"col\">Pr\u00e9cisions<\/th>\n<\/tr>\n<\/thead>\n<tbody>\n<tr data-fr-js-table-row=\"true\">\n<td colspan=\"1\" rowspan=\"1\">Certificat de garantie<\/td>\n<td colspan=\"1\" rowspan=\"1\">Jusqu&#8217;\u00e0 la fin de la\u00a0<a title=\"Quelles garanties en cas d'achat d'un produit\u00a0?\" href=\"https:\/\/www.service-public.fr\/particuliers\/vosdroits\/F18954\">garantie<\/a><\/td>\n<td colspan=\"1\" rowspan=\"1\"><\/td>\n<\/tr>\n<tr data-fr-js-table-row=\"true\">\n<td colspan=\"1\" rowspan=\"1\">Facture d&#8217;un appareil m\u00e9nager<\/p>\n<p>(par exemple, machine \u00e0 laver, t\u00e9l\u00e9viseur)<\/td>\n<td colspan=\"1\" rowspan=\"1\">Jusqu&#8217;\u00e0 la fin de la\u00a0<a title=\"Quelles garanties en cas d'achat d'un produit\u00a0?\" href=\"https:\/\/www.service-public.fr\/particuliers\/vosdroits\/F18954\">garantie<\/a><\/td>\n<td colspan=\"1\" rowspan=\"1\">Il peut \u00eatre utile de conserver la facture\u00a0<strong>tant que vous d\u00e9tenez l&#8217;appareil m\u00e9nager chez vous<\/strong><\/p>\n<p>En effet, en cas de vol ou de sinistre, la facture sert de preuve si vous souhaitez demander une indemnisation \u00e0 votre assureur<\/td>\n<\/tr>\n<\/tbody>\n<\/table>\n<\/div>\n<\/div>\n<\/div>\n<\/div>\n<\/div>\n<\/div>\n<\/div>\n<div class=\"sp-chapter\" data-test=\"div-chapter\" data-type=\"important\">\n<div class=\"fiche-item-title printArea\">\n<h2 class=\"sp-chapter-title\"><button id=\"fiche-item-aria-5\" class=\"sp-btn sp-btn-collapse\" type=\"button\" data-toggle=\"collapse\" aria-expanded=\"true\" data-target=\"#fiche-item-5\" aria-controls=\"fiche-item-5\"><span class=\"fr-text--lg fr-mb-0 sp-chapter-btn-container\"><span class=\"sp-chapter-btn-text\">Famille &#8211; Scolarit\u00e9<\/span><\/span><\/button><\/h2>\n<\/div>\n<div id=\"fiche-item-5\" class=\"fiche-item-content sp-chapter-collapse printArea collapse show\" aria-labelledby=\"fiche-item-aria-5\" aria-hidden=\"false\">\n<div class=\"sp-chapter-content\">\n<div class=\"fr-table fr-table--bordered\" data-fr-js-table=\"true\" data-fr-js-table-actionee=\"true\">\n<div class=\"fr-table__wrapper\" data-fr-js-table-wrapper=\"true\">\n<div class=\"fr-table__container\">\n<div class=\"fr-table__content\">\n<table class=\"fr-cell--multiline sp-table\" data-fr-js-table-element=\"true\">\n<caption data-fr-js-table-caption=\"true\"><span data-test=\"titre-tableau-riche\">\u00a0Tableau &#8211; Dur\u00e9e\u00a0<strong>minimale<\/strong>\u00a0de conservation des documents li\u00e9s \u00e0 la famille et \u00e0 la scolarit\u00e9<\/span><\/caption>\n<thead>\n<tr>\n<th colspan=\"1\" rowspan=\"1\" scope=\"col\">Type de document<\/th>\n<th colspan=\"1\" rowspan=\"1\" scope=\"col\">Dur\u00e9e de conservation<\/th>\n<th colspan=\"1\" rowspan=\"1\" scope=\"col\">Pr\u00e9cisions<\/th>\n<\/tr>\n<\/thead>\n<tbody>\n<tr data-fr-js-table-row=\"true\">\n<td colspan=\"1\" rowspan=\"1\"><span id=\"sp-tooltip-R1828-OVAZI\" class=\"sp-tooltip\" tabindex=\"0\" data-definition=\"R1828\" data-id=\"R1828-OVAZI\" aria-describedby=\"tooltip-R1828-OVAZI\" data-fr-js-tooltip-referent=\"true\" data-original-title=\"Acte de naissance, de reconnaissance, de mariage ou de d\u00e9c\u00e8s\">Acte d&#8217;\u00e9tat civil<\/span>\u00a0: copie int\u00e9grale et extrait<\/td>\n<td colspan=\"1\" rowspan=\"1\">Permanente<\/td>\n<td colspan=\"1\" rowspan=\"1\">Certaines proc\u00e9dures n\u00e9cessitent un\u00a0<a title=\"Y a-t-il une dur\u00e9e de validit\u00e9 d'un acte d'\u00e9tat civil\u00a0?\" href=\"https:\/\/www.service-public.fr\/particuliers\/vosdroits\/F10449\">acte d&#8217;\u00e9tat civil r\u00e9cent<\/a><\/td>\n<\/tr>\n<tr data-fr-js-table-row=\"true\">\n<td colspan=\"1\" rowspan=\"1\">Avis de versement d&#8217;allocations familiales<\/td>\n<td colspan=\"1\" rowspan=\"1\">5 ans<\/td>\n<td colspan=\"1\" rowspan=\"1\">Vous avez 2 ans pour agir si vous n&#8217;avez pas per\u00e7u le bon montant<\/p>\n<p>La\u00a0<abbr id=\"sp-tooltip-R24582-SBIHN\" class=\"sp-tooltip\" tabindex=\"0\" data-acronyme=\"R24582\" data-id=\"R24582-SBIHN\" aria-describedby=\"tooltip-R24582-SBIHN\" data-fr-js-tooltip-referent=\"true\" data-original-title=\"Caf\u00a0:\u00a0Caisse d'allocations familiales\">Caf<\/abbr>\u00a0a \u00e9galement 2 ans pour se faire rembourser un trop per\u00e7u<\/p>\n<p>Ce d\u00e9lai passe \u00e0 5 ans en cas de fraude de votre part<\/td>\n<\/tr>\n<tr data-fr-js-table-row=\"true\">\n<td colspan=\"1\" rowspan=\"1\">Jugement de divorce, jugement d&#8217;adoption<\/td>\n<td colspan=\"1\" rowspan=\"1\">Permanente<\/td>\n<td colspan=\"1\" rowspan=\"1\">En cas de perte, vous pouvez\u00a0<a title=\"Comment obtenir la copie d'une d\u00e9cision de justice (jugement, arr\u00eat)\u00a0?\" href=\"https:\/\/www.service-public.fr\/particuliers\/vosdroits\/F1379\">demander une copie au tribunal<\/a><\/td>\n<\/tr>\n<tr data-fr-js-table-row=\"true\">\n<td colspan=\"1\" rowspan=\"1\">Acte de reconnaissance d&#8217;un enfant<\/td>\n<td colspan=\"1\" rowspan=\"1\">Permanente<\/td>\n<td colspan=\"1\" rowspan=\"1\">La mairie peut vous en d\u00e9livrer une copie<\/td>\n<\/tr>\n<tr data-fr-js-table-row=\"true\">\n<td colspan=\"1\" rowspan=\"1\">Contrat de mariage\u00a0: documents relatifs aux biens apport\u00e9s ou acquis lors du mariage par\u00a0<span id=\"sp-tooltip-R55579-T9LIO\" class=\"sp-tooltip\" tabindex=\"0\" data-definition=\"R55579\" data-id=\"R55579-T9LIO\" aria-describedby=\"tooltip-R55579-T9LIO\" data-fr-js-tooltip-referent=\"true\" data-original-title=\"Acte par lequel une personne transmet de son vivant et gratuitement la propri\u00e9t\u00e9 d'un bien \u00e0 une autre personne\">donation<\/span>\u00a0ou\u00a0<span id=\"sp-tooltip-R15809-FVW3O\" class=\"sp-tooltip\" tabindex=\"0\" data-definition=\"R15809\" data-id=\"R15809-FVW3O\" aria-describedby=\"tooltip-R15809-FVW3O\" data-fr-js-tooltip-referent=\"true\" data-original-title=\"Bien donn\u00e9 par testament \u00e0 une personne\">legs<\/span><\/td>\n<td colspan=\"1\" rowspan=\"1\">Permanente<\/td>\n<td colspan=\"1\" rowspan=\"1\">En cas de perte du contrat de mariage, vous devez vous adresser au notaire qui l&#8217;a \u00e9tabli<\/td>\n<\/tr>\n<tr data-fr-js-table-row=\"true\">\n<td colspan=\"1\" rowspan=\"1\">Convention de\u00a0<abbr id=\"sp-tooltip-R45368-LPSQB\" class=\"sp-tooltip\" tabindex=\"0\" data-sigle=\"R45368\" data-id=\"R45368-LPSQB\" aria-describedby=\"tooltip-R45368-LPSQB\" data-fr-js-tooltip-referent=\"true\" data-original-title=\"Pacs\u00a0:\u00a0Pacte civil de solidarit\u00e9\">Pacs<\/abbr><\/td>\n<td colspan=\"1\" rowspan=\"1\">Permanente<\/td>\n<td colspan=\"1\" rowspan=\"1\">En cas de perte, un notaire peut fournir une copie, mais pas le tribunal ni la mairie<\/td>\n<\/tr>\n<tr data-fr-js-table-row=\"true\">\n<td colspan=\"1\" rowspan=\"1\">Livret de famille<\/td>\n<td colspan=\"1\" rowspan=\"1\">Permanente<\/td>\n<td colspan=\"1\" rowspan=\"1\">En cas de\u00a0<a title=\"Comment obtenir un second livret de famille en cas de perte, vol ou d\u00e9t\u00e9rioration\u00a0?\" href=\"https:\/\/www.service-public.fr\/particuliers\/vosdroits\/F11994\">perte<\/a>, un\u00a0<span id=\"sp-tooltip-R13034-KK581\" class=\"sp-tooltip\" tabindex=\"0\" data-definition=\"R13034\" data-id=\"R13034-KK581\" aria-describedby=\"tooltip-R13034-KK581\" data-fr-js-tooltip-referent=\"true\" data-original-title=\"Double, copie d'un document ou d'un acte\">duplicata<\/span>\u00a0peut \u00eatre obtenu \u00e0 la mairie<\/td>\n<\/tr>\n<tr data-fr-js-table-row=\"true\">\n<td colspan=\"1\" rowspan=\"1\">Dipl\u00f4me<\/td>\n<td colspan=\"1\" rowspan=\"1\">Permanente<\/td>\n<td colspan=\"1\" rowspan=\"1\">En cas de perte, vous pouvez demander une\u00a0<a title=\"Comment obtenir la copie d'un dipl\u00f4me\u00a0?\" href=\"https:\/\/www.service-public.fr\/particuliers\/vosdroits\/F10492\">preuve de votre r\u00e9ussite \u00e0 l&#8217;examen<\/a><\/td>\n<\/tr>\n<\/tbody>\n<\/table>\n<\/div>\n<\/div>\n<\/div>\n<\/div>\n<\/div>\n<\/div>\n<\/div>\n<div class=\"sp-chapter\" data-test=\"div-chapter\" data-type=\"important\">\n<div class=\"fiche-item-title printArea\">\n<h2 class=\"sp-chapter-title\"><button id=\"fiche-item-aria-6\" class=\"sp-btn sp-btn-collapse\" type=\"button\" data-toggle=\"collapse\" aria-expanded=\"true\" data-target=\"#fiche-item-6\" aria-controls=\"fiche-item-6\"><span class=\"fr-text--lg fr-mb-0 sp-chapter-btn-container\"><span class=\"sp-chapter-btn-text\">Logement<\/span><\/span><\/button><\/h2>\n<\/div>\n<div id=\"fiche-item-6\" class=\"fiche-item-content sp-chapter-collapse printArea collapse show\" aria-labelledby=\"fiche-item-aria-6\" aria-hidden=\"false\">\n<div class=\"sp-chapter-content\">\n<div class=\"fr-table fr-table--bordered\" data-fr-js-table=\"true\" data-fr-js-table-actionee=\"true\">\n<div class=\"fr-table__wrapper\" data-fr-js-table-wrapper=\"true\">\n<div class=\"fr-table__container\">\n<div class=\"fr-table__content\">\n<table class=\"fr-cell--multiline sp-table\" data-fr-js-table-element=\"true\">\n<caption data-fr-js-table-caption=\"true\"><span data-test=\"titre-tableau-riche\">\u00a0Tableau &#8211; Dur\u00e9e\u00a0<strong>minimale<\/strong>\u00a0de conservation des documents li\u00e9s au logement<\/span><\/caption>\n<thead>\n<tr>\n<th colspan=\"1\" rowspan=\"1\" scope=\"col\">Type de document<\/th>\n<th colspan=\"1\" rowspan=\"1\" scope=\"col\">Dur\u00e9e de conservation<\/th>\n<th colspan=\"1\" rowspan=\"1\" scope=\"col\">Pr\u00e9cisions<\/th>\n<\/tr>\n<\/thead>\n<tbody>\n<tr data-fr-js-table-row=\"true\">\n<td colspan=\"1\" rowspan=\"1\">\n<ul>\n<li>Facture d&#8217;\u00e9lectricit\u00e9<\/li>\n<li>Facture de gaz<\/li>\n<\/ul>\n<\/td>\n<td colspan=\"1\" rowspan=\"1\">5 ans<\/td>\n<td colspan=\"1\" rowspan=\"1\">D\u00e9lai pour contester une facture<\/p>\n<p>Votre fournisseur a 2 ans pour r\u00e9clamer un paiement<\/td>\n<\/tr>\n<tr data-fr-js-table-row=\"true\">\n<td colspan=\"1\" rowspan=\"1\">Facture d&#8217;eau<\/td>\n<td colspan=\"1\" rowspan=\"1\">5 ans<\/td>\n<td colspan=\"1\" rowspan=\"1\">D\u00e9lai pour contester une facture.<\/p>\n<p>Pour r\u00e9clamer un paiement, votre fournisseur a\u00a0:<\/p>\n<ul>\n<li>4 ans si c&#8217;est un fournisseur public<\/li>\n<li>2 ans si c&#8217;est un fournisseur priv\u00e9<\/li>\n<\/ul>\n<\/td>\n<\/tr>\n<tr data-fr-js-table-row=\"true\">\n<td colspan=\"1\" rowspan=\"1\">\n<ul>\n<li>Facture de t\u00e9l\u00e9phone fixe et mobile<\/li>\n<li>Facture internet<\/li>\n<\/ul>\n<\/td>\n<td colspan=\"1\" rowspan=\"1\">1 an<\/td>\n<td colspan=\"1\" rowspan=\"1\"><\/td>\n<\/tr>\n<tr data-fr-js-table-row=\"true\">\n<td colspan=\"1\" rowspan=\"1\">Preuve de restitution de mat\u00e9riel (box)<\/td>\n<td colspan=\"1\" rowspan=\"1\">2 ans \u00e0 partir de la restitution<\/td>\n<td colspan=\"1\" rowspan=\"1\"><\/td>\n<\/tr>\n<tr data-fr-js-table-row=\"true\">\n<td colspan=\"1\" rowspan=\"1\">Facture li\u00e9e aux travaux<\/td>\n<td colspan=\"1\" rowspan=\"1\">10 ans ou 2 ans selon la nature des travaux<\/td>\n<td colspan=\"1\" rowspan=\"1\">\n<ul>\n<li>Gros \u0153uvre : 10 ans<\/li>\n<li>Petits travaux (par exemple, fen\u00eatres) : 2 ans<\/li>\n<\/ul>\n<\/td>\n<\/tr>\n<tr data-fr-js-table-row=\"true\">\n<td colspan=\"1\" rowspan=\"1\">Certificat de ramonage<\/td>\n<td colspan=\"1\" rowspan=\"1\">1 an<\/td>\n<td colspan=\"1\" rowspan=\"1\"><\/td>\n<\/tr>\n<tr data-fr-js-table-row=\"true\">\n<td colspan=\"1\" rowspan=\"1\">Attestation d&#8217;entretien annuel d&#8217;une\u00a0<a title=\"Entretien annuel des \u00e9quipements de chauffage : quelles r\u00e8gles pour le locataire\u00a0?\" href=\"https:\/\/www.service-public.fr\/particuliers\/vosdroits\/F20760\">chaudi\u00e8re<\/a><\/td>\n<td colspan=\"1\" rowspan=\"1\">2 ans<\/td>\n<td colspan=\"1\" rowspan=\"1\"><\/td>\n<\/tr>\n<tr data-fr-js-table-row=\"true\">\n<td colspan=\"1\" rowspan=\"1\">Acte de vente (aussi appel\u00e9\u00a0<span class=\"expression\"><em>titre de propri\u00e9t\u00e9<\/em><\/span>)<\/td>\n<td colspan=\"1\" rowspan=\"1\">Permanente<\/td>\n<td colspan=\"1\" rowspan=\"1\">Si n\u00e9cessaire, vous pouvez\u00a0<a title=\"Que faire lorsque l'on a perdu l'acte de propri\u00e9t\u00e9 de son logement\u00a0?\" href=\"https:\/\/www.service-public.fr\/particuliers\/vosdroits\/F2618\">demander une copie au notaire<\/a>\u00a0d\u00e9tenteur de la\u00a0<span id=\"sp-tooltip-R46344-UMSH0\" class=\"sp-tooltip\" tabindex=\"0\" data-definition=\"R46344\" data-id=\"R46344-UMSH0\" aria-describedby=\"tooltip-R46344-UMSH0\" data-fr-js-tooltip-referent=\"true\" data-original-title=\"Original d'un document (par exemple, une convention de divorce) r\u00e9dig\u00e9 par une autorit\u00e9 (tribunal civil ou administratif, notaire, commissaire de justice - anciennement huissier de justice et commissaire-priseur judiciaire, ...), qui est dans l'obligation de le conserver\">minute<\/span><\/td>\n<\/tr>\n<tr data-fr-js-table-row=\"true\">\n<td colspan=\"1\" rowspan=\"1\">\n<ul>\n<li>Preuve du paiement des charges de copropri\u00e9t\u00e9<\/li>\n<li>Correspondances avec le\u00a0<span id=\"sp-tooltip-R12430-WH1FT\" class=\"sp-tooltip\" tabindex=\"0\" data-definition=\"R12430\" data-id=\"R12430-WH1FT\" aria-describedby=\"tooltip-R12430-WH1FT\" data-fr-js-tooltip-referent=\"true\" data-original-title=\"Personne (professionnel ou copropri\u00e9taire b\u00e9n\u00e9vole) charg\u00e9e d'assurer la gestion administrative, technique, financi\u00e8re et comptable de la copropri\u00e9t\u00e9\">syndic<\/span><\/li>\n<li>Proc\u00e8s verbal d&#8217;assembl\u00e9e g\u00e9n\u00e9rale de copropri\u00e9t\u00e9<\/li>\n<\/ul>\n<\/td>\n<td colspan=\"1\" rowspan=\"1\">5 ans<\/td>\n<td colspan=\"1\" rowspan=\"1\"><\/td>\n<\/tr>\n<tr data-fr-js-table-row=\"true\">\n<td colspan=\"1\" rowspan=\"1\">\n<ul>\n<li>Contrat de location<\/li>\n<li>\u00c9tat des lieux<\/li>\n<li>Quittance de loyer<\/li>\n<\/ul>\n<\/td>\n<td colspan=\"1\" rowspan=\"1\">Dur\u00e9e de la location + 3 ans<\/td>\n<td colspan=\"1\" rowspan=\"1\">Le d\u00e9lai est identique pour un logement vide ou meubl\u00e9<\/td>\n<\/tr>\n<tr data-fr-js-table-row=\"true\">\n<td colspan=\"1\" rowspan=\"1\">Courrier de\u00a0<a title=\"R\u00e9vision du loyer en cours de bail (logement du secteur priv\u00e9)\" href=\"https:\/\/www.service-public.fr\/particuliers\/vosdroits\/F1311\">r\u00e9vision de loyer<\/a><\/td>\n<td colspan=\"1\" rowspan=\"1\">Dur\u00e9e de la location + 1 an<\/td>\n<td colspan=\"1\" rowspan=\"1\">Ce d\u00e9lai s&#8217;applique \u00e0 un logement lou\u00e9 \u00e0 titre de\u00a0<span id=\"sp-tooltip-R1064-T535D\" class=\"sp-tooltip\" tabindex=\"0\" data-definition=\"R1064\" data-id=\"R1064-T535D\" aria-describedby=\"tooltip-R1064-T535D\" data-fr-js-tooltip-referent=\"true\" data-original-title=\"Logement occup\u00e9 au moins 8\u00a0mois par an (sauf obligation professionnelle, raison de sant\u00e9 ou cas de force majeure), soit par le locataire ou la personne avec laquelle il vit, soit par une personne \u00e0 charge (enfant, ascendant de plus de 65 ans, parent handicap\u00e9)\">r\u00e9sidence principale<\/span>\u00a0vide ou meubl\u00e9<\/td>\n<\/tr>\n<tr data-fr-js-table-row=\"true\">\n<td colspan=\"1\" rowspan=\"1\"><a title=\"Qu'est-ce qu'un logement d'habitation meubl\u00e9 ?\" href=\"https:\/\/www.service-public.fr\/particuliers\/vosdroits\/F34769\">Inventaire du mobilier<\/a>\u00a0pour les locations meubl\u00e9es<\/td>\n<td colspan=\"1\" rowspan=\"1\">Dur\u00e9e de la location + 3 ans<\/td>\n<td colspan=\"1\" rowspan=\"1\"><\/td>\n<\/tr>\n<tr data-fr-js-table-row=\"true\">\n<td colspan=\"1\" rowspan=\"1\">Justificatif de versement de\u00a0<a title=\"Aide personnalis\u00e9e au logement (APL)\" href=\"https:\/\/www.service-public.fr\/particuliers\/vosdroits\/F12006\">l&#8217;aide personnalis\u00e9e au logement (APL)<\/a><\/td>\n<td colspan=\"1\" rowspan=\"1\">2 ans<\/td>\n<td colspan=\"1\" rowspan=\"1\"><\/td>\n<\/tr>\n<\/tbody>\n<\/table>\n<\/div>\n<\/div>\n<\/div>\n<\/div>\n<\/div>\n<\/div>\n<\/div>\n<div class=\"sp-chapter\" data-test=\"div-chapter\" data-type=\"important\">\n<div class=\"fiche-item-title printArea\">\n<h2 class=\"sp-chapter-title\"><button id=\"fiche-item-aria-7\" class=\"sp-btn sp-btn-collapse\" type=\"button\" data-toggle=\"collapse\" aria-expanded=\"true\" data-target=\"#fiche-item-7\" aria-controls=\"fiche-item-7\"><span class=\"fr-text--lg fr-mb-0 sp-chapter-btn-container\"><span class=\"sp-chapter-btn-text\">Imp\u00f4ts et taxes<\/span><\/span><\/button><\/h2>\n<\/div>\n<div id=\"fiche-item-7\" class=\"fiche-item-content sp-chapter-collapse printArea collapse show\" aria-labelledby=\"fiche-item-aria-7\" aria-hidden=\"false\">\n<div class=\"sp-chapter-content\">\n<div class=\"fr-table fr-table--bordered\" data-fr-js-table=\"true\" data-fr-js-table-actionee=\"true\">\n<div class=\"fr-table__wrapper\" data-fr-js-table-wrapper=\"true\">\n<div class=\"fr-table__container\">\n<div class=\"fr-table__content\">\n<table class=\"fr-cell--multiline sp-table\" data-fr-js-table-element=\"true\">\n<caption data-fr-js-table-caption=\"true\"><span data-test=\"titre-tableau-riche\">\u00a0Tableau &#8211; Dur\u00e9e\u00a0<strong>minimale<\/strong>\u00a0de conservation des documents li\u00e9s aux imp\u00f4ts<\/span><\/caption>\n<thead>\n<tr>\n<th colspan=\"1\" rowspan=\"1\" scope=\"col\">Type de document<\/th>\n<th colspan=\"1\" rowspan=\"1\" scope=\"col\">Dur\u00e9e de conservation<\/th>\n<th colspan=\"1\" rowspan=\"1\" scope=\"col\">Pr\u00e9cisions<\/th>\n<\/tr>\n<\/thead>\n<tbody>\n<tr data-fr-js-table-row=\"true\">\n<td colspan=\"1\" rowspan=\"1\">\n<ul>\n<li>D\u00e9claration de revenus<\/li>\n<li>Avis d&#8217;imposition sur le revenu<\/li>\n<li>Justificatifs utilis\u00e9s. Par exemple,\u00a0<a title=\"Imp\u00f4t sur le revenu\u00a0- Frais professionnels\u00a0: forfait ou frais r\u00e9els (d\u00e9duction)\" href=\"https:\/\/www.service-public.fr\/particuliers\/vosdroits\/F1989\">justificatifs des frais r\u00e9els<\/a><\/li>\n<\/ul>\n<\/td>\n<td colspan=\"1\" rowspan=\"1\">3 ans \u00e0 partir de l&#8217;ann\u00e9e qui suit l&#8217;ann\u00e9e d&#8217;imposition<\/p>\n<p>Ce d\u00e9lai correspond au\u00a0<span id=\"sp-tooltip-R52137-7KRIP\" class=\"sp-tooltip\" tabindex=\"0\" data-definition=\"R52137\" data-id=\"R52137-7KRIP\" aria-describedby=\"tooltip-R52137-7KRIP\" data-fr-js-tooltip-referent=\"true\" data-original-title=\"Possibilit\u00e9 donn\u00e9e \u00e0 l'administration de r\u00e9parer les oublis et les erreurs constat\u00e9s en mati\u00e8re d'imp\u00f4ts (assiette, recouvrement, calcul du montant)\">droit de reprise de l&#8217;administration<\/span><\/td>\n<td colspan=\"1\" rowspan=\"1\">Exemple\u00a0: d\u00e9claration 2023 \u00e0 conserver jusqu&#8217;\u00e0 la fin 2026<\/td>\n<\/tr>\n<tr data-fr-js-table-row=\"true\">\n<td colspan=\"1\" rowspan=\"1\">Avis d&#8217;imp\u00f4ts locaux\u00a0:\u00a0<a title=\"Taxe d'habitation sur les r\u00e9sidences secondaires\" href=\"https:\/\/www.service-public.fr\/particuliers\/vosdroits\/F42\">taxe d&#8217;habitation sur les r\u00e9sidences secondaires<\/a>,taxe fonci\u00e8re<\/td>\n<td colspan=\"1\" rowspan=\"1\">1 an<\/p>\n<p>Ce d\u00e9lai correspond au\u00a0<span id=\"sp-tooltip-R52137-LT4GG\" class=\"sp-tooltip\" tabindex=\"0\" data-definition=\"R52137\" data-id=\"R52137-LT4GG\" aria-describedby=\"tooltip-R52137-LT4GG\" data-fr-js-tooltip-referent=\"true\" data-original-title=\"Possibilit\u00e9 donn\u00e9e \u00e0 l'administration de r\u00e9parer les oublis et les erreurs constat\u00e9s en mati\u00e8re d'imp\u00f4ts (assiette, recouvrement, calcul du montant)\">droit de reprise de l&#8217;administration<\/span><\/td>\n<td colspan=\"1\" rowspan=\"1\">3 ans en cas de\u00a0<span id=\"sp-tooltip-R49470-8JNDP\" class=\"sp-tooltip\" tabindex=\"0\" data-definition=\"R49470\" data-id=\"R49470-8JNDP\" aria-describedby=\"tooltip-R49470-8JNDP\" data-fr-js-tooltip-referent=\"true\" data-original-title=\"Suppression ou r\u00e9duction d'un imp\u00f4t accord\u00e9e par l'administration fiscale\">d\u00e9gr\u00e8vement<\/span>, exon\u00e9ration ou\u00a0<span id=\"sp-tooltip-R3018-BPXIR\" class=\"sp-tooltip\" tabindex=\"0\" data-definition=\"R3018\" data-id=\"R3018-BPXIR\" aria-describedby=\"tooltip-R3018-BPXIR\" data-fr-js-tooltip-referent=\"true\" data-original-title=\"R\u00e9duction forfaitaire ou proportionnelle appliqu\u00e9e sur la base de calcul d'un imp\u00f4t (revenus, valeur d'un bien, etc.)\">abattement<\/span><\/td>\n<\/tr>\n<\/tbody>\n<\/table>\n<\/div>\n<\/div>\n<\/div>\n<\/div>\n<div class=\"fr-highlight  fr-my-4w fr-ml-0 sp-bg-white fr-py-1w\" data-test=\"citation\" data-fr-js-highlight-actionee=\"true\">\n<p class=\"fr-text--bold\">Attention<\/p>\n<p>les dur\u00e9es indiqu\u00e9es sont des dur\u00e9es minimales durant lesquelles l&#8217;administration fiscale dispose d&#8217;un\u00a0<span id=\"sp-tooltip-R52137-8ZYF9\" class=\"sp-tooltip\" tabindex=\"0\" data-definition=\"R52137\" data-id=\"R52137-8ZYF9\" aria-describedby=\"tooltip-R52137-8ZYF9\" data-fr-js-tooltip-referent=\"true\" data-original-title=\"Possibilit\u00e9 donn\u00e9e \u00e0 l'administration de r\u00e9parer les oublis et les erreurs constat\u00e9s en mati\u00e8re d'imp\u00f4ts (assiette, recouvrement, calcul du montant)\">droit de reprise<\/span>. Vous pouvez bien \u00e9videmment garder vos d\u00e9clarations de revenus et avis d&#8217;imposition plus longtemps.<\/p>\n<\/div>\n<\/div>\n<\/div>\n<\/div>\n<div class=\"sp-chapter\" data-test=\"div-chapter\" data-type=\"important\">\n<div class=\"fiche-item-title printArea\">\n<h2 class=\"sp-chapter-title\"><button id=\"fiche-item-aria-8\" class=\"sp-btn sp-btn-collapse\" type=\"button\" data-toggle=\"collapse\" aria-expanded=\"true\" data-target=\"#fiche-item-8\" aria-controls=\"fiche-item-8\"><span class=\"fr-text--lg fr-mb-0 sp-chapter-btn-container\"><span class=\"sp-chapter-btn-text\">Travail &#8211; Ch\u00f4mage &#8211; Retraite<\/span><\/span><\/button><\/h2>\n<\/div>\n<div id=\"fiche-item-8\" class=\"fiche-item-content sp-chapter-collapse printArea collapse show\" aria-labelledby=\"fiche-item-aria-8\" aria-hidden=\"false\">\n<div class=\"sp-chapter-content\">\n<div class=\"fr-table fr-table--bordered\" data-fr-js-table=\"true\" data-fr-js-table-actionee=\"true\">\n<div class=\"fr-table__wrapper\" data-fr-js-table-wrapper=\"true\">\n<div class=\"fr-table__container\">\n<div class=\"fr-table__content\">\n<table class=\"fr-cell--multiline sp-table\" data-fr-js-table-element=\"true\">\n<caption data-fr-js-table-caption=\"true\"><span data-test=\"titre-tableau-riche\">\u00a0Tableau &#8211; Dur\u00e9e\u00a0<strong>minimale<\/strong>\u00a0de conservation des documents li\u00e9s au travail, au ch\u00f4mage et \u00e0 la retraite<\/span><\/caption>\n<thead>\n<tr>\n<th colspan=\"1\" rowspan=\"1\" scope=\"col\">Type de document<\/th>\n<th colspan=\"1\" rowspan=\"1\" scope=\"col\">Dur\u00e9e de conservation<\/th>\n<th colspan=\"1\" rowspan=\"1\" scope=\"col\">Pr\u00e9cisions<\/th>\n<\/tr>\n<\/thead>\n<tbody>\n<tr data-fr-js-table-row=\"true\">\n<td colspan=\"1\" rowspan=\"1\">\n<ul>\n<li>Bulletin de salaire<\/li>\n<li>Contrat de travail<\/li>\n<li>Certificat de travail<\/li>\n<li>Relev\u00e9 d&#8217;indemnit\u00e9s journali\u00e8res de maladie et de maternit\u00e9<\/li>\n<\/ul>\n<\/td>\n<td colspan=\"1\" rowspan=\"1\">Jusqu&#8217;\u00e0 la\u00a0<span id=\"sp-tooltip-R42089-67YIO\" class=\"sp-tooltip\" tabindex=\"0\" data-definition=\"R42089\" data-id=\"R42089-67YIO\" aria-describedby=\"tooltip-R42089-67YIO\" data-fr-js-tooltip-referent=\"true\" data-original-title=\"Ensemble des op\u00e9rations qui permet de d\u00e9terminer le droit d'un assur\u00e9 \u00e0 une pension de vieillesse et \u00e0 la calculer\">liquidation<\/span>\u00a0de la retraite<\/td>\n<td colspan=\"1\" rowspan=\"1\">Vous avez 3 ans pour r\u00e9clamer un\u00a0<a title=\"Saisir le conseil de prud'hommes (CPH)\" href=\"https:\/\/www.service-public.fr\/particuliers\/vosdroits\/F2360\">arri\u00e9r\u00e9 de salaire<\/a><\/p>\n<p>Un justificatif d&#8217;indemnit\u00e9s journali\u00e8res doit \u00eatre gard\u00e9 au moins 2 ans, mais il est prudent de le conserver jusqu&#8217;\u00e0 la liquidation de la retraite<\/p>\n<p>Il peut \u00eatre utile de garder les bulletins de salaire apr\u00e8s le d\u00e9part \u00e0 la retraite pour le calcul de la rente en cas de maladie professionnelle survenant \u00e0 un retrait\u00e9<\/td>\n<\/tr>\n<tr data-fr-js-table-row=\"true\">\n<td colspan=\"1\" rowspan=\"1\"><a title=\"Attestation employeur destin\u00e9e \u00e0 France Travail (anciennement P\u00f4le emploi)\" href=\"https:\/\/www.service-public.fr\/particuliers\/vosdroits\/F2867\">Attestation France Travail (anciennement P\u00f4le emploi)<\/a><\/td>\n<td colspan=\"1\" rowspan=\"1\">2 ans \u00e0 partir de la date d\u2019inscription comme demandeur d\u2019emploi<\/td>\n<td colspan=\"1\" rowspan=\"1\">Ce document peut \u00eatre utile dans le cadre du calcul de vos droits \u00e0 la retraite<\/td>\n<\/tr>\n<tr data-fr-js-table-row=\"true\">\n<td colspan=\"1\" rowspan=\"1\"><a title=\"Solde de tout compte\" href=\"https:\/\/www.service-public.fr\/particuliers\/vosdroits\/F86\">Solde de tout compte<\/a><\/td>\n<td colspan=\"1\" rowspan=\"1\">3 ans<\/td>\n<td colspan=\"1\" rowspan=\"1\">Le d\u00e9lai pour contester les sommes indiqu\u00e9es sur\u00a0<a title=\"Solde de tout compte\" href=\"https:\/\/www.service-public.fr\/particuliers\/vosdroits\/F86\">le solde de tout compte<\/a>\u00a0d\u00e9pend de votre signature ou de l&#8217;absence de votre signature du re\u00e7u<\/td>\n<\/tr>\n<tr data-fr-js-table-row=\"true\">\n<td colspan=\"1\" rowspan=\"1\">Justificatif de versement d&#8217;allocations ch\u00f4mage<\/td>\n<td colspan=\"1\" rowspan=\"1\">3 ans<\/td>\n<td colspan=\"1\" rowspan=\"1\">La dur\u00e9e de 3 ans correspond au d\u00e9lai de reprise en cas de trop per\u00e7u constat\u00e9 par France Travail<\/p>\n<p>Ce d\u00e9lai passe \u00e0 10 ans en cas de fraude ou fausse d\u00e9claration<\/p>\n<p>Ce document peut \u00eatre utile dans le cadre du calcul de vos droits \u00e0 la retraite<\/td>\n<\/tr>\n<tr data-fr-js-table-row=\"true\">\n<td colspan=\"1\" rowspan=\"1\">Bulletin de paiement de la pension de retraite<\/p>\n<p>Titre de pension<\/td>\n<td colspan=\"1\" rowspan=\"1\">Permanente<\/td>\n<td colspan=\"1\" rowspan=\"1\">Document utile pour le calcul de vos droits \u00e0 la pension de r\u00e9version<\/td>\n<\/tr>\n<tr data-fr-js-table-row=\"true\">\n<td colspan=\"1\" rowspan=\"1\">Notes de frais<\/td>\n<td colspan=\"1\" rowspan=\"1\">3 ans<\/td>\n<td colspan=\"1\" rowspan=\"1\">D\u00e9lai pendant lequel l&#8217;administration fiscale peut vous contr\u00f4ler si vous utilisez la\u00a0<a title=\"Imp\u00f4t sur le revenu\u00a0- Frais professionnels\u00a0: forfait ou frais r\u00e9els (d\u00e9duction)\" href=\"https:\/\/www.service-public.fr\/particuliers\/vosdroits\/F1989\">d\u00e9duction des frais r\u00e9els<\/a><\/td>\n<\/tr>\n<tr data-fr-js-table-row=\"true\">\n<td colspan=\"1\" rowspan=\"1\">Carte d&#8217;invalidit\u00e9 d&#8217;un enfant<\/td>\n<td colspan=\"1\" rowspan=\"1\">Jusqu&#8217;\u00e0 la liquidation de la retraite<\/td>\n<td colspan=\"1\" rowspan=\"1\">Assumer la charge d&#8217;un enfant handicap\u00e9 permet de recevoir une\u00a0<a title=\"Comment les enfants sont-ils pris en compte pour la retraite du salari\u00e9\u00a0?\" href=\"https:\/\/www.service-public.fr\/particuliers\/vosdroits\/F16336\">majoration<\/a><\/p>\n<p>Vous devez donc conserver tous les justificatifs<\/td>\n<\/tr>\n<\/tbody>\n<\/table>\n<\/div>\n<\/div>\n<\/div>\n<\/div>\n<\/div>\n<\/div>\n<\/div>\n<div class=\"sp-chapter\" data-test=\"div-chapter\" data-type=\"important\">\n<div class=\"fiche-item-title printArea\">\n<h2 class=\"sp-chapter-title\"><button id=\"fiche-item-aria-9\" class=\"sp-btn sp-btn-collapse\" type=\"button\" data-toggle=\"collapse\" aria-expanded=\"true\" data-target=\"#fiche-item-9\" aria-controls=\"fiche-item-9\"><span class=\"fr-text--lg fr-mb-0 sp-chapter-btn-container\"><span class=\"sp-chapter-btn-text\">Papiers militaires<\/span><\/span><\/button><\/h2>\n<\/div>\n<div id=\"fiche-item-9\" class=\"fiche-item-content sp-chapter-collapse printArea collapse show\" aria-labelledby=\"fiche-item-aria-9\" aria-hidden=\"false\">\n<div class=\"sp-chapter-content\">\n<div class=\"fr-table fr-table--bordered\" data-fr-js-table=\"true\" data-fr-js-table-actionee=\"true\">\n<div class=\"fr-table__wrapper\" data-fr-js-table-wrapper=\"true\">\n<div class=\"fr-table__container\">\n<div class=\"fr-table__content\">\n<table class=\"fr-cell--multiline sp-table\" data-fr-js-table-element=\"true\">\n<caption data-fr-js-table-caption=\"true\"><span data-test=\"titre-tableau-riche\">\u00a0Tableau &#8211; Dur\u00e9e\u00a0<strong>minimale<\/strong>\u00a0de conservation des documents militaires<\/span><\/caption>\n<thead>\n<tr>\n<th colspan=\"1\" rowspan=\"1\" scope=\"col\">Type de document<\/th>\n<th colspan=\"1\" rowspan=\"1\" scope=\"col\">Dur\u00e9e de conservation<\/th>\n<th colspan=\"1\" rowspan=\"1\" scope=\"col\">Pr\u00e9cisions<\/th>\n<\/tr>\n<\/thead>\n<tbody>\n<tr data-fr-js-table-row=\"true\">\n<td colspan=\"1\" rowspan=\"1\">Livret militaire<\/td>\n<td colspan=\"1\" rowspan=\"1\">Permanente<\/td>\n<td colspan=\"1\" rowspan=\"1\"><\/td>\n<\/tr>\n<tr data-fr-js-table-row=\"true\">\n<td colspan=\"1\" rowspan=\"1\"><a title=\"Attestation des services accomplis (service militaire ou service national)\" href=\"https:\/\/www.service-public.fr\/particuliers\/vosdroits\/F1398\">Attestation des services accomplis<\/a>\u00a0ou \u00e9tat signal\u00e9tique des services<\/td>\n<td colspan=\"1\" rowspan=\"1\">Permanente<\/td>\n<td colspan=\"1\" rowspan=\"1\">L&#8217;attestation prouve que les services militaires ou assimil\u00e9s ont bien \u00e9t\u00e9 accomplis<\/p>\n<p>Les organismes de retraite ou de s\u00e9curit\u00e9 sociale peuvent vous la r\u00e9clamer<\/td>\n<\/tr>\n<\/tbody>\n<\/table>\n<\/div>\n<\/div>\n<\/div>\n<\/div>\n<\/div>\n<\/div>\n<\/div>\n<div class=\"sp-chapter\" data-test=\"div-chapter\" data-type=\"important\">\n<div class=\"fiche-item-title printArea\">\n<h2 class=\"sp-chapter-title\"><button id=\"fiche-item-aria-10\" class=\"sp-btn sp-btn-collapse\" type=\"button\" data-toggle=\"collapse\" aria-expanded=\"true\" data-target=\"#fiche-item-10\" aria-controls=\"fiche-item-10\"><span class=\"fr-text--lg fr-mb-0 sp-chapter-btn-container\"><span class=\"sp-chapter-btn-text\">Particulier employeur<\/span><\/span><\/button><\/h2>\n<\/div>\n<div id=\"fiche-item-10\" class=\"fiche-item-content sp-chapter-collapse printArea collapse show\" aria-labelledby=\"fiche-item-aria-10\" aria-hidden=\"false\">\n<div class=\"sp-chapter-content\">\n<div class=\"fr-table fr-table--bordered\" data-fr-js-table=\"true\" data-fr-js-table-actionee=\"true\">\n<div class=\"fr-table__wrapper\" data-fr-js-table-wrapper=\"true\">\n<div class=\"fr-table__container\">\n<div class=\"fr-table__content\">\n<table class=\"fr-cell--multiline sp-table\" data-fr-js-table-element=\"true\">\n<caption data-fr-js-table-caption=\"true\"><span data-test=\"titre-tableau-riche\">\u00a0Tableau &#8211; Dur\u00e9e\u00a0<strong>minimale<\/strong>\u00a0de conservation des documents concernant le particulier employeur<\/span><\/caption>\n<thead>\n<tr>\n<th colspan=\"1\" rowspan=\"1\" scope=\"col\">Type de document<\/th>\n<th colspan=\"1\" rowspan=\"1\" scope=\"col\">Dur\u00e9e de conservation<\/th>\n<th colspan=\"1\" rowspan=\"1\" scope=\"col\">Pr\u00e9cisions<\/th>\n<\/tr>\n<\/thead>\n<tbody>\n<tr data-fr-js-table-row=\"true\">\n<td colspan=\"1\" rowspan=\"1\">Bulletin de paye du salari\u00e9\u00a0: double papier ou sous forme \u00e9lectronique<\/td>\n<td colspan=\"1\" rowspan=\"1\">5 ans<\/td>\n<td colspan=\"1\" rowspan=\"1\"><\/td>\n<\/tr>\n<tr data-fr-js-table-row=\"true\">\n<td colspan=\"1\" rowspan=\"1\">Contrat de travail du salari\u00e9<\/td>\n<td colspan=\"1\" rowspan=\"1\">5 ans \u00e0 partir de la fin du contrat de travail<\/td>\n<td colspan=\"1\" rowspan=\"1\"><\/td>\n<\/tr>\n<tr data-fr-js-table-row=\"true\">\n<td colspan=\"1\" rowspan=\"1\">Document relatif aux charges sociales<\/td>\n<td colspan=\"1\" rowspan=\"1\">3 ans<\/td>\n<td colspan=\"1\" rowspan=\"1\">En cas de contr\u00f4le de l&#8217;administration fiscale<\/td>\n<\/tr>\n<tr data-fr-js-table-row=\"true\">\n<td colspan=\"1\" rowspan=\"1\">Comptabilisation des horaires du salari\u00e9<\/td>\n<td colspan=\"1\" rowspan=\"1\">3 ans<\/td>\n<td colspan=\"1\" rowspan=\"1\">En cas de litige<\/td>\n<\/tr>\n<tr data-fr-js-table-row=\"true\">\n<td colspan=\"1\" rowspan=\"1\">D\u00e9claration d&#8217;accident du travail aupr\u00e8s de la caisse primaire d&#8217;assurance maladie<\/td>\n<td colspan=\"1\" rowspan=\"1\">5 ans<\/td>\n<td colspan=\"1\" rowspan=\"1\"><\/td>\n<\/tr>\n<tr data-fr-js-table-row=\"true\">\n<td colspan=\"1\" rowspan=\"1\">Attestation fiscale<\/td>\n<td colspan=\"1\" rowspan=\"1\">3 ans<\/p>\n<p>Ce d\u00e9lai correspond au\u00a0<span id=\"sp-tooltip-R52137-5CZC9\" class=\"sp-tooltip\" tabindex=\"0\" data-definition=\"R52137\" data-id=\"R52137-5CZC9\" aria-describedby=\"tooltip-R52137-5CZC9\" data-fr-js-tooltip-referent=\"true\" data-original-title=\"Possibilit\u00e9 donn\u00e9e \u00e0 l'administration de r\u00e9parer les oublis et les erreurs constat\u00e9s en mati\u00e8re d'imp\u00f4ts (assiette, recouvrement, calcul du montant)\">droit de reprise de l&#8217;administration<\/span><\/td>\n<td colspan=\"1\" rowspan=\"1\">Justificatif \u00e0 produire pour b\u00e9n\u00e9ficier du\u00a0<a title=\"Imp\u00f4t sur le revenu\u00a0- Cr\u00e9dit d'imp\u00f4t pour l'emploi d'un salari\u00e9 \u00e0 domicile\" href=\"https:\/\/www.service-public.fr\/particuliers\/vosdroits\/F12\">cr\u00e9dit d&#8217;imp\u00f4t pour l&#8217;emploi d&#8217;un salari\u00e9 \u00e0 domicile<\/a><\/td>\n<\/tr>\n<tr data-fr-js-table-row=\"true\">\n<td colspan=\"1\" rowspan=\"1\"><a title=\"Solde de tout compte\" href=\"https:\/\/www.service-public.fr\/particuliers\/vosdroits\/F86\">Solde de tout compte<\/a><\/td>\n<td colspan=\"1\" rowspan=\"1\">3 ans<\/td>\n<td colspan=\"1\" rowspan=\"1\">Le d\u00e9lai pour contester les sommes indiqu\u00e9es sur\u00a0<a title=\"Solde de tout compte\" href=\"https:\/\/www.service-public.fr\/particuliers\/vosdroits\/F86\">le solde de tout compte<\/a>\u00a0d\u00e9pend de votre signature ou de l&#8217;absence de votre signature du re\u00e7u<\/td>\n<\/tr>\n<\/tbody>\n<\/table>\n<\/div>\n<\/div>\n<\/div>\n<\/div>\n<div class=\"fr-highlight  fr-my-4w fr-ml-0 sp-bg-white fr-py-1w\" data-test=\"citation\" data-fr-js-highlight-actionee=\"true\">\n<p class=\"fr-text--bold\">\u00c0 noter<\/p>\n<p>si vous avez un compte sur les sites du\u00a0<a title=\"Cesu en ligne\" href=\"https:\/\/www.service-public.fr\/particuliers\/vosdroits\/R18364\">Cesu<\/a>\u00a0ou de\u00a0<a title=\"Urssaf Service Pajemploi en ligne\" href=\"https:\/\/www.service-public.fr\/particuliers\/vosdroits\/R18165\">Urssaf Service Pajemploi<\/a>, certains documents sont mis \u00e0 votre disposition dans votre espace personnel\u00a0: avis de pr\u00e9l\u00e8vement, r\u00e9capitulatif fiscal des salaires du salari\u00e9&#8230; Suivez les recommandations de ces sites pour la conservation de ces documents et leur sauvegarde informatique.<\/p>\n<\/div>\n<\/div>\n<\/div>\n<\/div>\n<div class=\"sp-chapter\" data-test=\"div-chapter\" data-type=\"important\">\n<div class=\"fiche-item-title printArea\">\n<h2 class=\"sp-chapter-title\"><button id=\"fiche-item-aria-11\" class=\"sp-btn sp-btn-collapse\" type=\"button\" data-toggle=\"collapse\" aria-expanded=\"true\" data-target=\"#fiche-item-11\" aria-controls=\"fiche-item-11\"><span class=\"fr-text--lg fr-mb-0 sp-chapter-btn-container\"><span class=\"sp-chapter-btn-text\">Sant\u00e9<\/span><\/span><\/button><\/h2>\n<\/div>\n<div id=\"fiche-item-11\" class=\"fiche-item-content sp-chapter-collapse printArea collapse show\" aria-labelledby=\"fiche-item-aria-11\" aria-hidden=\"false\">\n<div class=\"sp-chapter-content\">\n<div class=\"fr-table fr-table--bordered\" data-fr-js-table=\"true\" data-fr-js-table-actionee=\"true\">\n<div class=\"fr-table__wrapper\" data-fr-js-table-wrapper=\"true\">\n<div class=\"fr-table__container\">\n<div class=\"fr-table__content\">\n<table class=\"fr-cell--multiline sp-table\" data-fr-js-table-element=\"true\">\n<caption data-fr-js-table-caption=\"true\"><span data-test=\"titre-tableau-riche\">\u00a0Tableau &#8211; Dur\u00e9e\u00a0<strong>minimale<\/strong>\u00a0de conservation des documents li\u00e9s \u00e0 la sant\u00e9<\/span><\/caption>\n<thead>\n<tr>\n<th colspan=\"1\" rowspan=\"1\" scope=\"col\">Type de document<\/th>\n<th colspan=\"1\" rowspan=\"1\" scope=\"col\">Dur\u00e9e de conservation<\/th>\n<th colspan=\"1\" rowspan=\"1\" scope=\"col\">Pr\u00e9cisions<\/th>\n<\/tr>\n<\/thead>\n<tbody>\n<tr data-fr-js-table-row=\"true\">\n<td colspan=\"1\" rowspan=\"1\">Relev\u00e9 de remboursement d&#8217;assurance maladie et maternit\u00e9<\/td>\n<td colspan=\"1\" rowspan=\"1\">2 ans<\/td>\n<td colspan=\"1\" rowspan=\"1\">D\u00e9lai de reprise du trop per\u00e7u<\/p>\n<p>Le d\u00e9lai est de 5 ans en cas de fraude ou de fausse d\u00e9claration<\/td>\n<\/tr>\n<tr data-fr-js-table-row=\"true\">\n<td colspan=\"1\" rowspan=\"1\">\n<ul>\n<li>Carte de mutuelle<\/li>\n<li>Relev\u00e9 de remboursement<\/li>\n<\/ul>\n<\/td>\n<td colspan=\"1\" rowspan=\"1\">Variable selon l&#8217;organisme<\/td>\n<td colspan=\"1\" rowspan=\"1\">Se r\u00e9f\u00e9rer aux d\u00e9lais pr\u00e9vus dans le contrat<\/td>\n<\/tr>\n<tr data-fr-js-table-row=\"true\">\n<td colspan=\"1\" rowspan=\"1\">Facture d&#8217;un h\u00f4pital public<\/td>\n<td colspan=\"1\" rowspan=\"1\">4 ans<\/td>\n<td colspan=\"1\" rowspan=\"1\"><\/td>\n<\/tr>\n<tr data-fr-js-table-row=\"true\">\n<td colspan=\"1\" rowspan=\"1\">Facture d&#8217;un \u00e9tablissement de sant\u00e9 priv\u00e9<\/td>\n<td colspan=\"1\" rowspan=\"1\">2 ans<\/td>\n<td colspan=\"1\" rowspan=\"1\"><\/td>\n<\/tr>\n<tr data-fr-js-table-row=\"true\">\n<td colspan=\"1\" rowspan=\"1\"><a title=\"Ordonnance\" href=\"https:\/\/www.service-public.fr\/particuliers\/vosdroits\/F33967\">Ordonnance<\/a><\/td>\n<td colspan=\"1\" rowspan=\"1\">1 an<\/p>\n<p>(sauf pour les lunettes et les audioproth\u00e8ses)<\/td>\n<td colspan=\"1\" rowspan=\"1\">\n<ul>\n<li>1 an pour la d\u00e9livrance de lunettes d&#8217;une personne de moins de 16 ans<\/li>\n<li>5 ans pour la d\u00e9livrance de lunettes d&#8217;une personne entre 16 et 42 ans<\/li>\n<li>3 ans pour la d\u00e9livrance de lunettes d&#8217;une personne \u00e2g\u00e9e de 43 ans ou plus<\/li>\n<li>Pas de d\u00e9lai pour la d\u00e9livrance d&#8217;audioproth\u00e8ses<\/li>\n<\/ul>\n<\/td>\n<\/tr>\n<tr data-fr-js-table-row=\"true\">\n<td colspan=\"1\" rowspan=\"1\">Preuve du versement d&#8217;indemnit\u00e9s journali\u00e8res<\/td>\n<td colspan=\"1\" rowspan=\"1\">Jusqu&#8217;\u00e0\u00a0<span id=\"sp-tooltip-R42089-O5UJO\" class=\"sp-tooltip\" tabindex=\"0\" data-definition=\"R42089\" data-id=\"R42089-O5UJO\" aria-describedby=\"tooltip-R42089-O5UJO\" data-fr-js-tooltip-referent=\"true\" data-original-title=\"Ensemble des op\u00e9rations qui permet de d\u00e9terminer le droit d'un assur\u00e9 \u00e0 une pension de vieillesse et \u00e0 la calculer\">liquidation<\/span>\u00a0des droits \u00e0 la retraite<\/td>\n<td colspan=\"1\" rowspan=\"1\"><\/td>\n<\/tr>\n<tr data-fr-js-table-row=\"true\">\n<td colspan=\"1\" rowspan=\"1\">\n<ul>\n<li>Carnet de vaccination<\/li>\n<li>Carte de groupe sanguin<\/li>\n<li>Carnet de sant\u00e9<\/li>\n<\/ul>\n<\/td>\n<td colspan=\"1\" rowspan=\"1\">Permanente<\/td>\n<td colspan=\"1\" rowspan=\"1\"><\/td>\n<\/tr>\n<tr data-fr-js-table-row=\"true\">\n<td colspan=\"1\" rowspan=\"1\">\n<ul>\n<li>Certificat m\u00e9dical<\/li>\n<li>Examen m\u00e9dical (par exemple, radiographie)<\/li>\n<\/ul>\n<\/td>\n<td colspan=\"1\" rowspan=\"1\">Permanente<\/td>\n<td colspan=\"1\" rowspan=\"1\">Documents utiles en cas de rechute ou d&#8217;aggravation de l&#8217;\u00e9tat de sant\u00e9<\/td>\n<\/tr>\n<\/tbody>\n<\/table>\n<\/div>\n<\/div>\n<\/div>\n<\/div>\n<\/div>\n<\/div>\n<\/div>\n<div class=\"sp-chapter\" data-test=\"div-chapter\" data-type=\"important\">\n<div class=\"fiche-item-title printArea\">\n<h2 class=\"sp-chapter-title\"><button id=\"fiche-item-aria-12\" class=\"sp-btn sp-btn-collapse\" type=\"button\" data-toggle=\"collapse\" aria-expanded=\"true\" data-target=\"#fiche-item-12\" aria-controls=\"fiche-item-12\"><span class=\"fr-text--lg fr-mb-0 sp-chapter-btn-container\"><span class=\"sp-chapter-btn-text\">Papiers d&#8217;une personne d\u00e9c\u00e9d\u00e9e<\/span><\/span><\/button><\/h2>\n<\/div>\n<div id=\"fiche-item-12\" class=\"fiche-item-content sp-chapter-collapse printArea collapse show\" aria-labelledby=\"fiche-item-aria-12\" aria-hidden=\"false\">\n<div class=\"sp-chapter-content\">\n<p data-test=\"contenu-texte\">Les d\u00e9lais de conservation des papiers continuent de s&#8217;appliquer\u00a0<strong>apr\u00e8s le d\u00e9c\u00e8s<\/strong>\u00a0du d\u00e9funt.<\/p>\n<p data-test=\"contenu-texte\">En effet, certains documents peuvent prouver des dettes ou des\u00a0<span id=\"sp-tooltip-R12474-WPBN9\" class=\"sp-tooltip\" tabindex=\"0\" data-definition=\"R12474\" data-id=\"R12474-WPBN9\" aria-describedby=\"tooltip-R12474-WPBN9\" data-fr-js-tooltip-referent=\"true\" data-original-title=\"Droit permettant \u00e0 une personne d'exiger quelque chose d'une autre personne, en g\u00e9n\u00e9ral le paiement d'une somme d'argent. Terme souvent utilis\u00e9 pour d\u00e9signer la somme due.\">cr\u00e9ances<\/span>\u00a0transmises aux\u00a0<span id=\"sp-tooltip-R52183-PGD7W\" class=\"sp-tooltip\" tabindex=\"0\" data-definition=\"R52183\" data-id=\"R52183-PGD7W\" aria-describedby=\"tooltip-R52183-PGD7W\" data-fr-js-tooltip-referent=\"true\" data-original-title=\"Celui qui b\u00e9n\u00e9ficie d'un droit par le biais d'un parent ou d'un proche\">ayants droit<\/span>\u00a0lors de la succession.<\/p>\n<p data-test=\"contenu-texte\">Certaines prestations sociales vers\u00e9es apr\u00e8s le d\u00e9c\u00e8s du b\u00e9n\u00e9ficiaire peuvent \u00eatre\u00a0<span id=\"sp-tooltip-R40074-AWA6U\" class=\"sp-tooltip\" tabindex=\"0\" data-definition=\"R40074\" data-id=\"R40074-AWA6U\" aria-describedby=\"tooltip-R40074-AWA6U\" data-fr-js-tooltip-referent=\"true\" data-original-title=\"Proc\u00e9dure de l'administration pour obtenir le paiement d'une somme due\">recouvr\u00e9es<\/span>\u00a0aupr\u00e8s des\u00a0<span id=\"sp-tooltip-R52183-IU2MG\" class=\"sp-tooltip\" tabindex=\"0\" data-definition=\"R52183\" data-id=\"R52183-IU2MG\" aria-describedby=\"tooltip-R52183-IU2MG\" data-fr-js-tooltip-referent=\"true\" data-original-title=\"Celui qui b\u00e9n\u00e9ficie d'un droit par le biais d'un parent ou d'un proche\">ayants droit<\/span>\u00a0pendant 5 ans \u00e0 partir du d\u00e9c\u00e8s.<\/p>\n<\/div>\n<\/div>\n<\/div>\n<\/div>\n<div id=\"orientation\" class=\"fr-my-6w\" aria-hidden=\"false\">\n<div class=\"sp-panel\" data-test=\"textes-de-reference\">\n<h2 class=\"sp-panel-title \"><button id=\"fiche-item-annexe-ref-aria\" class=\"sp-btn sp-btn-collapse\" type=\"button\" data-toggle=\"collapse\" data-target=\"#fiche-item-annexe-ref\" aria-controls=\"fiche-item-annexe-ref\" aria-expanded=\"true\"><span class=\"fr-h6\">Textes de loi et r\u00e9f\u00e9rences<\/span><\/button><\/h2>\n<div id=\"fiche-item-annexe-ref\" class=\"sp-panel-content collapse show\" aria-hidden=\"false\">\n<ul class=\"fr-raw-list fr-ml-1v\">\n<li data-test=\"reference\">\n<div class=\"sp-link fr-mb-1w\" data-test=\"lien-reference\">\n<div class=\"sp-link--label\">\n<p class=\"fr-mb-0\"><a class=\"fr-link\" title=\"Code de la consommation : article L218-2 - legifrance.gouv.fr - Nouvelle fen\u00eatre\" href=\"https:\/\/www.legifrance.gouv.fr\/codes\/article_lc\/LEGIARTI000032226897\" target=\"_blank\" rel=\"noopener noreferrer\" data-test=\"href-lien-reference\" data-fr-js-link-actionee=\"true\">Code de la consommation : article L218-2<\/a><\/p>\n<\/div>\n<p class=\"sp-link--source fr-text--xs fr-ml-3w fr-mb-0 fr-mt-1v\" data-test=\"source-lien-reference\">G\u00e9n\u00e9ral\u00a0: d\u00e9lai d&#8217;action d&#8217;un professionnel pour un bien ou service fourni \u00e0 un consommateur<\/p>\n<\/div>\n<\/li>\n<li data-test=\"reference\">\n<div class=\"sp-link fr-mb-1w\" data-test=\"lien-reference\">\n<div class=\"sp-link--label\">\n<p class=\"fr-mb-0\"><a class=\"fr-link\" title=\"Code civil : article 2224 - legifrance.gouv.fr - Nouvelle fen\u00eatre\" href=\"https:\/\/www.legifrance.gouv.fr\/codes\/section_lc\/LEGITEXT000006070721\/LEGISCTA000019016471\" target=\"_blank\" rel=\"noopener noreferrer\" data-test=\"href-lien-reference\" data-fr-js-link-actionee=\"true\">Code civil : article 2224<\/a><\/p>\n<\/div>\n<p class=\"sp-link--source fr-text--xs fr-ml-3w fr-mb-0 fr-mt-1v\" data-test=\"source-lien-reference\">G\u00e9n\u00e9ral\u00a0: d\u00e9lai de droit commun d&#8217;une action personnelle, applicable entre particuliers notamment<\/p>\n<\/div>\n<\/li>\n<li data-test=\"reference\">\n<div class=\"sp-link fr-mb-1w\" data-test=\"lien-reference\">\n<div class=\"sp-link--label\">\n<p class=\"fr-mb-0\"><a class=\"fr-link\" title=\"Code de commerce : articles L110-1 \u00e0 L110-4 - legifrance.gouv.fr - Nouvelle fen\u00eatre\" href=\"https:\/\/www.legifrance.gouv.fr\/codes\/section_lc\/LEGITEXT000005634379\/LEGISCTA000006133171\/#LEGISCTA000006133171\" target=\"_blank\" rel=\"noopener noreferrer\" data-test=\"href-lien-reference\" data-fr-js-link-actionee=\"true\">Code de commerce : articles L110-1 \u00e0 L110-4<\/a><\/p>\n<\/div>\n<p class=\"sp-link--source fr-text--xs fr-ml-3w fr-mb-0 fr-mt-1v\" data-test=\"source-lien-reference\">G\u00e9n\u00e9ral\u00a0: prescription des obligations entre un consommateur et un commer\u00e7ant (facture)<\/p>\n<\/div>\n<\/li>\n<li data-test=\"reference\">\n<div class=\"sp-link fr-mb-1w\" data-test=\"lien-reference\">\n<div class=\"sp-link--label\">\n<p class=\"fr-mb-0\"><a class=\"fr-link\" title=\"Code des assurances : articles L114-1 \u00e0 L114-3 - legifrance.gouv.fr - Nouvelle fen\u00eatre\" href=\"https:\/\/www.legifrance.gouv.fr\/codes\/id\/LEGISCTA000006157215\" target=\"_blank\" rel=\"noopener noreferrer\" data-test=\"href-lien-reference\" data-fr-js-link-actionee=\"true\">Code des assurances : articles L114-1 \u00e0 L114-3<\/a><\/p>\n<\/div>\n<p class=\"sp-link--source fr-text--xs fr-ml-3w fr-mb-0 fr-mt-1v\" data-test=\"source-lien-reference\">Asssurance<\/p>\n<\/div>\n<\/li>\n<li data-test=\"reference\">\n<div class=\"sp-link fr-mb-1w\" data-test=\"lien-reference\">\n<div class=\"sp-link--label\">\n<p class=\"fr-mb-0\"><a class=\"fr-link\" title=\"Code civil : article 2226 - legifrance.gouv.fr - Nouvelle fen\u00eatre\" href=\"https:\/\/www.legifrance.gouv.fr\/codes\/article_lc\/LEGIARTI000019017259\" target=\"_blank\" rel=\"noopener noreferrer\" data-test=\"href-lien-reference\" data-fr-js-link-actionee=\"true\">Code civil : article 2226<\/a><\/p>\n<\/div>\n<p class=\"sp-link--source fr-text--xs fr-ml-3w fr-mb-0 fr-mt-1v\" data-test=\"source-lien-reference\">Assurance &#8211; dommages corporels<\/p>\n<\/div>\n<\/li>\n<li data-test=\"reference\">\n<div class=\"sp-link fr-mb-1w\" data-test=\"lien-reference\">\n<div class=\"sp-link--label\">\n<p class=\"fr-mb-0\"><a class=\"fr-link\" title=\"Code p\u00e9nal\u00a0: articles 133-2 \u00e0 133-6 - legifrance.gouv.fr - Nouvelle fen\u00eatre\" href=\"https:\/\/www.legifrance.gouv.fr\/codes\/id\/LEGISCTA000006165270\/\" target=\"_blank\" rel=\"noopener noreferrer\" data-test=\"href-lien-reference\" data-fr-js-link-actionee=\"true\">Code p\u00e9nal\u00a0: articles 133-2 \u00e0 133-6<\/a><\/p>\n<\/div>\n<p class=\"sp-link--source fr-text--xs fr-ml-3w fr-mb-0 fr-mt-1v\" data-test=\"source-lien-reference\">V\u00e9hicule &#8211; prescription de la peine pour une contravention (article 133-4)<\/p>\n<\/div>\n<\/li>\n<li data-test=\"reference\">\n<div class=\"sp-link fr-mb-1w\" data-test=\"lien-reference\">\n<div class=\"sp-link--label\">\n<p class=\"fr-mb-0\"><a class=\"fr-link\" title=\"Code civil : article 1648 - legifrance.gouv.fr - Nouvelle fen\u00eatre\" href=\"https:\/\/www.legifrance.gouv.fr\/codes\/article_lc\/LEGIARTI000020466328\" target=\"_blank\" rel=\"noopener noreferrer\" data-test=\"href-lien-reference\" data-fr-js-link-actionee=\"true\">Code civil : article 1648<\/a><\/p>\n<\/div>\n<p class=\"sp-link--source fr-text--xs fr-ml-3w fr-mb-0 fr-mt-1v\" data-test=\"source-lien-reference\">V\u00e9hicule &#8211; vices cach\u00e9s<\/p>\n<\/div>\n<\/li>\n<li data-test=\"reference\">\n<div class=\"sp-link fr-mb-1w\" data-test=\"lien-reference\">\n<div class=\"sp-link--label\">\n<p class=\"fr-mb-0\"><a class=\"fr-link\" title=\"Arr\u00eat\u00e9 du 20 avril 2012 fixant les conditions d'\u00e9tablissement, de d\u00e9livrance et de validit\u00e9 du permis de conduire - legifrance.gouv.fr - Nouvelle fen\u00eatre\" href=\"https:\/\/www.legifrance.gouv.fr\/loda\/id\/JORFTEXT000025803494\/\" target=\"_blank\" rel=\"noopener noreferrer\" data-test=\"href-lien-reference\" data-fr-js-link-actionee=\"true\">Arr\u00eat\u00e9 du 20 avril 2012 fixant les conditions d&#8217;\u00e9tablissement, de d\u00e9livrance et de validit\u00e9 du permis de conduire<\/a><\/p>\n<\/div>\n<p class=\"sp-link--source fr-text--xs fr-ml-3w fr-mb-0 fr-mt-1v\" data-test=\"source-lien-reference\">V\u00e9hicule &#8211; certificat d&#8217;examen du permis de conduire<\/p>\n<\/div>\n<\/li>\n<li data-test=\"reference\">\n<div class=\"sp-link fr-mb-1w\" data-test=\"lien-reference\">\n<div class=\"sp-link--label\">\n<p class=\"fr-mb-0\"><a class=\"fr-link\" title=\"Code mon\u00e9taire et financier : articles L131-31 \u00e0 L131-43 - legifrance.gouv.fr - Nouvelle fen\u00eatre\" href=\"https:\/\/www.legifrance.gouv.fr\/codes\/id\/LEGISCTA000006170826\/\" target=\"_blank\" rel=\"noopener noreferrer\" data-test=\"href-lien-reference\" data-fr-js-link-actionee=\"true\">Code mon\u00e9taire et financier : articles L131-31 \u00e0 L131-43<\/a><\/p>\n<\/div>\n<p class=\"sp-link--source fr-text--xs fr-ml-3w fr-mb-0 fr-mt-1v\" data-test=\"source-lien-reference\">Banque &#8211; paiement par ch\u00e8que<\/p>\n<\/div>\n<\/li>\n<li data-test=\"reference\">\n<div class=\"sp-link fr-mb-1w\" data-test=\"lien-reference\">\n<div class=\"sp-link--label\">\n<p class=\"fr-mb-0\"><a class=\"fr-link\" title=\"Code mon\u00e9taire et financier : articles L131-59 et L131-60 - legifrance.gouv.fr - Nouvelle fen\u00eatre\" href=\"https:\/\/www.legifrance.gouv.fr\/codes\/id\/LEGISCTA000006170831\" target=\"_blank\" rel=\"noopener noreferrer\" data-test=\"href-lien-reference\" data-fr-js-link-actionee=\"true\">Code mon\u00e9taire et financier : articles L131-59 et L131-60<\/a><\/p>\n<\/div>\n<p class=\"sp-link--source fr-text--xs fr-ml-3w fr-mb-0 fr-mt-1v\" data-test=\"source-lien-reference\">Banque &#8211; prescription concernant le paiement par ch\u00e8que<\/p>\n<\/div>\n<\/li>\n<li data-test=\"reference\">\n<div class=\"sp-link fr-mb-1w\" data-test=\"lien-reference\">\n<div class=\"sp-link--label\">\n<p class=\"fr-mb-0\"><a class=\"fr-link\" title=\"Code mon\u00e9taire et financier : articles L133-23 \u00e0 L133-24 - legifrance.gouv.fr - Nouvelle fen\u00eatre\" href=\"https:\/\/www.legifrance.gouv.fr\/codes\/id\/LEGISCTA000020861577\" target=\"_blank\" rel=\"noopener noreferrer\" data-test=\"href-lien-reference\" data-fr-js-link-actionee=\"true\">Code mon\u00e9taire et financier : articles L133-23 \u00e0 L133-24<\/a><\/p>\n<\/div>\n<p class=\"sp-link--source fr-text--xs fr-ml-3w fr-mb-0 fr-mt-1v\" data-test=\"source-lien-reference\">Banque &#8211; d\u00e9lais en cas d&#8217;op\u00e9ration de paiement non autoris\u00e9e<\/p>\n<\/div>\n<\/li>\n<li data-test=\"reference\">\n<div class=\"sp-link fr-mb-1w\" data-test=\"lien-reference\">\n<div class=\"sp-link--label\">\n<p class=\"fr-mb-0\"><a class=\"fr-link\" title=\"Code de la consommation : article R312-35 - legifrance.gouv.fr - Nouvelle fen\u00eatre\" href=\"https:\/\/www.legifrance.gouv.fr\/codes\/article_lc\/LEGIARTI000039347964\" target=\"_blank\" rel=\"noopener noreferrer\" data-test=\"href-lien-reference\" data-fr-js-link-actionee=\"true\">Code de la consommation : article R312-35<\/a><\/p>\n<\/div>\n<p class=\"sp-link--source fr-text--xs fr-ml-3w fr-mb-0 fr-mt-1v\" data-test=\"source-lien-reference\">Banque &#8211; contrat de pr\u00eat<\/p>\n<\/div>\n<\/li>\n<li data-test=\"reference\">\n<div class=\"sp-link fr-mb-1w\" data-test=\"lien-reference\">\n<div class=\"sp-link--label\">\n<p class=\"fr-mb-0\"><a class=\"fr-link\" title=\"Code de la s\u00e9curit\u00e9 sociale\u00a0: article L243-6 - legifrance.gouv.fr - Nouvelle fen\u00eatre\" href=\"https:\/\/www.legifrance.gouv.fr\/codes\/id\/LEGISCTA000006172929\/\" target=\"_blank\" rel=\"noopener noreferrer\" data-test=\"href-lien-reference\" data-fr-js-link-actionee=\"true\">Code de la s\u00e9curit\u00e9 sociale\u00a0: article L243-6<\/a><\/p>\n<\/div>\n<p class=\"sp-link--source fr-text--xs fr-ml-3w fr-mb-0 fr-mt-1v\" data-test=\"source-lien-reference\">Famille &#8211; d\u00e9lai de reprise des allocations familiales ind\u00fbment per\u00e7ues<\/p>\n<\/div>\n<\/li>\n<li data-test=\"reference\">\n<div class=\"sp-link fr-mb-1w\" data-test=\"lien-reference\">\n<div class=\"sp-link--label\">\n<p class=\"fr-mb-0\"><a class=\"fr-link\" title=\"Code de la s\u00e9curit\u00e9 sociale\u00a0: articles L553-1 \u00e0 L553-5 - legifrance.gouv.fr - Nouvelle fen\u00eatre\" href=\"https:\/\/www.legifrance.gouv.fr\/codes\/section_lc\/LEGITEXT000006073189\/LEGISCTA000006156182\" target=\"_blank\" rel=\"noopener noreferrer\" data-test=\"href-lien-reference\" data-fr-js-link-actionee=\"true\">Code de la s\u00e9curit\u00e9 sociale\u00a0: articles L553-1 \u00e0 L553-5<\/a><\/p>\n<\/div>\n<p class=\"sp-link--source fr-text--xs fr-ml-3w fr-mb-0 fr-mt-1v\" data-test=\"source-lien-reference\">Famille &#8211; D\u00e9lai d&#8217;action de l&#8217;allocataire (article L553-1), d\u00e9lai de reprise en cas de fraude (article L553-2)<\/p>\n<\/div>\n<\/li>\n<li data-test=\"reference\">\n<div class=\"sp-link fr-mb-1w\" data-test=\"lien-reference\">\n<div class=\"sp-link--label\">\n<p class=\"fr-mb-0\"><a class=\"fr-link\" title=\"Code g\u00e9n\u00e9ral des collectivit\u00e9s territoriales : article L1617-5 - legifrance.gouv.fr - Nouvelle fen\u00eatre\" href=\"https:\/\/www.legifrance.gouv.fr\/codes\/article_lc\/LEGIARTI000042914550\" target=\"_blank\" rel=\"noopener noreferrer\" data-test=\"href-lien-reference\" data-fr-js-link-actionee=\"true\">Code g\u00e9n\u00e9ral des collectivit\u00e9s territoriales : article L1617-5<\/a><\/p>\n<\/div>\n<p class=\"sp-link--source fr-text--xs fr-ml-3w fr-mb-0 fr-mt-1v\" data-test=\"source-lien-reference\">Logement &#8211; facture d&#8217;eau d&#8217;un fournisseur public<\/p>\n<\/div>\n<\/li>\n<li data-test=\"reference\">\n<div class=\"sp-link fr-mb-1w\" data-test=\"lien-reference\">\n<div class=\"sp-link--label\">\n<p class=\"fr-mb-0\"><a class=\"fr-link\" title=\"Code des postes et des communications \u00e9lectroniques : article L34-2 - legifrance.gouv.fr - Nouvelle fen\u00eatre\" href=\"https:\/\/www.legifrance.gouv.fr\/codes\/article_lc\/LEGIARTI000006465778\" target=\"_blank\" rel=\"noopener noreferrer\" data-test=\"href-lien-reference\" data-fr-js-link-actionee=\"true\">Code des postes et des communications \u00e9lectroniques : article L34-2<\/a><\/p>\n<\/div>\n<p class=\"sp-link--source fr-text--xs fr-ml-3w fr-mb-0 fr-mt-1v\" data-test=\"source-lien-reference\">Logement &#8211; facture t\u00e9l\u00e9phone et internet<\/p>\n<\/div>\n<\/li>\n<li data-test=\"reference\">\n<div class=\"sp-link fr-mb-1w\" data-test=\"lien-reference\">\n<div class=\"sp-link--label\">\n<p class=\"fr-mb-0\"><a class=\"fr-link\" title=\"Code civil : articles 1787 \u00e0 1799-1 - legifrance.gouv.fr - Nouvelle fen\u00eatre\" href=\"https:\/\/www.legifrance.gouv.fr\/codes\/id\/LEGISCTA000006150293\" target=\"_blank\" rel=\"noopener noreferrer\" data-test=\"href-lien-reference\" data-fr-js-link-actionee=\"true\">Code civil : articles 1787 \u00e0 1799-1<\/a><\/p>\n<\/div>\n<p class=\"sp-link--source fr-text--xs fr-ml-3w fr-mb-0 fr-mt-1v\" data-test=\"source-lien-reference\">Logement &#8211; factures li\u00e9es \u00e0 des travaux\u00a0: articles 1792 \u00e0 1792-4-1<\/p>\n<\/div>\n<\/li>\n<li data-test=\"reference\">\n<div class=\"sp-link fr-mb-1w\" data-test=\"lien-reference\">\n<div class=\"sp-link--label\">\n<p class=\"fr-mb-0\"><a class=\"fr-link\" title=\"Code g\u00e9n\u00e9ral des collectivit\u00e9s territoriales : article L2213-26 - legifrance.gouv.fr - Nouvelle fen\u00eatre\" href=\"https:\/\/www.legifrance.gouv.fr\/codes\/article_lc\/LEGIARTI000042343300\" target=\"_blank\" rel=\"noopener noreferrer\" data-test=\"href-lien-reference\" data-fr-js-link-actionee=\"true\">Code g\u00e9n\u00e9ral des collectivit\u00e9s territoriales : article L2213-26<\/a><\/p>\n<\/div>\n<p class=\"sp-link--source fr-text--xs fr-ml-3w fr-mb-0 fr-mt-1v\" data-test=\"source-lien-reference\">Logement &#8211; ramonage<\/p>\n<\/div>\n<\/li>\n<li data-test=\"reference\">\n<div class=\"sp-link fr-mb-1w\" data-test=\"lien-reference\">\n<div class=\"sp-link--label\">\n<p class=\"fr-mb-0\"><a class=\"fr-link\" title=\"Code de l'environnement : article R224-41-8 - legifrance.gouv.fr - Nouvelle fen\u00eatre\" href=\"https:\/\/www.legifrance.gouv.fr\/codes\/article_lc\/LEGIARTI000020726526\" target=\"_blank\" rel=\"noopener noreferrer\" data-test=\"href-lien-reference\" data-fr-js-link-actionee=\"true\">Code de l&#8217;environnement : article R224-41-8<\/a><\/p>\n<\/div>\n<p class=\"sp-link--source fr-text--xs fr-ml-3w fr-mb-0 fr-mt-1v\" data-test=\"source-lien-reference\">Logement\u00a0&#8211; chaudi\u00e8re<\/p>\n<\/div>\n<\/li>\n<li data-test=\"reference\">\n<div class=\"sp-link fr-mb-1w\" data-test=\"lien-reference\">\n<div class=\"sp-link--label\">\n<p class=\"fr-mb-0\"><a class=\"fr-link\" title=\"Loi n\u00b065-557 du 10 juillet 1965 : article 42 - legifrance.gouv.fr - Nouvelle fen\u00eatre\" href=\"https:\/\/www.legifrance.gouv.fr\/loda\/article_lc\/LEGIARTI000039329680\" target=\"_blank\" rel=\"noopener noreferrer\" data-test=\"href-lien-reference\" data-fr-js-link-actionee=\"true\">Loi n\u00b065-557 du 10 juillet 1965 : article 42<\/a><\/p>\n<\/div>\n<p class=\"sp-link--source fr-text--xs fr-ml-3w fr-mb-0 fr-mt-1v\" data-test=\"source-lien-reference\">Logement\u00a0&#8211; d\u00e9lai de prescription des actions personnelles relatives \u00e0 la copropri\u00e9t\u00e9<\/p>\n<\/div>\n<\/li>\n<li data-test=\"reference\">\n<div class=\"sp-link fr-mb-1w\" data-test=\"lien-reference\">\n<div class=\"sp-link--label\">\n<p class=\"fr-mb-0\"><a class=\"fr-link\" title=\"Loi n\u00b089-462 du 6 juillet 1989\u00a0sur les rapports locatifs : article 7-1 - legifrance.gouv.fr - Nouvelle fen\u00eatre\" href=\"https:\/\/www.legifrance.gouv.fr\/loda\/article_lc\/LEGIARTI000028777184\/\" target=\"_blank\" rel=\"noopener noreferrer\" data-test=\"href-lien-reference\" data-fr-js-link-actionee=\"true\">Loi n\u00b089-462 du 6 juillet 1989\u00a0sur les rapports locatifs : article 7-1<\/a><\/p>\n<\/div>\n<p class=\"sp-link--source fr-text--xs fr-ml-3w fr-mb-0 fr-mt-1v\" data-test=\"source-lien-reference\">Logement\u00a0&#8211; contrat de location, \u00e9tat des lieux, quittance de loyer<\/p>\n<\/div>\n<\/li>\n<li data-test=\"reference\">\n<div class=\"sp-link fr-mb-1w\" data-test=\"lien-reference\">\n<div class=\"sp-link--label\">\n<p class=\"fr-mb-0\"><a class=\"fr-link\" title=\"Code de la construction et de l'habitation : article L351-11 - legifrance.gouv.fr - Nouvelle fen\u00eatre\" href=\"https:\/\/www.legifrance.gouv.fr\/codes\/article_lc\/LEGIARTI000038833263\/2023-06-27\" target=\"_blank\" rel=\"noopener noreferrer\" data-test=\"href-lien-reference\" data-fr-js-link-actionee=\"true\">Code de la construction et de l&#8217;habitation : article L351-11<\/a><\/p>\n<\/div>\n<p class=\"sp-link--source fr-text--xs fr-ml-3w fr-mb-0 fr-mt-1v\" data-test=\"source-lien-reference\">Logement\u00a0&#8211; d\u00e9lai de l&#8217;action pour le paiement de l&#8217;APL<\/p>\n<\/div>\n<\/li>\n<li data-test=\"reference\">\n<div class=\"sp-link fr-mb-1w\" data-test=\"lien-reference\">\n<div class=\"sp-link--label\">\n<p class=\"fr-mb-0\"><a class=\"fr-link\" title=\"Livre des proc\u00e9dures fiscales : article L102B - legifrance.gouv.fr - Nouvelle fen\u00eatre\" href=\"https:\/\/www.legifrance.gouv.fr\/codes\/article_lc\/LEGIARTI000041471233\/\" target=\"_blank\" rel=\"noopener noreferrer\" data-test=\"href-lien-reference\" data-fr-js-link-actionee=\"true\">Livre des proc\u00e9dures fiscales : article L102B<\/a><\/p>\n<\/div>\n<p class=\"sp-link--source fr-text--xs fr-ml-3w fr-mb-0 fr-mt-1v\" data-test=\"source-lien-reference\">Imp\u00f4t sur le revenu<\/p>\n<\/div>\n<\/li>\n<li data-test=\"reference\">\n<div class=\"sp-link fr-mb-1w\" data-test=\"lien-reference\">\n<div class=\"sp-link--label\">\n<p class=\"fr-mb-0\"><a class=\"fr-link\" title=\"Livre des proc\u00e9dures fiscales : articles L169 \u00e0 L169A - legifrance.gouv.fr - Nouvelle fen\u00eatre\" href=\"https:\/\/www.legifrance.gouv.fr\/codes\/id\/LEGISCTA000006191974\/\" target=\"_blank\" rel=\"noopener noreferrer\" data-test=\"href-lien-reference\" data-fr-js-link-actionee=\"true\">Livre des proc\u00e9dures fiscales : articles L169 \u00e0 L169A<\/a><\/p>\n<\/div>\n<p class=\"sp-link--source fr-text--xs fr-ml-3w fr-mb-0 fr-mt-1v\" data-test=\"source-lien-reference\">Imp\u00f4ts &#8211; d\u00e9lai de reprise pour l&#8217;imp\u00f4t sur le revenu\u00a0(article L169)<\/p>\n<\/div>\n<\/li>\n<li data-test=\"reference\">\n<div class=\"sp-link fr-mb-1w\" data-test=\"lien-reference\">\n<div class=\"sp-link--label\">\n<p class=\"fr-mb-0\"><a class=\"fr-link\" title=\"Livre des proc\u00e9dures fiscales : article L173 - legifrance.gouv.fr - Nouvelle fen\u00eatre\" href=\"https:\/\/www.legifrance.gouv.fr\/codes\/article_lc\/LEGIARTI000041465455\" target=\"_blank\" rel=\"noopener noreferrer\" data-test=\"href-lien-reference\" data-fr-js-link-actionee=\"true\">Livre des proc\u00e9dures fiscales : article L173<\/a><\/p>\n<\/div>\n<p class=\"sp-link--source fr-text--xs fr-ml-3w fr-mb-0 fr-mt-1v\" data-test=\"source-lien-reference\">Imp\u00f4ts &#8211; d\u00e9lai de reprise pour les imp\u00f4ts locaux<\/p>\n<\/div>\n<\/li>\n<li data-test=\"reference\">\n<div class=\"sp-link fr-mb-1w\" data-test=\"lien-reference\">\n<div class=\"sp-link--label\">\n<p class=\"fr-mb-0\"><a class=\"fr-link\" title=\"Code du travail\u00a0: article L3245-1 - legifrance.gouv.fr - Nouvelle fen\u00eatre\" href=\"https:\/\/www.legifrance.gouv.fr\/codes\/id\/LEGISCTA000006178030\" target=\"_blank\" rel=\"noopener noreferrer\" data-test=\"href-lien-reference\" data-fr-js-link-actionee=\"true\">Code du travail\u00a0: article L3245-1<\/a><\/p>\n<\/div>\n<p class=\"sp-link--source fr-text--xs fr-ml-3w fr-mb-0 fr-mt-1v\" data-test=\"source-lien-reference\">Travail &#8211; d\u00e9lai d&#8217;action pour le paiement du salaire<\/p>\n<\/div>\n<\/li>\n<li data-test=\"reference\">\n<div class=\"sp-link fr-mb-1w\" data-test=\"lien-reference\">\n<div class=\"sp-link--label\">\n<p class=\"fr-mb-0\"><a class=\"fr-link\" title=\"Code du travail\u00a0: article L1234-20 - legifrance.gouv.fr - Nouvelle fen\u00eatre\" href=\"https:\/\/www.legifrance.gouv.fr\/codes\/id\/LEGISCTA000006195629\" target=\"_blank\" rel=\"noopener noreferrer\" data-test=\"href-lien-reference\" data-fr-js-link-actionee=\"true\">Code du travail\u00a0: article L1234-20<\/a><\/p>\n<\/div>\n<p class=\"sp-link--source fr-text--xs fr-ml-3w fr-mb-0 fr-mt-1v\" data-test=\"source-lien-reference\">Travail &#8211; re\u00e7u pour solde de tout compte<\/p>\n<\/div>\n<\/li>\n<li data-test=\"reference\">\n<div class=\"sp-link fr-mb-1w\" data-test=\"lien-reference\">\n<div class=\"sp-link--label\">\n<p class=\"fr-mb-0\"><a class=\"fr-link\" title=\"article 37 du d\u00e9cret n\u00b0 2019-797 du 26 juillet 2019 relatif au r\u00e9gime d'assurance ch\u00f4mage - legifrance.gouv.fr - Nouvelle fen\u00eatre\" href=\"https:\/\/www.legifrance.gouv.fr\/loda\/article_lc\/LEGIARTI000038869090\" target=\"_blank\" rel=\"noopener noreferrer\" data-test=\"href-lien-reference\" data-fr-js-link-actionee=\"true\">article 37 du d\u00e9cret n\u00b0 2019-797 du 26 juillet 2019 relatif au r\u00e9gime d&#8217;assurance ch\u00f4mage<\/a><\/p>\n<\/div>\n<p class=\"sp-link--source fr-text--xs fr-ml-3w fr-mb-0 fr-mt-1v\" data-test=\"source-lien-reference\">Travail &#8211; \u00e9ch\u00e9ances des allocations ch\u00f4mage<\/p>\n<\/div>\n<\/li>\n<li data-test=\"reference\">\n<div class=\"sp-link fr-mb-1w\" data-test=\"lien-reference\">\n<div class=\"sp-link--label\">\n<p class=\"fr-mb-0\"><a class=\"fr-link\" title=\"R\u00e8glement g\u00e9n\u00e9ral annex\u00e9 \u00e0 la convention du 14 avril 2017 relative \u00e0 l'assurance ch\u00f4mage (PDF - 233.9 KB) - unedic.org - Nouvelle fen\u00eatre\" href=\"https:\/\/www.unedic.org\/sites\/default\/files\/regulations\/TXT-RG-1496160239784.pdf\" target=\"_blank\" rel=\"noopener noreferrer\" data-test=\"href-lien-reference\" data-fr-js-link-actionee=\"true\">R\u00e8glement g\u00e9n\u00e9ral annex\u00e9 \u00e0 la convention du 14 avril 2017 relative \u00e0 l&#8217;assurance ch\u00f4mage (PDF &#8211; 233.9 KB)<\/a><\/p>\n<\/div>\n<p class=\"sp-link--source fr-text--xs fr-ml-3w fr-mb-0 fr-mt-1v\" data-test=\"source-lien-reference\">Travail &#8211; d\u00e9lai de prescription de la demande en paiement des allocations (article 44)<\/p>\n<\/div>\n<\/li>\n<li data-test=\"reference\">\n<div class=\"sp-link fr-mb-1w\" data-test=\"lien-reference\">\n<div class=\"sp-link--label\">\n<p class=\"fr-mb-0\"><a class=\"fr-link\" title=\"Code du travail : articles L3243-1 \u00e0 L3243-5 - legifrance.gouv.fr - Nouvelle fen\u00eatre\" href=\"https:\/\/www.legifrance.gouv.fr\/codes\/id\/LEGISCTA000006178028\/\" target=\"_blank\" rel=\"noopener noreferrer\" data-test=\"href-lien-reference\" data-fr-js-link-actionee=\"true\">Code du travail : articles L3243-1 \u00e0 L3243-5<\/a><\/p>\n<\/div>\n<p class=\"sp-link--source fr-text--xs fr-ml-3w fr-mb-0 fr-mt-1v\" data-test=\"source-lien-reference\">Particulier employeur &#8211; bulletin de paye (article L3243-4)<\/p>\n<\/div>\n<\/li>\n<li data-test=\"reference\">\n<div class=\"sp-link fr-mb-1w\" data-test=\"lien-reference\">\n<div class=\"sp-link--label\">\n<p class=\"fr-mb-0\"><a class=\"fr-link\" title=\"Code de la s\u00e9curit\u00e9 sociale\u00a0: articles L244-1 \u00e0 L244-14 - legifrance.gouv.fr - Nouvelle fen\u00eatre\" href=\"https:\/\/www.legifrance.gouv.fr\/codes\/section_lc\/LEGITEXT000006073189\/LEGISCTA000006156312\" target=\"_blank\" rel=\"noopener noreferrer\" data-test=\"href-lien-reference\" data-fr-js-link-actionee=\"true\">Code de la s\u00e9curit\u00e9 sociale\u00a0: articles L244-1 \u00e0 L244-14<\/a><\/p>\n<\/div>\n<p class=\"sp-link--source fr-text--xs fr-ml-3w fr-mb-0 fr-mt-1v\" data-test=\"source-lien-reference\">Particulier employeur &#8211; document relatif aux charges sociales (article L244-3)<\/p>\n<\/div>\n<\/li>\n<li data-test=\"reference\">\n<div class=\"sp-link fr-mb-1w\" data-test=\"lien-reference\">\n<div class=\"sp-link--label\">\n<p class=\"fr-mb-0\"><a class=\"fr-link\" title=\"Code du travail : article D3171-16 - legifrance.gouv.fr - Nouvelle fen\u00eatre\" href=\"https:\/\/www.legifrance.gouv.fr\/codes\/article_lc\/LEGIARTI000033515983\/\" target=\"_blank\" rel=\"noopener noreferrer\" data-test=\"href-lien-reference\" data-fr-js-link-actionee=\"true\">Code du travail : article D3171-16<\/a><\/p>\n<\/div>\n<p class=\"sp-link--source fr-text--xs fr-ml-3w fr-mb-0 fr-mt-1v\" data-test=\"source-lien-reference\">Particulier employeur &#8211; comptabilisation des horaires du salari\u00e9<\/p>\n<\/div>\n<\/li>\n<li data-test=\"reference\">\n<div class=\"sp-link fr-mb-1w\" data-test=\"lien-reference\">\n<div class=\"sp-link--label\">\n<p class=\"fr-mb-0\"><a class=\"fr-link\" title=\"Code du travail\u00a0: article D4711-1 \u00e0 D4711-3 - legifrance.gouv.fr - Nouvelle fen\u00eatre\" href=\"https:\/\/www.legifrance.gouv.fr\/codes\/section_lc\/LEGITEXT000006072050\/LEGISCTA000018493740\" target=\"_blank\" rel=\"noopener noreferrer\" data-test=\"href-lien-reference\" data-fr-js-link-actionee=\"true\">Code du travail\u00a0: article D4711-1 \u00e0 D4711-3<\/a><\/p>\n<\/div>\n<p class=\"sp-link--source fr-text--xs fr-ml-3w fr-mb-0 fr-mt-1v\" data-test=\"source-lien-reference\">Particulier employeur &#8211; d\u00e9claration d&#8217;accidents du travail (article D4711-3)<\/p>\n<\/div>\n<\/li>\n<li data-test=\"reference\">\n<div class=\"sp-link fr-mb-1w\" data-test=\"lien-reference\">\n<div class=\"sp-link--label\">\n<p class=\"fr-mb-0\"><a class=\"fr-link\" title=\"Code de la s\u00e9curit\u00e9 sociale\u00a0: article L332-1 - legifrance.gouv.fr - Nouvelle fen\u00eatre\" href=\"https:\/\/www.legifrance.gouv.fr\/codes\/article_lc\/LEGIARTI000031686666\" target=\"_blank\" rel=\"noopener noreferrer\" data-test=\"href-lien-reference\" data-fr-js-link-actionee=\"true\">Code de la s\u00e9curit\u00e9 sociale\u00a0: article L332-1<\/a><\/p>\n<\/div>\n<p class=\"sp-link--source fr-text--xs fr-ml-3w fr-mb-0 fr-mt-1v\" data-test=\"source-lien-reference\">Sant\u00e9 &#8211; remboursement d&#8217;assurance maladie et maternit\u00e9<\/p>\n<\/div>\n<\/li>\n<li data-test=\"reference\">\n<div class=\"sp-link fr-mb-1w\" data-test=\"lien-reference\">\n<div class=\"sp-link--label\">\n<p class=\"fr-mb-0\"><a class=\"fr-link\" title=\"Code de la s\u00e9curit\u00e9 sociale : articles R165-36 \u00e0 R165-44 - legifrance.gouv.fr - Nouvelle fen\u00eatre\" href=\"https:\/\/www.legifrance.gouv.fr\/codes\/section_lc\/LEGITEXT000006073189\/LEGISCTA000026153090\" target=\"_blank\" rel=\"noopener noreferrer\" data-test=\"href-lien-reference\" data-fr-js-link-actionee=\"true\">Code de la s\u00e9curit\u00e9 sociale : articles R165-36 \u00e0 R165-44<\/a><\/p>\n<\/div>\n<p class=\"sp-link--source fr-text--xs fr-ml-3w fr-mb-0 fr-mt-1v\" data-test=\"source-lien-reference\">Sant\u00e9 &#8211; ordonnance<\/p>\n<\/div>\n<\/li>\n<li data-test=\"reference\">\n<div class=\"sp-link fr-mb-1w\" data-test=\"lien-reference\">\n<div class=\"sp-link--label\">\n<p class=\"fr-mb-0\"><a class=\"fr-link\" title=\"Code de la sant\u00e9 publique : articles L2132-1 \u00e0 L2132-5 - legifrance.gouv.fr - Nouvelle fen\u00eatre\" href=\"https:\/\/www.legifrance.gouv.fr\/codes\/section_lc\/LEGITEXT000006072665\/LEGISCTA000006171130\/\" target=\"_blank\" rel=\"noopener noreferrer\" data-test=\"href-lien-reference\" data-fr-js-link-actionee=\"true\">Code de la sant\u00e9 publique : articles L2132-1 \u00e0 L2132-5<\/a><\/p>\n<\/div>\n<p class=\"sp-link--source fr-text--xs fr-ml-3w fr-mb-0 fr-mt-1v\" data-test=\"source-lien-reference\">Sant\u00e9 &#8211; carnet de sant\u00e9<\/p>\n<\/div>\n<\/li>\n<li data-test=\"reference\">\n<div class=\"sp-link fr-mb-1w\" data-test=\"lien-reference\">\n<div class=\"sp-link--label\">\n<p class=\"fr-mb-0\"><a class=\"fr-link\" title=\"Code de la sant\u00e9 publique\u00a0: articles R4362-11 \u00e0 D4362-13 - legifrance.gouv.fr - Nouvelle fen\u00eatre\" href=\"https:\/\/www.legifrance.gouv.fr\/codes\/section_lc\/LEGITEXT000006072665\/LEGISCTA000030917564\" target=\"_blank\" rel=\"noopener noreferrer\" data-test=\"href-lien-reference\" data-fr-js-link-actionee=\"true\">Code de la sant\u00e9 publique\u00a0: articles R4362-11 \u00e0 D4362-13<\/a><\/p>\n<\/div>\n<p class=\"sp-link--source fr-text--xs fr-ml-3w fr-mb-0 fr-mt-1v\" data-test=\"source-lien-reference\">Sant\u00e9 &#8211; ordonnance de lunettes\u00a0: article D4362-12<\/p>\n<\/div>\n<\/li>\n<li data-test=\"reference\">\n<div class=\"sp-link fr-mb-1w\" data-test=\"lien-reference\">\n<div class=\"sp-link--label\">\n<p class=\"fr-mb-0\"><a class=\"fr-link\" title=\"Code de la sant\u00e9 publique\u00a0: articles L6145-1 \u00e0 L6145-17 - legifrance.gouv.fr - Nouvelle fen\u00eatre\" href=\"https:\/\/www.legifrance.gouv.fr\/codes\/section_lc\/LEGITEXT000006072665\/LEGISCTA000006171468\" target=\"_blank\" rel=\"noopener noreferrer\" data-test=\"href-lien-reference\" data-fr-js-link-actionee=\"true\">Code de la sant\u00e9 publique\u00a0: articles L6145-1 \u00e0 L6145-17<\/a><\/p>\n<\/div>\n<p class=\"sp-link--source fr-text--xs fr-ml-3w fr-mb-0 fr-mt-1v\" data-test=\"source-lien-reference\">Sant\u00e9 &#8211; facture d&#8217;un h\u00f4pital public (article L6145-9)<\/p>\n<\/div>\n<\/li>\n<li data-test=\"reference\">\n<div class=\"sp-link fr-mb-1w\" data-test=\"lien-reference\">\n<div class=\"sp-link--label\">\n<p class=\"fr-mb-0\"><a class=\"fr-link\" title=\"Code de la s\u00e9curit\u00e9 sociale\u00a0: articles L160-8 \u00e0 L160-12 - legifrance.gouv.fr - Nouvelle fen\u00eatre\" href=\"https:\/\/www.legifrance.gouv.fr\/codes\/section_lc\/LEGITEXT000006073189\/LEGISCTA000031669710\" target=\"_blank\" rel=\"noopener noreferrer\" data-test=\"href-lien-reference\" data-fr-js-link-actionee=\"true\">Code de la s\u00e9curit\u00e9 sociale\u00a0: articles L160-8 \u00e0 L160-12<\/a><\/p>\n<\/div>\n<p class=\"sp-link--source fr-text--xs fr-ml-3w fr-mb-0 fr-mt-1v\" data-test=\"source-lien-reference\">Sant\u00e9 &#8211; facture d&#8217;un \u00e9tablissement de sant\u00e9 priv\u00e9 (article L160-11)<\/p>\n<\/div>\n<\/li>\n<li data-test=\"reference\">\n<div class=\"sp-link fr-mb-1w\" data-test=\"lien-reference\">\n<div class=\"sp-link--label\">\n<p class=\"fr-mb-0\"><a class=\"fr-link\" title=\"Circulaire du 12 juillet 2010 relative aux r\u00e8gles de prescription applicables en mati\u00e8re de s\u00e9curit\u00e9 sociale (PDF - 147.0 KB) - circulaires.legifrance.gouv.fr - Nouvelle fen\u00eatre\" href=\"http:\/\/circulaires.legifrance.gouv.fr\/pdf\/2010\/07\/cir_31434.pdf\" target=\"_blank\" rel=\"noopener noreferrer\" data-test=\"href-lien-reference\" data-fr-js-link-actionee=\"true\">Circulaire du 12 juillet 2010 relative aux r\u00e8gles de prescription applicables en mati\u00e8re de s\u00e9curit\u00e9 sociale (PDF &#8211; 147.0 KB)<\/a><\/p>\n<\/div>\n<\/div>\n<\/li>\n<li data-test=\"reference\">\n<div class=\"sp-link fr-mb-1w\" data-test=\"lien-reference\">\n<div class=\"sp-link--label\">\n<p class=\"fr-mb-0\"><a class=\"fr-link\" title=\"R\u00e9ponse minist\u00e9rielle du 29 septembre 2020 relative au d\u00e9lai de prescription d'une cr\u00e9ance due par un d\u00e9biteur public (\u00c9tat, d\u00e9partement ou une commune) - questions.assemblee-nationale.fr - Nouvelle fen\u00eatre\" href=\"http:\/\/questions.assemblee-nationale.fr\/q15\/15-27224QE.htm\" target=\"_blank\" rel=\"noopener noreferrer\" data-test=\"href-lien-reference\" data-fr-js-link-actionee=\"true\">R\u00e9ponse minist\u00e9rielle du 29 septembre 2020 relative au d\u00e9lai de prescription d&#8217;une cr\u00e9ance due par un d\u00e9biteur public (\u00c9tat, d\u00e9partement ou une com<\/a><\/p>\n<\/div>\n<\/div>\n<\/li>\n<\/ul>\n<\/div>\n<\/div>\n<\/div>\n<\/div>\n","protected":false},"excerpt":{"rendered":"<p>Notre r\u00e9ponse rapide \u00e0 un adh\u00e9rent (article d&#8217;hier) ayant entrain\u00e9 des questions, nous le compl\u00e9tons sur les d\u00e9lais de conservation des documents par un particulier. Nous avons d\u00e9j\u00e0 trait\u00e9 des d\u00e9lais de conservation des&#8230;<\/p>\n","protected":false},"author":2,"featured_media":0,"comment_status":"closed","ping_status":"closed","sticky":false,"template":"","format":"standard","meta":{"_mi_skip_tracking":false,"_monsterinsights_sitenote_active":false,"_monsterinsights_sitenote_note":"","_monsterinsights_sitenote_category":0},"categories":[6],"tags":[],"_links":{"self":[{"href":"https:\/\/sndll.info\/index.php?rest_route=\/wp\/v2\/posts\/7111"}],"collection":[{"href":"https:\/\/sndll.info\/index.php?rest_route=\/wp\/v2\/posts"}],"about":[{"href":"https:\/\/sndll.info\/index.php?rest_route=\/wp\/v2\/types\/post"}],"author":[{"embeddable":true,"href":"https:\/\/sndll.info\/index.php?rest_route=\/wp\/v2\/users\/2"}],"replies":[{"embeddable":true,"href":"https:\/\/sndll.info\/index.php?rest_route=%2Fwp%2Fv2%2Fcomments&post=7111"}],"version-history":[{"count":1,"href":"https:\/\/sndll.info\/index.php?rest_route=\/wp\/v2\/posts\/7111\/revisions"}],"predecessor-version":[{"id":7113,"href":"https:\/\/sndll.info\/index.php?rest_route=\/wp\/v2\/posts\/7111\/revisions\/7113"}],"wp:attachment":[{"href":"https:\/\/sndll.info\/index.php?rest_route=%2Fwp%2Fv2%2Fmedia&parent=7111"}],"wp:term":[{"taxonomy":"category","embeddable":true,"href":"https:\/\/sndll.info\/index.php?rest_route=%2Fwp%2Fv2%2Fcategories&post=7111"},{"taxonomy":"post_tag","embeddable":true,"href":"https:\/\/sndll.info\/index.php?rest_route=%2Fwp%2Fv2%2Ftags&post=7111"}],"curies":[{"name":"wp","href":"https:\/\/api.w.org\/{rel}","templated":true}]}}