{"id":7132,"date":"2025-04-11T07:21:33","date_gmt":"2025-04-11T05:21:33","guid":{"rendered":"https:\/\/sndll.info\/?p=7132"},"modified":"2025-04-15T07:23:16","modified_gmt":"2025-04-15T05:23:16","slug":"nouvelle-obligation-pour-les-plus-de-11-salaries-partage-de-la-valeur","status":"publish","type":"post","link":"https:\/\/sndll.info\/?p=7132","title":{"rendered":"NOUVELLE OBLIGATION POUR LES PLUS DE 11 SALARIES: PARTAGE DE LA VALEUR"},"content":{"rendered":"<p>&nbsp;<\/p>\n<header class=\"bg-gray-50 py-3\">\n<div class=\"container\">\n<div class=\"lg:flex lg:items-start lg:gap-8 mt-10 mb-6\">\n<div class=\"lg:w-2\/3\">\n<h1 class=\"mt-3 text-3xl text-blue-900 leading-tight\">Nouvelle obligation de partage de la valeur pour les PME : entreprises vis\u00e9es<\/h1>\n<div class=\"w-full flex flex-wrap items-center gap-8 mt-3\">\n<div class=\"flex items-center gap-1\"><span class=\"font-semibold text-blue-550\">Fiche pratique<\/span><\/div>\n<div class=\"flex flex-wrap items-center gap-2\"><span class=\"label theme\">Participation aux r\u00e9sultats<\/span><\/div>\n<\/div>\n<p class=\"pt-6 text-lg text-gray-600 leading-normal\">L\u2019article 5 de la loi Partage de la valeur oblige les entreprises de 11 \u00e0 50 salari\u00e9s \u00e0 mettre en place \u00e0 compter de 2025, un dispositif de partage de la valeur. Nous pr\u00e9cisions dans cette fiche pratique les entreprises concern\u00e9es.<\/p>\n<\/div>\n<\/div>\n<\/div>\n<\/header>\n<div class=\"outil-info-bar border-b border-solid border-gray-100\">\n<div class=\"container\">\n<div class=\"lg:flex lg:justify-between lg:gap-6\">\n<div class=\"meta-list \">\n<div><\/div>\n<\/div>\n<\/div>\n<\/div>\n<\/div>\n<article id=\"fichepratique-content\" class=\"container relative w-sticky\">\n<div class=\"lg:flex lg:gap-6\">\n<div id=\"trigger-content\" class=\"content-article w-full lg:w-7\/12 lg:pl-12 lg:border-l lg:border-solid lg:border-gray-200 pt-3\">\n<div id=\"section-content\" class=\"content pt-3 relative\">\n<h2 class=\"flex items-center space-x-3\"><a id=\"toc-un-dispositif-obligatoire-pour-les-entreprises-entre-11-et-50-salaries\" name=\"toc-un-dispositif-obligatoire-pour-les-entreprises-entre-11-et-50-salaries\"><\/a>\u200bUn dispositif obligatoire pour les entreprises entre 11 et 50 salari\u00e9s<a id=\"toc-clip-un-dispositif-obligatoire-pour-les-entreprises-entre-11-et-50-salaries\" class=\"link-toc clipboard\" name=\"shortcut-un-dispositif-obligatoire-pour-les-entreprises-entre-11-et-50-salaries\" data-clipboard-text=\"https:\/\/www.legifiscal.fr\/vie-affaires\/nouvelle-obligation-partage-pme-entreprises-visees.html#toc-un-dispositif-obligatoire-pour-les-entreprises-entre-11-et-50-salaries\" data-tippy=\"\" data-tippy-theme=\"dark\" data-tippy-content=\"Lien permanent vers ce paragraphe&lt;br \/&gt;Cliquer pour copier\"><\/a><\/h2>\n<p>L\u2019article 5 de la loi 2023-1107 du 29 novembre 2023 instaure une obligation de partage de la valeur dans les entreprises de 11 \u00e0 50 salari\u00e9s dont le b\u00e9n\u00e9fice net fiscal atteint au moins 1% du chiffre d\u2019affaires pendant 3 exercices cons\u00e9cutifs.<\/p>\n<p>Pour la premi\u00e8re fois, sous certaines conditions, la mise en place d\u2019un dispositif de partage de la valeur s\u2019impose aux entreprises de moins de 50 salari\u00e9s. Pour rappel, la participation n\u2019est pas obligatoire dans les entreprises de moins de 50 salari\u00e9s et l\u2019int\u00e9ressement et la PPV (prime de partage de la valeur) sont des dispositifs facultatifs.<\/p>\n<p><ins id=\"revive-0-1\" class=\"revive\" data-revive-zoneid=\"8\" data-revive-block=\"1\" data-revive-purpose=\"nothing\" data-revive-id=\"82073693f824889de1bcd73d5b24f8ea\" data-revive-seq=\"1\" data-revive-loaded=\"1\"><\/p>\n<div id=\"beacon_9e1fc685df\"><img src=\"https:\/\/ad.netlegis.fr\/www\/delivery\/lg.php?bannerid=0&amp;campaignid=0&amp;zoneid=8&amp;loc=https%3A%2F%2Fwww.legifiscal.fr%2Fvie-affaires%2Fnouvelle-obligation-partage-pme-entreprises-visees.html&amp;referer=https%3A%2F%2Fwww.legifiscal.fr%2Factualites-fiscales%2F4001-entreprises-11-50-salaries-obligation-mise-place-2025-dispositif-partage.html%3Futm_source%3DL%25C3%25A9giFiscal%2B-%2BNewsletter%26utm_medium%3Demail%26utm_campaign%3DL%25C3%2583%25C2%25A9giFiscal%2B-%2BNewsletter%2B-%2B%2523632%26hash%3D8b544a3b186bd130467daadc89c693df&amp;cb=9e1fc685df\" alt=\"\" width=\"0\" height=\"0\" \/><\/div>\n<p><\/ins>Ces nouvelles dispositions s\u2019appliquent dans l\u2019\u00e9tat actuel de la l\u00e9gislation pour une dur\u00e9e de 5 ans, jusqu\u2019au 29 novembre 2028. L\u2019obligation s\u2019appliquera pour la premi\u00e8re fois aux exercices ouverts \u00e0 compter du 1<sup>er<\/sup>\u00a0janvier 2025. Pour cette ann\u00e9e, l\u2019obligation de mise en \u0153uvre d\u2019un dispositif s\u2019applique lorsque la limite de 1% du chiffre d\u2019affaires est d\u00e9pass\u00e9e pour les exercices 2022, 2023 et 2024.<\/p>\n<p>Le dispositif de partage peut prendre la forme d\u2019une participation, d\u2019un int\u00e9ressement, d\u2019un abondement \u00e0 un plan d\u2019\u00e9pargne salariale ou d\u2019une PPV (prime de partage de la valeur).<\/p>\n<h2 class=\"flex items-center space-x-3\"><a id=\"toc-les-entreprises-concernees\" name=\"toc-les-entreprises-concernees\"><\/a>\u200bLes entreprises concern\u00e9es<a id=\"toc-clip-les-entreprises-concernees\" class=\"link-toc clipboard\" name=\"shortcut-les-entreprises-concernees\" data-clipboard-text=\"https:\/\/www.legifiscal.fr\/vie-affaires\/nouvelle-obligation-partage-pme-entreprises-visees.html#toc-les-entreprises-concernees\" data-tippy=\"\" data-tippy-theme=\"dark\" data-tippy-content=\"Lien permanent vers ce paragraphe&lt;br \/&gt;Cliquer pour copier\"><\/a><\/h2>\n<p>Cette obligation s&#8217;adresse aux entreprises qui remplissent l\u2019ensemble des crit\u00e8res suivants\u00a0:<\/p>\n<ul>\n<li>Elles emploient\u00a0<strong>au moins 11 salari\u00e9s<\/strong>. L&#8217;effectif est calcul\u00e9 en faisant la moyenne du nombre de personnes employ\u00e9es chaque mois de l&#8217;ann\u00e9e civile pr\u00e9c\u00e9dente. La r\u00e8gle des 5 ann\u00e9es cons\u00e9cutives ne s&#8217;applique pas pour le franchissement du seuil des 11 salari\u00e9s.<\/li>\n<li>Elles ne sont pas soumises \u00e0 l&#8217;obligation de mettre en place un dispositif de participation.<\/li>\n<li>Elles ont r\u00e9alis\u00e9 un\u00a0<strong>b\u00e9n\u00e9fice net fiscal sup\u00e9rieur ou \u00e9gal \u00e0 1 % de leur chiffre d\u2019affaires<\/strong>\u00a0pendant chacun des trois derniers exercices. Ce b\u00e9n\u00e9fice est celui utilis\u00e9 pour le calcul de la r\u00e9serve sp\u00e9ciale de participation (RSP).<\/li>\n<li>Elles ne sont pas couvertes par un accord d\u2019int\u00e9ressement ou de participation.<\/li>\n<li>Ce ne sont pas des entreprises individuelles.<\/li>\n<li>Si elles rel\u00e8vent du statut des soci\u00e9t\u00e9s anonymes \u00e0 participation ouvri\u00e8re (SAPO), elles n&#8217;ont pas vers\u00e9 de dividendes \u00e0 leurs salari\u00e9s ou ont fait usage de la possibilit\u00e9 de verser un dividende prioritaire proportionnel au capital social aux actionnaires en capital.<\/li>\n<\/ul>\n<h2 class=\"flex items-center space-x-3\"><a id=\"toc-dispositif-de-partage-de-la-valeur-cas-particuliers\" name=\"toc-dispositif-de-partage-de-la-valeur-cas-particuliers\"><\/a>\u200bDispositif de partage de la valeur\u00a0: cas particuliers<a id=\"toc-clip-dispositif-de-partage-de-la-valeur-cas-particuliers\" class=\"link-toc clipboard\" name=\"shortcut-dispositif-de-partage-de-la-valeur-cas-particuliers\" data-clipboard-text=\"https:\/\/www.legifiscal.fr\/vie-affaires\/nouvelle-obligation-partage-pme-entreprises-visees.html#toc-dispositif-de-partage-de-la-valeur-cas-particuliers\" data-tippy=\"\" data-tippy-theme=\"dark\" data-tippy-content=\"Lien permanent vers ce paragraphe&lt;br \/&gt;Cliquer pour copier\"><\/a><\/h2>\n<ul>\n<li><strong>Entreprises de l&#8217;\u00e9conomie sociale et solidaire (ESS)<\/strong>: Elles sont concern\u00e9es si elles ont au moins 11 salari\u00e9s, ne d\u00e9clarent pas de b\u00e9n\u00e9fice net fiscal pour le calcul de la participation, mais ont un r\u00e9sultat exc\u00e9dentaire d&#8217;au moins 1 % de leurs recettes pendant trois exercices cons\u00e9cutifs, \u00e0 condition qu&#8217;un accord de branche \u00e9tendu le permette. Celles ayant d\u00e9j\u00e0 un accord de participation ne sont pas concern\u00e9es.<\/li>\n<li><strong>Entreprises faisant partie d\u2019une Unit\u00e9 \u00c9conomique et Sociale (UES)<\/strong>: Les entreprises de moins de 50 salari\u00e9s faisant partie d&#8217;une UES assujettie \u00e0 la participation ne sont pas concern\u00e9es car l&#8217;UES est d\u00e9j\u00e0 soumise \u00e0 l&#8217;obligation de mettre en place un accord de participation.<\/li>\n<li><strong>Entreprises \u00e9trang\u00e8res<\/strong>: Les entreprises \u00e9trang\u00e8res disposant d\u2019\u00e9tablissements permanents en France sont concern\u00e9es si elles r\u00e9alisent un b\u00e9n\u00e9fice net fiscal en France d&#8217;au moins 1 % de leur chiffre d&#8217;affaires sur trois exercices cons\u00e9cutifs.<\/li>\n<\/ul>\n<h2 class=\"flex items-center space-x-3\"><a id=\"toc-exceptions\" name=\"toc-exceptions\"><\/a>\u200bExceptions<a id=\"toc-clip-exceptions\" class=\"link-toc clipboard\" name=\"shortcut-exceptions\" data-clipboard-text=\"https:\/\/www.legifiscal.fr\/vie-affaires\/nouvelle-obligation-partage-pme-entreprises-visees.html#toc-exceptions\" data-tippy=\"\" data-tippy-theme=\"dark\" data-tippy-content=\"Lien permanent vers ce paragraphe&lt;br \/&gt;Cliquer pour copier\"><\/a><\/h2>\n<p>Ne sont pas soumises \u00e0 cette obligation de mise en place d\u2019un dispositif de partage de la valeur :<\/p>\n<ul>\n<li>Les entreprises individuelles<\/li>\n<li>Les SAPO ayant vers\u00e9 des dividendes \u00e0 leurs salari\u00e9s sans privil\u00e9gier les actionnaires.<\/li>\n<li>Les entreprises d\u00e9j\u00e0 couvertes par un accord d&#8217;int\u00e9ressement ou de participation.<\/li>\n<li>Les entreprises de moins de 50 salari\u00e9s faisant partie d&#8217;une UES de 50 salari\u00e9s ou plus soumise \u00e0 la participation.<\/li>\n<li>Les entreprises de l&#8217;ESS ayant d\u00e9j\u00e0 un accord de participation.<\/li>\n<\/ul>\n<p><strong>Source\u00a0:\u00a0<a href=\"https:\/\/travail-emploi.gouv.fr\/loi-partage-de-la-valeur-nouveaux-questions-reponses-sur-les-experimentations-et-laugmentation-exceptionnelle-des-benefices\" rel=\"nofollow noopener\">https:\/\/travail-emploi.gouv.fr\/loi-partage-de-la-valeur-nouveaux-questions-reponses-sur-les-experimentations-et-laugmentation-exceptionnelle-des-benefices<\/a><\/strong><\/p>\n<\/div>\n<\/div>\n<\/div>\n<\/article>\n","protected":false},"excerpt":{"rendered":"<p>&nbsp; Nouvelle obligation de partage de la valeur pour les PME : entreprises vis\u00e9es Fiche pratique Participation aux r\u00e9sultats L\u2019article 5 de la loi Partage de la valeur oblige les entreprises de 11 \u00e0&#8230;<\/p>\n","protected":false},"author":2,"featured_media":0,"comment_status":"closed","ping_status":"closed","sticky":false,"template":"","format":"standard","meta":{"_mi_skip_tracking":false,"_monsterinsights_sitenote_active":false,"_monsterinsights_sitenote_note":"","_monsterinsights_sitenote_category":0},"categories":[5,9],"tags":[],"_links":{"self":[{"href":"https:\/\/sndll.info\/index.php?rest_route=\/wp\/v2\/posts\/7132"}],"collection":[{"href":"https:\/\/sndll.info\/index.php?rest_route=\/wp\/v2\/posts"}],"about":[{"href":"https:\/\/sndll.info\/index.php?rest_route=\/wp\/v2\/types\/post"}],"author":[{"embeddable":true,"href":"https:\/\/sndll.info\/index.php?rest_route=\/wp\/v2\/users\/2"}],"replies":[{"embeddable":true,"href":"https:\/\/sndll.info\/index.php?rest_route=%2Fwp%2Fv2%2Fcomments&post=7132"}],"version-history":[{"count":1,"href":"https:\/\/sndll.info\/index.php?rest_route=\/wp\/v2\/posts\/7132\/revisions"}],"predecessor-version":[{"id":7134,"href":"https:\/\/sndll.info\/index.php?rest_route=\/wp\/v2\/posts\/7132\/revisions\/7134"}],"wp:attachment":[{"href":"https:\/\/sndll.info\/index.php?rest_route=%2Fwp%2Fv2%2Fmedia&parent=7132"}],"wp:term":[{"taxonomy":"category","embeddable":true,"href":"https:\/\/sndll.info\/index.php?rest_route=%2Fwp%2Fv2%2Fcategories&post=7132"},{"taxonomy":"post_tag","embeddable":true,"href":"https:\/\/sndll.info\/index.php?rest_route=%2Fwp%2Fv2%2Ftags&post=7132"}],"curies":[{"name":"wp","href":"https:\/\/api.w.org\/{rel}","templated":true}]}}