{"id":7135,"date":"2025-03-24T07:26:11","date_gmt":"2025-03-24T06:26:11","guid":{"rendered":"https:\/\/sndll.info\/?p=7135"},"modified":"2025-04-16T06:42:27","modified_gmt":"2025-04-16T04:42:27","slug":"createurs-repreneurs-dentreprise-arce-et-are","status":"publish","type":"post","link":"https:\/\/sndll.info\/?p=7135","title":{"rendered":"CREATEURS\/REPRENEURS D&#8217;ENTREPRISE: ARCE et  ARE"},"content":{"rendered":"<p>&nbsp;<\/p>\n<h1 id=\"titlePage\" data-test=\"titre-page\">Arce et ARE\u00a0: des modifications au 1er avril 2025<\/h1>\n<div id=\"intro\" class=\"fr-mb-6w\">\n<p class=\"fr-text--lg\">Dans le cadre de la nouvelle convention d&#8217;assurance ch\u00f4mage agr\u00e9\u00e9e par arr\u00eat\u00e9, de nouvelles r\u00e8gles s&#8217;appliquent \u00e0 l&#8217;aide \u00e0 la reprise ou \u00e0 la cr\u00e9ation d&#8217;entreprise (Arce) et \u00e0 l&#8217;allocation d&#8217;aide au retour \u00e0 l&#8217;emploi (ARE) d\u00e8s le 1<sup>er<\/sup>\u00a0avril\u00a02025. Explications.<\/p>\n<\/div>\n<div class=\"fr-my-4w\">\n<div class=\"sp-actu fr-mt-n3w fr-mb-3w\">\n<div class=\"fr-mb-4w\">\n<div class=\"sp-image-container \"><\/div>\n<\/div>\n<p data-test=\"contenu-texte\">Pour rappel, l&#8217;Arce est une aide financi\u00e8re\u00a0<a title=\"Aide \u00e0 la reprise ou \u00e0 la cr\u00e9ation d'entreprise (Arce)\" href=\"https:\/\/entreprendre.service-public.fr\/vosdroits\/F15252\" target=\"_blank\" rel=\"noopener\">vers\u00e9e sous conditions par France Travail<\/a>\u00a0aux cr\u00e9ateurs ou repreneurs d&#8217;entreprise.<\/p>\n<p data-test=\"contenu-texte\">L&#8217;Arce est per\u00e7ue en 2\u00a0versements \u00e0 6\u00a0mois d&#8217;intervalle\u00a0:<\/p>\n<ul class=\"sp-item-list\">\n<li>le premier versement correspond \u00e0 la moiti\u00e9 de l&#8217;aide, il intervient lorsque les conditions pour obtenir l&#8217;Arce sont remplies\u00a0;<\/li>\n<li>le second versement a lieu si le repreneur ou le cr\u00e9ateur exerce toujours son activit\u00e9 professionnelle.<\/li>\n<\/ul>\n<h2 id=\"titreChapitre_7768768460223657035\" class=\"fr-h4 fr-mt-4w\" data-test=\"chapitre\">Quels changements\u00a0?<\/h2>\n<p data-test=\"contenu-texte\">Plusieurs modifications relatives au versement de l&#8217;Arce vont avoir lieu. Ces nouvelles mesures s&#8217;appliqueront \u00e0 toutes les cr\u00e9ations ou reprises d\u2019entreprise \u00e0 compter du 1<sup>er<\/sup>\u00a0avril\u00a02025.<\/p>\n<h5 class=\"fr-h6\">Obligation de ne pas exercer en CDI \u00e0 temps plein pour percevoir le second versement de l&#8217;Arce<\/h5>\n<p data-test=\"contenu-texte\">Jusqu&#8217;\u00e0 pr\u00e9sent, pour b\u00e9n\u00e9ficier du second versement de l&#8217;Arce, l&#8217;unique condition \u00e0 respecter \u00e9tait d&#8217;attester que l&#8217;on exerce toujours son activit\u00e9 professionnelle.<\/p>\n<p data-test=\"contenu-texte\">D\u00e9sormais, le second versement sera aussi soumis \u00e0 la condition de ne pas exercer un emploi en CDI \u00e0 temps plein.<\/p>\n<h5 class=\"fr-h6\">La reprise de droit \u00e0 l\u2019ARE soumise \u00e0 la fin de l&#8217;activit\u00e9 non salari\u00e9e<\/h5>\n<div class=\"fr-highlight fr-my-4w fr-ml-0 sp-bg-white fr-py-1w\" data-test=\"citation\" data-fr-js-highlight-actionee=\"true\">\n<p class=\"fr-text--bold\">Rappel<\/p>\n<p>L&#8217;<a title=\"Allocation ch\u00f4mage d'aide au retour \u00e0 l'emploi (ARE) d'un salari\u00e9 du secteur priv\u00e9 dont la fin de contrat de travail intervient avant le 1er avril 2025\" href=\"https:\/\/www.service-public.fr\/particuliers\/vosdroits\/F14860\" target=\"_blank\" rel=\"noopener\">allocation d&#8217;aide au retour \u00e0 l&#8217;emploi\u200b (ARE)<\/a>\u00a0et l&#8217;Arce ne sont pas cumulables.<\/p>\n<\/div>\n<p data-test=\"contenu-texte\">Actuellement, il est possible pour une personne ayant b\u00e9n\u00e9fici\u00e9 de l&#8217;Arce de demander la reprise de son droit \u00e0 l\u2019ARE apr\u00e8s avoir per\u00e7u le second versement de l\u2019Arce.<\/p>\n<p data-test=\"contenu-texte\">D\u00e9sormais, la personne souhaitant b\u00e9n\u00e9ficier d&#8217;une reprise de droit de l&#8217;ARE devra\u00a0<strong>obligatoirement<\/strong>\u00a0avoir mis fin \u00e0 son activit\u00e9 professionnelle.<\/p>\n<p data-test=\"contenu-texte\">En d&#8217;autres termes, si l&#8217;entreprise cr\u00e9\u00e9e par le b\u00e9n\u00e9ficiaire existe post\u00e9rieurement au versement de l&#8217;Arce, il ne pourra pas demander la reprise de ses droits \u00e0 l&#8217;ARE.<\/p>\n<p data-test=\"contenu-texte\">Enfin, dans le cas o\u00f9 le b\u00e9n\u00e9ficiaire a cess\u00e9 son activit\u00e9, la reprise du paiement de l&#8217;ARE interviendra apr\u00e8s un diff\u00e9r\u00e9, ce qui n&#8217;\u00e9tait pas le cas avant.<\/p>\n<h5 class=\"fr-h6\">Limitation du cumul ARE\/revenus de l&#8217;activit\u00e9 non salari\u00e9e<\/h5>\n<p data-test=\"contenu-texte\">Auparavant, le demandeur d&#8217;emploi ayant cr\u00e9\u00e9 son entreprise pouvait cumuler son ARE avec ses revenus professionnels non salari\u00e9s jusqu&#8217;\u00e0 la consommation int\u00e9grale de son droit.<\/p>\n<p data-test=\"contenu-texte\">Depuis le 1<sup>er<\/sup>\u00a0avril\u00a02025, le cumul de l&#8217;ARE avec les revenus professionnels non salari\u00e9s est limit\u00e9 \u00e0\u00a0<span class=\"sp-prix\">60\u00a0%<\/span>\u00a0<strong>des droits restants<\/strong>.<\/p>\n<div data-content=\"sousChapitres\"><\/div>\n<h2 id=\"titreChapitre_-2165555484757359614\" class=\"fr-h4 fr-mt-4w\" data-test=\"chapitre\">Mensualisation de l&#8217;ARE<\/h2>\n<p data-test=\"contenu-texte\">Actuellement, le montant mensuel de l\u2019ARE vers\u00e9e varie selon le nombre de jours du mois concern\u00e9.<\/p>\n<p data-test=\"contenu-texte\">\u00c0 partir du 1<sup>er<\/sup>\u00a0avril\u00a02025, le paiement de l\u2019ARE sera mensualis\u00e9 sur une\u00a0<strong>base fixe de 30\u00a0jours calendaires<\/strong>\u00a0quel que soit le mois. Le\u00a0<strong>montant de l&#8217;allocation ne variera donc plus<\/strong>\u00a0en fonction du nombre de jours compris dans le mois.<\/p>\n<div data-content=\"sousChapitres\"><\/div>\n<h2 id=\"titreChapitre_-3100408848150461854\" class=\"fr-h4 fr-mt-4w\" data-test=\"chapitre\">Tableau r\u00e9capitulatif<\/h2>\n<div class=\"fr-table fr-table--bordered\" data-fr-js-table=\"true\" data-fr-js-table-actionee=\"true\">\n<div class=\"fr-table__wrapper\" data-fr-js-table-wrapper=\"true\">\n<div class=\"fr-table__container\">\n<div class=\"fr-table__content\">\n<table class=\"fr-cell--multiline sp-table\" data-fr-js-table-element=\"true\">\n<caption data-fr-js-table-caption=\"true\"><span data-test=\"titre-tableau-riche\">\u00a0Tableau &#8211; Modifications relatives \u00e0 l&#8217;Arce et \u00e0 l&#8217;ARE<\/span><\/caption>\n<tbody>\n<tr data-fr-js-table-row=\"true\">\n<td colspan=\"1\" rowspan=\"1\"><\/td>\n<td colspan=\"1\" rowspan=\"1\">Jusqu&#8217;au 31\u00a0mars\u00a02025<\/td>\n<td colspan=\"1\" rowspan=\"1\"><strong>D\u00e8s le 1<sup>er<\/sup>\u00a0avril\u00a02025<\/strong><\/td>\n<\/tr>\n<tr data-fr-js-table-row=\"true\">\n<td colspan=\"1\" rowspan=\"1\">Conditions pour b\u00e9n\u00e9ficier du second versement de l&#8217;Arce<\/td>\n<td colspan=\"1\" rowspan=\"1\">\n<ul>\n<li>L&#8217;activit\u00e9 non salari\u00e9e du b\u00e9n\u00e9ficiaire doit toujours exister<\/li>\n<\/ul>\n<\/td>\n<td colspan=\"1\" rowspan=\"1\">\n<ul>\n<li>L&#8217;activit\u00e9 non salari\u00e9e du b\u00e9n\u00e9ficiaire doit toujours exister<\/li>\n<li><strong>Ne pas exercer un emploi en CDI \u00e0 temps plein<\/strong><\/li>\n<\/ul>\n<\/td>\n<\/tr>\n<tr data-fr-js-table-row=\"true\">\n<td colspan=\"1\" rowspan=\"1\">Conditions pour b\u00e9n\u00e9ficier d&#8217;une reprise de droit de l&#8217;ARE<\/td>\n<td colspan=\"1\" rowspan=\"1\">\n<ul>\n<li>Se r\u00e9inscrire pour demander la reprise de son droit<\/li>\n<\/ul>\n<\/td>\n<td colspan=\"1\" rowspan=\"1\">\n<ul>\n<li>Se r\u00e9inscrire pour demander la reprise de son droit<\/li>\n<li><strong>Avoir mis fin \u00e0 son activit\u00e9 non salari\u00e9e<\/strong><\/li>\n<\/ul>\n<\/td>\n<\/tr>\n<tr data-fr-js-table-row=\"true\">\n<td colspan=\"1\" rowspan=\"1\">Cumul ARE\/revenus de l&#8217;activit\u00e9 non salari\u00e9e<\/td>\n<td colspan=\"1\" rowspan=\"1\">Jusqu&#8217;\u00e0 la consommation int\u00e9grale du droit \u00e0 l&#8217;ARE<\/td>\n<td colspan=\"1\" rowspan=\"1\"><strong>Limit\u00e9 \u00e0 60\u00a0% des droits restants<\/strong><\/td>\n<\/tr>\n<tr data-fr-js-table-row=\"true\">\n<td colspan=\"1\" rowspan=\"1\">Reprise du paiement de l\u2019ARE en cas de cessation de l&#8217;activit\u00e9 non salari\u00e9e<\/td>\n<td colspan=\"1\" rowspan=\"1\">Imm\u00e9diate<\/td>\n<td colspan=\"1\" rowspan=\"1\"><strong>Apr\u00e8s un diff\u00e9r\u00e9<\/strong><\/td>\n<\/tr>\n<tr data-fr-js-table-row=\"true\">\n<td colspan=\"1\" rowspan=\"1\">Paiement de l&#8217;ARE<\/td>\n<td colspan=\"1\" rowspan=\"1\">Le montant de l&#8217;ARE (vers\u00e9e chaque mois) d\u00e9pend du nombre de jours dans le mois<\/td>\n<td colspan=\"1\" rowspan=\"1\"><strong>Mensualis\u00e9 sur une base de 30 jours calendaires<\/strong><\/td>\n<\/tr>\n<\/tbody>\n<\/table>\n<\/div>\n<\/div>\n<\/div>\n<\/div>\n<div data-content=\"sousChapitres\"><\/div>\n<\/div>\n<div class=\"fr-mt-6w\">\n<div class=\"sp-panel\" data-test=\"textes-de-reference\">\n<h2 class=\"sp-panel-title \"><button id=\"fiche-item-annexe-ref-aria\" class=\"sp-btn sp-btn-collapse\" type=\"button\" data-toggle=\"collapse\" data-target=\"#fiche-item-annexe-ref\" aria-controls=\"fiche-item-annexe-ref\" aria-expanded=\"true\"><span class=\"fr-h6\">Textes de loi et r\u00e9f\u00e9rences<\/span><\/button><\/h2>\n<div id=\"fiche-item-annexe-ref\" class=\"sp-panel-content collapse show\" aria-hidden=\"false\">\n<ul class=\"fr-raw-list fr-ml-1v\">\n<li data-test=\"reference\">\n<div class=\"sp-link fr-mb-1w\" data-test=\"lien-reference\">\n<div class=\"sp-link--label\">\n<p class=\"fr-mb-0\"><a class=\"fr-link\" title=\"Arr\u00eat\u00e9 du 19 d\u00e9cembre 2024 portant agr\u00e9ment de la convention du 15 novembre 2024 relative \u00e0 l'assurance ch\u00f4mage, de la convention du 15 novembre 2024 relative \u00e0 l'assurance ch\u00f4mage \u00e0 Mayotte et de leurs textes associ\u00e9s - legifrance.gouv.fr - Nouvelle fen\u00eatre\" href=\"https:\/\/www.legifrance.gouv.fr\/eli\/arrete\/2024\/12\/19\/PRMX2433664A\/jo\/texte\" target=\"_blank\" rel=\"noopener noreferrer\" data-test=\"href-lien-reference\" data-fr-js-link-actionee=\"true\">Arr\u00eat\u00e9 du 19 d\u00e9cembre 2024 portant agr\u00e9ment de la convention du 15 novembre 2024 relative \u00e0 l&#8217;assurance ch\u00f4mage, de la convention du 15 novembre 2024 relative \u00e0 l&#8217;assurance ch\u00f4mage \u00e0 Mayotte et de leurs textes associ\u00e9s<\/a><\/p>\n<\/div>\n<\/div>\n<\/li>\n<\/ul>\n<\/div>\n<\/div>\n<\/div>\n<\/div>\n","protected":false},"excerpt":{"rendered":"<p>&nbsp; Arce et ARE\u00a0: des modifications au 1er avril 2025 Dans le cadre de la nouvelle convention d&#8217;assurance ch\u00f4mage agr\u00e9\u00e9e par arr\u00eat\u00e9, de nouvelles r\u00e8gles s&#8217;appliquent \u00e0 l&#8217;aide \u00e0 la reprise ou \u00e0 la&#8230;<\/p>\n","protected":false},"author":2,"featured_media":0,"comment_status":"closed","ping_status":"closed","sticky":false,"template":"","format":"standard","meta":{"_mi_skip_tracking":false,"_monsterinsights_sitenote_active":false,"_monsterinsights_sitenote_note":"","_monsterinsights_sitenote_category":0},"categories":[5,9],"tags":[],"_links":{"self":[{"href":"https:\/\/sndll.info\/index.php?rest_route=\/wp\/v2\/posts\/7135"}],"collection":[{"href":"https:\/\/sndll.info\/index.php?rest_route=\/wp\/v2\/posts"}],"about":[{"href":"https:\/\/sndll.info\/index.php?rest_route=\/wp\/v2\/types\/post"}],"author":[{"embeddable":true,"href":"https:\/\/sndll.info\/index.php?rest_route=\/wp\/v2\/users\/2"}],"replies":[{"embeddable":true,"href":"https:\/\/sndll.info\/index.php?rest_route=%2Fwp%2Fv2%2Fcomments&post=7135"}],"version-history":[{"count":3,"href":"https:\/\/sndll.info\/index.php?rest_route=\/wp\/v2\/posts\/7135\/revisions"}],"predecessor-version":[{"id":7209,"href":"https:\/\/sndll.info\/index.php?rest_route=\/wp\/v2\/posts\/7135\/revisions\/7209"}],"wp:attachment":[{"href":"https:\/\/sndll.info\/index.php?rest_route=%2Fwp%2Fv2%2Fmedia&parent=7135"}],"wp:term":[{"taxonomy":"category","embeddable":true,"href":"https:\/\/sndll.info\/index.php?rest_route=%2Fwp%2Fv2%2Fcategories&post=7135"},{"taxonomy":"post_tag","embeddable":true,"href":"https:\/\/sndll.info\/index.php?rest_route=%2Fwp%2Fv2%2Ftags&post=7135"}],"curies":[{"name":"wp","href":"https:\/\/api.w.org\/{rel}","templated":true}]}}