{"id":7145,"date":"2025-04-17T05:03:17","date_gmt":"2025-04-17T03:03:17","guid":{"rendered":"https:\/\/sndll.info\/?p=7145"},"modified":"2025-04-16T06:25:11","modified_gmt":"2025-04-16T04:25:11","slug":"allegements-des-charges-patronales","status":"publish","type":"post","link":"https:\/\/sndll.info\/?p=7145","title":{"rendered":"ALLEGEMENTS DES CHARGES PATRONALES"},"content":{"rendered":"<p>Voici deux articles dont le premier \u00e9mane du Minist\u00e8re et est p\u00e9dagogique. Le second est plus pratique de source syndicale.<\/p>\n<div id=\"block-economie-page-title\" class=\"block block-core block-page-title-block\">\n<h1 class=\"page-title\"><span class=\"field field--name-title field--type-string field--label-hidden\">Comment fonctionne la r\u00e9duction g\u00e9n\u00e9rale des cotisations patronales\u00a0?<\/span><\/h1>\n<\/div>\n<div id=\"block-economie-content\" class=\"block block-system block-system-main-block\">\n<article class=\"node node--type-article node--view-mode-full entreprise\">\n<div class=\"article--infos\">Par\u00a0<a class=\"ext\" title=\"\u00ab https:\/\/economie.gouv.fr\/entreprises\/bercy-infos-qui-sommes-nous \u00bb dans une nouvelle fen\u00eatre (ouvrir dans une nouvelle fen\u00eatre)\" href=\"https:\/\/economie.gouv.fr\/entreprises\/bercy-infos-qui-sommes-nous\" target=\"_blank\" rel=\"noopener\" data-extlink=\"\">Bercy Infos<\/a>, le 07\/04\/2025 &#8211;\u00a0<a href=\"https:\/\/www.economie.gouv.fr\/toutes-les-actualites-vous-orienter?theme%5B6970%5D=6970\">Aides publiques et financements\u00a0<\/a><\/p>\n<div class=\"field field--name-temps-de-lecture field--type-temps-de-lecture fr-ml-1w\">\n<p class=\"fr-badge fr-badge--purple-glycine\">\n<\/div>\n<\/div>\n<div class=\"node__content\">\n<p class=\"fr-text--lead\">Pour certains salaires, l&#8217;employeur peut b\u00e9n\u00e9ficier d&#8217;une r\u00e9duction des cotisations patronales, appel\u00e9e aussi \u00ab z\u00e9ro cotisation Urssaf \u00bb ou anciennement \u00ab r\u00e9duction Fillon \u00bb. Quelles sont les cotisations concern\u00e9es ? Qui est concern\u00e9 ? On fait le point.<\/p>\n<div class=\"fr-col-12 fr-col-md-single fr-callout-col \">\n<div class=\"fr-callout fr-callout--pink-tuile\">\n<h4 class=\"fr-callout__title\">Ce qui change en 2025<\/h4>\n<div class=\"fr-callout__text\">\n<p>En 2025, trois param\u00e8tres de la r\u00e9duction g\u00e9n\u00e9rale \u00e9voluent :<\/p>\n<p>1) Prise en compte de\u00a0<a href=\"https:\/\/www.economie.gouv.fr\/entreprises\/prime-partage-valeur\">la\u00a0prime de partage de la valeur<\/a>\u00a0(PPV) dans le calcul de la r\u00e9duction (d\u00e9j\u00e0 applicable).<\/p>\n<p>2) Mise \u00e0 jour du Smic (d\u00e8s la publication du d\u00e9cret d&#8217;application).<\/p>\n<p>3) Modification de la valeur de T (d\u00e9j\u00e0 applicable).<\/p>\n<\/div>\n<p><a class=\"fr-btn fr-icon-external-link-line fr-btn--icon-right\" title=\"\u00ab Lien externe - En savoir plus sur ces \u00e9volutions - Dans un nouvel onglet \u00bb dans une nouvelle fen\u00eatre\" href=\"https:\/\/www.urssaf.fr\/accueil\/actualites\/loi-financement-securite-sociale.html\" target=\"_blank\" rel=\"noopener\">En savoir plus sur ces \u00e9volutions<\/a><\/div>\n<\/div>\n<div class=\"fr-col-12 fr-col-md-\">\n<div class=\"fr-prose\">\n<h2 id=\"qu-est-ce-que-la-r-duction-g-n-r_0\"><strong>Qu\u2019est-ce que la r\u00e9duction g\u00e9n\u00e9rale des cotisations patronales\u00a0?<\/strong><\/h2>\n<p>En tant qu&#8217;employeur, vous pouvez b\u00e9n\u00e9ficier d&#8217;une r\u00e9duction de charges sur les r\u00e9mun\u00e9rations de vos salari\u00e9s.<\/p>\n<p>Cette r\u00e9duction concerne certaines de vos cotisations patronales et varie en fonction de votre effectif et de la r\u00e9mun\u00e9ration de votre salari\u00e9.<\/p>\n<h2 id=\"qui-peut-en-b-n-ficier-_1\">Qui peut en b\u00e9n\u00e9ficier\u00a0?<\/h2>\n<h3>Les employeurs concern\u00e9s<\/h3>\n<p>Vous pouvez b\u00e9n\u00e9ficier de la r\u00e9duction g\u00e9n\u00e9rale des cotisations si :<\/p>\n<ul>\n<li>vous \u00eates soumis \u00e0 l\u2019obligation d\u2019assurance ch\u00f4mage,<\/li>\n<li>vous \u00eates un \u00e9tablissement public \u00e0 caract\u00e8re industriel et commercial des collectivit\u00e9s territoriales (Epic),<\/li>\n<li>vous \u00eates une soci\u00e9t\u00e9 d\u2019\u00e9conomie mixte \u00e0 participation majoritaire de ces collectivit\u00e9s (SEM),<\/li>\n<li>vous \u00eates une entreprise nationale inscrite au r\u00e9pertoire national des entreprises contr\u00f4l\u00e9es majoritairement par l\u2019\u00c9tat (RECME).<\/li>\n<\/ul>\n<\/div>\n<\/div>\n<div class=\"fr-col-12 fr-col-md-\">\n<div class=\"fr-prose\">\n<h3>Les salari\u00e9s concern\u00e9s<\/h3>\n<p>Vous pouvez appliquer la r\u00e9duction si votre salari\u00e9 :<\/p>\n<ul>\n<li>a conclu un contrat de travail (tous les types de contrats sont concern\u00e9s, y compris ceux \u00e0 temps partiel et tous les types de contrats en alternance),<\/li>\n<li><strong>a une r\u00e9mun\u00e9ration inf\u00e9rieure \u00e0 1,6 fois le Smic brut<\/strong>,<\/li>\n<li>rel\u00e8ve \u00e0 titre obligatoire du r\u00e9gime d\u2019assurance ch\u00f4mage.<\/li>\n<\/ul>\n<\/div>\n<\/div>\n<div class=\"paragraph paragraph--type--ds-exergue fr-highlight fr-highlight--pink-tuile fr-mb-12v fr-grid-row fr-grid-row--center\">\n<div class=\"fr-col-12\">\n<div class=\"fr-prose\">\n<p>&nbsp;<\/p>\n<\/div>\n<\/div>\n<\/div>\n<div class=\"fr-col-12 fr-col-md-\">\n<div class=\"fr-prose\">\n<h2 id=\"quelles-sont-les-cotisations-con_2\">Quelles sont les cotisations concern\u00e9es\u00a0?<\/h2>\n<p>La r\u00e9duction g\u00e9n\u00e9rale s\u2019applique aux cotisations et contributions patronales suivantes :<\/p>\n<ul>\n<li>Assurances sociales (maladie, maternit\u00e9, invalidit\u00e9, d\u00e9c\u00e8s, vieillesse).<\/li>\n<li>Allocations familiales.<\/li>\n<li>Accidents du travail et maladies professionnelles (AT\/MP), avec un taux limit\u00e9 relev\u00e9 \u00e0 0,50 % en 2025.<\/li>\n<li>Retraite compl\u00e9mentaire obligatoire (Agirc-Arrco).<\/li>\n<li>Fonds national d\u2019aide au logement (Fnal).<\/li>\n<li>Contribution solidarit\u00e9 autonomie (CSA).<\/li>\n<li>Assurance ch\u00f4mage.<\/li>\n<\/ul>\n<p>Pour en savoir plus sur ces cotisations, consultez la\u00a0<a class=\"ext\" title=\"\u00ab https:\/\/www.urssaf.fr\/accueil\/employeur\/cotisations\/liste-cotisations.html \u00bb dans une nouvelle fen\u00eatre (ouvrir dans une nouvelle fen\u00eatre)\" href=\"https:\/\/www.urssaf.fr\/accueil\/employeur\/cotisations\/liste-cotisations.html\" target=\"_blank\" rel=\"noopener\" data-extlink=\"\">page d\u00e9di\u00e9e de l&#8217;Urssaf<\/a>.<\/p>\n<h2 id=\"comment-calculer-la-r-duction-g-_3\">Comment calculer la r\u00e9duction g\u00e9n\u00e9rale\u00a0?<\/h2>\n<p>La r\u00e9duction est calcul\u00e9e en trois \u00e9tapes.<\/p>\n<h3><strong>1. D\u00e9terminez le coefficient de r\u00e9duction g\u00e9n\u00e9rale<\/strong><\/h3>\n<ul>\n<li>Moins de 50 salari\u00e9s : coefficient maximum\u00a0<strong>0,3193<\/strong>.<\/li>\n<li>50 salari\u00e9s et plus : coefficient maximum\u00a0<strong>0,3233<\/strong>.<\/li>\n<\/ul>\n<p><strong>Formule de calcul<\/strong><\/p>\n<p>(coefficient maximum\u00a0<strong>\u00f7<\/strong>\u00a00,6) \u00d7 [(1,6 Smic + heures suppl\u00e9mentaires ou compl\u00e9mentaires)\u00a0<strong>\u00f7<\/strong>\u00a0r\u00e9mun\u00e9ration mensuelle brute) &#8211; 1]<\/p>\n<p><strong>Smic \u00e0 prendre en compte dans la formule de calcul<\/strong><\/p>\n<p>La formule de calcul que vous devez prendre en compte est \u00e9gale \u00e0\u00a0: Smic horaire \u00d7 35 \u00d7 52\u00a0<strong>\u00f7<\/strong>\u00a012.<\/p>\n<\/div>\n<\/div>\n<div class=\"paragraph paragraph--type--ds-exergue fr-highlight fr-highlight--pink-tuile fr-mb-12v fr-grid-row fr-grid-row--center\">\n<div class=\"fr-col-12\">\n<div class=\"fr-prose\">\n<h4>\u00c0 savoir<\/h4>\n<p>Des cas particuliers existent pour le calcul du coefficient\u00a0:<\/p>\n<ul>\n<li><a class=\"ext\" title=\"\u00ab https:\/\/boss.gouv.fr\/portail\/accueil\/allegements-et-exonerations\/allegements-generaux.html#470 \u00bb dans une nouvelle fen\u00eatre (ouvrir dans une nouvelle fen\u00eatre)\" href=\"https:\/\/boss.gouv.fr\/portail\/accueil\/allegements-et-exonerations\/allegements-generaux.html#470\" target=\"_blank\" rel=\"noopener\" data-extlink=\"\"><strong>VRP, journalistes et professions m\u00e9dicales<\/strong><\/a><\/li>\n<li><a class=\"ext\" title=\"\u00ab https:\/\/boss.gouv.fr\/portail\/accueil\/allegements-et-exonerations\/allegements-generaux.html#510 \u00bb dans une nouvelle fen\u00eatre (ouvrir dans une nouvelle fen\u00eatre)\" href=\"https:\/\/boss.gouv.fr\/portail\/accueil\/allegements-et-exonerations\/allegements-generaux.html#510\" target=\"_blank\" rel=\"noopener\" data-extlink=\"\"><strong>Int\u00e9rimaires et salari\u00e9s affili\u00e9s \u00e0 une caisse de cong\u00e9s pay\u00e9s<\/strong><\/a><\/li>\n<li><a class=\"ext\" title=\"\u00ab https:\/\/boss.gouv.fr\/portail\/accueil\/allegements-et-exonerations\/allegements-generaux.html#1080 \u00bb dans une nouvelle fen\u00eatre (ouvrir dans une nouvelle fen\u00eatre)\" href=\"https:\/\/boss.gouv.fr\/portail\/accueil\/allegements-et-exonerations\/allegements-generaux.html#1080\" target=\"_blank\" rel=\"noopener\" data-extlink=\"\"><strong>Conducteurs des entreprises de transport routier de marchandises<\/strong><\/a><\/li>\n<li><strong>CDD et des contrats de travail temporaire<\/strong>\u00a0: en cas de contrat \u00e0 dur\u00e9e d\u00e9termin\u00e9e, le coefficient de la r\u00e9duction se calcule contrat par contrat. Si vous \u00eates une entreprise de travail temporaire\u00a0le coefficient est d\u00e9termin\u00e9 pour chaque mission pour les int\u00e9rimaires mis \u00e0 disposition au cours d\u2019une ann\u00e9e aupr\u00e8s de plusieurs entreprises utilisatrices.<\/li>\n<\/ul>\n<\/div>\n<\/div>\n<\/div>\n<div class=\"fr-col-12 fr-col-md-\">\n<div class=\"fr-prose\">\n<h3><strong>2. D\u00e9terminez le montant de la r\u00e9duction g\u00e9n\u00e9rale<\/strong><\/h3>\n<p>Pour d\u00e9terminer le montant de la r\u00e9duction g\u00e9n\u00e9rale, multipliez votre coefficient de r\u00e9duction par la r\u00e9mun\u00e9ration mensuelle brute.<\/p>\n<h3><strong>3. D\u00e9duisez le montant global de la r\u00e9duction sur les cotisations<\/strong><\/h3>\n<p>Une fois la r\u00e9duction calcul\u00e9e, elle doit \u00eatre d\u00e9duite des cotisations dues.<\/p>\n<p><strong>Entreprises de moins de 50 salari\u00e9s<\/strong><\/p>\n<ul>\n<li>Sur les cotisations et contributions vers\u00e9es \u00e0 l\u2019Urssaf : montant de la r\u00e9duction \u00d7 (0,2593\u00a0\u00f7\u00a00,3193).<\/li>\n<li>Sur les cotisations et contributions vers\u00e9es aux institutions de retraite compl\u00e9mentaire : montant de la r\u00e9duction \u00d7 (0,0601\u00a0\u00f7\u00a00,3193).<\/li>\n<\/ul>\n<p><strong>Entreprises de 50 salari\u00e9s et plus<\/strong><\/p>\n<ul>\n<li>Sur les cotisations vers\u00e9es \u00e0 l\u2019Urssaf : montant de la r\u00e9duction \u00d7 (0,2633\u00a0\u00f7\u00a00,3233).<\/li>\n<li>Sur les cotisations vers\u00e9es aux institutions de retraite compl\u00e9mentaire : montant de la r\u00e9duction \u00d7 (0,0601\u00a0\u00f7\u00a00,3233).<\/li>\n<\/ul>\n<\/div>\n<\/div>\n<div class=\"fr-col-12 fr-col-md-single fr-callout-col \">\n<div class=\"fr-callout fr-callout--pink-tuile\">\n<h4 class=\"fr-callout__title\">Besoin d\u2019aide ?<\/h4>\n<div class=\"fr-callout__text\">\n<p>Un simulateur en ligne est disponible pour vous permettre d&#8217;\u00e9valuer le montant de la r\u00e9duction annualis\u00e9e dont vous pouvez b\u00e9n\u00e9ficier pour un salari\u00e9.<\/p>\n<\/div>\n<p><a class=\"fr-btn fr-icon-external-link-line fr-btn--icon-right\" title=\"\u00ab Lien externe - Acc\u00e9dez au simulateur en ligne - Dans un nouvel onglet \u00bb dans une nouvelle fen\u00eatre\" href=\"https:\/\/www.declaration.urssaf.fr\/calcul\/\" target=\"_blank\" rel=\"noopener\">Acc\u00e9dez au simulateur en ligne<\/a><\/div>\n<\/div>\n<div class=\"fr-col-12 fr-col-md-\">\n<div class=\"fr-prose\">\n<h2 id=\"la-r-duction-g-n-rale-peut-elle-_4\">La r\u00e9duction g\u00e9n\u00e9rale peut-elle \u00eatre cumul\u00e9e avec d\u2019autres all\u00e8gements\u00a0?<\/h2>\n<p>Oui.<\/p>\n<p>Vous pouvez cumuler la r\u00e9duction g\u00e9n\u00e9rale avec\u00a0:<\/p>\n<ul>\n<li>la\u00a0<a class=\"ext\" title=\"\u00ab https:\/\/www.urssaf.fr\/accueil\/employeur\/beneficier-exonerations\/exonerations-heures\/deduction-forfaitaire-patronale.html \u00bb dans une nouvelle fen\u00eatre (ouvrir dans une nouvelle fen\u00eatre)\" href=\"https:\/\/www.urssaf.fr\/accueil\/employeur\/beneficier-exonerations\/exonerations-heures\/deduction-forfaitaire-patronale.html\" target=\"_blank\" rel=\"noopener\" data-extlink=\"\"><strong>d\u00e9duction patronale forfaitaire<\/strong><\/a>\u00a0applicable au titre des heures suppl\u00e9mentaires et du rachat des jours de r\u00e9duction du temps de travail (JRTT),<\/li>\n<\/ul>\n<p>Notez qu&#8217;une d\u00e9duction forfaitaire de 0,50 \u20ac par heure suppl\u00e9mentaire est d\u00e9sormais \u00e9galement applicable pour les entreprises de 20 \u00e0 moins de 250 salari\u00e9s.<\/p>\n<ul>\n<li>le\u00a0<a class=\"ext\" title=\"\u00ab https:\/\/www.urssaf.fr\/accueil\/employeur\/cotisations\/liste-cotisations\/cotisation-allocation-familiale.html \u00bb dans une nouvelle fen\u00eatre (ouvrir dans une nouvelle fen\u00eatre)\" href=\"https:\/\/www.urssaf.fr\/accueil\/employeur\/cotisations\/liste-cotisations\/cotisation-allocation-familiale.html\" target=\"_blank\" rel=\"noopener\" data-extlink=\"\"><strong>taux r\u00e9duit de cotisations d\u2019allocations familiales<\/strong><\/a>,<\/li>\n<li>le\u00a0<a class=\"ext\" title=\"\u00ab https:\/\/www.urssaf.fr\/accueil\/employeur\/cotisations\/liste-cotisations\/maladie-maternite-invalidite.html \u00bb dans une nouvelle fen\u00eatre (ouvrir dans une nouvelle fen\u00eatre)\" href=\"https:\/\/www.urssaf.fr\/accueil\/employeur\/cotisations\/liste-cotisations\/maladie-maternite-invalidite.html\" target=\"_blank\" rel=\"noopener\" data-extlink=\"\"><strong>taux r\u00e9duit de cotisation maladie<\/strong><\/a>,<\/li>\n<li>sous certaines conditions, avec\u00a0<a href=\"https:\/\/www.economie.gouv.fr\/particuliers\/credit-impot-services-personne\"><strong>l\u2019exon\u00e9ration \u00ab aide \u00e0 domicile \u00bb<\/strong><\/a>\u00a0pour les employ\u00e9s des structures concern\u00e9es,<\/li>\n<li>l\u2019application de\u00a0<a class=\"ext\" title=\"\u00ab https:\/\/www.urssaf.fr\/accueil\/employeur\/beneficier-exonerations\/frais-professionnels.html \u00bb dans une nouvelle fen\u00eatre (ouvrir dans une nouvelle fen\u00eatre)\" href=\"https:\/\/www.urssaf.fr\/accueil\/employeur\/beneficier-exonerations\/frais-professionnels.html\" target=\"_blank\" rel=\"noopener\" data-extlink=\"\"><strong>d\u00e9duction forfaitaire sp\u00e9cifique<\/strong><\/a>\u00a0pour frais professionnels (DFS),<\/li>\n<li><strong>les\u00a0<\/strong><a class=\"ext\" title=\"\u00ab https:\/\/www.urssaf.fr\/accueil\/employeur\/cotisations\/liste-cotisations\/taux-reduits-cas-particuliers.html \u00bb dans une nouvelle fen\u00eatre (ouvrir dans une nouvelle fen\u00eatre)\" href=\"https:\/\/www.urssaf.fr\/accueil\/employeur\/cotisations\/liste-cotisations\/taux-reduits-cas-particuliers.html\" target=\"_blank\" rel=\"noopener\" data-extlink=\"\"><strong>taux r\u00e9duits<\/strong><\/a><strong>\u00a0de cotisations sociales<\/strong>\u00a0appliqu\u00e9s aux journalistes professionnels, pigistes et assimil\u00e9s, et les taux r\u00e9duits de cotisations d&#8217;assurance vieillesse appliqu\u00e9s aux VRP \u00e0 cartes multiples et aux membres des professions m\u00e9dicales.<\/li>\n<\/ul>\n<\/div>\n<\/div>\n<div class=\"paragraph paragraph--type--ds-exergue fr-highlight fr-highlight--pink-tuile fr-mb-12v fr-grid-row fr-grid-row--center\">\n<div class=\"fr-col-12\">\n<div class=\"fr-prose\">\n<h4>Attention<\/h4>\n<p>En revanche,\u00a0\u00e0 l\u2019exception des mesures \u00e9num\u00e9r\u00e9es ci-dessus,\u00a0<strong>vous ne pouvez pas cumuler<\/strong>\u00a0la r\u00e9duction g\u00e9n\u00e9rale\u00a0:<\/p>\n<ul>\n<li>avec aucune autre exon\u00e9ration totale ou partielle de cotisations patronales pour un m\u00eame salari\u00e9,<\/li>\n<li>avec l\u2019application de taux sp\u00e9cifiques, d\u2019assiettes ou de montants forfaitaires de cotisations (exemple\u00a0: taux sp\u00e9cifiques aux artistes du spectacle).<\/li>\n<\/ul>\n<\/div>\n<\/div>\n<\/div>\n<div class=\"fr-col-12 fr-col-md-\">\n<div class=\"fr-prose\">\n<h2 id=\"comment-b-n-ficier-de-la-r-ducti_5\">Comment b\u00e9n\u00e9ficier de la r\u00e9duction g\u00e9n\u00e9rale\u00a0?<\/h2>\n<p>Pour obtenir la r\u00e9duction g\u00e9n\u00e9rale, vous devez en faire la d\u00e9claration.<\/p>\n<p>Cette d\u00e9claration se fait\u00a0<em>via<\/em>\u00a0<a class=\"ext\" title=\"\u00ab https:\/\/www.net-entreprises.fr\/tableau-de-bord-dsn\/#lessentiel \u00bb dans une nouvelle fen\u00eatre (ouvrir dans une nouvelle fen\u00eatre)\" href=\"https:\/\/www.net-entreprises.fr\/tableau-de-bord-dsn\/#lessentiel\" target=\"_blank\" rel=\"noopener\" data-extlink=\"\">la d\u00e9claration sociale nominative<\/a>\u00a0(DSN).<\/p>\n<p>Vous devez inscrire les salari\u00e9s concern\u00e9s, leur r\u00e9mun\u00e9ration et la r\u00e9duction de cotisations qui leur correspond.<\/p>\n<p>Votre organisme de recouvrement contr\u00f4le le calcul de r\u00e9duction lorsqu&#8217;il re\u00e7oit votre d\u00e9claration.<\/p>\n<p>En cas de contr\u00f4le, vous devez fournir aux inspecteurs du recouvrement toutes les informations utiles \u00e0 cette v\u00e9rification.<\/p>\n<\/div>\n<\/div>\n<div class=\"paragraph paragraph--type--ds-accordeon paragraph--view-mode--default fr-grid-row fr-grid-row--center\">\n<div class=\"fr-col\">\n<div class=\"fr-accordions-group\" data-fr-js-accordions-group=\"true\">\n<section class=\"fr-accordion\">\n<h5 class=\"fr-accordion__title\"><\/h5>\n<\/section>\n<section class=\"fr-accordion\">\n<h5 class=\"fr-accordion__title\"><button class=\"fr-accordion__btn\" aria-expanded=\"true\" aria-controls=\"321377\" data-fr-js-collapse-button=\"true\">Ce que dit la loi<\/button><\/h5>\n<div id=\"321377\" class=\"fr-collapse fr-collapse--expanded\" data-fr-js-collapse=\"true\">\n<div class=\"fr-col-12 fr-col-md-\">\n<div class=\"fr-prose\">\n<ul>\n<li><a class=\"ext\" title=\"\u00ab https:\/\/www.legifrance.gouv.fr\/codes\/article_lc\/LEGIARTI000042912368 \u00bb dans une nouvelle fen\u00eatre (ouvrir dans une nouvelle fen\u00eatre)\" href=\"https:\/\/www.legifrance.gouv.fr\/codes\/article_lc\/LEGIARTI000042912368\" target=\"_blank\" rel=\"noopener\" data-extlink=\"\">Article L241-13<\/a>\u00a0code de la S\u00e9curit\u00e9 sociale<\/li>\n<li><a class=\"ext\" title=\"\u00ab https:\/\/www.legifrance.gouv.fr\/codes\/article_lc\/LEGIARTI000048852497 \u00bb dans une nouvelle fen\u00eatre (ouvrir dans une nouvelle fen\u00eatre)\" href=\"https:\/\/www.legifrance.gouv.fr\/codes\/article_lc\/LEGIARTI000048852497\" target=\"_blank\" rel=\"noopener\" data-extlink=\"\">Article D241-7<\/a>\u00a0et suivants code de la S\u00e9curit\u00e9 sociale<\/li>\n<li><a class=\"ext\" title=\"\u00ab https:\/\/www.legifrance.gouv.fr\/jorf\/id\/JORFTEXT000048727890 \u00bb dans une nouvelle fen\u00eatre (ouvrir dans une nouvelle fen\u00eatre)\" href=\"https:\/\/www.legifrance.gouv.fr\/jorf\/id\/JORFTEXT000048727890\" target=\"_blank\" rel=\"noopener\" data-extlink=\"\">D\u00e9cret n\u00b0 2023-1329 du 29 d\u00e9cembre 2023<\/a>\u00a0relatif aux modalit\u00e9s d&#8217;application de divers dispositifs de r\u00e9duction de cotisations patronales<\/li>\n<li><a class=\"ext\" title=\"\u00ab Lien externe - D\u00e9cret n\u00b0 2025-318 du 4 avril 2025 - Dans un nouvel onglet \u00bb dans une nouvelle fen\u00eatre (ouvrir dans une nouvelle fen\u00eatre)\" href=\"https:\/\/www.legifrance.gouv.fr\/jorf\/id\/JORFTEXT000051430146\" target=\"_blank\" rel=\"noopener noreferrer external\" data-extlink=\"\">D\u00e9cret n\u00b0 2025-318 du 4 avril 2025<\/a>\u00a0relatif aux modalit\u00e9s d&#8217;application de divers dispositifs de r\u00e9duction de cotisations patronales<\/li>\n<\/ul>\n<\/div>\n<\/div>\n<\/div>\n<\/section>\n<\/div>\n<\/div>\n<\/div>\n<\/div>\n<\/article>\n<\/div>\n<h1><a href=\"https:\/\/www.ghr.fr\/social\/actualites\/allegements-generaux-de-cotisations-patronales-2025-le-decret-d-application-est\">All\u00e9gements g\u00e9n\u00e9raux de cotisations patronales 2025\u00a0: le d\u00e9cret d\u2019application est publi\u00e9<\/a><\/h1>\n<p><a href=\"https:\/\/www.facebook.com\/sharer\/sharer.php?u=https:\/\/www.ghr.fr\/social\/actualites\/allegements-generaux-de-cotisations-patronales-2025-le-decret-d-application-est\">\u00a0<\/a><\/p>\n<p>La loi de financement de la s\u00e9curit\u00e9 sociale pour 2025 a modifi\u00e9 les all\u00e9gements g\u00e9n\u00e9raux de cotisations patronales. Comme nous vous l\u2019avions annonc\u00e9, la r\u00e9forme sera men\u00e9e en deux temps (. Pour le premier volet, le d\u00e9cret du 4 avril 2025 fixe les r\u00e8gles applicables pour la r\u00e9duction des taux des cotisations maladie et allocations familiales pour 2025 ainsi que les param\u00e8tres de la r\u00e9duction g\u00e9n\u00e9rale des r\u00e9ductions patronales \u00e0 partir du 1<sup>er<\/sup>\u00a0mai prochain.<\/p>\n<ol>\n<li><b><strong><u>Prise en compte du SMIC au 1<sup>er<\/sup>\u00a0janvier 2025 pour la r\u00e9duction des taux de la cotisation maladie et allocations familiales<\/u><\/strong><\/b><\/li>\n<\/ol>\n<p>Pour les r\u00e9mun\u00e9rations vers\u00e9es depuis le 1<sup>er<\/sup>\u00a0janvier 2025 pour un salari\u00e9 \u00e0 temps plein, pr\u00e9sent tout le mois, le SMIC \u00e0 prendre en compte est celui en vigueur au 1<sup>er<\/sup>\u00a0janvier 2025, soit\u00a0<b><strong>11.88\u20ac<\/strong><\/b>\u00a0de l\u2019heure ou\u00a0<b><strong>1801.84\u20ac\u00a0<\/strong><\/b>par mois pour 151.67 heures de travail.<\/p>\n<p>Par cons\u00e9quent, les seuils mensuels s\u2019\u00e9l\u00e8vent donc \u00e0\u00a0:<\/p>\n<ul>\n<li>4054.14\u20ac pour le taux de la cotisation maladie (1801.84 X 2.25)\u00a0;<\/li>\n<li>5946.07\u20ac pour le taux de la cotisation famille (1801.84 X 3.3)<\/li>\n<\/ul>\n<p>En r\u00e9sum\u00e9\u00a0:<\/p>\n<table>\n<tbody>\n<tr>\n<td colspan=\"3\">Cotisations patronales maladie et allocations familiales\u00a0: limites de salaire ouvrant droit aux r\u00e9ductions de taux<\/td>\n<\/tr>\n<tr>\n<td><\/td>\n<td>En 2024<\/td>\n<td>En 2025<\/td>\n<\/tr>\n<tr>\n<td>Salaire plafond ouvrant droit \u00e0 la r\u00e9duction de\u00a0<b><strong>taux sur la cotisation maladie<\/strong><\/b><\/td>\n<td>\n<ul>\n<li>2.5 SMIC valeur au 31.12.2023<\/li>\n<li>Soit 52 416\u20ac par an (salari\u00e9 35h pr\u00e9sent toute l\u2019ann\u00e9e sans incident de pr\u00e9sence)<\/li>\n<\/ul>\n<p>&nbsp;<\/td>\n<td>\n<ul>\n<li><b><strong><u>2.25<\/u><\/strong><\/b>\u00a0SMIC valeur au 01.01.2025<\/li>\n<li>Soit\u00a0<b><strong>48 648.60<\/strong><\/b>\u20ac par an (salari\u00e9 35h pr\u00e9sent toute l\u2019ann\u00e9e sans incident de pr\u00e9sence)<\/li>\n<\/ul>\n<\/td>\n<\/tr>\n<tr>\n<td>Salaire plafond ouvrant droit \u00e0 la r\u00e9duction de\u00a0<b><strong>taux sur la cotisation d\u2019allocations familiales<\/strong><\/b><\/td>\n<td>\n<ul>\n<li>3.5 SMIC valeur au 31.12.2023<\/li>\n<li>Soit 73 382.40\u20ac par an (salari\u00e9 35h pr\u00e9sent toute l\u2019ann\u00e9e sans incident de pr\u00e9sence)<\/li>\n<\/ul>\n<\/td>\n<td>\n<ul>\n<li><b><strong><u>3.3<\/u><\/strong><\/b>\u00a0SMIC valeur au 01.01.2025<\/li>\n<li>Soit\u00a0<b><strong>71 351.28\u20ac\u00a0<\/strong><\/b>par an (salari\u00e9 35h pr\u00e9sent toute l\u2019ann\u00e9e sans incident de pr\u00e9sence)<\/li>\n<\/ul>\n<\/td>\n<\/tr>\n<\/tbody>\n<\/table>\n<p>Pour rappel, sauf nouvelle r\u00e9forme, la loi de financement de la s\u00e9curit\u00e9 sociale pr\u00e9voit de supprimer ces deux dispositifs \u00e0 partir de 2026, pour laisser place \u00e0 une r\u00e9duction g\u00e9n\u00e9rale toujours d\u00e9gressive mais qui deviendrait nulle au niveau de 3 SMIC.<\/p>\n<p>Nous sommes dans l\u2019attente d\u2019une publication du BOSS qui viendrait pr\u00e9ciser les consignes de r\u00e9gularisations notamment sur celles du d\u00e9but d\u2019ann\u00e9e ou m\u00eame, si un de vos salari\u00e9s est sorti des effectifs.<\/p>\n<p>Attendre la publication au BOSS des consignes de r\u00e9gularisation. Il est possible que des dispositions d\u00e9rogatoires soient act\u00e9es.<\/p>\n<p>&nbsp;<\/p>\n<ol>\n<li><b><strong><u>Les modalit\u00e9s applicables \u00e0 la r\u00e9duction g\u00e9n\u00e9rale des cotisations patronales<\/u><\/strong><\/b><\/li>\n<\/ol>\n<p>&nbsp;<\/p>\n<ol>\n<li><u>Fixation du plafond de la r\u00e9mun\u00e9ration \u00e9ligible<\/u><\/li>\n<\/ol>\n<p>Le plafond de la r\u00e9mun\u00e9ration \u00e9ligible \u00e0 la r\u00e9duction g\u00e9n\u00e9rale des cotisations patronales est d\u00e9sormais fix\u00e9e par d\u00e9cret.<\/p>\n<p>Le d\u00e9cret du 4 avril 2025 fixe d\u00e9sormais ce plafond de r\u00e9mun\u00e9ration \u00e0\u00a0<b><strong>1.6 SMIC\u00a0<\/strong><\/b>applicable au 1<sup>er<\/sup>\u00a0janvier 2025, soit\u00a0<b><strong>34 595.28\u20ac<\/strong><\/b>\u00a0pour un salari\u00e9 \u00e0 temps plein pr\u00e9sent une ann\u00e9e enti\u00e8re.<\/p>\n<p>Enfin, le plafond n\u2019\u00e9voluera pas durant l\u2019ann\u00e9e m\u00eame si une augmentation du SMIC intervient au cours de l\u2019ann\u00e9e puisque le d\u00e9cret supprime le dernier alin\u00e9a du II de l\u2019article D. 241-7 du Code de la s\u00e9curit\u00e9 sociale.<\/p>\n<ol>\n<li><u>Diminution de la valeur de T \u00e0 compter du 1<sup>er<\/sup>\u00a0mai 2025<\/u><\/li>\n<\/ol>\n<p>La valeur T, composante \u00e0 prendre en compte pour le calcul de la r\u00e9duction Fillon, est modifi\u00e9e \u00e0 compter du 1<sup>er<\/sup>\u00a0mai 2025 par le d\u00e9cret. En effet, la valeur est notamment compos\u00e9e\u00a0par\u00a0:<\/p>\n<ul>\n<li>Le taux maximum de cotisation AT\/MP qui augmente de 0.46% \u00e0 0.50%\u00a0;<\/li>\n<li>Le montant des cotisations ch\u00f4mage qui diminue de 4.05% \u00e0 4%.<\/li>\n<\/ul>\n<p>Par cons\u00e9quent, les valeurs T changent telles qu\u2019il suit\u00a0:<\/p>\n<table>\n<tbody>\n<tr>\n<td>Valeur de T<\/td>\n<td>En 2024<\/td>\n<td>En 2025<\/td>\n<\/tr>\n<tr>\n<td>Pour les entreprises de moins de 50 salari\u00e9s<\/td>\n<td>0.3194<\/td>\n<td><b><strong><u>0.3193<\/u><\/strong><\/b><\/td>\n<\/tr>\n<tr>\n<td>Pour les entreprises de 50 salari\u00e9s et +<\/td>\n<td>0.3234<\/td>\n<td><b><strong><u>0.3233<\/u><\/strong><\/b><\/td>\n<\/tr>\n<\/tbody>\n<\/table>\n<ol>\n<li><b><strong><u>Focus sur le taux de cotisation AT\/MP \u00e0 compter du 1<sup>er<\/sup>\u00a0mai 2025<\/u><\/strong><\/b><\/li>\n<\/ol>\n<p>Le d\u00e9cret pr\u00e9voit que les taux de cotisations AT\/MP 2025 s\u2019appliqueront\u00a0<b><strong><u>\u00e0 compter du 1<sup>er<\/sup>\u00a0mai 2025<\/u><\/strong><\/b>,\u00a0<b><strong>sans effet r\u00e9troactif.<\/strong><\/b><\/p>\n<p>Par ailleurs, l\u2019alin\u00e9a 3 de l\u2019article D. 242-6-11 du Code de la s\u00e9curit\u00e9 sociale pr\u00e9cise que les taux de cotisation AT\/MP entrent en vigueur \u00e0 compter du 1<sup>er<\/sup>\u00a0jour du trimestre civil suivant leur publication au Journal officiel. En cas de publication apr\u00e8s le 31 d\u00e9cembre, les taux nets ant\u00e9rieurs s\u2019appliquent jusqu\u2019\u00e0 la publication des nouveaux taux nets.<\/p>\n<p>Source\u00a0:<\/p>\n<p><a href=\"https:\/\/www.legifrance.gouv.fr\/jorf\/id\/JORFTEXT000051430146\">D\u00e9cret n\u00b0\u00a02025-318 du 4 avril 2025 relatif aux modalit\u00e9s d\u2019application de divers dispositifs de r\u00e9duction de cotisations patronales &#8211; L\u00e9gifrance<\/a><\/p>\n","protected":false},"excerpt":{"rendered":"<p>Voici deux articles dont le premier \u00e9mane du Minist\u00e8re et est p\u00e9dagogique. Le second est plus pratique de source syndicale. Comment fonctionne la r\u00e9duction g\u00e9n\u00e9rale des cotisations patronales\u00a0? Par\u00a0Bercy Infos, le 07\/04\/2025 &#8211;\u00a0Aides publiques&#8230;<\/p>\n","protected":false},"author":2,"featured_media":0,"comment_status":"closed","ping_status":"closed","sticky":false,"template":"","format":"standard","meta":{"_mi_skip_tracking":false,"_monsterinsights_sitenote_active":false,"_monsterinsights_sitenote_note":"","_monsterinsights_sitenote_category":0},"categories":[1,9],"tags":[],"_links":{"self":[{"href":"https:\/\/sndll.info\/index.php?rest_route=\/wp\/v2\/posts\/7145"}],"collection":[{"href":"https:\/\/sndll.info\/index.php?rest_route=\/wp\/v2\/posts"}],"about":[{"href":"https:\/\/sndll.info\/index.php?rest_route=\/wp\/v2\/types\/post"}],"author":[{"embeddable":true,"href":"https:\/\/sndll.info\/index.php?rest_route=\/wp\/v2\/users\/2"}],"replies":[{"embeddable":true,"href":"https:\/\/sndll.info\/index.php?rest_route=%2Fwp%2Fv2%2Fcomments&post=7145"}],"version-history":[{"count":3,"href":"https:\/\/sndll.info\/index.php?rest_route=\/wp\/v2\/posts\/7145\/revisions"}],"predecessor-version":[{"id":7203,"href":"https:\/\/sndll.info\/index.php?rest_route=\/wp\/v2\/posts\/7145\/revisions\/7203"}],"wp:attachment":[{"href":"https:\/\/sndll.info\/index.php?rest_route=%2Fwp%2Fv2%2Fmedia&parent=7145"}],"wp:term":[{"taxonomy":"category","embeddable":true,"href":"https:\/\/sndll.info\/index.php?rest_route=%2Fwp%2Fv2%2Fcategories&post=7145"},{"taxonomy":"post_tag","embeddable":true,"href":"https:\/\/sndll.info\/index.php?rest_route=%2Fwp%2Fv2%2Ftags&post=7145"}],"curies":[{"name":"wp","href":"https:\/\/api.w.org\/{rel}","templated":true}]}}