{"id":7158,"date":"2025-04-23T05:18:48","date_gmt":"2025-04-23T03:18:48","guid":{"rendered":"https:\/\/sndll.info\/?p=7158"},"modified":"2025-04-16T05:20:52","modified_gmt":"2025-04-16T03:20:52","slug":"fiches-de-suivi-pour-les-visites-medicales","status":"publish","type":"post","link":"https:\/\/sndll.info\/?p=7158","title":{"rendered":"FICHES DE SUIVI POUR LES VISITES MEDICALES"},"content":{"rendered":"<p>&nbsp;<\/p>\n<h1 class=\"article-title\"><a href=\"https:\/\/www.ghr.fr\/social\/actualites\/entree-en-vigueur-au-1er-juillet-2025-des-nouveaux-modeles-d-attestation-de\">Entr\u00e9e en vigueur au 1er juillet 2025 des nouveaux mod\u00e8les d\u2019attestation de suivi, avis d\u2019aptitude et d\u2019inaptitude<\/a><\/h1>\n<section class=\"article-texte\">&nbsp;<\/p>\n<p>Les\u00a0<b>nouveaux mod\u00e8les d\u2019avis d\u2019aptitude, d\u2019avis d\u2019inaptitude, d\u2019attestation de suivi individuel de l\u2019\u00e9tat de sant\u00e9 et de proposition de mesures d\u2019am\u00e9nagement de poste\u00a0<\/b>ont \u00e9t\u00e9 r\u00e9tablis par un arr\u00eat\u00e9 publi\u00e9 au Journal officiel le 15 mars 2025. L<b>\u2019entr\u00e9e en vigueur de ces nouveaux mod\u00e8les est fix\u00e9e au 1<sup>er<\/sup>\u00a0juillet 2025<\/b>\u00a0afin de permettre aux diff\u00e9rents \u00e9diteurs de logiciels avec lesquels travaillent les services de pr\u00e9vention et de sant\u00e9 au travail d\u2019assurer les d\u00e9veloppements informatiques rendus n\u00e9cessaires.<\/p>\n<p>Cet arr\u00eat\u00e9 comporte 4 annexes correspondant aux 4 documents pouvant \u00eatre remis par le m\u00e9decin du travail ou un autre professionnel de sant\u00e9 du service de pr\u00e9vention et sant\u00e9 au travail (SPST) habilit\u00e9, lors d\u2019une visite m\u00e9dicale du salari\u00e9\u00a0:<\/p>\n<ul>\n<li>l\u2019<b>attestation de suivi individuel<\/b>\u00a0de l\u2019\u00e9tat de sant\u00e9 du salari\u00e9 remise \u00e0 l\u2019issue de toutes les visites (\u00e0 l\u2019exception de la visite de pr\u00e9-reprise) [annexe 1 de l\u2019arr\u00eat\u00e9]\u00a0;<\/li>\n<li>l\u2019<b>avis d\u2019aptitude<\/b>\u00a0r\u00e9serv\u00e9 aux travailleurs b\u00e9n\u00e9ficiant d\u2019un suivi individuel renforc\u00e9 [annexe 2 de l\u2019arr\u00eat\u00e9]\u00a0;<\/li>\n<li>l\u2019<b>avis d\u2019inaptitude<\/b>\u00a0que le m\u00e9decin du travail peut remettre \u00e0 un salari\u00e9 \u00e0 l\u2019issue de toute visite (\u00e0 l\u2019exception de la visite de pr\u00e9-reprise) [annexe 3 de l\u2019arr\u00eat\u00e9]\u00a0;<\/li>\n<li>le\u00a0<b>document pr\u00e9conisant des<\/b>\u00a0<b>mesures d\u2019am\u00e9nagement, d\u2019adaptation ou de transformation\u00a0du poste de travail ou des mesures d\u2019am\u00e9nagement du temps de travail,\u00a0<\/b>qui peut \u00eatre d\u00e9livr\u00e9e avec l\u2019attestation de suivi ou l\u2019avis d\u2019aptitude [annexe 4 de l\u2019arr\u00eat\u00e9].<\/li>\n<\/ul>\n<p><a href=\"https:\/\/www.legifrance.gouv.fr\/jorf\/id\/JORFTEXT000051329148\">https:\/\/www.legifrance.gouv.fr\/jorf\/id\/JORFTEXT000051329148<\/a><\/p>\n<\/section>\n","protected":false},"excerpt":{"rendered":"<p>&nbsp; Entr\u00e9e en vigueur au 1er juillet 2025 des nouveaux mod\u00e8les d\u2019attestation de suivi, avis d\u2019aptitude et d\u2019inaptitude &nbsp; Les\u00a0nouveaux mod\u00e8les d\u2019avis d\u2019aptitude, d\u2019avis d\u2019inaptitude, d\u2019attestation de suivi individuel de l\u2019\u00e9tat de sant\u00e9 et&#8230;<\/p>\n","protected":false},"author":2,"featured_media":0,"comment_status":"closed","ping_status":"closed","sticky":false,"template":"","format":"standard","meta":{"_mi_skip_tracking":false,"_monsterinsights_sitenote_active":false,"_monsterinsights_sitenote_note":"","_monsterinsights_sitenote_category":0},"categories":[9],"tags":[],"_links":{"self":[{"href":"https:\/\/sndll.info\/index.php?rest_route=\/wp\/v2\/posts\/7158"}],"collection":[{"href":"https:\/\/sndll.info\/index.php?rest_route=\/wp\/v2\/posts"}],"about":[{"href":"https:\/\/sndll.info\/index.php?rest_route=\/wp\/v2\/types\/post"}],"author":[{"embeddable":true,"href":"https:\/\/sndll.info\/index.php?rest_route=\/wp\/v2\/users\/2"}],"replies":[{"embeddable":true,"href":"https:\/\/sndll.info\/index.php?rest_route=%2Fwp%2Fv2%2Fcomments&post=7158"}],"version-history":[{"count":1,"href":"https:\/\/sndll.info\/index.php?rest_route=\/wp\/v2\/posts\/7158\/revisions"}],"predecessor-version":[{"id":7160,"href":"https:\/\/sndll.info\/index.php?rest_route=\/wp\/v2\/posts\/7158\/revisions\/7160"}],"wp:attachment":[{"href":"https:\/\/sndll.info\/index.php?rest_route=%2Fwp%2Fv2%2Fmedia&parent=7158"}],"wp:term":[{"taxonomy":"category","embeddable":true,"href":"https:\/\/sndll.info\/index.php?rest_route=%2Fwp%2Fv2%2Fcategories&post=7158"},{"taxonomy":"post_tag","embeddable":true,"href":"https:\/\/sndll.info\/index.php?rest_route=%2Fwp%2Fv2%2Ftags&post=7158"}],"curies":[{"name":"wp","href":"https:\/\/api.w.org\/{rel}","templated":true}]}}