{"id":7162,"date":"2025-04-21T05:23:53","date_gmt":"2025-04-21T03:23:53","guid":{"rendered":"https:\/\/sndll.info\/?p=7162"},"modified":"2025-04-16T05:30:50","modified_gmt":"2025-04-16T03:30:50","slug":"travailleurs-handicapes","status":"publish","type":"post","link":"https:\/\/sndll.info\/?p=7162","title":{"rendered":"TRAVAILLEURS HANDICAPES"},"content":{"rendered":"<p>&nbsp;<\/p>\n<h1 class=\"article-title\"><a href=\"https:\/\/www.ghr.fr\/emploi-formation-handicap\/mission-handicap\/doeth\/obligation-emploi-des-personnes-en-situation-de-handicap-entreprise-dont-l\">Travailleurs handicap\u00e9s\u00a0: d\u00e9claration obligatoire via la DSN d\u2019avril 2025 pour les entreprises de 20 salari\u00e9s et plus (pour 2024)<\/a><\/h1>\n<header class=\"article-meta\">\n<div class=\"share-buttons\"><span class=\"btn-facebook\"><a href=\"https:\/\/www.facebook.com\/sharer\/sharer.php?u=https:\/\/www.ghr.fr\/emploi-formation-handicap\/mission-handicap\/doeth\/obligation-emploi-des-personnes-en-situation-de-handicap-entreprise-dont-l\" target=\"_blank\" rel=\"noopener\"><i class=\"fab fa-facebook-f\" aria-hidden=\"true\"><\/i>\u00a0<\/a><\/span><span class=\"btn-twitter\"><i class=\"fab fa-twitter\" aria-hidden=\"true\"><\/i>\u00a0<\/span><a id=\"button_link\" href=\"https:\/\/www.ghr.fr\/emploi-formation-handicap\/mission-handicap\/doeth\/obligation-emploi-des-personnes-en-situation-de-handicap-entreprise-dont-l\"><i class=\"far fa-link fa-rotate-90\" aria-hidden=\"true\"><\/i><\/a><\/div>\n<\/header>\n<section class=\"article-texte\">Il y a l\u2019<b>obligation (plus de 20 salari\u00e9s) <\/b>de proc\u00e9der \u00e0 la\u00a0<b>D\u00e9claration Obligatoire des Travailleurs Handicap\u00e9s via la DSN du mois d\u2019avril 2025 (pour l\u2019ann\u00e9e 2024), soit entre le 5 ou le 15 mai 2025.<\/b>Le paiement de la contribution sera \u00e9galement \u00e0 r\u00e9gler \u00e0 cette m\u00eame date.<\/p>\n<p>La d\u00e9claration et le paiement seront \u00e0 r\u00e9aliser via la DSN aupr\u00e8s de l\u2019URSSAF\/MSA.<\/p>\n<p>Au pr\u00e9alable, vous avez d\u00fb recevoir une\u00a0<b>notification de l\u2019URSSAF au plus tard le 15 mars 2025<\/b>\u00a0vous indiquant\u00a0:<\/p>\n<ul>\n<li>L\u2019effectif d\u2019assujettissement en fonction de votre effectif annuel moyen ou l\u2019effectif permanent en 2024<\/li>\n<li>Le nombre de b\u00e9n\u00e9ficiaires de l\u2019OETH devant \u00eatre employ\u00e9 au titre de l\u2019ann\u00e9e 2024<\/li>\n<li>Le nombre de personnes en situation de handicap que vous avez embauch\u00e9 en 2024 (pour rappel\u00a0: accueil stage, alternance, CDD\/CDI, Int\u00e9rim)<\/li>\n<li>Pour les entreprises concern\u00e9es, l\u2019effectif des salari\u00e9s employ\u00e9s relevant d\u2019un ECAP (Emploi exigeant des conditions d\u2019aptitudes particuli\u00e8res)<\/li>\n<\/ul>\n<p>Si vous n\u2019avez pas re\u00e7u ce document, il est pr\u00e9f\u00e9rable de contacter l\u2019URSSAF \u00e0 ce sujet.<\/p>\n<p><span style=\"color: #ff0000;\">Rappel\u00a0:\u00a0Depuis le 1<sup>er<\/sup>\u00a0janvier 2020, toute entreprise embauchant une ou plusieurs personnes en situation de handicap doit d\u00e9clarer mensuellement via la DSN, la\/les personnes.<\/span><\/p>\n<p><strong><span style=\"color: #ff0000;\"><u>Mais seules les entreprises dont l\u2019effectif annuel moyen d\u00e9passe le seuil de 20 salari\u00e9s doit proc\u00e9der \u00e0 la DOETH annuelle, toujours via la DSN.<\/u><\/span><\/strong><\/p>\n<p><b>P\u00e9riode de neutralisation\u00a0:<\/b><\/p>\n<p>Les entreprises soumises \u00e0 l\u2019obligation pour la 1ere ann\u00e9e en 2024, b\u00e9n\u00e9ficie d\u2019une p\u00e9riode de neutralisation de cinq ans. La DOETH reste obligatoire mais l\u2019entreprise n\u2019est pas soumise \u00e0 contribution.<\/p>\n<p>Elle a cinq ans pour r\u00e9aliser des actions lui permettant de r\u00e9pondre \u00e0 son obligation.<\/p>\n<p><i>Ex\u00a0: seuil de 20 salari\u00e9s (effectif annuel moyen) franchi en 2024, DOETH obligatoire \u00e0 r\u00e9aliser via la DSN mais p\u00e9riode de neutralisation de cinq ans, elle sera assujettie (contribution) \u00e0 partir de 2029.\u00a0Les cinq ann\u00e9es de neutralisation lui permettront de r\u00e9aliser des actions et mettre en place une politique handicap dans l\u2019entreprise.<\/i><\/p>\n<p><b>Sanction\u00a0:<\/b><\/p>\n<ul>\n<li><u>DOETH non r\u00e9alis\u00e9e<\/u>\u00a0: Les entreprises sont passibles d\u2019une majoration du montant de leur contribution \u00e9gale \u00e0 25% de ce montant. La majoration est major\u00e9e de cinq points \u00e0 chaque ann\u00e9e non d\u00e9clar\u00e9e cons\u00e9cutive.<\/li>\n<li><u>Les entreprises qui ne respecteraient pas leur obligation d\u2019emploi<\/u>\u00a0: recrutement, maintien dans l\u2019emploi, achats aupr\u00e8s des services adapt\u00e9s et prot\u00e9g\u00e9s (modalit\u00e9s sp\u00e9cifiques) se verraient appliquer une contribution suppl\u00e9mentaire \u00e9quivalent \u00e0 1500 fois le SMIC horaire par unit\u00e9 b\u00e9n\u00e9ficiaire manquante.<\/li>\n<\/ul>\n<p><img src=\"https:\/\/www.ghr.fr\/IMG\/UserFiles\/Images\/image-20250314163359-1.png\" alt=\"\" width=\"0\" height=\"0\" \/><u>Alerte \u00e0 la fraude et tentative de hame\u00e7onnage<\/u><\/p>\n<p>Vois pouvez faire l&#8217;objet de d\u00e9marchages t\u00e9l\u00e9phoniques pour vous rappeler vos obligations et tenter de vous orienter vers des achats via des entreprises adapt\u00e9es. Ignorez les !<\/p>\n<p>En cas de doute, contacter les services de l\u2019Agefiph ou de l\u2019Etat qui vous r\u00e9pondront et vous orienterons vers les bons interlocuteurs et services.<\/p>\n<p><a href=\"http:\/\/www.agefiph.fr\/actualites-handicap\/doeth-alerte-aux-demarchages-frauduleux\">www.agefiph.fr\/actualites-handicap\/doeth-alerte-aux-demarchages-frauduleux<\/a><\/p>\n<p>Les entreprises disposent de plusieurs solutions pour r\u00e9pondre \u00e0 leur obligation d\u2019emploi\u00a0:<\/p>\n<ul>\n<li>Recrutement\u00a0: stage, alternance, CDD\/CDI<\/li>\n<li>Maintien en emploi\u00a0: salari\u00e9 dont la sant\u00e9 n\u00e9cessite un am\u00e9nagement de son poste de travail, une mobilit\u00e9 interne<\/li>\n<li>Achats de produits et\/ou service aupr\u00e8s des secteurs adapt\u00e9s et prot\u00e9g\u00e9s (ESAT\/EA)<\/li>\n<\/ul>\n<p><b>Pour aller plus loin\u00a0:<\/b><\/p>\n<p><a href=\"https:\/\/entreprendre.service-public.fr\/vosdroits\/F22523\">https:\/\/entreprendre.service-public.fr\/vosdroits\/F22523<\/a><\/p>\n<p><a href=\"https:\/\/www.agefiph.fr\/employeur\/simulateur_doeth\">https:\/\/www.agefiph.fr\/employeur\/simulateur_doeth<\/a><\/p>\n<p><a href=\"https:\/\/www.agefiph.fr\/actualites-handicap\/ce-quil-faut-savoir-sur-loeth-au-1er-janvier-2025\">https:\/\/www.agefiph.fr\/actualites-handicap\/ce-quil-faut-savoir-sur-loeth-au-1er-janvier-2025<\/a><\/p>\n<\/section>\n","protected":false},"excerpt":{"rendered":"<p>&nbsp; Travailleurs handicap\u00e9s\u00a0: d\u00e9claration obligatoire via la DSN d\u2019avril 2025 pour les entreprises de 20 salari\u00e9s et plus (pour 2024) \u00a0\u00a0 Il y a l\u2019obligation (plus de 20 salari\u00e9s) de proc\u00e9der \u00e0 la\u00a0D\u00e9claration Obligatoire&#8230;<\/p>\n","protected":false},"author":2,"featured_media":0,"comment_status":"closed","ping_status":"closed","sticky":false,"template":"","format":"standard","meta":{"_mi_skip_tracking":false,"_monsterinsights_sitenote_active":false,"_monsterinsights_sitenote_note":"","_monsterinsights_sitenote_category":0},"categories":[9],"tags":[],"_links":{"self":[{"href":"https:\/\/sndll.info\/index.php?rest_route=\/wp\/v2\/posts\/7162"}],"collection":[{"href":"https:\/\/sndll.info\/index.php?rest_route=\/wp\/v2\/posts"}],"about":[{"href":"https:\/\/sndll.info\/index.php?rest_route=\/wp\/v2\/types\/post"}],"author":[{"embeddable":true,"href":"https:\/\/sndll.info\/index.php?rest_route=\/wp\/v2\/users\/2"}],"replies":[{"embeddable":true,"href":"https:\/\/sndll.info\/index.php?rest_route=%2Fwp%2Fv2%2Fcomments&post=7162"}],"version-history":[{"count":2,"href":"https:\/\/sndll.info\/index.php?rest_route=\/wp\/v2\/posts\/7162\/revisions"}],"predecessor-version":[{"id":7166,"href":"https:\/\/sndll.info\/index.php?rest_route=\/wp\/v2\/posts\/7162\/revisions\/7166"}],"wp:attachment":[{"href":"https:\/\/sndll.info\/index.php?rest_route=%2Fwp%2Fv2%2Fmedia&parent=7162"}],"wp:term":[{"taxonomy":"category","embeddable":true,"href":"https:\/\/sndll.info\/index.php?rest_route=%2Fwp%2Fv2%2Fcategories&post=7162"},{"taxonomy":"post_tag","embeddable":true,"href":"https:\/\/sndll.info\/index.php?rest_route=%2Fwp%2Fv2%2Ftags&post=7162"}],"curies":[{"name":"wp","href":"https:\/\/api.w.org\/{rel}","templated":true}]}}