{"id":7168,"date":"2025-04-27T05:33:38","date_gmt":"2025-04-27T03:33:38","guid":{"rendered":"https:\/\/sndll.info\/?p=7168"},"modified":"2025-04-16T05:35:39","modified_gmt":"2025-04-16T03:35:39","slug":"inaptitude-et-reclassement","status":"publish","type":"post","link":"https:\/\/sndll.info\/?p=7168","title":{"rendered":"INAPTITUDE ET RECLASSEMENT"},"content":{"rendered":"<p>&nbsp;<\/p>\n<h1 class=\"article-title\"><a href=\"https:\/\/www.ghr.fr\/social\/actualites\/inaptitude-et-dispense-de-reclassement-la-formulation-du-medecin-du-travail\">Inaptitude et dispense de reclassement\u00a0: la formulation du m\u00e9decin du travail peut \u00eatre \u00e9quivalente \u00e0 la mention l\u00e9gale<\/a><\/h1>\n<header class=\"article-meta\">\n<div class=\"share-buttons\"><span class=\"btn-facebook\"><a href=\"https:\/\/www.facebook.com\/sharer\/sharer.php?u=https:\/\/www.ghr.fr\/social\/actualites\/inaptitude-et-dispense-de-reclassement-la-formulation-du-medecin-du-travail\" target=\"_blank\" rel=\"noopener\"><i class=\"fab fa-facebook-f\" aria-hidden=\"true\"><\/i>\u00a0<\/a><\/span><span class=\"btn-twitter\"><i class=\"fab fa-twitter\" aria-hidden=\"true\"><\/i>\u00a0<\/span><a id=\"button_link\" href=\"https:\/\/www.ghr.fr\/social\/actualites\/inaptitude-et-dispense-de-reclassement-la-formulation-du-medecin-du-travail\"><i class=\"far fa-link fa-rotate-90\" aria-hidden=\"true\"><\/i><\/a><\/div>\n<\/header>\n<section class=\"article-texte\">Dans un arr\u00eat du 12 f\u00e9vrier 2025 (Cass. soc. 12-2-2025, n\u00b0\u00a023-22.612), la Cour de cassation est venue pr\u00e9ciser <strong><span style=\"color: #0000ff;\">les conditions dans lesquelles<\/span> <span style=\"color: #0000ff;\">l\u2019employeur peut \u00eatre dispens\u00e9 de son obligation de reclassement d\u2019un salari\u00e9 d\u00e9clar\u00e9 inapte, en l\u2019occurrence, dans la terminologie employ\u00e9e par le m\u00e9decin du travail dans l\u2019avis d\u2019inaptitude.<\/span><\/strong><\/p>\n<p>En l\u2019esp\u00e8ce, un salari\u00e9 a \u00e9t\u00e9 licenci\u00e9 pour inaptitude avec une dispense de recherche de reclassement formul\u00e9e ainsi\u00a0: \u00ab\u00a0<i>inapte \u00e0 la reprise du poste occup\u00e9. L\u2019\u00e9tat de sant\u00e9 du salari\u00e9 ne permet pas de faire des propositions de reclassement au sein de l\u2019entreprise filiale et holding compris et le rend inapte \u00e0 tout poste<\/i>\u00a0\u00bb.<\/p>\n<p>Le salari\u00e9 a contest\u00e9 son licenciement devant le Conseil de prud\u2019hommes, estimant que l\u2019avis d\u2019inaptitude rendu par le m\u00e9decin du travail ne dispensait pas l\u2019employeur de son obligation de reclassement, car les dispositions de l\u2019article L. 1226-2-1 du code du travail relatives \u00e0 la dispense de reclassement \u00ab\u00a0n\u2019\u00e9tait pas reprise \u00e0 l\u2019identique dans l\u2019avis d\u2019inaptitude \u00e9mis par le m\u00e9decin du travail\u00a0\u00bb.<\/p>\n<p>La question \u00e9tait donc de savoir si l\u2019employeur est bien dispens\u00e9 de toute recherche de reclassement du salari\u00e9 inapte, quand bien m\u00eame le m\u00e9decin du travail n\u2019aurait pas reproduit strictement \u00e0 l\u2019identique les cas de dispense pr\u00e9vus par l\u2019article L. 1226-2-1 du Code du travail.<\/p>\n<p>La r\u00e9ponse est &#8221; OUI &#8220;, pour la Cour de cassation.<\/p>\n<p>En effet, dans sa d\u00e9cision, elle a estim\u00e9 que \u00ab\u00a0<i>la formule utilis\u00e9e par le m\u00e9decin du travail \u00e9tait \u00e9quivalente \u00e0 la mention de l\u2019article L. 1226-2-1 du code du travail<\/i>\u00a0\u00bb de sorte que l\u2019employeur \u00e9tait bien dispens\u00e9 de son obligation de reclassement, au regard de la formulation utilis\u00e9e par le m\u00e9decin du travail.<\/p>\n<p>Cette pr\u00e9cision permet une certaine clarification dans la mesure o\u00f9, jusqu\u2019\u00e0 pr\u00e9sent, les juridictions pouvaient consid\u00e9rer que l\u2019employeur n\u2019\u00e9tait pas dispens\u00e9 de son obligation de reclassement si le m\u00e9decin du travail n\u2019avait pas express\u00e9ment coch\u00e9 l\u2019une des cases pr\u00e9voyant une dispense expresse de reclassement.<\/p>\n<p><a href=\"https:\/\/www.courdecassation.fr\/decision\/67ac551d91acc6fabdb2cf03\">Cass. soc. 12-2-2025, n\u00b0\u00a023-22.612<\/a><\/p>\n<\/section>\n","protected":false},"excerpt":{"rendered":"<p>&nbsp; Inaptitude et dispense de reclassement\u00a0: la formulation du m\u00e9decin du travail peut \u00eatre \u00e9quivalente \u00e0 la mention l\u00e9gale \u00a0\u00a0 Dans un arr\u00eat du 12 f\u00e9vrier 2025 (Cass. soc. 12-2-2025, n\u00b0\u00a023-22.612), la Cour de&#8230;<\/p>\n","protected":false},"author":2,"featured_media":0,"comment_status":"closed","ping_status":"closed","sticky":false,"template":"","format":"standard","meta":{"_mi_skip_tracking":false,"_monsterinsights_sitenote_active":false,"_monsterinsights_sitenote_note":"","_monsterinsights_sitenote_category":0},"categories":[9],"tags":[],"_links":{"self":[{"href":"https:\/\/sndll.info\/index.php?rest_route=\/wp\/v2\/posts\/7168"}],"collection":[{"href":"https:\/\/sndll.info\/index.php?rest_route=\/wp\/v2\/posts"}],"about":[{"href":"https:\/\/sndll.info\/index.php?rest_route=\/wp\/v2\/types\/post"}],"author":[{"embeddable":true,"href":"https:\/\/sndll.info\/index.php?rest_route=\/wp\/v2\/users\/2"}],"replies":[{"embeddable":true,"href":"https:\/\/sndll.info\/index.php?rest_route=%2Fwp%2Fv2%2Fcomments&post=7168"}],"version-history":[{"count":1,"href":"https:\/\/sndll.info\/index.php?rest_route=\/wp\/v2\/posts\/7168\/revisions"}],"predecessor-version":[{"id":7170,"href":"https:\/\/sndll.info\/index.php?rest_route=\/wp\/v2\/posts\/7168\/revisions\/7170"}],"wp:attachment":[{"href":"https:\/\/sndll.info\/index.php?rest_route=%2Fwp%2Fv2%2Fmedia&parent=7168"}],"wp:term":[{"taxonomy":"category","embeddable":true,"href":"https:\/\/sndll.info\/index.php?rest_route=%2Fwp%2Fv2%2Fcategories&post=7168"},{"taxonomy":"post_tag","embeddable":true,"href":"https:\/\/sndll.info\/index.php?rest_route=%2Fwp%2Fv2%2Ftags&post=7168"}],"curies":[{"name":"wp","href":"https:\/\/api.w.org\/{rel}","templated":true}]}}