{"id":7176,"date":"2025-05-02T05:41:11","date_gmt":"2025-05-02T03:41:11","guid":{"rendered":"https:\/\/sndll.info\/?p=7176"},"modified":"2025-04-16T05:44:51","modified_gmt":"2025-04-16T03:44:51","slug":"indemnites-journalieres-maladie-et-maintien-du-salaire-reforme-%f0%9f%98%92%f0%9f%98%92","status":"publish","type":"post","link":"https:\/\/sndll.info\/?p=7176","title":{"rendered":"INDEMNITES JOURNALIERES MALADIE ET MAINTIEN DU SALAIRE: REFORME \ud83d\ude12\ud83d\ude12"},"content":{"rendered":"<p>&nbsp;<\/p>\n<h1 class=\"article-title\"><a href=\"https:\/\/www.ghr.fr\/social\/actualites\/baisse-des-indemnites-journalieres-maladie-une-mauvaise-nouvelle-aussi-pour-les\">Baisse des indemnit\u00e9s journali\u00e8res maladie\u00a0: une mauvaise nouvelle aussi pour les entreprises.<\/a><\/h1>\n<header class=\"article-meta\">\n<div class=\"share-buttons\"><span class=\"btn-facebook\"><a href=\"https:\/\/www.facebook.com\/sharer\/sharer.php?u=https:\/\/www.ghr.fr\/social\/actualites\/baisse-des-indemnites-journalieres-maladie-une-mauvaise-nouvelle-aussi-pour-les\" target=\"_blank\" rel=\"noopener\"><i class=\"fab fa-facebook-f\" aria-hidden=\"true\"><\/i>\u00a0<\/a><\/span><span class=\"btn-twitter\"><i class=\"fab fa-twitter\" aria-hidden=\"true\"><\/i>\u00a0<\/span><a id=\"button_link\" href=\"https:\/\/www.ghr.fr\/social\/actualites\/baisse-des-indemnites-journalieres-maladie-une-mauvaise-nouvelle-aussi-pour-les\"><i class=\"far fa-link fa-rotate-90\" aria-hidden=\"true\"><\/i><\/a><\/div>\n<\/header>\n<section class=\"article-texte\">Envisag\u00e9e avant que la censure du Gouvernement BARNIER ne la fasse tomber aux oubliettes, la baisse des indemnit\u00e9s journali\u00e8res de s\u00e9curit\u00e9 sociale (IJSS) a \u00e9t\u00e9 reprise \u00e0 son compte par le Gouvernement BAYROU par un d\u00e9cret paru au Journal Officiel le 21 f\u00e9vrier 2025.<\/p>\n<p>Concr\u00e8tement, la limite du salaire plafond pris en compte pour le calcul des IJSS est ramen\u00e9 \u00e0 1.4 SMIC au lieu de 1.8.<\/p>\n<p>Cette mesure s\u2019appliquera aux IJSS vers\u00e9es au titre des arr\u00eats de travail prescrits \u00e0 partir du 1<sup>er<\/sup>\u00a0avril 2025.<\/p>\n<p>Sch\u00e9matiquement, la r\u00e9forme aboutit \u00e0 la baisse du montant des IJSS maladie pour les salari\u00e9s pay\u00e9s au-del\u00e0 de 1.4 SMIC, soit 2\u00a0522.52 \u20ac (taux actuel du SMIC \u00e0 35H x 1.4). Elle se traduit par une baisse d\u2019indemnisation de 360 \u20ac brut par mois pour ces salari\u00e9s.<\/p>\n<p>Cette mesure est donc une mauvaise nouvelle pour un grand nombre de salari\u00e9s \u2026 mais pas que\u00a0!<\/p>\n<p>En effet, par le jeu de l\u2019obligation de maintien de salaire \u00e0 la charge des entreprises pour les salari\u00e9s justifiant au moins d\u2019un an d\u2019anciennet\u00e9 (article L 1226.1 du code du travail), ces derni\u00e8res vont compenser le delta entre 1.8 et 1.4 SMIC, puisque le niveau du maintien de salaire reste exprim\u00e9 en pourcentage du salaire du salari\u00e9, d\u00e9duction faite des IJSS. Le compl\u00e9ment employeur va de facto donc augmenter.<\/p>\n<p>La mesure aura \u00e9galement un impact sur les r\u00e9gimes de pr\u00e9voyance d\u00e8s lors o\u00f9 existe une garantie incapacit\u00e9 de travail.<\/p>\n<p>Le d\u00e9s\u00e9quilibre \u00e9conomique que cette r\u00e9forme va provoquer dans les r\u00e9gimes conduira \u00e0 une hausse de cotisations, \u00e0 la charge des entreprises et des salari\u00e9s.<\/p>\n<p>Dans sa communication, le CTIP \u2013 Centre Technique des Institutions de Pr\u00e9voyance- d\u00e9plore l\u2019adoption de cette mesure sans concertation\u00a0:\u00a0<i>\u00ab\u00a0Adopt\u00e9es sans d\u00e9bat parlementaire ni consultation avec les partenaires sociaux, ces mesures vont se traduire par des hausses massives de cotisations \u00e0 la charge des salari\u00e9s et des entreprises et mettent ainsi en p\u00e9ril l\u2019\u00e9quilibre d\u2019un mod\u00e8le social auquel les Fran\u00e7ais sont attach\u00e9s. L\u2019absence de dialogue et la pr\u00e9cipitation de ces d\u00e9cisions, dans une p\u00e9riode de grande incertitude pour le pays, rel\u00e8vent de choix irresponsables.\u00a0\u00bb<\/i><\/p>\n<p>Rappel des r\u00e8gles relatives au maintien de salaire (compl\u00e9ment employeur)\u00a0:<\/p>\n<p><img src=\"https:\/\/www.ghr.fr\/IMG\/UserFiles\/Images\/tableau_cdb.png\" alt=\"\" width=\"605\" height=\"277\" \/><\/p>\n<\/section>\n<section class=\"article-bloc bloc\">\n<header class=\"bloc-title\">\n<h4 class=\"main-title\">Documents<\/h4>\n<\/header>\n<section class=\"bloc-content\">\n<div class=\"doc-list\">\n<div class=\"doc-bloc\">\n<div class=\"doc-title\"><a class=\"spip_doc pdf\" href=\"https:\/\/www.ghr.fr\/IMG\/pdf\/1c3d7928b0b708fd527b44eaedf787756513ed6b39e85cb869ca71054eff.pdf\" type=\"application\/pdf\" download=\"\"><span class=\"doc-title-text\">Communiqu\u00e9 de presse du CTIP La gouvernance paritaire du CTIP d\u00e9plore les d\u00e9cisions du Gouvernement et demande un rendez-vous en urgence au Premier ministre 26 f\u00e9vrier 2025<\/span>\u00a0<span class=\"doc-info\">\u00a0<abbr class=\"doc-ext\" title=\"PDF\">PDF<\/abbr>\u00a0<span class=\"doc-size\">163.2\u00a0ko<\/span>\u00a0<\/span><\/a><\/div>\n<\/div>\n<\/div>\n<\/section>\n<\/section>\n","protected":false},"excerpt":{"rendered":"<p>&nbsp; Baisse des indemnit\u00e9s journali\u00e8res maladie\u00a0: une mauvaise nouvelle aussi pour les entreprises. \u00a0\u00a0 Envisag\u00e9e avant que la censure du Gouvernement BARNIER ne la fasse tomber aux oubliettes, la baisse des indemnit\u00e9s journali\u00e8res de&#8230;<\/p>\n","protected":false},"author":2,"featured_media":0,"comment_status":"closed","ping_status":"closed","sticky":false,"template":"","format":"standard","meta":{"_mi_skip_tracking":false,"_monsterinsights_sitenote_active":false,"_monsterinsights_sitenote_note":"","_monsterinsights_sitenote_category":0},"categories":[9],"tags":[],"_links":{"self":[{"href":"https:\/\/sndll.info\/index.php?rest_route=\/wp\/v2\/posts\/7176"}],"collection":[{"href":"https:\/\/sndll.info\/index.php?rest_route=\/wp\/v2\/posts"}],"about":[{"href":"https:\/\/sndll.info\/index.php?rest_route=\/wp\/v2\/types\/post"}],"author":[{"embeddable":true,"href":"https:\/\/sndll.info\/index.php?rest_route=\/wp\/v2\/users\/2"}],"replies":[{"embeddable":true,"href":"https:\/\/sndll.info\/index.php?rest_route=%2Fwp%2Fv2%2Fcomments&post=7176"}],"version-history":[{"count":1,"href":"https:\/\/sndll.info\/index.php?rest_route=\/wp\/v2\/posts\/7176\/revisions"}],"predecessor-version":[{"id":7178,"href":"https:\/\/sndll.info\/index.php?rest_route=\/wp\/v2\/posts\/7176\/revisions\/7178"}],"wp:attachment":[{"href":"https:\/\/sndll.info\/index.php?rest_route=%2Fwp%2Fv2%2Fmedia&parent=7176"}],"wp:term":[{"taxonomy":"category","embeddable":true,"href":"https:\/\/sndll.info\/index.php?rest_route=%2Fwp%2Fv2%2Fcategories&post=7176"},{"taxonomy":"post_tag","embeddable":true,"href":"https:\/\/sndll.info\/index.php?rest_route=%2Fwp%2Fv2%2Ftags&post=7176"}],"curies":[{"name":"wp","href":"https:\/\/api.w.org\/{rel}","templated":true}]}}