{"id":7189,"date":"2025-05-08T05:57:54","date_gmt":"2025-05-08T03:57:54","guid":{"rendered":"https:\/\/sndll.info\/?p=7189"},"modified":"2025-05-22T11:09:52","modified_gmt":"2025-05-22T09:09:52","slug":"le-harcelement-moral-institutionnel","status":"publish","type":"post","link":"https:\/\/sndll.info\/?p=7189","title":{"rendered":"LE HARCELEMENT MORAL INSTITUTIONNEL"},"content":{"rendered":"<p>&nbsp;<\/p>\n<h1 class=\"article-title\"><a href=\"https:\/\/www.ghr.fr\/social\/actualites\/la-cour-de-cassation-reconnait-le-harcelement-moral-institutionnel\">La Cour de cassation reconnait le harc\u00e8lement moral institutionnel<\/a><\/h1>\n<header class=\"article-meta\">\n<div class=\"share-buttons\"><span class=\"btn-facebook\"><a href=\"https:\/\/www.facebook.com\/sharer\/sharer.php?u=https:\/\/www.ghr.fr\/social\/actualites\/la-cour-de-cassation-reconnait-le-harcelement-moral-institutionnel\" target=\"_blank\" rel=\"noopener\"><i class=\"fab fa-facebook-f\" aria-hidden=\"true\"><\/i>\u00a0<\/a><\/span><span class=\"btn-twitter\"><i class=\"fab fa-twitter\" aria-hidden=\"true\"><\/i>\u00a0<\/span><a id=\"button_link\" href=\"https:\/\/www.ghr.fr\/social\/actualites\/la-cour-de-cassation-reconnait-le-harcelement-moral-institutionnel\"><i class=\"far fa-link fa-rotate-90\" aria-hidden=\"true\"><\/i><\/a><\/div>\n<\/header>\n<section class=\"article-texte\">C\u2019est une affaire qui avait fait grand bruit au d\u00e9but des ann\u00e9es 2000, lorsque la privatisation de France T\u00e9l\u00e9com (Orange de nos jours) s\u2019\u00e9tait traduite par une restructuration massive et la mise en \u0153uvre de profondes transformations des m\u00e9thodes de travail de l\u2019entreprise. Avec en toile de fond un objectif de r\u00e9duction importante des effectifs.Une vague de suicides et de tentatives de suicides, entre 2007 et 2009, avait conduit les dirigeants de l\u2019entreprise devant les juridictions p\u00e9nales, pour r\u00e9pondre d\u2019avoir mis en place une politique de d\u00e9stabilisation pour acc\u00e9l\u00e9rer les d\u00e9parts au sein de l\u2019entreprise.Au terme d\u2019un long processus judiciaire, la Cour de cassation a rendu une d\u00e9cision majeure dans cette affaire France T\u00e9l\u00e9com, mais dont la port\u00e9e g\u00e9n\u00e9rale pour l\u2019ensemble des entreprises est forte.<\/p>\n<p><strong><span style=\"color: #ff0000;\">En effet, la Cour de Cassation reconnait l\u2019existence d\u2019un harc\u00e8lement moral institutionnel, qu\u2019elle d\u00e9finit comme le r\u00e9sultat \u00ab\u00a0d\u2019une politique d\u2019entreprise conduisant, en toute connaissance de cause, \u00e0 la d\u00e9gradation des conditions de travail des salari\u00e9s.\u00a0\u00bb\u00a0\u00a0<\/span><\/strong><\/p>\n<p>La Haute juridiction reconna\u00eet ainsi que les dirigeants d\u2019entreprise peuvent se voir reprocher au p\u00e9nal des faits de harc\u00e8lement moral r\u00e9sultant, non pas de leurs relations individuelles avec leurs salari\u00e9s, mais de la politique d\u2019entreprise qu\u2019ils ont con\u00e7ue et mise en \u0153uvre sciemment.<\/p>\n<p>La Cour de cassation a d\u00e9cid\u00e9 d\u2019assurer une large publicit\u00e9 et diffusion de cette d\u00e9cision. Et bien qu\u2019elle s\u2019explique aussi par le contexte tr\u00e8s particulier de l\u2019affaire et l\u2019\u00e9moi qu\u2019elle avait suscit\u00e9 dans la classe politique comme dans l\u2019opinion publique, il n\u2019en demeure pas moins qu\u2019elle a une port\u00e9e d\u2019ordre g\u00e9n\u00e9rale et qu\u2019elle vient grandement enrichir l\u2019encadrement du harc\u00e8lement moral.<\/p>\n<p><a href=\"https:\/\/www.courdecassation.fr\/toutes-les-actualites\/2025\/01\/21\/communique-reconnaissance-du-harcelement-moral-institutionnel\">Communiqu\u00e9\u00a0: Reconnaissance du harc\u00e8lement moral institutionnel | Cour de cassation<\/a><\/p>\n<\/section>\n","protected":false},"excerpt":{"rendered":"<p>&nbsp; La Cour de cassation reconnait le harc\u00e8lement moral institutionnel \u00a0\u00a0 C\u2019est une affaire qui avait fait grand bruit au d\u00e9but des ann\u00e9es 2000, lorsque la privatisation de France T\u00e9l\u00e9com (Orange de nos jours)&#8230;<\/p>\n","protected":false},"author":2,"featured_media":0,"comment_status":"closed","ping_status":"closed","sticky":false,"template":"","format":"standard","meta":{"_mi_skip_tracking":false,"_monsterinsights_sitenote_active":false,"_monsterinsights_sitenote_note":"","_monsterinsights_sitenote_category":0},"categories":[6,9],"tags":[],"_links":{"self":[{"href":"https:\/\/sndll.info\/index.php?rest_route=\/wp\/v2\/posts\/7189"}],"collection":[{"href":"https:\/\/sndll.info\/index.php?rest_route=\/wp\/v2\/posts"}],"about":[{"href":"https:\/\/sndll.info\/index.php?rest_route=\/wp\/v2\/types\/post"}],"author":[{"embeddable":true,"href":"https:\/\/sndll.info\/index.php?rest_route=\/wp\/v2\/users\/2"}],"replies":[{"embeddable":true,"href":"https:\/\/sndll.info\/index.php?rest_route=%2Fwp%2Fv2%2Fcomments&post=7189"}],"version-history":[{"count":3,"href":"https:\/\/sndll.info\/index.php?rest_route=\/wp\/v2\/posts\/7189\/revisions"}],"predecessor-version":[{"id":7227,"href":"https:\/\/sndll.info\/index.php?rest_route=\/wp\/v2\/posts\/7189\/revisions\/7227"}],"wp:attachment":[{"href":"https:\/\/sndll.info\/index.php?rest_route=%2Fwp%2Fv2%2Fmedia&parent=7189"}],"wp:term":[{"taxonomy":"category","embeddable":true,"href":"https:\/\/sndll.info\/index.php?rest_route=%2Fwp%2Fv2%2Fcategories&post=7189"},{"taxonomy":"post_tag","embeddable":true,"href":"https:\/\/sndll.info\/index.php?rest_route=%2Fwp%2Fv2%2Ftags&post=7189"}],"curies":[{"name":"wp","href":"https:\/\/api.w.org\/{rel}","templated":true}]}}