{"id":7199,"date":"2025-05-14T06:12:18","date_gmt":"2025-05-14T04:12:18","guid":{"rendered":"https:\/\/sndll.info\/?p=7199"},"modified":"2025-05-22T11:10:37","modified_gmt":"2025-05-22T09:10:37","slug":"abandon-de-poste-et-demission","status":"publish","type":"post","link":"https:\/\/sndll.info\/?p=7199","title":{"rendered":"ABANDON DE POSTE ET DEMISSION"},"content":{"rendered":"<p>&nbsp;<\/p>\n<h1 class=\"article-title\"><a href=\"https:\/\/www.ghr.fr\/social\/actualites\/presomption-de-demission-en-cas-d-abandon-de-poste-le-conseil-d-etat-valide-le\">Pr\u00e9somption de d\u00e9mission en cas d\u2019abandon de poste\u00a0: le Conseil d\u2019Etat valide le dispositif<\/a><\/h1>\n<header class=\"article-meta\">\n<div class=\"share-buttons\"><\/div>\n<\/header>\n<section class=\"article-texte\">\n<p class=\"texte\"><strong><span style=\"color: #0000ff;\">Pour rappel, depuis le 19 avril 2023 (d\u00e9cret n\u00b0\u00a02023-275 du 17 avril 2023), l\u2019employeur peut mettre en \u0153uvre la proc\u00e9dure de pr\u00e9somption de d\u00e9mission en cas\u00a0d\u2019abandon de poste volontaire du salari\u00e9\u00a0en contrat \u00e0 dur\u00e9e ind\u00e9termin\u00e9e (<a style=\"color: #0000ff;\" href=\"https:\/\/www.ghr.fr\/social\/actualites\/presomption-de-demission-en-cas-d-abandon-de-poste-volontaire-du-salarie-le\"><span lang=\"FR\">https:\/\/www.ghr.fr\/social\/actualites\/presomption-de-demission-en-cas-d-abandon-de-poste-volontaire-du-salarie-le<\/span><\/a>).<\/span><\/strong><\/p>\n<p>Afin de r\u00e9pondre aux nombreuses interrogations suscit\u00e9es par ce nouveau dispositif, le minist\u00e8re du Travail avait, dans la foul\u00e9e, publi\u00e9 un questions-r\u00e9ponses (FAQ).<\/p>\n<p>Deux recours pour exc\u00e8s de pouvoir devant le Conseil d\u2019Etat avaient \u00e9t\u00e9 form\u00e9s en avril et mai 2023 pour demander l\u2019annulation du d\u00e9cret du 17 avril 2023 et de la FAQ\u00a0(<span lang=\"EN-US\"><a href=\"https:\/\/www.ghr.fr\/social\/actualites\/presomption-de-demission-en-cas-d-abandon-de-poste-volontaire-du-salarie-le-14517\"><span lang=\"FR\">https:\/\/www.ghr.fr\/social\/actualites\/presomption-de-demission-en-cas-d-abandon-de-poste-volontaire-du-salarie-le-14517<\/span><\/a><\/span>).<\/p>\n<p>Conscient des incertitudes soulev\u00e9es par son questions-r\u00e9ponses, le minist\u00e8re du Travail a ensuite d\u00e9cid\u00e9 de le retirer de son site Internet quelques semaines plus tard.<\/p>\n<p>Par une d\u00e9cision rendue le 18 d\u00e9cembre dernier,<strong><span style=\"color: #ff0000;\">\u00a0<\/span><\/strong><b><span style=\"color: #ff0000;\">le Conseil d\u2019Etat<\/span> rejette la demande d\u2019annulation du d\u00e9cret du 17 avril 2023 mettant en \u0153uvre la disposition de pr\u00e9somption de d\u00e9mission en cas d\u2019abandon de poste du salari\u00e9<\/b>.<\/p>\n<p>En d\u2019autres termes, la Haute juridiction administrative valide le dispositif.\u00a0<b>Par la m\u00eame occasion, elle i<span style=\"color: #ff0000;\">mpose d\u2019indiquer une mention nouvelle dans la mise en demeure adress\u00e9e au salari\u00e9 par l\u2019employeur<\/span><\/b><span style=\"color: #ff0000;\">.<\/span><\/p>\n<p>En effet, conform\u00e9ment \u00e0 l\u2019article R1237-13 alin\u00e9a 1 du Code du travail, l\u2019employeur qui constate que le salari\u00e9 a abandonn\u00e9 son poste et entend faire valoir la pr\u00e9somption de d\u00e9mission le met en demeure, par lettre recommand\u00e9e ou par lettre remise en main-propre contre d\u00e9charge, de justifier son absence et de reprendre son poste.<\/p>\n<p>Selon le Conseil d\u2019Etat \u00ab\u00a0<b><i>cette mise en demeure a pour objet de s\u2019assurer du caract\u00e8re volontaire de l\u2019abandon de poste du salari\u00e9, en lui permettant de justifier son absence ou de reprendre le travail dans le d\u00e9lai fix\u00e9<\/i><\/b><i>. S\u2019agissant de l\u2019abandon de poste dans la fonction publique, le Conseil d\u2019\u00c9tat avait d\u00e9j\u00e0 jug\u00e9 que,\u00a0<b><u>pour que la d\u00e9mission de l\u2019employ\u00e9 puisse \u00eatre pr\u00e9sum\u00e9e, ce dernier devait n\u00e9cessairement \u00eatre inform\u00e9 des cons\u00e9quences que pouvait avoir l\u2019absence de reprise du travail sans motif l\u00e9gitime<\/u><\/b>. Dans la d\u00e9cision qu\u2019il rend ce jour, le Conseil d\u2019\u00c9tat adopte la m\u00eame position pour les salari\u00e9s du priv\u00e9, m\u00eame si le d\u00e9cret ne l\u2019avait pas explicitement pr\u00e9cis\u00e9<\/i>\u00a0\u00bb.<\/p>\n<p><strong><span style=\"color: #0000ff;\">L\u2019employeur doit donc d\u00e9sormais mentionner dans la mise en demeure qu\u2019il adresse au salari\u00e9 le fait qu\u2019\u00e0 d\u00e9faut de reprise du travail dans le d\u00e9lai fix\u00e9 ou de justification de son absence par un motif l\u00e9gitime, il sera consid\u00e9r\u00e9 comme ayant d\u00e9missionn\u00e9 de son poste.<\/span><\/strong><\/p>\n<p><strong><span style=\"color: #0000ff;\">\u00c0 d\u00e9faut de comporter cette mention, la d\u00e9mission du salari\u00e9 ne pourra pas \u00eatre pr\u00e9sum\u00e9e.<\/span><\/strong><\/p>\n<p><strong>S\u2019agissant de la demande d\u2019annulation de la foire aux questions du Minist\u00e8re du travail, le Conseil d\u2019Etat \u00ab\u00a0<\/strong>constatant que cette partie de la FAQ avait \u00e9t\u00e9 retir\u00e9e du site en juin 2023 et que la nouvelle version mise en ligne ne reprenait pas les mentions contest\u00e9es\u00a0\u00bb ne s\u2019est pas prononc\u00e9 sur cette question.<\/p>\n<p>&nbsp;<\/p>\n<p><i>Sources\u00a0:<\/i>\u00a0<a href=\"https:\/\/www.conseil-etat.fr\/actualites\/presomption-de-demission-en-cas-d-abandon-de-poste-la-mise-en-demeure-doit-indiquer-les-consequences-de-l-absence-de-reprise-du-travail-sans-moti\">https:\/\/www.conseil-etat.fr\/actualites\/presomption-de-demission-en-cas-d-abandon-de-poste-la-mise-en-demeure-doit-indiquer-les-consequences-de-l-absence-de-reprise-du-travail-sans-moti<\/a><\/p>\n<p><a href=\"https:\/\/www.legifrance.gouv.fr\/jorf\/id\/JORFTEXT000047455109\">https:\/\/www.legifrance.gouv.fr\/jorf\/id\/JORFTEXT000047455109<\/a><\/p>\n<\/section>\n","protected":false},"excerpt":{"rendered":"<p>&nbsp; Pr\u00e9somption de d\u00e9mission en cas d\u2019abandon de poste\u00a0: le Conseil d\u2019Etat valide le dispositif Pour rappel, depuis le 19 avril 2023 (d\u00e9cret n\u00b0\u00a02023-275 du 17 avril 2023), l\u2019employeur peut mettre en \u0153uvre la&#8230;<\/p>\n","protected":false},"author":2,"featured_media":0,"comment_status":"closed","ping_status":"closed","sticky":false,"template":"","format":"standard","meta":{"_mi_skip_tracking":false,"_monsterinsights_sitenote_active":false,"_monsterinsights_sitenote_note":"","_monsterinsights_sitenote_category":0},"categories":[6,9],"tags":[],"_links":{"self":[{"href":"https:\/\/sndll.info\/index.php?rest_route=\/wp\/v2\/posts\/7199"}],"collection":[{"href":"https:\/\/sndll.info\/index.php?rest_route=\/wp\/v2\/posts"}],"about":[{"href":"https:\/\/sndll.info\/index.php?rest_route=\/wp\/v2\/types\/post"}],"author":[{"embeddable":true,"href":"https:\/\/sndll.info\/index.php?rest_route=\/wp\/v2\/users\/2"}],"replies":[{"embeddable":true,"href":"https:\/\/sndll.info\/index.php?rest_route=%2Fwp%2Fv2%2Fcomments&post=7199"}],"version-history":[{"count":1,"href":"https:\/\/sndll.info\/index.php?rest_route=\/wp\/v2\/posts\/7199\/revisions"}],"predecessor-version":[{"id":7201,"href":"https:\/\/sndll.info\/index.php?rest_route=\/wp\/v2\/posts\/7199\/revisions\/7201"}],"wp:attachment":[{"href":"https:\/\/sndll.info\/index.php?rest_route=%2Fwp%2Fv2%2Fmedia&parent=7199"}],"wp:term":[{"taxonomy":"category","embeddable":true,"href":"https:\/\/sndll.info\/index.php?rest_route=%2Fwp%2Fv2%2Fcategories&post=7199"},{"taxonomy":"post_tag","embeddable":true,"href":"https:\/\/sndll.info\/index.php?rest_route=%2Fwp%2Fv2%2Ftags&post=7199"}],"curies":[{"name":"wp","href":"https:\/\/api.w.org\/{rel}","templated":true}]}}