{"id":7212,"date":"2025-04-19T05:23:18","date_gmt":"2025-04-19T03:23:18","guid":{"rendered":"https:\/\/sndll.info\/?p=7212"},"modified":"2025-04-17T05:37:15","modified_gmt":"2025-04-17T03:37:15","slug":"cotisations-accident-du-travail-maladies-professionnelles","status":"publish","type":"post","link":"https:\/\/sndll.info\/?p=7212","title":{"rendered":"COTISATIONS ACCIDENT DU TRAVAIL\/MALADIES PROFESSIONNELLES"},"content":{"rendered":"<p>&nbsp;<\/p>\n<div id=\"expired\" class=\"fr-my-4w\" aria-hidden=\"false\" data-test=\"div-content-fiche\">\n<div class=\"sp-geo sp-bloc-autocomplete fr-my-6w rs_skip\" data-test=\"ou-s-informer-pde\" data-ou-s-informer=\"\">\n<h1 id=\"titlePage\" data-test=\"titre-page\">Cotisations sociales accidents du travail et maladies professionnelles (AT\/MP)<\/h1>\n<div id=\"fr-alert-1\" class=\"fr-my-4w fr-alert fr-alert--info\" data-bloc-avertissement=\"\" data-fr-js-alert-actionee=\"true\">\n<h2 class=\"fr-alert__title\">Prolongation des taux de cotisations AT\/MP 2024<\/h2>\n<p data-test=\"contenu-texte\"><strong><span style=\"color: #000080;\">Les taux de cotisation AT\/MP 2024 restent applicables\u00a0jusqu&#8217;au 30 avril 2025.<\/span><\/strong><\/p>\n<p data-test=\"contenu-texte\">Les nouveaux taux de cotisation AT\/MP pour 2025 seront fix\u00e9s par arr\u00eat\u00e9s et applicables \u00e0 compter du 1<sup>er<\/sup>\u00a0mai 2025.<\/p>\n<\/div>\n<div id=\"intro\" class=\"sp-entete-etape fr-mb-6w\" aria-hidden=\"false\">\n<p class=\"fr-text--lg\">La cotisation d&#8217;accidents du travail et maladies professionnelles (AT\/MP) est uniquement \u00e0 la charge des employeurs. Elle est vers\u00e9e chaque mois et couvre les risques de maladie professionnelle et d&#8217;accidents du travail dont les accidents de trajet. Le taux de la cotisation AT\/MP est d\u00e9termin\u00e9<strong>\u00a0annuellement<\/strong>\u00a0par la\u00a0<abbr id=\"sp-tooltip-R38846-FYK8G\" class=\"sp-tooltip\" tabindex=\"0\" data-acronyme=\"R38846\" data-id=\"R38846-FYK8G\" aria-describedby=\"tooltip-R38846-FYK8G\" data-fr-js-tooltip-referent=\"true\" data-original-title=\"Carsat\u00a0:\u00a0Caisse d'assurance retraite et de la sant\u00e9 au travail\">Carsat<\/abbr>.<\/p>\n<\/div>\n<div id=\"expired\" class=\"fr-my-4w\" aria-hidden=\"false\" data-test=\"div-content-fiche\">\n<div class=\"sp-chapter-intro fr-mb-3w\">\n<div class=\"sp-chapter-intro-btn rs_skip\"><\/div>\n<\/div>\n<div data-toggle-scope-seeall=\"chapters\">\n<div class=\"sp-chapter\" data-test=\"div-chapter\">\n<div class=\"fiche-item-title\">\n<h2 class=\"sp-chapter-title\"><button id=\"fiche-item-aria-1\" class=\"sp-btn sp-btn-collapse\" type=\"button\" data-toggle=\"collapse\" aria-expanded=\"true\" data-target=\"#fiche-item-1\" aria-controls=\"fiche-item-1\"><span class=\"fr-text--lg fr-mb-0 sp-chapter-btn-container\"><span class=\"sp-chapter-btn-text\">Comment est fix\u00e9 le taux de cotisation AT\/MP\u00a0?<\/span><\/span><\/button><\/h2>\n<\/div>\n<div id=\"fiche-item-1\" class=\"fiche-item-content sp-chapter-collapse collapse show\" aria-labelledby=\"fiche-item-aria-1\" aria-hidden=\"false\">\n<div class=\"sp-chapter-content\">\n<p data-test=\"contenu-texte\">Le\u00a0<strong>taux de la cotisation AT\/MP<\/strong>\u00a0est fix\u00e9 par la\u00a0<abbr id=\"sp-tooltip-R38846-EB4WK\" class=\"sp-tooltip\" tabindex=\"0\" data-acronyme=\"R38846\" data-id=\"R38846-EB4WK\" aria-describedby=\"tooltip-R38846-EB4WK\" data-fr-js-tooltip-referent=\"true\" data-original-title=\"Carsat\u00a0:\u00a0Caisse d'assurance retraite et de la sant\u00e9 au travail\">Carsat<\/abbr>.<\/p>\n<p data-test=\"contenu-texte\">Il varie en fonction des\u00a0<strong>param\u00e8tres<\/strong>\u00a0suivants\u00a0:<\/p>\n<ul class=\"sp-item-list\">\n<li>Activit\u00e9 de l&#8217;entreprise<\/li>\n<li>Taille de l\u2019\u00e9tablissement<\/li>\n<li>Fr\u00e9quence et gravit\u00e9 des sinistres<\/li>\n<\/ul>\n<div id=\"ou-s-adresser-bloc-71188014101798082844null\" class=\"sp-geo fr-mb-2w rs_skip\" data-ou-s-adresser=\"\" data-test=\"elementOusadresser\">\n<div id=\"fr-input-group-localisation\" class=\"sp-bloc-autocomplete fr-input-group\" data-ousadresser-quipeutmaider=\"\" data-fr-js-input-actionee=\"true\">\n<form id=\"geoSearchForm71188014101798082841\" class=\"autocomplete-search\" action=\"https:\/\/www.service-public.fr\/geo\/rechercheJson\" method=\"post\" data-persogeo-idform=\"71188014101798082841\" data-application=\"geoSearchForm\" data-test=\"form_geoPerso\">\n<div class=\"sp-autocomplete fr-mt-1w\">\n<div class=\"sp-input-wrap fr-input-wrap fr-fi-search-line select-a11y\"><\/div>\n<\/div>\n<\/form>\n<div id=\"alertSearchedCity71188014101798082841\" class=\"annuaire-where\" data-persogeo=\"annuaire-where\">\n<div class=\"perso-geo-confirm\" data-persogeo=\"confirm\"><\/div>\n<\/div>\n<\/div>\n<\/div>\n<p data-test=\"contenu-texte\"><strong>L&#8217;effectif<\/strong>\u00a0de l&#8217;entreprise\u00a0\u00e0 prendre en compte pour d\u00e9terminer le taux applicable est celui\u00a0<strong>de la derni\u00e8re ann\u00e9e connue<\/strong>\u00a0au moment du calcul du taux. Pour la tarification 2025 des cotisations AT\/MP, c&#8217;est l&#8217;<a title=\"Comment calculer les effectifs d'une entreprise\u00a0?\" href=\"https:\/\/entreprendre.service-public.fr\/vosdroits\/F24332\" target=\"_blank\" rel=\"noopener\">effectif<\/a>\u00a0de l&#8217;ann\u00e9e 2023 qui est utilis\u00e9.<\/p>\n<p data-test=\"contenu-texte\">Le taux est d\u00e9termin\u00e9\u00a0<strong>chaque ann\u00e9e<\/strong>\u00a0pour\u00a0<strong>chaque \u00e9tablissement<\/strong>, c&#8217;est-\u00e0-dire pour toute entit\u00e9 avec une implantation et une activit\u00e9 propre, m\u00eame si elle est rattach\u00e9e pour sa gestion \u00e0 une entreprise englobant d&#8217;autres activit\u00e9s.<\/p>\n<div class=\"fr-highlight fr-my-4w fr-ml-0 sp-bg-white fr-py-1w\" data-test=\"citation\" data-fr-js-highlight-actionee=\"true\">\n<p class=\"fr-text--bold\">\u00c0 savoir<\/p>\n<p>Les entreprises de plus de 20 salari\u00e9s comportant\u00a0<strong>plusieurs \u00e9tablissements ayant une m\u00eame activit\u00e9<\/strong>\u00a0et appartenant \u00e0 une m\u00eame cat\u00e9gorie de risque peuvent b\u00e9n\u00e9ficier d\u2019un taux unique de cotisation AT\/MP.<\/p>\n<\/div>\n<\/div>\n<\/div>\n<\/div>\n<div class=\"sp-chapter\" data-test=\"div-chapter\">\n<div class=\"fiche-item-title\">\n<h2 class=\"sp-chapter-title\"><button id=\"fiche-item-aria-2\" class=\"sp-btn sp-btn-collapse\" type=\"button\" data-toggle=\"collapse\" aria-expanded=\"true\" data-target=\"#fiche-item-2\" aria-controls=\"fiche-item-2\"><span class=\"fr-text--lg fr-mb-0 sp-chapter-btn-container\"><span class=\"sp-chapter-btn-text\">Quels sont les modes de tarification\u00a0?<\/span><\/span><\/button><\/h2>\n<\/div>\n<div id=\"fiche-item-2\" class=\"fiche-item-content sp-chapter-collapse collapse show\" aria-labelledby=\"fiche-item-aria-2\" aria-hidden=\"false\">\n<div class=\"sp-chapter-content\">\n<p data-test=\"contenu-texte\">Il existe\u00a0<strong>3 modes de tarification<\/strong>\u00a0selon la taille de l&#8217;entreprise\u00a0: tarification\u00a0<strong>collective<\/strong>, tarification\u00a0<strong>mixte<\/strong>, tarification\u00a0<strong>individuelle<\/strong>.<\/p>\n<p data-test=\"contenu-texte\">Plus la taille de l\u2019entreprise augmente, plus le taux est individualis\u00e9 et repose sur les r\u00e9sultats de l\u2019\u00e9tablissement en mati\u00e8re de s\u00e9curit\u00e9.<\/p>\n<p data-test=\"contenu-texte\">Le seuils d&#8217;effectifs \u00e0 prendre en compte sont diff\u00e9rents en Alsace-Moselle.<\/p>\n<div data-id=\"parent-choice-tree\">\n<div class=\"sp-choicetree-container sp-choicetree-invert\" data-dynamic-choice-tree=\"root\">\n<div class=\"sp-choicetree-recap\" data-dynamic-choice-tree=\"recap\">\n<ul class=\"sp-choicetree-recap-list\" data-id=\"sp-choicetree-recap-list\">\n<li class=\"sp-choicetree-recap-item\">\n<div class=\"sp-choicetree-recap-content\">\n<h4 id=\"recap-0-1\" class=\"sp-choicetree-recap-title\" tabindex=\"-1\" data-dynamic-tree=\"title\">Moins de 20 salari\u00e9s<\/h4>\n<\/div>\n<\/li>\n<\/ul>\n<\/div>\n<div class=\"sp-choicetree-result\" data-dynamic-choice-tree=\"result\" data-test=\"choiceTreeResult\">\n<p data-test=\"contenu-texte\">Dans ce cas, c&#8217;est le<strong>\u00a0taux collectif fix\u00e9\u00a0<\/strong>annuellement\u00a0<strong>au niveau national\u00a0<\/strong>qui s&#8217;applique. Ce taux est commun \u00e0 l&#8217;ensemble des entreprises d&#8217;un m\u00eame secteur d&#8217;activit\u00e9. Il est revaloris\u00e9 chaque ann\u00e9e en fonction de la sinistralit\u00e9 du secteur. Ce taux d\u00e9pend uniquement du nombre de sinistres intervenus dans le secteur d&#8217;activit\u00e9.<\/p>\n<p data-test=\"contenu-texte\">Par exemple, la tarification collective pour un restaurant est \u00e9gale \u00e0\u00a0<span class=\"sp-prix\">2,04\u00a0%<\/span>. Pour un\u00a0<abbr id=\"sp-tooltip-R34931-BKNVG\" class=\"sp-tooltip\" tabindex=\"0\" data-sigle=\"R34931\" data-id=\"R34931-BKNVG\" aria-describedby=\"tooltip-R34931-BKNVG-visible\" data-fr-js-tooltip-referent=\"true\" data-original-title=\"VRP\u00a0:\u00a0Voyageur repr\u00e9sentant placier\">VRP<\/abbr>\u00a0, elle est de\u00a0<span class=\"sp-prix\">0,96\u00a0%<\/span>.<\/p>\n<p data-test=\"contenu-texte\">De plus, les entreprises de moins de 3 ans cotisent au taux collectif.<\/p>\n<div class=\"fr-highlight fr-my-4w fr-ml-0 sp-bg-white fr-py-1w\" data-test=\"citation\" data-fr-js-highlight-actionee=\"true\">\n<p class=\"fr-text--bold\">\u00c0 savoir<\/p>\n<p>Les entreprises en taux collectif peuvent b\u00e9n\u00e9ficier d\u2019un\u00a0<strong>taux r\u00e9duit<\/strong>\u00a0pour leurs salari\u00e9s effectuant des\u00a0<strong>fonctions supports<\/strong>\u00a0comme le secr\u00e9tariat, l&#8217;accueil, la comptabilit\u00e9, les affaires juridiques, la gestion financi\u00e8re ou les ressources humaines. Ce taux \u00ab\u00a0fonction support\u00a0\u00bb peut \u00eatre demand\u00e9 par l&#8217;entreprise aupr\u00e8s de la\u00a0<abbr id=\"sp-tooltip-R38846-XF8PT\" class=\"sp-tooltip\" tabindex=\"0\" data-acronyme=\"R38846\" data-id=\"R38846-XF8PT\" aria-describedby=\"tooltip-R38846-XF8PT-visible\" data-fr-js-tooltip-referent=\"true\" data-original-title=\"Carsat\u00a0:\u00a0Caisse d'assurance retraite et de la sant\u00e9 au travail\">Carsat<\/abbr>\u00a0dont elle d\u00e9pend.<\/p>\n<div id=\"ou-s-adresser-bloc-22null\" class=\"sp-geo fr-mb-2w rs_skip\" data-ou-s-adresser=\"\" data-test=\"elementOusadresser\">\n<h6 class=\"fr-h6\" data-test=\"OusadresserTitle\"><span class=\"geo-title\">O\u00f9 s\u2019adresser ?<\/span><\/h6>\n<div class=\"sp-geo-search-result\" data-ousadresser-div=\"listeOuSAdresser\">\n<ul class=\"sp-geo-search-result fr-raw-list\" data-liste-ousadresser-id=\"listeOuSAdresser\">\n<li class=\"sp-link-geo\" data-pivot=\"carsat\" data-type-organisme=\"Local personnalis\u00e9 sur SP\" data-for=\"geoSearchForm02\" data-test=\"type-ressource-web\"><a class=\"fr-py-1w fr-link\" title=\"Caisse d'assurance retraite et de la sant\u00e9 au travail (Carsat) - www.lassuranceretraite.fr - Nouvelle fen\u00eatre\" href=\"https:\/\/www.lassuranceretraite.fr\/portail-info\/hors-menu\/footer\/contacts.html\" target=\"_blank\" rel=\"noopener noreferrer\" data-test=\"link-geo-perso\" data-fr-js-link-actionee=\"true\">Caisse d&#8217;assurance retraite et de la sant\u00e9 au travail (Carsat)\u00a0<\/a><\/li>\n<\/ul>\n<\/div>\n<\/div>\n<\/div>\n<\/div>\n<\/div>\n<\/div>\n<\/div>\n<\/div>\n<\/div>\n<div class=\"sp-chapter\" data-test=\"div-chapter\">\n<div class=\"fiche-item-title\">\n<h2 class=\"sp-chapter-title\"><button id=\"fiche-item-aria-3\" class=\"sp-btn sp-btn-collapse\" type=\"button\" data-toggle=\"collapse\" aria-expanded=\"true\" data-target=\"#fiche-item-3\" aria-controls=\"fiche-item-3\"><span class=\"fr-text--lg fr-mb-0 sp-chapter-btn-container\"><span class=\"sp-chapter-btn-text\">Comment conna\u00eetre son taux de cotisation AT\/MP\u00a0?<\/span><\/span><\/button><\/h2>\n<\/div>\n<div id=\"fiche-item-3\" class=\"fiche-item-content sp-chapter-collapse collapse show\" aria-labelledby=\"fiche-item-aria-3\" aria-hidden=\"false\">\n<div class=\"sp-chapter-content\">\n<p data-test=\"contenu-texte\">Chaque entreprise doit s&#8217;inscrire au\u00a0<strong>compte accidents du travail et maladies professionnelles (AT\/MP)<\/strong>\u00a0sur le portail net-entreprises.fr.<\/p>\n<p><a class=\"fr-btn fr-mb-2w\" href=\"https:\/\/entreprendre.service-public.fr\/vosdroits\/R19236\" target=\"_self\" rel=\"noopener\" data-test=\"a-fiche-R-link\" data-fr-js-button-actionee=\"true\">Compte AT\/MP : accident du travail et maladie professionnelle<\/a><\/p>\n<p data-test=\"contenu-texte\">L\u2019inscription \u00e0 ce t\u00e9l\u00e9service permet de recevoir\u00a0<strong>automatiquement<\/strong>\u00a0le taux de cotisation AT\/MP d\u00e9termin\u00e9 par la\u00a0<abbr id=\"sp-tooltip-R38846-CKZI8\" class=\"sp-tooltip\" tabindex=\"0\" data-acronyme=\"R38846\" data-id=\"R38846-CKZI8\" aria-describedby=\"tooltip-R38846-CKZI8\" data-fr-js-tooltip-referent=\"true\" data-original-title=\"Carsat\u00a0:\u00a0Caisse d'assurance retraite et de la sant\u00e9 au travail\">Carsat<\/abbr>.<\/p>\n<div id=\"ou-s-adresser-bloc-19166356451010634834null\" class=\"sp-geo fr-mb-2w rs_skip\" data-ou-s-adresser=\"\" data-test=\"elementOusadresser\"><\/div>\n<p data-test=\"contenu-texte\">\n<p data-test=\"contenu-texte\">Le\u00a0<a title=\"compte AT\/MP - www.ameli.fr - Nouvelle fen\u00eatre\" href=\"https:\/\/www.ameli.fr\/entreprise\/votre-entreprise\/compte-atmp\/ouvrir-compte-atmp\" target=\"_blank\" rel=\"noopener noreferrer\">compte AT\/MP<\/a><strong>\u00a0<\/strong>permet<strong>\u00a0\u00e0 l&#8217;employeur<\/strong>\u00a0de conna\u00eetre le taux et le calcul de la cotisation ainsi que le d\u00e9tail de son calcul.<\/p>\n<p><a class=\"fr-btn fr-mb-2w\" href=\"https:\/\/entreprendre.service-public.fr\/vosdroits\/R19236\" target=\"_self\" rel=\"noopener\" data-test=\"a-fiche-R-link\" data-fr-js-button-actionee=\"true\">Compte AT\/MP : accident du travail et maladie professionnelle<\/a><\/p>\n<p data-test=\"contenu-texte\"><strong>L&#8217;absence d&#8217;inscription<\/strong>\u00a0au compte AT\/MP peut entra\u00eener la notification d&#8217;une\u00a0<strong>p\u00e9nalit\u00e9<\/strong>\u00a0\u00e0 l&#8217;entreprise. Cette p\u00e9nalit\u00e9 varie selon la taille de l&#8217;entreprise et ne peut pas d\u00e9passer le montant de\u00a0<span class=\"sp-prix\">10 000\u00a0\u20ac<\/span>\u00a0par an.<\/p>\n<p data-test=\"contenu-texte\">En 2023, les p\u00e9nalit\u00e9s applicables sont les suivantes\u00a0:<\/p>\n<ul class=\"sp-item-list\">\n<li><span class=\"sp-prix\">20\u00a0\u20ac<\/span>\u00a0par salari\u00e9 (soit\u00a0<span class=\"sp-prix\">0,5\u00a0%<\/span>\u00a0du plafond mensuel de la S\u00e9curit\u00e9 sociale ) pour les entreprises dont l&#8217;effectif est inf\u00e9rieur \u00e0 20 salari\u00e9s. Par exemple, une entreprise de 10 salari\u00e9s qui n&#8217;a pas adh\u00e9r\u00e9 au compte AT\/MP doit donc payer\u00a0<span class=\"sp-prix\">190\u00a0\u20ac<\/span>\u00a0(19 \u20ac x10 salari\u00e9s) de p\u00e9nalit\u00e9s.<\/li>\n<li><span class=\"sp-prix\">40\u00a0\u20ac<\/span>\u00a0par salari\u00e9 (soit\u00a0<span class=\"sp-prix\">1\u00a0%<\/span>\u00a0du plafond mensuel de S\u00e9curit\u00e9 sociale ) pour les entreprises dont l&#8217;effectif est au moins \u00e9gal \u00e0 20 et inf\u00e9rieur \u00e0 150 salari\u00e9s<\/li>\n<li><span class=\"sp-prix\">59\u00a0\u20ac<\/span>\u00a0par salari\u00e9 (soit\u00a0<span class=\"sp-prix\">1,5\u00a0%<\/span>\u00a0du plafond mensuel de S\u00e9curit\u00e9 sociale ) pour les entreprises dont l&#8217;effectif est au moins \u00e9gal \u00e0 150 salari\u00e9s<\/li>\n<\/ul>\n<div class=\"fr-highlight fr-my-4w fr-ml-0 sp-bg-white fr-py-1w\" data-test=\"citation\" data-fr-js-highlight-actionee=\"true\">\n<p class=\"fr-text--bold\">\u00c0 savoir<\/p>\n<p>Au 1<sup>er<\/sup>\u00a0janvier 2025, le plafond mensuel de la S\u00e9curit\u00e9 sociale (PASS) est \u00e9gal \u00e0\u00a0<span class=\"sp-prix\">3\u00a0925\u00a0\u20ac<\/span>.<\/p>\n<\/div>\n<\/div>\n<\/div>\n<\/div>\n<\/div>\n<\/div>\n<\/div>\n<\/div>\n","protected":false},"excerpt":{"rendered":"<p>&nbsp; Cotisations sociales accidents du travail et maladies professionnelles (AT\/MP) Prolongation des taux de cotisations AT\/MP 2024 Les taux de cotisation AT\/MP 2024 restent applicables\u00a0jusqu&#8217;au 30 avril 2025. Les nouveaux taux de cotisation AT\/MP&#8230;<\/p>\n","protected":false},"author":2,"featured_media":0,"comment_status":"closed","ping_status":"closed","sticky":false,"template":"","format":"standard","meta":{"_mi_skip_tracking":false,"_monsterinsights_sitenote_active":false,"_monsterinsights_sitenote_note":"","_monsterinsights_sitenote_category":0},"categories":[9],"tags":[],"_links":{"self":[{"href":"https:\/\/sndll.info\/index.php?rest_route=\/wp\/v2\/posts\/7212"}],"collection":[{"href":"https:\/\/sndll.info\/index.php?rest_route=\/wp\/v2\/posts"}],"about":[{"href":"https:\/\/sndll.info\/index.php?rest_route=\/wp\/v2\/types\/post"}],"author":[{"embeddable":true,"href":"https:\/\/sndll.info\/index.php?rest_route=\/wp\/v2\/users\/2"}],"replies":[{"embeddable":true,"href":"https:\/\/sndll.info\/index.php?rest_route=%2Fwp%2Fv2%2Fcomments&post=7212"}],"version-history":[{"count":3,"href":"https:\/\/sndll.info\/index.php?rest_route=\/wp\/v2\/posts\/7212\/revisions"}],"predecessor-version":[{"id":7218,"href":"https:\/\/sndll.info\/index.php?rest_route=\/wp\/v2\/posts\/7212\/revisions\/7218"}],"wp:attachment":[{"href":"https:\/\/sndll.info\/index.php?rest_route=%2Fwp%2Fv2%2Fmedia&parent=7212"}],"wp:term":[{"taxonomy":"category","embeddable":true,"href":"https:\/\/sndll.info\/index.php?rest_route=%2Fwp%2Fv2%2Fcategories&post=7212"},{"taxonomy":"post_tag","embeddable":true,"href":"https:\/\/sndll.info\/index.php?rest_route=%2Fwp%2Fv2%2Ftags&post=7212"}],"curies":[{"name":"wp","href":"https:\/\/api.w.org\/{rel}","templated":true}]}}