{"id":7220,"date":"2025-04-29T13:23:55","date_gmt":"2025-04-29T11:23:55","guid":{"rendered":"https:\/\/sndll.info\/?p=7220"},"modified":"2025-04-29T13:23:55","modified_gmt":"2025-04-29T11:23:55","slug":"travail-1er-mai-et-jours-feries","status":"publish","type":"post","link":"https:\/\/sndll.info\/?p=7220","title":{"rendered":"TRAVAIL 1ER MAI ET JOURS FERIES"},"content":{"rendered":"<h1 id=\"titlePage\" data-test=\"titre-page\">L&#8217;employeur peut-il faire travailler ses salari\u00e9s les jours f\u00e9ri\u00e9s\u00a0?<\/h1>\n<p class=\"sp-text--gray fr-text--xs\" data-test=\"date-page\">\n<div id=\"intro\" class=\"fr-mb-6w\">\n<p class=\"fr-text--lg\">\u00c0 l&#8217;approche des jours f\u00e9ri\u00e9s, il est essentiel de conna\u00eetre les r\u00e8gles applicables en entreprise durant ces jours sp\u00e9cifiques de l&#8217;ann\u00e9e. Rappel.<\/p>\n<\/div>\n<div class=\"fr-my-4w\">\n<div class=\"sp-actu fr-mt-n3w fr-mb-3w\">\n<div class=\"fr-mb-4w\">\n<div class=\"sp-image-container \">\n<figure class=\" fr-content-media  sp-image-figure\" role=\"group\" aria-label=\"Image 1 - Cr\u00e9dits :Prostock-studio - stock.adobe.com\">\n<div class=\"fr-content-media__img sp-image-full\"><\/div>\n<\/figure>\n<\/div>\n<\/div>\n<p data-test=\"contenu-texte\">Le code du travail pose des dispositions relatives aux jours f\u00e9ri\u00e9s. N\u00e9anmoins, des r\u00e8gles sp\u00e9cifiques s&#8217;appliquent pour la journ\u00e9e du 1<sup>er<\/sup>\u00a0mai.<\/p>\n<h2 id=\"titreChapitre_-8814460123089972128\" class=\"fr-h4 fr-mt-4w\" data-test=\"chapitre\">Dispositions relatives aux jours f\u00e9ri\u00e9s<\/h2>\n<p data-test=\"contenu-texte\">Les jours f\u00e9ri\u00e9s ch\u00f4m\u00e9s sont d\u00e9finis par un accord d&#8217;entreprise ou d&#8217;\u00e9tablissement (ou, \u00e0 d\u00e9faut, par une convention ou un accord de branche).<\/p>\n<p data-test=\"contenu-texte\">Lorsqu&#8217;il n&#8217;y a pas d&#8217;accord, l&#8217;employeur peut fixer lui-m\u00eame les jours f\u00e9ri\u00e9s ch\u00f4m\u00e9s par d\u00e9cision unilat\u00e9rale.<\/p>\n<p data-test=\"contenu-texte\">Il est donc\u00a0<strong>possible pour l&#8217;employeur de faire travailler ses salari\u00e9s les jours f\u00e9ri\u00e9s<\/strong>\u00a0(hors 1<sup>er<\/sup>\u00a0mai).<\/p>\n<p data-test=\"contenu-texte\">Concernant la r\u00e9mun\u00e9ration du salari\u00e9, le\u00a0<strong>ch\u00f4mage des jours f\u00e9ri\u00e9s ne doit causer aucune perte de salaire<\/strong>\u00a0pour les salari\u00e9s ayant au\u00a0<strong>moins 3\u00a0mois d&#8217;anciennet\u00e9<\/strong>\u00a0dans l&#8217;entreprise ou l&#8217;\u00e9tablissement. Cette disposition concerne aussi les salari\u00e9s saisonniers. En revanche, elle ne s&#8217;applique pas aux personnes travaillant \u00e0 domicile, aux salari\u00e9s intermittents et aux salari\u00e9s temporaires.<\/p>\n<p data-test=\"contenu-texte\">Le salari\u00e9 qui travaille un jour f\u00e9ri\u00e9, quant \u00e0 lui, peut b\u00e9n\u00e9ficier d&#8217;une majoration de sa r\u00e9mun\u00e9ration lorsqu&#8217;une convention collective, un accord collectif ou un accord de branche le pr\u00e9voit.<\/p>\n<div data-content=\"sousChapitres\"><\/div>\n<h2 id=\"titreChapitre_-3845211296575577163\" class=\"fr-h4 fr-mt-4w\" data-test=\"chapitre\">Dispositions sp\u00e9cifiques au 1er mai<\/h2>\n<p data-test=\"contenu-texte\"><strong><span style=\"color: #0000ff;\">Le 1<sup>er<\/sup>\u00a0mai est une journ\u00e9e\u00a0obligatoirement\u00a0ch\u00f4m\u00e9e. Elle ne peut pas engendrer de r\u00e9duction de salaire. Ainsi, les salari\u00e9s pay\u00e9s \u00e0 l&#8217;heure, \u00e0 la journ\u00e9e ou au rendement ont droit \u00e0 une indemnit\u00e9 \u00e9quivalente au salaire qu&#8217;ils auraient per\u00e7u. Cette indemnit\u00e9 est vers\u00e9e par l&#8217;employeur.<\/span><\/strong><\/p>\n<\/div>\n<p data-test=\"contenu-texte\">Dans notre secteur, avec notre Convention Collective SNDLL vous pouvez faire travailler vos salari\u00e9s le 1er mai en payant double les horaires \u00e0 partir de 0h\u00a0 le 1er mai<\/p>\n<div class=\"sp-actu fr-mt-n3w fr-mb-3w\">\n<h5 class=\"fr-h6\">L&#8217;exception des \u00e9tablissements et services<\/h5>\n<p data-test=\"contenu-texte\">Le 1<sup>er<\/sup>\u00a0mai, seuls les\u00a0<strong>\u00e9tablissements et services pour lesquels la continuit\u00e9 de l&#8217;activit\u00e9 est indispensable<\/strong>\u00a0(h\u00f4pitaux, transports&#8230;) ne sont pas concern\u00e9s par l&#8217;obligation de ne pas travailler.<\/p>\n<p data-test=\"contenu-texte\">Le salari\u00e9 qui travaille le 1<sup>er<\/sup>\u00a0mai b\u00e9n\u00e9ficie d&#8217;un\u00a0<strong>doublement de sa r\u00e9mun\u00e9ration habituelle<\/strong>. En effet, l&#8217;employeur doit lui verser son salaire ainsi qu&#8217;une indemnit\u00e9 \u00e9gale \u00e0 ce salaire.<\/p>\n<div data-content=\"sousChapitres\"><\/div>\n<\/div>\n<div class=\"fr-mt-6w\">\n<div class=\"sp-panel\" data-test=\"textes-de-reference\">\n<h2 class=\"sp-panel-title \"><button id=\"fiche-item-annexe-ref-aria\" class=\"sp-btn sp-btn-collapse\" type=\"button\" data-toggle=\"collapse\" data-target=\"#fiche-item-annexe-ref\" aria-controls=\"fiche-item-annexe-ref\" aria-expanded=\"true\"><span class=\"fr-h6\">Textes de loi et r\u00e9f\u00e9rences<\/span><\/button><\/h2>\n<div id=\"fiche-item-annexe-ref\" class=\"sp-panel-content collapse show\" aria-hidden=\"false\">\n<ul class=\"fr-raw-list fr-ml-1v\">\n<li data-test=\"reference\">\n<div class=\"sp-link fr-mb-1w\" data-test=\"lien-reference\">\n<div class=\"sp-link--label\">\n<p class=\"fr-mb-0\"><a class=\"fr-link\" title=\"Code du travail\u00a0: Articles L3133-1 \u00e0 L3133-12 - legifrance.gouv.fr - Nouvelle fen\u00eatre\" href=\"https:\/\/www.legifrance.gouv.fr\/codes\/section_lc\/LEGITEXT000006072050\/LEGISCTA000006178007\" target=\"_blank\" rel=\"noopener noreferrer\" data-test=\"href-lien-reference\" data-fr-js-link-actionee=\"true\">Code du travail\u00a0: Articles L3133-1 \u00e0 L3133-12<\/a><\/p>\n<\/div>\n<\/div>\n<\/li>\n<\/ul>\n<\/div>\n<\/div>\n<\/div>\n<\/div>\n","protected":false},"excerpt":{"rendered":"<p>L&#8217;employeur peut-il faire travailler ses salari\u00e9s les jours f\u00e9ri\u00e9s\u00a0? \u00c0 l&#8217;approche des jours f\u00e9ri\u00e9s, il est essentiel de conna\u00eetre les r\u00e8gles applicables en entreprise durant ces jours sp\u00e9cifiques de l&#8217;ann\u00e9e. Rappel. Le code du&#8230;<\/p>\n","protected":false},"author":2,"featured_media":0,"comment_status":"closed","ping_status":"closed","sticky":false,"template":"","format":"standard","meta":{"_mi_skip_tracking":false,"_monsterinsights_sitenote_active":false,"_monsterinsights_sitenote_note":"","_monsterinsights_sitenote_category":0},"categories":[9],"tags":[],"_links":{"self":[{"href":"https:\/\/sndll.info\/index.php?rest_route=\/wp\/v2\/posts\/7220"}],"collection":[{"href":"https:\/\/sndll.info\/index.php?rest_route=\/wp\/v2\/posts"}],"about":[{"href":"https:\/\/sndll.info\/index.php?rest_route=\/wp\/v2\/types\/post"}],"author":[{"embeddable":true,"href":"https:\/\/sndll.info\/index.php?rest_route=\/wp\/v2\/users\/2"}],"replies":[{"embeddable":true,"href":"https:\/\/sndll.info\/index.php?rest_route=%2Fwp%2Fv2%2Fcomments&post=7220"}],"version-history":[{"count":1,"href":"https:\/\/sndll.info\/index.php?rest_route=\/wp\/v2\/posts\/7220\/revisions"}],"predecessor-version":[{"id":7222,"href":"https:\/\/sndll.info\/index.php?rest_route=\/wp\/v2\/posts\/7220\/revisions\/7222"}],"wp:attachment":[{"href":"https:\/\/sndll.info\/index.php?rest_route=%2Fwp%2Fv2%2Fmedia&parent=7220"}],"wp:term":[{"taxonomy":"category","embeddable":true,"href":"https:\/\/sndll.info\/index.php?rest_route=%2Fwp%2Fv2%2Fcategories&post=7220"},{"taxonomy":"post_tag","embeddable":true,"href":"https:\/\/sndll.info\/index.php?rest_route=%2Fwp%2Fv2%2Ftags&post=7220"}],"curies":[{"name":"wp","href":"https:\/\/api.w.org\/{rel}","templated":true}]}}