{"id":7230,"date":"2025-12-02T05:59:45","date_gmt":"2025-12-02T04:59:45","guid":{"rendered":"https:\/\/sndll.info\/?p=7230"},"modified":"2025-12-10T06:01:47","modified_gmt":"2025-12-10T05:01:47","slug":"7230","status":"publish","type":"post","link":"https:\/\/sndll.info\/?p=7230","title":{"rendered":"PRIME DITE &#8220;MACRON&#8221;"},"content":{"rendered":"<p>&nbsp;<\/p>\n<h1 id=\"titlePage\" data-test=\"titre-page\">Qu&#8217;est-ce que la prime de partage de la valeur (PPV)\u00a0?<\/h1>\n<p class=\"fr-text--xs sp-text--mention\" data-test=\"date-maj\">V\u00e9rifi\u00e9 le 23 avril 2025 &#8211; Service Public \/ Direction de l&#8217;information l\u00e9gale et administrative (Premier ministre)<\/p>\n<div id=\"intro\" class=\"sp-entete-etape fr-mb-6w\" aria-hidden=\"false\">\n<p class=\"fr-text--lg\">Les employeurs peuvent verser aux salari\u00e9s une prime dite\u00a0<span class=\"expression\"><em>prime de partage de la valeur (PPV)<\/em><\/span>. Il s&#8217;agit d&#8217;un dispositif p\u00e9renne que les entreprises peuvent mettre en place chaque ann\u00e9e. La prime reste facultative. La prime vers\u00e9e est exon\u00e9r\u00e9e de cotisations et contributions sociales, sous conditions. Comment mettre en place ce dispositif\u00a0? Nous vous pr\u00e9sentons les informations \u00e0 conna\u00eetre.<\/p>\n<\/div>\n<div id=\"expired\" class=\"fr-my-4w\" aria-hidden=\"false\" data-test=\"div-content-fiche\">\n<div class=\"sp-chapter-intro fr-mb-3w\">\n<div class=\"sp-chapter-intro-btn rs_skip\"><\/div>\n<div class=\"sp-chapter-intro-btn rs_skip\"><span style=\"color: #3c3950; font-family: Montserrat; font-size: 36px; font-weight: bold; letter-spacing: 0.05em; text-transform: uppercase;\">Quel est le dispositif de la prime de partage de la valeur ?<\/span><\/div>\n<\/div>\n<div id=\"sp-accordion-chapter\" class=\"fr-accordions-group sp-accordion-chapter\" data-fr-group=\"false\" data-fr-js-accordions-group=\"true\">\n<section class=\"fr-accordion\" data-print-section=\"\" data-fr-js-accordion=\"true\" data-test=\"div-chapter\">\n<div id=\"accordion-chapter-1\" class=\"fiche-item-content fr-collapse fr-collapse--expanded\" data-chapter-btn=\"accordion-chapter-btn-1\" aria-labelledby=\"accordion-chapter-btn-1\" data-fr-js-collapse=\"true\" data-fr-js-accordion-actionee=\"true\">\n<div class=\"sp-chapter-content\">\n<p data-test=\"contenu-texte\">Le dispositif permet aux employeurs de verser aux salari\u00e9s une prime qui peut \u00eatre exon\u00e9r\u00e9e d\u2019imp\u00f4t et de cotisations sociales si elle respecte certaines conditions li\u00e9es \u00e0 sa date de versement.<\/p>\n<p data-test=\"contenu-texte\">Un dispositif exp\u00e9rimental est\u00a0<strong>obligatoire<\/strong>\u00a0pendant 5 ans\u00a0<strong>dans les entreprises r\u00e9pondant \u00e0 tous les crit\u00e8res suivants<\/strong>\u00a0:<\/p>\n<ul class=\"sp-item-list\">\n<li>L&#8217;effectif de l&#8217;entreprise est compris entre\u00a0<strong>11 et 49 salari\u00e9s<\/strong><\/li>\n<li>L&#8217;activit\u00e9 de l&#8217;entreprise est exerc\u00e9e sous la forme juridique de soci\u00e9t\u00e9<\/li>\n<li>Le b\u00e9n\u00e9fice net fiscal est au moins \u00e9gal \u00e0<span class=\"sp-prix\">\u00a01 \u00a0%<\/span>des recettes pendant\u00a0<strong>3 ann\u00e9es<\/strong>\u00a0cons\u00e9cutives.<\/li>\n<\/ul>\n<p data-test=\"contenu-texte\">Ces entreprises doivent alors mettre en place l&#8217;un des 4 dispositifs de partage de la valeur suivants\u00a0:<\/p>\n<ul class=\"sp-item-list\">\n<li>Soit le versement d&#8217;une prime de partage de la valeur<\/li>\n<\/ul>\n<ul class=\"sp-item-list\">\n<li>Soit un accord de\u00a0<a href=\"https:\/\/www.service-public.gouv.fr\/particuliers\/vosdroits\/F2141\">participation<\/a><\/li>\n<li>Soit un accord\u00a0<a href=\"https:\/\/www.service-public.gouv.fr\/particuliers\/vosdroits\/F2140\">d&#8217;int\u00e9ressement<\/a><\/li>\n<li>Soit d&#8217;un plan d&#8217;\u00e9pargne salariale (<a href=\"https:\/\/www.service-public.gouv.fr\/particuliers\/vosdroits\/F2142\">PEE<\/a>, PEI,\u00a0<a href=\"https:\/\/www.service-public.gouv.fr\/particuliers\/vosdroits\/F10260\">Perco<\/a>\u00a0ou Pereco).<\/li>\n<\/ul>\n<p data-test=\"contenu-texte\">Cette obligation s\u2019applique aux exercices ouverts \u00e0 compter du\u00a0<strong>1<sup>er<\/sup>\u00a0janvier 2025<\/strong>.<\/p>\n<p data-test=\"contenu-texte\">Les exercices 2022, 2023\u00a0et 2024 sont pris en compte pour l&#8217;application du dispositif.<\/p>\n<div class=\"fr-highlight fr-my-4w fr-ml-0 sp-bg-white fr-py-1w\" data-test=\"citation\" data-fr-js-highlight-actionee=\"true\">\n<p class=\"fr-text--bold\">Attention<\/p>\n<p>La prime de partage de la valeur ne peut pas remplacer une augmentation de r\u00e9mun\u00e9ration ou des primes pr\u00e9vues par un accord salarial, par le contrat de travail ou par un\u00a0<span id=\"sp-tooltip-R12729-VNMD6\" class=\"sp-tooltip\" tabindex=\"0\" data-definition=\"R12729\" data-id=\"R12729-VNMD6\" aria-describedby=\"tooltip-R12729-VNMD6\" data-fr-js-tooltip-referent=\"true\" data-original-title=\"Pratique d'application g\u00e9n\u00e9rale, constante et fixe au sein d'une profession ou d'une localit\u00e9 et \u00e0 l'origine d'une r\u00e8gle non \u00e9crite s'imposant \u00e0 l'employeur vis-\u00e0-vis du salari\u00e9\">usage<\/span>\u00a0en vigueur dans l\u2019entreprise, l\u2019\u00e9tablissement ou le service.<\/p>\n<\/div>\n<\/div>\n<\/div>\n<\/section>\n<section class=\"fr-accordion\" data-print-section=\"\" data-fr-js-accordion=\"true\" data-test=\"div-chapter\">\n<div class=\"fiche-item-title\">\n<h2 class=\"fr-accordion__title\"><button id=\"accordion-chapter-btn-2\" class=\"fr-accordion__btn\" type=\"button\" aria-expanded=\"true\" aria-controls=\"accordion-chapter-2\" data-target=\"#accordion-chapter-2\" data-fr-js-collapse-button=\"true\" data-fr-js-accordion-button-actionee=\"true\"><span class=\"sp-accordion-chapter-btn-container\"><span class=\"sp-accordion-chapter-btn-text\">La mise en place d&#8217;une prime de partage de la valeur est-elle obligatoire\u00a0?<\/span><\/span><\/button><\/h2>\n<\/div>\n<div id=\"accordion-chapter-2\" class=\"fiche-item-content fr-collapse fr-collapse--expanded\" data-chapter-btn=\"accordion-chapter-btn-2\" aria-labelledby=\"accordion-chapter-btn-2\" data-fr-js-collapse=\"true\" data-fr-js-accordion-actionee=\"true\">\n<div class=\"sp-chapter-content\">\n<p data-test=\"contenu-texte\">La mise en place d&#8217;un dispositif de prime de partage de la valeur n&#8217;est\u00a0<strong>pas obligatoire<\/strong>\u00a0dans les entreprises comportant\u00a0<strong>moins de 10 salari\u00e9s ou plus de 49 salari\u00e9s<\/strong>.<\/p>\n<p data-test=\"contenu-texte\">Ce dispositif est\u00a0<strong>obligatoire<\/strong>\u00a0pendant 5 ans\u00a0<strong>dans les entreprises r\u00e9pondant \u00e0 tous les crit\u00e8res suivants<\/strong>\u00a0:<\/p>\n<ul class=\"sp-item-list\">\n<li>L&#8217;effectif de l&#8217;entreprise est compris entre\u00a0<strong>11 et 49 salari\u00e9s<\/strong><\/li>\n<li>L&#8217;activit\u00e9 de l&#8217;entreprise est exerc\u00e9e sous la forme juridique de\u00a0<strong>soci\u00e9t\u00e9<\/strong><\/li>\n<li>Le b\u00e9n\u00e9fice net fiscal est au moins \u00e9gal \u00e0<span class=\"sp-prix\">\u00a01 \u00a0%<\/span>des recettes pendant\u00a0<strong>3 ann\u00e9es<\/strong>\u00a0cons\u00e9cutives.<\/li>\n<\/ul>\n<\/div>\n<\/div>\n<\/section>\n<section class=\"fr-accordion\" data-print-section=\"\" data-fr-js-accordion=\"true\" data-test=\"div-chapter\">\n<div class=\"fiche-item-title\">\n<h2 class=\"fr-accordion__title\"><button id=\"accordion-chapter-btn-3\" class=\"fr-accordion__btn\" type=\"button\" aria-expanded=\"true\" aria-controls=\"accordion-chapter-3\" data-target=\"#accordion-chapter-3\" data-fr-js-collapse-button=\"true\" data-fr-js-accordion-button-actionee=\"true\"><span class=\"sp-accordion-chapter-btn-container\"><span class=\"sp-accordion-chapter-btn-text\">Quelles entreprises peuvent verser la prime de partage de la valeur\u00a0?<\/span><\/span><\/button><\/h2>\n<\/div>\n<div id=\"accordion-chapter-3\" class=\"fiche-item-content fr-collapse fr-collapse--expanded\" data-chapter-btn=\"accordion-chapter-btn-3\" aria-labelledby=\"accordion-chapter-btn-3\" data-fr-js-collapse=\"true\" data-fr-js-accordion-actionee=\"true\">\n<div class=\"sp-chapter-content\">\n<p data-test=\"contenu-texte\">Une prime de partage de la valeur peut \u00eatre vers\u00e9e<strong>\u00a0q<\/strong><strong>uel que soit l&#8217;effectif salari\u00e9 de l\u2019entreprise<\/strong>.<\/p>\n<p data-test=\"contenu-texte\">La prime peut \u00eatre vers\u00e9e par les employeurs suivants\u00a0:<\/p>\n<ul class=\"sp-item-list\">\n<li><strong>Employeurs de droit priv\u00e9<\/strong>, y compris travailleurs ind\u00e9pendants (artisans, commer\u00e7ants, exploitants agricoles, professions lib\u00e9rales), mutuelles, associations ou fondations, syndicats<\/li>\n<li><strong>\u00c9tablissements publics \u00e0 caract\u00e8re industriel et commercial (EPIC)\u00a0<\/strong>(RATP, INA, Op\u00e9ra de Paris)<\/li>\n<li><strong>\u00c9tablissements publics administratifs (EPA)<\/strong>\u00a0lorsqu\u2019ils emploient du personnel de droit priv\u00e9 (par exemple : agences r\u00e9gionales de sant\u00e9, France Travail, caisses nationales de S\u00e9curit\u00e9 sociale).<\/li>\n<\/ul>\n<p data-test=\"contenu-texte\">La prime de partage de la valeur peut \u00e9galement \u00eatre vers\u00e9e par\u00a0:<\/p>\n<ul class=\"sp-item-list\">\n<li>les\u00a0<strong>entreprises de travail temporaire<\/strong>\u00a0aux salari\u00e9s int\u00e9rimaires lorsque l\u2019entreprise dans laquelle ils sont mis \u00e0 disposition verse une prime \u00e0 ses salari\u00e9s (prime vers\u00e9e selon les modalit\u00e9s fix\u00e9es par l\u2019entreprise utilisatrice)<\/li>\n<li>les\u00a0<strong>\u00e9tablissements ou services d\u2019aide par le travail (Esat)<\/strong>\u00a0aux salari\u00e9s int\u00e9rimaires lorsque l&#8217;\u00e9tablissement verse une prime aux travailleurs en situation de handicap sous contrat de soutien et d\u2019aide par le travail.<\/li>\n<\/ul>\n<\/div>\n<\/div>\n<\/section>\n<section class=\"fr-accordion\" data-print-section=\"\" data-fr-js-accordion=\"true\" data-test=\"div-chapter\">\n<div class=\"fiche-item-title\">\n<h2 class=\"fr-accordion__title\"><button id=\"accordion-chapter-btn-4\" class=\"fr-accordion__btn\" type=\"button\" aria-expanded=\"true\" aria-controls=\"accordion-chapter-4\" data-target=\"#accordion-chapter-4\" data-fr-js-collapse-button=\"true\" data-fr-js-accordion-button-actionee=\"true\"><span class=\"sp-accordion-chapter-btn-container\"><span class=\"sp-accordion-chapter-btn-text\">Quels salari\u00e9s peuvent obtenir la prime de partage de la valeur\u00a0?<\/span><\/span><\/button><\/h2>\n<\/div>\n<div id=\"accordion-chapter-4\" class=\"fiche-item-content fr-collapse fr-collapse--expanded\" data-chapter-btn=\"accordion-chapter-btn-4\" aria-labelledby=\"accordion-chapter-btn-4\" data-fr-js-collapse=\"true\" data-fr-js-accordion-actionee=\"true\">\n<div class=\"sp-chapter-content\">\n<p data-test=\"contenu-texte\">La prime de partage de la valeur est vers\u00e9e \u00e0 tous les salari\u00e9s li\u00e9s \u00e0 l&#8217;entreprise par un contrat de travail \u00e0 une des dates suivantes\u00a0:<\/p>\n<ul class=\"sp-item-list\">\n<li>Date de versement de la prime<\/li>\n<li>Date de d\u00e9p\u00f4t de l&#8217;accord d&#8217;entreprise<\/li>\n<li>Date de la signature de la d\u00e9cision unilat\u00e9rale de l\u2019employeur instituant l&#8217;accord.<\/li>\n<\/ul>\n<p data-test=\"contenu-texte\">Le montant de la prime peut \u00eatre identique pour tous les salari\u00e9s de l&#8217;entreprise ou varier entre les salari\u00e9s en fonction de la r\u00e9mun\u00e9ration, du niveau de classification, de l&#8217;anciennet\u00e9 dans l&#8217;entreprise, de la dur\u00e9e de pr\u00e9sence effective pendant l&#8217;ann\u00e9e \u00e9coul\u00e9e ou de la dur\u00e9e de travail pr\u00e9vue au contrat de travail.<\/p>\n<\/div>\n<\/div>\n<\/section>\n<section class=\"fr-accordion\" data-print-section=\"\" data-fr-js-accordion=\"true\" data-test=\"div-chapter\">\n<div class=\"fiche-item-title\">\n<h2 class=\"fr-accordion__title\"><button id=\"accordion-chapter-btn-5\" class=\"fr-accordion__btn\" type=\"button\" aria-expanded=\"true\" aria-controls=\"accordion-chapter-5\" data-target=\"#accordion-chapter-5\" data-fr-js-collapse-button=\"true\" data-fr-js-accordion-button-actionee=\"true\"><span class=\"sp-accordion-chapter-btn-container\"><span class=\"sp-accordion-chapter-btn-text\">Quel est le montant de la prime de partage de la valeur\u00a0?<\/span><\/span><\/button><\/h2>\n<\/div>\n<div id=\"accordion-chapter-5\" class=\"fiche-item-content fr-collapse fr-collapse--expanded\" data-chapter-btn=\"accordion-chapter-btn-5\" aria-labelledby=\"accordion-chapter-btn-5\" data-fr-js-collapse=\"true\" data-fr-js-accordion-actionee=\"true\">\n<div class=\"sp-chapter-content\">\n<p data-test=\"contenu-texte\">Tous les salari\u00e9s de l&#8217;entreprise ne per\u00e7oivent pas n\u00e9cessairement une somme identique.<\/p>\n<p data-test=\"contenu-texte\">Le montant de la prime est fix\u00e9 par\u00a0<span id=\"sp-tooltip-R57077-NAKOF\" class=\"sp-tooltip\" tabindex=\"0\" data-definition=\"R57077\" data-id=\"R57077-NAKOF\" aria-describedby=\"tooltip-R57077-NAKOF\" data-fr-js-tooltip-referent=\"true\" data-original-title=\"R\u00e9sultat des n\u00e9gociations men\u00e9es entre les partenaires sociaux (employeurs et salari\u00e9s)\">accord collectif d&#8217;entreprise<\/span>\u00a0ou par\u00a0<span id=\"sp-tooltip-R65388-85GVP\" class=\"sp-tooltip\" tabindex=\"0\" data-definition=\"R65388\" data-id=\"R65388-85GVP\" aria-describedby=\"tooltip-R65388-85GVP\" data-fr-js-tooltip-referent=\"true\" data-original-title=\"Document \u00e9crit par lequel l'employeur s'engage envers ses salari\u00e9s dans le cadre de son pouvoir de direction\">d\u00e9cision unilat\u00e9rale<\/span>\u00a0de l\u2019employeur.<\/p>\n<p data-test=\"contenu-texte\">L&#8217;employeur peut verser la prime de\u00a0<strong>mani\u00e8re uniforme\u00a0<\/strong>\u00e0 ses salari\u00e9s (c&#8217;est-\u00e0-dire d&#8217;un montant identique pour tous).<\/p>\n<p data-test=\"contenu-texte\">Il est possible \u00e9galement de verser la prime en fonction de crit\u00e8res\u00a0:<\/p>\n<ul class=\"sp-item-list\">\n<li>Soit selon la r\u00e9mun\u00e9ration du salari\u00e9 dans l&#8217;entreprise<\/li>\n<li>Soit selon le niveau de classification dans l&#8217;entreprise du salari\u00e9<\/li>\n<li>Soit selon l&#8217;anciennet\u00e9 du salari\u00e9 dans l\u2019entreprise<\/li>\n<li>Soit selon la dur\u00e9e de pr\u00e9sence effective du salari\u00e9 dans l&#8217;entreprise pendant l\u2019ann\u00e9e \u00e9coul\u00e9e<\/li>\n<li>Soit selon la dur\u00e9e de travail pr\u00e9vue par le contrat de travail du salari\u00e9 dans l&#8217;entreprise.<\/li>\n<\/ul>\n<div class=\"fr-highlight fr-my-4w fr-ml-0 sp-bg-white fr-py-1w\" data-test=\"citation\" data-fr-js-highlight-actionee=\"true\">\n<p class=\"fr-text--bold\">\u00c0 noter<\/p>\n<p>Les cong\u00e9s\u00a0<a href=\"https:\/\/www.service-public.gouv.fr\/particuliers\/vosdroits\/F2265\">maternit\u00e9<\/a>,\u00a0<a href=\"https:\/\/www.service-public.gouv.fr\/particuliers\/vosdroits\/F3156\">paternit\u00e9 et d&#8217;accueil de l&#8217;enfant<\/a>, ou\u00a0<a href=\"https:\/\/www.service-public.gouv.fr\/particuliers\/vosdroits\/F2268\">d&#8217;adoption<\/a>\u00a0et\u00a0<a href=\"https:\/\/www.service-public.gouv.fr\/particuliers\/vosdroits\/F2280\">d&#8217;\u00e9ducation<\/a>\u00a0sont consid\u00e9r\u00e9s comme des p\u00e9riodes de\u00a0<span id=\"sp-tooltip-R32095-SZC8Y\" class=\"sp-tooltip\" tabindex=\"0\" data-definition=\"R32095\" data-id=\"R32095-SZC8Y\" aria-describedby=\"tooltip-R32095-SZC8Y\" data-fr-js-tooltip-referent=\"true\" data-original-title=\"Temps pendant lequel un salari\u00e9 ou un agent public est \u00e0 la disposition de l'employeur ou de l'administration et se conforme \u00e0 ses directives sans pouvoir vaquer librement \u00e0 ses occupations personnelles\">travail effectif<\/span>\u00a0pour la d\u00e9termination du montant de la prime. Ces cong\u00e9s ne peuvent donc pas avoir pour effet de r\u00e9duire le montant de la prime.<\/p>\n<\/div>\n<div class=\"fr-highlight fr-my-4w fr-ml-0 sp-bg-white fr-py-1w\" data-test=\"citation\" data-fr-js-highlight-actionee=\"true\">\n<p class=\"fr-text--bold\">Rappel<\/p>\n<p>La prime de partage de la valeur ne peut pas remplacer une augmentation de r\u00e9mun\u00e9ration ou des primes pr\u00e9vues par un accord salarial, par le contrat de travail ou par un\u00a0<span id=\"sp-tooltip-R12729-O01NG\" class=\"sp-tooltip\" tabindex=\"0\" data-definition=\"R12729\" data-id=\"R12729-O01NG\" aria-describedby=\"tooltip-R12729-O01NG\" data-fr-js-tooltip-referent=\"true\" data-original-title=\"Pratique d'application g\u00e9n\u00e9rale, constante et fixe au sein d'une profession ou d'une localit\u00e9 et \u00e0 l'origine d'une r\u00e8gle non \u00e9crite s'imposant \u00e0 l'employeur vis-\u00e0-vis du salari\u00e9\">usage<\/span>\u00a0en vigueur dans l\u2019entreprise, l\u2019\u00e9tablissement ou le service.<\/p>\n<\/div>\n<\/div>\n<\/div>\n<\/section>\n<section class=\"fr-accordion\" data-print-section=\"\" data-fr-js-accordion=\"true\" data-test=\"div-chapter\">\n<div class=\"fiche-item-title\">\n<h2 class=\"fr-accordion__title\"><button id=\"accordion-chapter-btn-6\" class=\"fr-accordion__btn\" type=\"button\" aria-expanded=\"true\" aria-controls=\"accordion-chapter-6\" data-target=\"#accordion-chapter-6\" data-fr-js-collapse-button=\"true\" data-fr-js-accordion-button-actionee=\"true\"><span class=\"sp-accordion-chapter-btn-container\"><span class=\"sp-accordion-chapter-btn-text\">Comment la prime de partage de la valeur est-elle vers\u00e9e\u00a0?<\/span><\/span><\/button><\/h2>\n<\/div>\n<div id=\"accordion-chapter-6\" class=\"fiche-item-content fr-collapse fr-collapse--expanded\" data-chapter-btn=\"accordion-chapter-btn-6\" aria-labelledby=\"accordion-chapter-btn-6\" data-fr-js-collapse=\"true\" data-fr-js-accordion-actionee=\"true\">\n<div class=\"sp-chapter-content\">\n<p data-test=\"contenu-texte\"><strong>Deux primes de partage de la valeur<\/strong>\u00a0peuvent \u00eatre attribu\u00e9es au titre d\u2019une m\u00eame\u00a0<span id=\"sp-tooltip-R52114-7E1AV\" class=\"sp-tooltip\" tabindex=\"0\" data-definition=\"R52114\" data-id=\"R52114-7E1AV\" aria-describedby=\"tooltip-R52114-7E1AV\" data-fr-js-tooltip-referent=\"true\" data-original-title=\"Du 1er janvier au 31 d\u00e9cembre\">ann\u00e9e civile<\/span>.<\/p>\n<p data-test=\"contenu-texte\"><strong>Le versement de la prime ou des deux primes peut \u00eatre r\u00e9alis\u00e9 en une ou plusieurs fois,<\/strong>\u00a0dans la limite d&#8217;une fois par trimestre, au cours de l&#8217;ann\u00e9e civile.<\/p>\n<p data-test=\"contenu-texte\">\u00c0 la demande du salari\u00e9, la prime peut \u00eatre vers\u00e9e sur un\u00a0<a href=\"https:\/\/www.service-public.gouv.fr\/particuliers\/vosdroits\/F2142\">plan d\u2019\u00e9pargne entreprise (PEE)<\/a>\u00a0ou un\u00a0<a href=\"https:\/\/www.service-public.gouv.fr\/particuliers\/vosdroits\/F34982\">plan d\u2019\u00e9pargne retraite d\u2019entreprise (PER)<\/a>.<\/p>\n<\/div>\n<\/div>\n<\/section>\n<\/div>\n<div class=\"sp-geo fr-my-6w rs_skip\" data-test=\"ou-s-informer\" data-ou-s-informer=\"\">\n<div class=\"sp-text--center\"><\/div>\n<\/div>\n<div id=\"orientation\" class=\"fr-my-6w\" aria-hidden=\"false\">\n<div class=\"sp-panel\" data-test=\"textes-de-reference\">\n<h2 class=\"sp-panel-title \"><button id=\"fiche-item-annexe-ref-aria\" class=\"sp-btn sp-btn-collapse\" type=\"button\" data-toggle=\"collapse\" data-target=\"#fiche-item-annexe-ref\" aria-controls=\"fiche-item-annexe-ref\" aria-expanded=\"true\"><span class=\"fr-h6\">Textes de loi et r\u00e9f\u00e9rences<\/span><\/button><\/h2>\n<div id=\"fiche-item-annexe-ref\" class=\"sp-panel-content collapse show\" aria-hidden=\"false\">\n<ul class=\"fr-raw-list fr-ml-1v\">\n<li data-test=\"reference\">\n<div class=\"sp-link fr-mb-1w\" data-test=\"lien-reference\">\n<div class=\"sp-link--label\">\n<p class=\"fr-mb-0\"><a class=\"fr-link\" title=\"Loi n\u00b0 2023-1107 du 29 novembre 2023 portant transposition de l'accord national interprofessionnel relatif au partage de la valeur au sein de l'entreprise (article 5) - legifrance.gouv.fr - Nouvelle fen\u00eatre\" href=\"https:\/\/www.legifrance.gouv.fr\/jorf\/article_jo\/JORFARTI000048480574\" target=\"_blank\" rel=\"noopener noreferrer\" data-test=\"href-lien-reference\" data-fr-js-link-actionee=\"true\">Loi n\u00b0 2023-1107 du 29 novembre 2023 portant transposition de l&#8217;accord national interprofessionnel relatif au partage de la valeur au sein de l&#8217;entreprise (article 5)<\/a><\/p>\n<\/div>\n<\/div>\n<\/li>\n<li data-test=\"reference\">\n<div class=\"sp-link fr-mb-1w\" data-test=\"lien-reference\">\n<div class=\"sp-link--label\">\n<p class=\"fr-mb-0\"><a class=\"fr-link\" title=\"Loi n\u00b0 2022-1158 du 16 ao\u00fbt 2022 portant mesures d'urgence pour la protection du pouvoir d'achat - legifrance.gouv.fr - Nouvelle fen\u00eatre\" href=\"https:\/\/www.legifrance.gouv.fr\/jorf\/id\/JORFTEXT000046186723\" target=\"_blank\" rel=\"noopener noreferrer\" data-test=\"href-lien-reference\" data-fr-js-link-actionee=\"true\">Loi n\u00b0 2022-1158 du 16 ao\u00fbt 2022 portant mesures d&#8217;urgence pour la protection du pouvoir d&#8217;achat<\/a><\/p>\n<\/div>\n<\/div>\n<\/li>\n<li data-test=\"reference\">\n<div class=\"sp-link fr-mb-1w\" data-test=\"lien-reference\">\n<div class=\"sp-link--label\">\n<p class=\"fr-mb-0\"><a class=\"fr-link\" title=\"Instruction relative aux conditions d\u2019exon\u00e9ration de la prime de partage de la valeur pr\u00e9vue par l\u2019article 1\u00a0de la loi n\u00b0\u00a02022-1158\u00a0du 16\u00a0ao\u00fbt 2022\u00a0portant mesures d\u2019urgence pour la protection du pouvoir d\u2019achat - boss.gouv.fr - Nouvelle fen\u00eatre\" href=\"https:\/\/boss.gouv.fr\/portail\/accueil\/mesures-exceptionnelles\/protection-pouvoir-dachat.html\" target=\"_blank\" rel=\"noopener noreferrer\" data-test=\"href-lien-reference\" data-fr-js-link-actionee=\"true\">Instruction relative aux conditions d\u2019exon\u00e9ration de la prime de partage de la valeur pr\u00e9vue par l\u2019article 1\u00a0de la loi n\u00b0\u00a02022-1158\u00a0du 16\u00a0ao\u00fbt 2022\u00a0portant mesures d\u2019urgence pour la protection du pouvoir d\u2019achat<\/a><\/p>\n<\/div>\n<\/div>\n<\/li>\n<\/ul>\n<\/div>\n<\/div>\n<\/div>\n<\/div>\n","protected":false},"excerpt":{"rendered":"<p>&nbsp; Qu&#8217;est-ce que la prime de partage de la valeur (PPV)\u00a0? V\u00e9rifi\u00e9 le 23 avril 2025 &#8211; Service Public \/ Direction de l&#8217;information l\u00e9gale et administrative (Premier ministre) Les employeurs peuvent verser aux salari\u00e9s&#8230;<\/p>\n","protected":false},"author":2,"featured_media":0,"comment_status":"closed","ping_status":"closed","sticky":false,"template":"","format":"standard","meta":{"_mi_skip_tracking":false,"_monsterinsights_sitenote_active":false,"_monsterinsights_sitenote_note":"","_monsterinsights_sitenote_category":0},"categories":[1],"tags":[],"_links":{"self":[{"href":"https:\/\/sndll.info\/index.php?rest_route=\/wp\/v2\/posts\/7230"}],"collection":[{"href":"https:\/\/sndll.info\/index.php?rest_route=\/wp\/v2\/posts"}],"about":[{"href":"https:\/\/sndll.info\/index.php?rest_route=\/wp\/v2\/types\/post"}],"author":[{"embeddable":true,"href":"https:\/\/sndll.info\/index.php?rest_route=\/wp\/v2\/users\/2"}],"replies":[{"embeddable":true,"href":"https:\/\/sndll.info\/index.php?rest_route=%2Fwp%2Fv2%2Fcomments&post=7230"}],"version-history":[{"count":2,"href":"https:\/\/sndll.info\/index.php?rest_route=\/wp\/v2\/posts\/7230\/revisions"}],"predecessor-version":[{"id":7233,"href":"https:\/\/sndll.info\/index.php?rest_route=\/wp\/v2\/posts\/7230\/revisions\/7233"}],"wp:attachment":[{"href":"https:\/\/sndll.info\/index.php?rest_route=%2Fwp%2Fv2%2Fmedia&parent=7230"}],"wp:term":[{"taxonomy":"category","embeddable":true,"href":"https:\/\/sndll.info\/index.php?rest_route=%2Fwp%2Fv2%2Fcategories&post=7230"},{"taxonomy":"post_tag","embeddable":true,"href":"https:\/\/sndll.info\/index.php?rest_route=%2Fwp%2Fv2%2Ftags&post=7230"}],"curies":[{"name":"wp","href":"https:\/\/api.w.org\/{rel}","templated":true}]}}