{"id":887,"date":"2012-04-01T16:11:07","date_gmt":"2012-04-01T14:11:07","guid":{"rendered":"http:\/\/www.localhost\/?p=887"},"modified":"2020-05-30T13:26:44","modified_gmt":"2020-05-30T11:26:44","slug":"887","status":"publish","type":"post","link":"https:\/\/sndll.info\/?p=887","title":{"rendered":"TESTING \u2013 LE SNDLL FACE AUX TESTINGS ET LEURS ABUS"},"content":{"rendered":"<p style=\"text-align: justify;\"><strong>Le SNDLL se bat contre les accusations abusives de racisme.<\/strong><\/p>\n<p style=\"text-align: justify;\">Notre avocat Henri de Beauregard est actuellement en Appel contre un testing organis\u00e9 dans la MARNE par une association en liaison avec M. le Procureur. D\u00e8s le r\u00e9sultat nous vous informerons et en tirerons les le\u00e7ons !<\/p>\n<p style=\"text-align: justify;\"><strong>Besan\u00e7on<\/strong> : un bar de nuit \u00e9pingl\u00e9 par SOS Racisme.<\/p>\n<p style=\"text-align: justify;\"><span style=\"font-size: inherit;\">Dans la nuit de samedi \u00e0 dimanche l\u2019association SOS Racisme a men\u00e9 a Besan\u00e7on une op\u00e9ration \u201cTesting\u201d devant plusieurs \u00e9tablissements.<\/span><\/p>\n<p style=\"text-align: justify;\"><span style=\"font-size: inherit;\">Depuis plusieurs ann\u00e9es, les associations de lutte contre le racisme r\u00e9alisent des \u201ctests\u201d devant des discoth\u00e8ques et des bars.<\/span><\/p>\n<div>\n<p style=\"text-align: justify;\">Le proc\u00e9d\u00e9 est simple : constater ou non une politique de discrimination raciale par l\u2019interm\u00e9diaire d\u2019un couple complice d\u2019origine \u00e9trang\u00e8re se voyant refuser l\u2019entr\u00e9e de l\u2019\u00e9tablissement au profit d\u2019un couple \u201ccaucasien\u201d.<\/p>\n<p style=\"text-align: justify;\">Lors du testing bisontin, plusieurs \u00e9tablissements ont \u00e9t\u00e9 visit\u00e9s mais c\u2019est devant l\u2019un d\u2019eux, bien connu des\u00a0noctambules bisontins, que SOS Racisme\u00a0a constat\u00e9 un exemple de discrimination. Une altercation entre les membres du collectif et le personnel de l\u2019\u00e9tablissement se serait alors produite.<\/p>\n<p style=\"text-align: justify;\">La \u201cNuit du Testing \u201d a \u00e9t\u00e9 organis\u00e9e pour la premi\u00e8re fois simultan\u00e9ment dans une quinzaine de villes d\u2019Europe dont Paris et Besan\u00e7on.<\/p>\n<p style=\"text-align: justify;\">D\u2019apr\u00e8s SOS Racisme, les r\u00e9sultats seraient inqui\u00e9tants.<\/p>\n<p style=\"text-align: justify;\">De son c\u00f4t\u00e9 le Pr\u00e9sident du SNDLL d\u00e9fend les patrons d\u2019\u00e9tablissements et s\u2019offusque contre les techniques employ\u00e9es par SOS Racisme.<\/p>\n<\/div>\n","protected":false},"excerpt":{"rendered":"<p>Le SNDLL se bat contre les accusations abusives de racisme. Notre avocat Henri de Beauregard est actuellement en Appel contre un testing organis\u00e9 dans la MARNE par une association en liaison avec M. le&#8230;<\/p>\n","protected":false},"author":1,"featured_media":0,"comment_status":"closed","ping_status":"open","sticky":false,"template":"","format":"standard","meta":{"_mi_skip_tracking":false,"_monsterinsights_sitenote_active":false,"_monsterinsights_sitenote_note":"","_monsterinsights_sitenote_category":0},"categories":[6],"tags":[58],"_links":{"self":[{"href":"https:\/\/sndll.info\/index.php?rest_route=\/wp\/v2\/posts\/887"}],"collection":[{"href":"https:\/\/sndll.info\/index.php?rest_route=\/wp\/v2\/posts"}],"about":[{"href":"https:\/\/sndll.info\/index.php?rest_route=\/wp\/v2\/types\/post"}],"author":[{"embeddable":true,"href":"https:\/\/sndll.info\/index.php?rest_route=\/wp\/v2\/users\/1"}],"replies":[{"embeddable":true,"href":"https:\/\/sndll.info\/index.php?rest_route=%2Fwp%2Fv2%2Fcomments&post=887"}],"version-history":[{"count":1,"href":"https:\/\/sndll.info\/index.php?rest_route=\/wp\/v2\/posts\/887\/revisions"}],"predecessor-version":[{"id":2257,"href":"https:\/\/sndll.info\/index.php?rest_route=\/wp\/v2\/posts\/887\/revisions\/2257"}],"wp:attachment":[{"href":"https:\/\/sndll.info\/index.php?rest_route=%2Fwp%2Fv2%2Fmedia&parent=887"}],"wp:term":[{"taxonomy":"category","embeddable":true,"href":"https:\/\/sndll.info\/index.php?rest_route=%2Fwp%2Fv2%2Fcategories&post=887"},{"taxonomy":"post_tag","embeddable":true,"href":"https:\/\/sndll.info\/index.php?rest_route=%2Fwp%2Fv2%2Ftags&post=887"}],"curies":[{"name":"wp","href":"https:\/\/api.w.org\/{rel}","templated":true}]}}